{"id":36366,"date":"2026-04-12T00:48:05","date_gmt":"2026-04-11T22:48:05","guid":{"rendered":"https:\/\/footdavant.fr\/actualites\/warnock-emet-une-mise-en-garde-concernant-le-depart-de-rio-ngumoha-contre-le-psg\/"},"modified":"2026-04-12T00:48:08","modified_gmt":"2026-04-11T22:48:08","slug":"warnock-emet-une-mise-en-garde-concernant-le-depart-de-rio-ngumoha-contre-le-psg","status":"publish","type":"post","link":"https:\/\/footdavant.fr\/actualites\/warnock-emet-une-mise-en-garde-concernant-le-depart-de-rio-ngumoha-contre-le-psg\/","title":{"rendered":"Warnock \u00e9met une mise en garde concernant le d\u00e9part de Rio Ngumoha contre le PSG"},"content":{"rendered":"<p><\/p>\n<div id=\"article-body\">\n<!-- Article Start --><\/p>\n<p>Apr\u00e8s sa performance exceptionnelle contre Fulham aujourd&#39;hui, il y aura in\u00e9vitablement une clameur pour que Rio Ngumoha d\u00e9bute le quart de finale retour de la Ligue des champions de Liverpool contre le Paris Saint-Germain mardi soir.<\/p>\n<hr\/>\n<p><b><i>T\u00c9L\u00c9CHARGEZ L&#39;APPLICATION OFFICIELLE EMPIRE OF KOP POUR TOUTES LES DERNI\u00c8RES MISES \u00c0 JOUR \u2013 DIRECTEMENT SUR VOTRE T\u00c9L\u00c9PHONE\u00a0! SUR APPLE ET GOOGLE PLAY<\/i><\/b><\/p>\n<hr\/>\n<p>Le joueur de 17 ans s&#39;est r\u00e9joui d&#39;avoir marqu\u00e9 son premier but \u00e0 Anfield ce soir, une brillante finition enroul\u00e9e au-del\u00e0 de Bernd Leno, de nombreux journalistes chantant \u00e0 juste titre les louanges de l&#39;adolescent apr\u00e8s ce moment de conte de f\u00e9es et sa performance globale contre l&#39;\u00e9quipe de Marco Silva.<\/p>\n<p>Le jeune a d\u00e9sormais d\u00e9but\u00e9 lors de deux des trois derniers matches des Reds en Premier League, mais n&#39;a pas encore r\u00e9ussi \u00e0 le faire dans la comp\u00e9tition de clubs phare d&#39;Europe, m\u00eame si sa performance accrocheuse de samedi pourrait bien lui permettre de gagner la confiance d&#39;Arne Slot contre les champions continentaux en titre.<\/p>\n<h2>Warnock sur la question de savoir si Ngumoha devrait d\u00e9buter contre le PSG<\/h2>\n<p>Parlant sur <span>BBC Radio 5 en direct<\/span>Stephen Warnock estime que Ngumoha aurait \u00ab\u00a0m\u00e9rit\u00e9\u00a0\u00bb une place de titulaire contre le PSG s&#39;il en avait eu une, bien que l&#39;ancien d\u00e9fenseur de Liverpool ait \u00e9mis une mise en garde concernant l&#39;utilisation de l&#39;attaquant prodigieux.<\/p>\n<p>Il a dit \u00e0 propos du jeune de 17 ans : <\/p>\n<p class=\"ssrcss-1q0x1qg-Paragraph e1jhz7w10\">\n<\/p>\n<h2>Ngumoha ne peut pas faire grand-chose de plus pour prouver sa th\u00e8se<\/h2>\n<p>Cela repr\u00e9senterait une \u00e9norme d\u00e9monstration de foi de la part de Slot s&#39;il voulait donner \u00e0 Ngumoha un d\u00e9part contre le PSG mardi soir, mais le cas de l&#39;adolescent est devenu de plus en plus difficile \u00e0 ignorer apr\u00e8s sa magnifique performance d&#39;aujourd&#39;hui.<\/p>\n<p>Paul Gorst du Liverpool Echo l&#39;a salu\u00e9 comme \u00ab\u00a0un<span> star en devenir&#39; apr\u00e8s sa masterclass contre Fulham, tandis que Gary Lineker a d\u00e9j\u00e0 d\u00e9clar\u00e9 qu&#39;il avait vu des traits de Kylian Mbappe chez l&#39;ailier des Reds.<\/span><\/p>\n<p>Le but du joueur de 17 ans a \u00e9videmment \u00e9t\u00e9 le moment marquant de cette soir\u00e9e, mais comme le montrent les chiffres de Sofascore, sa performance globale contre les Londoniens de l&#39;ouest a \u00e9t\u00e9 tr\u00e8s impressionnante.<\/p>\n<table style=\"border-collapse: collapse; width: 100%;\">\n<tbody>\n<tr>\n<td style=\"width: 50%; text-align: center;\">Rio Ngumoha contre Fulham<\/td>\n<td style=\"width: 50%; text-align: center;\"\/>\n<\/tr>\n<tr>\n<td style=\"width: 50%; text-align: center;\">Objectifs<\/td>\n<td style=\"width: 50%; text-align: center;\">1<\/td>\n<\/tr>\n<tr>\n<td style=\"width: 50%; text-align: center;\">Passes compl\u00e9t\u00e9es<\/td>\n<td style=\"width: 50%; text-align: center;\">22\/26 (85%)<\/td>\n<\/tr>\n<tr>\n<td style=\"width: 50%; text-align: center;\">Tirs cadr\u00e9s<\/td>\n<td style=\"width: 50%; text-align: center;\">2<\/td>\n<\/tr>\n<tr>\n<td style=\"width: 50%; text-align: center;\">Passes cl\u00e9s<\/td>\n<td style=\"width: 50%; text-align: center;\">2<\/td>\n<\/tr>\n<tr>\n<td style=\"width: 50%; text-align: center;\">Des croisements pr\u00e9cis<\/td>\n<td style=\"width: 50%; text-align: center;\">2<\/td>\n<\/tr>\n<tr>\n<td style=\"width: 50%; text-align: center;\">Dribbles termin\u00e9s<\/td>\n<td style=\"width: 50%; text-align: center;\">1<\/td>\n<\/tr>\n<tr>\n<td style=\"width: 50%; text-align: center;\">De \u00ab grosses chances \u00bb cr\u00e9\u00e9es<\/td>\n<td style=\"width: 50%; text-align: center;\">1<\/td>\n<\/tr>\n<\/tbody>\n<\/table>\n<p>Ngumoha ne peut pas faire grand-chose de plus pour prouver qu&#39;il m\u00e9rite un d\u00e9part dans la confrontation incontournable de Liverpool en Ligue des Champions contre le PSG, et son effervescence intr\u00e9pide pourrait \u00eatre exactement ce qui est n\u00e9cessaire si l&#39;\u00e9quipe de Slot veut r\u00e9ussir un retour remarquable \u00e0 Anfield en milieu de semaine.<\/p>\n<p>Nous comprenons l&#39;argument de ne pas surcharger le jeune, mais nous n&#39;aurions aucun scrupule \u00e0 le faire d\u00e9buter mardi soir. Il a prouv\u00e9 qu&#39;il \u00e9tait plus que suffisant pour m\u00e9riter sa chance sur la plus grande sc\u00e8ne.<\/p>\n<p><!-- Article End -->\t\t\t\t<\/div>\n","protected":false},"excerpt":{"rendered":"<p>Apr\u00e8s sa performance exceptionnelle contre Fulham aujourd&#39;hui, il y aura in\u00e9vitablement une clameur pour que Rio Ngumoha d\u00e9bute le quart de finale retour de la<\/p>\n","protected":false},"author":1,"featured_media":36367,"comment_status":"closed","ping_status":"","sticky":false,"template":"","format":"standard","meta":{"footnotes":""},"categories":[3],"tags":[1313,20,560,8037,205,327,9856,1656,483,92,3888],"yoast_head":"<!-- This site is optimized with the Yoast SEO plugin v21.0 - https:\/\/yoast.com\/wordpress\/plugins\/seo\/ -->\n<title>Warnock \u00e9met une mise en garde concernant le d\u00e9part de Rio Ngumoha contre le PSG<\/title>\n<meta name=\"robots\" content=\"index, follow, max-snippet:-1, max-image-preview:large, max-video-preview:-1\" \/>\n<link rel=\"canonical\" href=\"https:\/\/footdavant.fr\/actualites\/warnock-emet-une-mise-en-garde-concernant-le-depart-de-rio-ngumoha-contre-le-psg\/\" \/>\n<meta property=\"og:locale\" content=\"fr_FR\" \/>\n<meta property=\"og:type\" content=\"article\" \/>\n<meta property=\"og:title\" content=\"Warnock \u00e9met une mise en garde concernant le d\u00e9part de Rio Ngumoha contre le PSG\" \/>\n<meta property=\"og:description\" content=\"Apr\u00e8s sa performance exceptionnelle contre Fulham aujourd&#039;hui, il y aura in\u00e9vitablement une clameur pour que Rio Ngumoha d\u00e9bute le quart de finale retour de la\" \/>\n<meta property=\"og:url\" content=\"https:\/\/footdavant.fr\/actualites\/warnock-emet-une-mise-en-garde-concernant-le-depart-de-rio-ngumoha-contre-le-psg\/\" \/>\n<meta property=\"og:site_name\" content=\"Foot d&#039;avant\" \/>\n<meta property=\"article:publisher\" content=\"https:\/\/www.facebook.com\/Footdavant\/\" \/>\n<meta property=\"article:published_time\" content=\"2026-04-11T22:48:05+00:00\" \/>\n<meta property=\"article:modified_time\" content=\"2026-04-11T22:48:08+00:00\" \/>\n<meta property=\"og:image\" content=\"https:\/\/footdavant.fr\/actualites\/wp-content\/uploads\/2026\/04\/Warnock-emet-une-mise-en-garde-concernant-le-depart-de.jpg\" \/>\n\t<meta property=\"og:image:width\" content=\"1467\" \/>\n\t<meta property=\"og:image:height\" content=\"823\" \/>\n\t<meta property=\"og:image:type\" content=\"image\/jpeg\" \/>\n<meta name=\"author\" content=\"Cl\u00e9ment\" \/>\n<meta name=\"twitter:card\" content=\"summary_large_image\" \/>\n<meta name=\"twitter:creator\" content=\"@FootdavantFr\" \/>\n<meta name=\"twitter:site\" content=\"@FootdavantFr\" \/>\n<meta name=\"twitter:label1\" content=\"\u00c9crit par\" \/>\n\t<meta name=\"twitter:data1\" content=\"Cl\u00e9ment\" \/>\n\t<meta name=\"twitter:label2\" content=\"Dur\u00e9e de lecture estim\u00e9e\" \/>\n\t<meta name=\"twitter:data2\" content=\"3 minutes\" \/>\n<script type=\"application\/ld+json\" class=\"yoast-schema-graph\">{\"@context\":\"https:\/\/schema.org\",\"@graph\":[{\"@type\":\"Article\",\"@id\":\"https:\/\/footdavant.fr\/actualites\/warnock-emet-une-mise-en-garde-concernant-le-depart-de-rio-ngumoha-contre-le-psg\/#article\",\"isPartOf\":{\"@id\":\"https:\/\/footdavant.fr\/actualites\/warnock-emet-une-mise-en-garde-concernant-le-depart-de-rio-ngumoha-contre-le-psg\/\"},\"author\":{\"name\":\"Cl\u00e9ment\",\"@id\":\"https:\/\/footdavant.fr\/actualites\/#\/schema\/person\/bc222566d95871b37e597b3ed3ba5e1d\"},\"headline\":\"Warnock \u00e9met une mise en garde concernant le d\u00e9part de Rio Ngumoha contre le PSG\",\"datePublished\":\"2026-04-11T22:48:05+00:00\",\"dateModified\":\"2026-04-11T22:48:08+00:00\",\"mainEntityOfPage\":{\"@id\":\"https:\/\/footdavant.fr\/actualites\/warnock-emet-une-mise-en-garde-concernant-le-depart-de-rio-ngumoha-contre-le-psg\/\"},\"wordCount\":540,\"publisher\":{\"@id\":\"https:\/\/footdavant.fr\/actualites\/#organization\"},\"keywords\":[\"concernant\",\"contre\",\"d\u00e9part\",\"\u00e9met\",\"garde\",\"mise\",\"Ngumoha\",\"PSG\",\"Rio\",\"une\",\"Warnock\"],\"articleSection\":[\"Football\"],\"inLanguage\":\"fr-FR\"},{\"@type\":\"WebPage\",\"@id\":\"https:\/\/footdavant.fr\/actualites\/warnock-emet-une-mise-en-garde-concernant-le-depart-de-rio-ngumoha-contre-le-psg\/\",\"url\":\"https:\/\/footdavant.fr\/actualites\/warnock-emet-une-mise-en-garde-concernant-le-depart-de-rio-ngumoha-contre-le-psg\/\",\"name\":\"Warnock \u00e9met une mise en garde concernant le d\u00e9part de Rio Ngumoha contre le PSG\",\"isPartOf\":{\"@id\":\"https:\/\/footdavant.fr\/actualites\/#website\"},\"datePublished\":\"2026-04-11T22:48:05+00:00\",\"dateModified\":\"2026-04-11T22:48:08+00:00\",\"breadcrumb\":{\"@id\":\"https:\/\/footdavant.fr\/actualites\/warnock-emet-une-mise-en-garde-concernant-le-depart-de-rio-ngumoha-contre-le-psg\/#breadcrumb\"},\"inLanguage\":\"fr-FR\",\"potentialAction\":[{\"@type\":\"ReadAction\",\"target\":[\"https:\/\/footdavant.fr\/actualites\/warnock-emet-une-mise-en-garde-concernant-le-depart-de-rio-ngumoha-contre-le-psg\/\"]}]},{\"@type\":\"BreadcrumbList\",\"@id\":\"https:\/\/footdavant.fr\/actualites\/warnock-emet-une-mise-en-garde-concernant-le-depart-de-rio-ngumoha-contre-le-psg\/#breadcrumb\",\"itemListElement\":[{\"@type\":\"ListItem\",\"position\":1,\"name\":\"Accueil\",\"item\":\"https:\/\/footdavant.fr\/actualites\/\"},{\"@type\":\"ListItem\",\"position\":2,\"name\":\"Warnock \u00e9met une mise en garde concernant le d\u00e9part de Rio Ngumoha contre le PSG\"}]},{\"@type\":\"WebSite\",\"@id\":\"https:\/\/footdavant.fr\/actualites\/#website\",\"url\":\"https:\/\/footdavant.fr\/actualites\/\",\"name\":\"Foot d'avant\",\"description\":\"\",\"publisher\":{\"@id\":\"https:\/\/footdavant.fr\/actualites\/#organization\"},\"potentialAction\":[{\"@type\":\"SearchAction\",\"target\":{\"@type\":\"EntryPoint\",\"urlTemplate\":\"https:\/\/footdavant.fr\/actualites\/?s={search_term_string}\"},\"query-input\":\"required name=search_term_string\"}],\"inLanguage\":\"fr-FR\"},{\"@type\":\"Organization\",\"@id\":\"https:\/\/footdavant.fr\/actualites\/#organization\",\"name\":\"Foot d'avant\",\"url\":\"https:\/\/footdavant.fr\/actualites\/\",\"logo\":{\"@type\":\"ImageObject\",\"inLanguage\":\"fr-FR\",\"@id\":\"https:\/\/footdavant.fr\/actualites\/#\/schema\/logo\/image\/\",\"url\":\"https:\/\/footdavant.fr\/actualites\/wp-content\/uploads\/2023\/09\/Copy-of-FootDavant-Logo.png\",\"contentUrl\":\"https:\/\/footdavant.fr\/actualites\/wp-content\/uploads\/2023\/09\/Copy-of-FootDavant-Logo.png\",\"width\":936,\"height\":549,\"caption\":\"Foot d'avant\"},\"image\":{\"@id\":\"https:\/\/footdavant.fr\/actualites\/#\/schema\/logo\/image\/\"},\"sameAs\":[\"https:\/\/www.facebook.com\/Footdavant\/\",\"https:\/\/twitter.com\/FootdavantFr\",\"https:\/\/www.instagram.com\/footdavant.fr\/\"]},{\"@type\":\"Person\",\"@id\":\"https:\/\/footdavant.fr\/actualites\/#\/schema\/person\/bc222566d95871b37e597b3ed3ba5e1d\",\"name\":\"Cl\u00e9ment\",\"image\":{\"@type\":\"ImageObject\",\"inLanguage\":\"fr-FR\",\"@id\":\"https:\/\/footdavant.fr\/actualites\/#\/schema\/person\/image\/\",\"url\":\"https:\/\/secure.gravatar.com\/avatar\/7728b29aac2719421e1a9159b2254c44?s=96&d=mm&r=g\",\"contentUrl\":\"https:\/\/secure.gravatar.com\/avatar\/7728b29aac2719421e1a9159b2254c44?s=96&d=mm&r=g\",\"caption\":\"Cl\u00e9ment\"},\"sameAs\":[\"https:\/\/footdavant.fr\/\"]}]}<\/script>\n<!-- \/ Yoast SEO plugin. -->","yoast_head_json":{"title":"Warnock \u00e9met une mise en garde concernant le d\u00e9part de Rio Ngumoha contre le PSG","robots":{"index":"index","follow":"follow","max-snippet":"max-snippet:-1","max-image-preview":"max-image-preview:large","max-video-preview":"max-video-preview:-1"},"canonical":"https:\/\/footdavant.fr\/actualites\/warnock-emet-une-mise-en-garde-concernant-le-depart-de-rio-ngumoha-contre-le-psg\/","og_locale":"fr_FR","og_type":"article","og_title":"Warnock \u00e9met une mise en garde concernant le d\u00e9part de Rio Ngumoha contre le PSG","og_description":"Apr\u00e8s sa performance exceptionnelle contre Fulham aujourd&#39;hui, il y aura in\u00e9vitablement une clameur pour que Rio Ngumoha d\u00e9bute le quart de finale retour de la","og_url":"https:\/\/footdavant.fr\/actualites\/warnock-emet-une-mise-en-garde-concernant-le-depart-de-rio-ngumoha-contre-le-psg\/","og_site_name":"Foot d&#039;avant","article_publisher":"https:\/\/www.facebook.com\/Footdavant\/","article_published_time":"2026-04-11T22:48:05+00:00","article_modified_time":"2026-04-11T22:48:08+00:00","og_image":[{"width":1467,"height":823,"url":"https:\/\/footdavant.fr\/actualites\/wp-content\/uploads\/2026\/04\/Warnock-emet-une-mise-en-garde-concernant-le-depart-de.jpg","type":"image\/jpeg"}],"author":"Cl\u00e9ment","twitter_card":"summary_large_image","twitter_creator":"@FootdavantFr","twitter_site":"@FootdavantFr","twitter_misc":{"\u00c9crit par":"Cl\u00e9ment","Dur\u00e9e de lecture estim\u00e9e":"3 minutes"},"schema":{"@context":"https:\/\/schema.org","@graph":[{"@type":"Article","@id":"https:\/\/footdavant.fr\/actualites\/warnock-emet-une-mise-en-garde-concernant-le-depart-de-rio-ngumoha-contre-le-psg\/#article","isPartOf":{"@id":"https:\/\/footdavant.fr\/actualites\/warnock-emet-une-mise-en-garde-concernant-le-depart-de-rio-ngumoha-contre-le-psg\/"},"author":{"name":"Cl\u00e9ment","@id":"https:\/\/footdavant.fr\/actualites\/#\/schema\/person\/bc222566d95871b37e597b3ed3ba5e1d"},"headline":"Warnock \u00e9met une mise en garde concernant le d\u00e9part de Rio Ngumoha contre le PSG","datePublished":"2026-04-11T22:48:05+00:00","dateModified":"2026-04-11T22:48:08+00:00","mainEntityOfPage":{"@id":"https:\/\/footdavant.fr\/actualites\/warnock-emet-une-mise-en-garde-concernant-le-depart-de-rio-ngumoha-contre-le-psg\/"},"wordCount":540,"publisher":{"@id":"https:\/\/footdavant.fr\/actualites\/#organization"},"keywords":["concernant","contre","d\u00e9part","\u00e9met","garde","mise","Ngumoha","PSG","Rio","une","Warnock"],"articleSection":["Football"],"inLanguage":"fr-FR"},{"@type":"WebPage","@id":"https:\/\/footdavant.fr\/actualites\/warnock-emet-une-mise-en-garde-concernant-le-depart-de-rio-ngumoha-contre-le-psg\/","url":"https:\/\/footdavant.fr\/actualites\/warnock-emet-une-mise-en-garde-concernant-le-depart-de-rio-ngumoha-contre-le-psg\/","name":"Warnock \u00e9met une mise en garde concernant le d\u00e9part de Rio Ngumoha contre le PSG","isPartOf":{"@id":"https:\/\/footdavant.fr\/actualites\/#website"},"datePublished":"2026-04-11T22:48:05+00:00","dateModified":"2026-04-11T22:48:08+00:00","breadcrumb":{"@id":"https:\/\/footdavant.fr\/actualites\/warnock-emet-une-mise-en-garde-concernant-le-depart-de-rio-ngumoha-contre-le-psg\/#breadcrumb"},"inLanguage":"fr-FR","potentialAction":[{"@type":"ReadAction","target":["https:\/\/footdavant.fr\/actualites\/warnock-emet-une-mise-en-garde-concernant-le-depart-de-rio-ngumoha-contre-le-psg\/"]}]},{"@type":"BreadcrumbList","@id":"https:\/\/footdavant.fr\/actualites\/warnock-emet-une-mise-en-garde-concernant-le-depart-de-rio-ngumoha-contre-le-psg\/#breadcrumb","itemListElement":[{"@type":"ListItem","position":1,"name":"Accueil","item":"https:\/\/footdavant.fr\/actualites\/"},{"@type":"ListItem","position":2,"name":"Warnock \u00e9met une mise en garde concernant le d\u00e9part de Rio Ngumoha contre le PSG"}]},{"@type":"WebSite","@id":"https:\/\/footdavant.fr\/actualites\/#website","url":"https:\/\/footdavant.fr\/actualites\/","name":"Foot d'avant","description":"","publisher":{"@id":"https:\/\/footdavant.fr\/actualites\/#organization"},"potentialAction":[{"@type":"SearchAction","target":{"@type":"EntryPoint","urlTemplate":"https:\/\/footdavant.fr\/actualites\/?s={search_term_string}"},"query-input":"required name=search_term_string"}],"inLanguage":"fr-FR"},{"@type":"Organization","@id":"https:\/\/footdavant.fr\/actualites\/#organization","name":"Foot d'avant","url":"https:\/\/footdavant.fr\/actualites\/","logo":{"@type":"ImageObject","inLanguage":"fr-FR","@id":"https:\/\/footdavant.fr\/actualites\/#\/schema\/logo\/image\/","url":"https:\/\/footdavant.fr\/actualites\/wp-content\/uploads\/2023\/09\/Copy-of-FootDavant-Logo.png","contentUrl":"https:\/\/footdavant.fr\/actualites\/wp-content\/uploads\/2023\/09\/Copy-of-FootDavant-Logo.png","width":936,"height":549,"caption":"Foot d'avant"},"image":{"@id":"https:\/\/footdavant.fr\/actualites\/#\/schema\/logo\/image\/"},"sameAs":["https:\/\/www.facebook.com\/Footdavant\/","https:\/\/twitter.com\/FootdavantFr","https:\/\/www.instagram.com\/footdavant.fr\/"]},{"@type":"Person","@id":"https:\/\/footdavant.fr\/actualites\/#\/schema\/person\/bc222566d95871b37e597b3ed3ba5e1d","name":"Cl\u00e9ment","image":{"@type":"ImageObject","inLanguage":"fr-FR","@id":"https:\/\/footdavant.fr\/actualites\/#\/schema\/person\/image\/","url":"https:\/\/secure.gravatar.com\/avatar\/7728b29aac2719421e1a9159b2254c44?s=96&d=mm&r=g","contentUrl":"https:\/\/secure.gravatar.com\/avatar\/7728b29aac2719421e1a9159b2254c44?s=96&d=mm&r=g","caption":"Cl\u00e9ment"},"sameAs":["https:\/\/footdavant.fr\/"]}]}},"_links":{"self":[{"href":"https:\/\/footdavant.fr\/actualites\/wp-json\/wp\/v2\/posts\/36366"}],"collection":[{"href":"https:\/\/footdavant.fr\/actualites\/wp-json\/wp\/v2\/posts"}],"about":[{"href":"https:\/\/footdavant.fr\/actualites\/wp-json\/wp\/v2\/types\/post"}],"author":[{"embeddable":true,"href":"https:\/\/footdavant.fr\/actualites\/wp-json\/wp\/v2\/users\/1"}],"replies":[{"embeddable":true,"href":"https:\/\/footdavant.fr\/actualites\/wp-json\/wp\/v2\/comments?post=36366"}],"version-history":[{"count":1,"href":"https:\/\/footdavant.fr\/actualites\/wp-json\/wp\/v2\/posts\/36366\/revisions"}],"predecessor-version":[{"id":36368,"href":"https:\/\/footdavant.fr\/actualites\/wp-json\/wp\/v2\/posts\/36366\/revisions\/36368"}],"wp:featuredmedia":[{"embeddable":true,"href":"https:\/\/footdavant.fr\/actualites\/wp-json\/wp\/v2\/media\/36367"}],"wp:attachment":[{"href":"https:\/\/footdavant.fr\/actualites\/wp-json\/wp\/v2\/media?parent=36366"}],"wp:term":[{"taxonomy":"category","embeddable":true,"href":"https:\/\/footdavant.fr\/actualites\/wp-json\/wp\/v2\/categories?post=36366"},{"taxonomy":"post_tag","embeddable":true,"href":"https:\/\/footdavant.fr\/actualites\/wp-json\/wp\/v2\/tags?post=36366"}],"curies":[{"name":"wp","href":"https:\/\/api.w.org\/{rel}","templated":true}]}}