{"id":36375,"date":"2026-04-12T06:48:17","date_gmt":"2026-04-12T04:48:17","guid":{"rendered":"https:\/\/footdavant.fr\/actualites\/nouvelles-de-lequipe-blessure-du-sporting-lisbonne-contre-arsenal-liste-de-suspension-xi-prevus\/"},"modified":"2026-04-12T06:48:19","modified_gmt":"2026-04-12T04:48:19","slug":"nouvelles-de-lequipe-blessure-du-sporting-lisbonne-contre-arsenal-liste-de-suspension-xi-prevus","status":"publish","type":"post","link":"https:\/\/footdavant.fr\/actualites\/nouvelles-de-lequipe-blessure-du-sporting-lisbonne-contre-arsenal-liste-de-suspension-xi-prevus\/","title":{"rendered":"Nouvelles de l&#39;\u00e9quipe\u00a0: blessure du Sporting Lisbonne contre Arsenal, liste de suspension, XI pr\u00e9vus"},"content":{"rendered":"<div itemprop=\"articleBody\">\n<p>Les deux \u00e9quipes toujours \u00e0 la recherche de leur premier troph\u00e9e en Ligue des champions, le Sporting Lisbonne et Arsenal s&#39;affrontent \u00e0 l&#39;Estadio Jose Alvalade lors du quart de finale aller de mardi.<\/p>\n<p>L&#39;\u00e9quipe de Rui Borges a combl\u00e9 un d\u00e9ficit de trois buts contre Bodo\/Glimt au tour pr\u00e9c\u00e9dent, scellant finalement une place historique pour les huiti\u00e8mes de finale avec une victoire 5-0 en prolongation au match retour, tandis que les hommes de Mikel Arteta ont enregistr\u00e9 une victoire 2-0 \u00e0 domicile contre le Bayer Leverkusen pour atteindre ce stade pour une troisi\u00e8me saison cons\u00e9cutive ; ici, Sports Mole rassemble les derni\u00e8res nouvelles des \u00e9quipes des deux c\u00f4t\u00e9s.<\/p>\n<h2>LISBONNE SPORTIVE<\/h2>\n<p>Absents : Fotis Ioannidis (genou), Geovany Quenda (pied), Nuno Santos (muscle) <\/p>\n<p>Douteux : Luis Guilherme (cheville), Ivan Fresneda (maladie)<\/p>\n<p>XI pr\u00e9dit par Sports Mole\u00a0: Silva\u00a0; Vagiannidis, Diomand\u00e9, Inacio, Mangas\u00a0; Bragance, Morita ; Catamo, Trinc\u00e3o, Gon\u00e7alves\u00a0; Suarez<\/p>\n<h2>ARSENAL<\/h2>\n<p>Absents : Bukayo Saka (coup), Eberechi Eze (mollet), Piero Hincapie (muscle), Jurrien Timber (cheville), Mikel Merino (pied)<\/p>\n<p>Douteux\u00a0: Declan Rice (coup), Leandro Trossard (hanche\/aine), Gabriel Magalhaes (inconnu)<\/p>\n<p>XI pr\u00e9dit par Sports Mole\u00a0: Raya\u00a0; Blanc, Gabriel, Saliba, Calafiori ; Zubimendi, Riz, Odegaard\u00a0; Martinelli, Gyokeres, Madueke<\/p>\n<\/div>\n","protected":false},"excerpt":{"rendered":"<p>Les deux \u00e9quipes toujours \u00e0 la recherche de leur premier troph\u00e9e en Ligue des champions, le Sporting Lisbonne et Arsenal s&#39;affrontent \u00e0 l&#39;Estadio Jose Alvalade<\/p>\n","protected":false},"author":1,"featured_media":36376,"comment_status":"closed","ping_status":"","sticky":false,"template":"","format":"standard","meta":{"footnotes":""},"categories":[5],"tags":[67,15,20,4219,2302,17,461,468,2301,18],"yoast_head":"<!-- This site is optimized with the Yoast SEO plugin v21.0 - https:\/\/yoast.com\/wordpress\/plugins\/seo\/ -->\n<title>Nouvelles de l&#039;\u00e9quipe\u00a0: blessure du Sporting Lisbonne contre Arsenal, liste de suspension, XI pr\u00e9vus<\/title>\n<meta name=\"robots\" content=\"index, follow, max-snippet:-1, max-image-preview:large, max-video-preview:-1\" \/>\n<link rel=\"canonical\" href=\"https:\/\/footdavant.fr\/actualites\/nouvelles-de-lequipe-blessure-du-sporting-lisbonne-contre-arsenal-liste-de-suspension-xi-prevus\/\" \/>\n<meta property=\"og:locale\" content=\"fr_FR\" \/>\n<meta property=\"og:type\" content=\"article\" \/>\n<meta property=\"og:title\" content=\"Nouvelles de l&#039;\u00e9quipe\u00a0: blessure du Sporting Lisbonne contre Arsenal, liste de suspension, XI pr\u00e9vus\" \/>\n<meta property=\"og:description\" content=\"Les deux \u00e9quipes toujours \u00e0 la recherche de leur premier troph\u00e9e en Ligue des champions, le Sporting Lisbonne et Arsenal s&#039;affrontent \u00e0 l&#039;Estadio Jose Alvalade\" \/>\n<meta property=\"og:url\" content=\"https:\/\/footdavant.fr\/actualites\/nouvelles-de-lequipe-blessure-du-sporting-lisbonne-contre-arsenal-liste-de-suspension-xi-prevus\/\" \/>\n<meta property=\"og:site_name\" content=\"Foot d&#039;avant\" \/>\n<meta property=\"article:publisher\" content=\"https:\/\/www.facebook.com\/Footdavant\/\" \/>\n<meta property=\"article:published_time\" content=\"2026-04-12T04:48:17+00:00\" \/>\n<meta property=\"article:modified_time\" content=\"2026-04-12T04:48:19+00:00\" \/>\n<meta property=\"og:image\" content=\"https:\/\/footdavant.fr\/actualites\/wp-content\/uploads\/2026\/04\/Nouvelles-de-l39equipe-blessure-du-Sporting-Lisbonne-contre-Arsenal-liste.net2Fuploads2F20262F032Ficonsport-362201.webp\" \/>\n\t<meta property=\"og:image:width\" content=\"720\" \/>\n\t<meta property=\"og:image:height\" content=\"410\" \/>\n\t<meta property=\"og:image:type\" content=\"image\/webp\" \/>\n<meta name=\"author\" content=\"Cl\u00e9ment\" \/>\n<meta name=\"twitter:card\" content=\"summary_large_image\" \/>\n<meta name=\"twitter:creator\" content=\"@FootdavantFr\" \/>\n<meta name=\"twitter:site\" content=\"@FootdavantFr\" \/>\n<meta name=\"twitter:label1\" content=\"\u00c9crit par\" \/>\n\t<meta name=\"twitter:data1\" content=\"Cl\u00e9ment\" \/>\n\t<meta name=\"twitter:label2\" content=\"Dur\u00e9e de lecture estim\u00e9e\" \/>\n\t<meta name=\"twitter:data2\" content=\"1 minute\" \/>\n<script type=\"application\/ld+json\" class=\"yoast-schema-graph\">{\"@context\":\"https:\/\/schema.org\",\"@graph\":[{\"@type\":\"Article\",\"@id\":\"https:\/\/footdavant.fr\/actualites\/nouvelles-de-lequipe-blessure-du-sporting-lisbonne-contre-arsenal-liste-de-suspension-xi-prevus\/#article\",\"isPartOf\":{\"@id\":\"https:\/\/footdavant.fr\/actualites\/nouvelles-de-lequipe-blessure-du-sporting-lisbonne-contre-arsenal-liste-de-suspension-xi-prevus\/\"},\"author\":{\"name\":\"Cl\u00e9ment\",\"@id\":\"https:\/\/footdavant.fr\/actualites\/#\/schema\/person\/bc222566d95871b37e597b3ed3ba5e1d\"},\"headline\":\"Nouvelles de l&#39;\u00e9quipe\u00a0: blessure du Sporting Lisbonne contre Arsenal, liste de suspension, XI pr\u00e9vus\",\"datePublished\":\"2026-04-12T04:48:17+00:00\",\"dateModified\":\"2026-04-12T04:48:19+00:00\",\"mainEntityOfPage\":{\"@id\":\"https:\/\/footdavant.fr\/actualites\/nouvelles-de-lequipe-blessure-du-sporting-lisbonne-contre-arsenal-liste-de-suspension-xi-prevus\/\"},\"wordCount\":217,\"publisher\":{\"@id\":\"https:\/\/footdavant.fr\/actualites\/#organization\"},\"keywords\":[\"Arsenal\",\"Blessure\",\"contre\",\"l39\u00e9quipe\",\"Lisbonne\",\"liste\",\"Nouvelles\",\"pr\u00e9vus\",\"Sporting\",\"suspension\"],\"articleSection\":[\"Premier League\"],\"inLanguage\":\"fr-FR\"},{\"@type\":\"WebPage\",\"@id\":\"https:\/\/footdavant.fr\/actualites\/nouvelles-de-lequipe-blessure-du-sporting-lisbonne-contre-arsenal-liste-de-suspension-xi-prevus\/\",\"url\":\"https:\/\/footdavant.fr\/actualites\/nouvelles-de-lequipe-blessure-du-sporting-lisbonne-contre-arsenal-liste-de-suspension-xi-prevus\/\",\"name\":\"Nouvelles de l&#39;\u00e9quipe\u00a0: blessure du Sporting Lisbonne contre Arsenal, liste de suspension, XI pr\u00e9vus\",\"isPartOf\":{\"@id\":\"https:\/\/footdavant.fr\/actualites\/#website\"},\"datePublished\":\"2026-04-12T04:48:17+00:00\",\"dateModified\":\"2026-04-12T04:48:19+00:00\",\"breadcrumb\":{\"@id\":\"https:\/\/footdavant.fr\/actualites\/nouvelles-de-lequipe-blessure-du-sporting-lisbonne-contre-arsenal-liste-de-suspension-xi-prevus\/#breadcrumb\"},\"inLanguage\":\"fr-FR\",\"potentialAction\":[{\"@type\":\"ReadAction\",\"target\":[\"https:\/\/footdavant.fr\/actualites\/nouvelles-de-lequipe-blessure-du-sporting-lisbonne-contre-arsenal-liste-de-suspension-xi-prevus\/\"]}]},{\"@type\":\"BreadcrumbList\",\"@id\":\"https:\/\/footdavant.fr\/actualites\/nouvelles-de-lequipe-blessure-du-sporting-lisbonne-contre-arsenal-liste-de-suspension-xi-prevus\/#breadcrumb\",\"itemListElement\":[{\"@type\":\"ListItem\",\"position\":1,\"name\":\"Accueil\",\"item\":\"https:\/\/footdavant.fr\/actualites\/\"},{\"@type\":\"ListItem\",\"position\":2,\"name\":\"Nouvelles de l&#39;\u00e9quipe\u00a0: blessure du Sporting Lisbonne contre Arsenal, liste de suspension, XI pr\u00e9vus\"}]},{\"@type\":\"WebSite\",\"@id\":\"https:\/\/footdavant.fr\/actualites\/#website\",\"url\":\"https:\/\/footdavant.fr\/actualites\/\",\"name\":\"Foot d'avant\",\"description\":\"\",\"publisher\":{\"@id\":\"https:\/\/footdavant.fr\/actualites\/#organization\"},\"potentialAction\":[{\"@type\":\"SearchAction\",\"target\":{\"@type\":\"EntryPoint\",\"urlTemplate\":\"https:\/\/footdavant.fr\/actualites\/?s={search_term_string}\"},\"query-input\":\"required name=search_term_string\"}],\"inLanguage\":\"fr-FR\"},{\"@type\":\"Organization\",\"@id\":\"https:\/\/footdavant.fr\/actualites\/#organization\",\"name\":\"Foot d'avant\",\"url\":\"https:\/\/footdavant.fr\/actualites\/\",\"logo\":{\"@type\":\"ImageObject\",\"inLanguage\":\"fr-FR\",\"@id\":\"https:\/\/footdavant.fr\/actualites\/#\/schema\/logo\/image\/\",\"url\":\"https:\/\/footdavant.fr\/actualites\/wp-content\/uploads\/2023\/09\/Copy-of-FootDavant-Logo.png\",\"contentUrl\":\"https:\/\/footdavant.fr\/actualites\/wp-content\/uploads\/2023\/09\/Copy-of-FootDavant-Logo.png\",\"width\":936,\"height\":549,\"caption\":\"Foot d'avant\"},\"image\":{\"@id\":\"https:\/\/footdavant.fr\/actualites\/#\/schema\/logo\/image\/\"},\"sameAs\":[\"https:\/\/www.facebook.com\/Footdavant\/\",\"https:\/\/twitter.com\/FootdavantFr\",\"https:\/\/www.instagram.com\/footdavant.fr\/\"]},{\"@type\":\"Person\",\"@id\":\"https:\/\/footdavant.fr\/actualites\/#\/schema\/person\/bc222566d95871b37e597b3ed3ba5e1d\",\"name\":\"Cl\u00e9ment\",\"image\":{\"@type\":\"ImageObject\",\"inLanguage\":\"fr-FR\",\"@id\":\"https:\/\/footdavant.fr\/actualites\/#\/schema\/person\/image\/\",\"url\":\"https:\/\/secure.gravatar.com\/avatar\/7728b29aac2719421e1a9159b2254c44?s=96&d=mm&r=g\",\"contentUrl\":\"https:\/\/secure.gravatar.com\/avatar\/7728b29aac2719421e1a9159b2254c44?s=96&d=mm&r=g\",\"caption\":\"Cl\u00e9ment\"},\"sameAs\":[\"https:\/\/footdavant.fr\/\"]}]}<\/script>\n<!-- \/ Yoast SEO plugin. -->","yoast_head_json":{"title":"Nouvelles de l&#39;\u00e9quipe\u00a0: blessure du Sporting Lisbonne contre Arsenal, liste de suspension, XI pr\u00e9vus","robots":{"index":"index","follow":"follow","max-snippet":"max-snippet:-1","max-image-preview":"max-image-preview:large","max-video-preview":"max-video-preview:-1"},"canonical":"https:\/\/footdavant.fr\/actualites\/nouvelles-de-lequipe-blessure-du-sporting-lisbonne-contre-arsenal-liste-de-suspension-xi-prevus\/","og_locale":"fr_FR","og_type":"article","og_title":"Nouvelles de l&#39;\u00e9quipe\u00a0: blessure du Sporting Lisbonne contre Arsenal, liste de suspension, XI pr\u00e9vus","og_description":"Les deux \u00e9quipes toujours \u00e0 la recherche de leur premier troph\u00e9e en Ligue des champions, le Sporting Lisbonne et Arsenal s&#39;affrontent \u00e0 l&#39;Estadio Jose Alvalade","og_url":"https:\/\/footdavant.fr\/actualites\/nouvelles-de-lequipe-blessure-du-sporting-lisbonne-contre-arsenal-liste-de-suspension-xi-prevus\/","og_site_name":"Foot d&#039;avant","article_publisher":"https:\/\/www.facebook.com\/Footdavant\/","article_published_time":"2026-04-12T04:48:17+00:00","article_modified_time":"2026-04-12T04:48:19+00:00","og_image":[{"width":720,"height":410,"url":"https:\/\/footdavant.fr\/actualites\/wp-content\/uploads\/2026\/04\/Nouvelles-de-l39equipe-blessure-du-Sporting-Lisbonne-contre-Arsenal-liste.net2Fuploads2F20262F032Ficonsport-362201.webp","type":"image\/webp"}],"author":"Cl\u00e9ment","twitter_card":"summary_large_image","twitter_creator":"@FootdavantFr","twitter_site":"@FootdavantFr","twitter_misc":{"\u00c9crit par":"Cl\u00e9ment","Dur\u00e9e de lecture estim\u00e9e":"1 minute"},"schema":{"@context":"https:\/\/schema.org","@graph":[{"@type":"Article","@id":"https:\/\/footdavant.fr\/actualites\/nouvelles-de-lequipe-blessure-du-sporting-lisbonne-contre-arsenal-liste-de-suspension-xi-prevus\/#article","isPartOf":{"@id":"https:\/\/footdavant.fr\/actualites\/nouvelles-de-lequipe-blessure-du-sporting-lisbonne-contre-arsenal-liste-de-suspension-xi-prevus\/"},"author":{"name":"Cl\u00e9ment","@id":"https:\/\/footdavant.fr\/actualites\/#\/schema\/person\/bc222566d95871b37e597b3ed3ba5e1d"},"headline":"Nouvelles de l&#39;\u00e9quipe\u00a0: blessure du Sporting Lisbonne contre Arsenal, liste de suspension, XI pr\u00e9vus","datePublished":"2026-04-12T04:48:17+00:00","dateModified":"2026-04-12T04:48:19+00:00","mainEntityOfPage":{"@id":"https:\/\/footdavant.fr\/actualites\/nouvelles-de-lequipe-blessure-du-sporting-lisbonne-contre-arsenal-liste-de-suspension-xi-prevus\/"},"wordCount":217,"publisher":{"@id":"https:\/\/footdavant.fr\/actualites\/#organization"},"keywords":["Arsenal","Blessure","contre","l39\u00e9quipe","Lisbonne","liste","Nouvelles","pr\u00e9vus","Sporting","suspension"],"articleSection":["Premier League"],"inLanguage":"fr-FR"},{"@type":"WebPage","@id":"https:\/\/footdavant.fr\/actualites\/nouvelles-de-lequipe-blessure-du-sporting-lisbonne-contre-arsenal-liste-de-suspension-xi-prevus\/","url":"https:\/\/footdavant.fr\/actualites\/nouvelles-de-lequipe-blessure-du-sporting-lisbonne-contre-arsenal-liste-de-suspension-xi-prevus\/","name":"Nouvelles de l&#39;\u00e9quipe\u00a0: blessure du Sporting Lisbonne contre Arsenal, liste de suspension, XI pr\u00e9vus","isPartOf":{"@id":"https:\/\/footdavant.fr\/actualites\/#website"},"datePublished":"2026-04-12T04:48:17+00:00","dateModified":"2026-04-12T04:48:19+00:00","breadcrumb":{"@id":"https:\/\/footdavant.fr\/actualites\/nouvelles-de-lequipe-blessure-du-sporting-lisbonne-contre-arsenal-liste-de-suspension-xi-prevus\/#breadcrumb"},"inLanguage":"fr-FR","potentialAction":[{"@type":"ReadAction","target":["https:\/\/footdavant.fr\/actualites\/nouvelles-de-lequipe-blessure-du-sporting-lisbonne-contre-arsenal-liste-de-suspension-xi-prevus\/"]}]},{"@type":"BreadcrumbList","@id":"https:\/\/footdavant.fr\/actualites\/nouvelles-de-lequipe-blessure-du-sporting-lisbonne-contre-arsenal-liste-de-suspension-xi-prevus\/#breadcrumb","itemListElement":[{"@type":"ListItem","position":1,"name":"Accueil","item":"https:\/\/footdavant.fr\/actualites\/"},{"@type":"ListItem","position":2,"name":"Nouvelles de l&#39;\u00e9quipe\u00a0: blessure du Sporting Lisbonne contre Arsenal, liste de suspension, XI pr\u00e9vus"}]},{"@type":"WebSite","@id":"https:\/\/footdavant.fr\/actualites\/#website","url":"https:\/\/footdavant.fr\/actualites\/","name":"Foot d'avant","description":"","publisher":{"@id":"https:\/\/footdavant.fr\/actualites\/#organization"},"potentialAction":[{"@type":"SearchAction","target":{"@type":"EntryPoint","urlTemplate":"https:\/\/footdavant.fr\/actualites\/?s={search_term_string}"},"query-input":"required name=search_term_string"}],"inLanguage":"fr-FR"},{"@type":"Organization","@id":"https:\/\/footdavant.fr\/actualites\/#organization","name":"Foot d'avant","url":"https:\/\/footdavant.fr\/actualites\/","logo":{"@type":"ImageObject","inLanguage":"fr-FR","@id":"https:\/\/footdavant.fr\/actualites\/#\/schema\/logo\/image\/","url":"https:\/\/footdavant.fr\/actualites\/wp-content\/uploads\/2023\/09\/Copy-of-FootDavant-Logo.png","contentUrl":"https:\/\/footdavant.fr\/actualites\/wp-content\/uploads\/2023\/09\/Copy-of-FootDavant-Logo.png","width":936,"height":549,"caption":"Foot d'avant"},"image":{"@id":"https:\/\/footdavant.fr\/actualites\/#\/schema\/logo\/image\/"},"sameAs":["https:\/\/www.facebook.com\/Footdavant\/","https:\/\/twitter.com\/FootdavantFr","https:\/\/www.instagram.com\/footdavant.fr\/"]},{"@type":"Person","@id":"https:\/\/footdavant.fr\/actualites\/#\/schema\/person\/bc222566d95871b37e597b3ed3ba5e1d","name":"Cl\u00e9ment","image":{"@type":"ImageObject","inLanguage":"fr-FR","@id":"https:\/\/footdavant.fr\/actualites\/#\/schema\/person\/image\/","url":"https:\/\/secure.gravatar.com\/avatar\/7728b29aac2719421e1a9159b2254c44?s=96&d=mm&r=g","contentUrl":"https:\/\/secure.gravatar.com\/avatar\/7728b29aac2719421e1a9159b2254c44?s=96&d=mm&r=g","caption":"Cl\u00e9ment"},"sameAs":["https:\/\/footdavant.fr\/"]}]}},"_links":{"self":[{"href":"https:\/\/footdavant.fr\/actualites\/wp-json\/wp\/v2\/posts\/36375"}],"collection":[{"href":"https:\/\/footdavant.fr\/actualites\/wp-json\/wp\/v2\/posts"}],"about":[{"href":"https:\/\/footdavant.fr\/actualites\/wp-json\/wp\/v2\/types\/post"}],"author":[{"embeddable":true,"href":"https:\/\/footdavant.fr\/actualites\/wp-json\/wp\/v2\/users\/1"}],"replies":[{"embeddable":true,"href":"https:\/\/footdavant.fr\/actualites\/wp-json\/wp\/v2\/comments?post=36375"}],"version-history":[{"count":1,"href":"https:\/\/footdavant.fr\/actualites\/wp-json\/wp\/v2\/posts\/36375\/revisions"}],"predecessor-version":[{"id":36377,"href":"https:\/\/footdavant.fr\/actualites\/wp-json\/wp\/v2\/posts\/36375\/revisions\/36377"}],"wp:featuredmedia":[{"embeddable":true,"href":"https:\/\/footdavant.fr\/actualites\/wp-json\/wp\/v2\/media\/36376"}],"wp:attachment":[{"href":"https:\/\/footdavant.fr\/actualites\/wp-json\/wp\/v2\/media?parent=36375"}],"wp:term":[{"taxonomy":"category","embeddable":true,"href":"https:\/\/footdavant.fr\/actualites\/wp-json\/wp\/v2\/categories?post=36375"},{"taxonomy":"post_tag","embeddable":true,"href":"https:\/\/footdavant.fr\/actualites\/wp-json\/wp\/v2\/tags?post=36375"}],"curies":[{"name":"wp","href":"https:\/\/api.w.org\/{rel}","templated":true}]}}