{"id":36381,"date":"2026-04-12T10:48:08","date_gmt":"2026-04-12T08:48:08","guid":{"rendered":"https:\/\/footdavant.fr\/actualites\/bukayo-saka-darsenal-et-jurrien-timber-exclus-du-choc-sportif-alors-que-mikel-arteta-fait-le-point-sur-une-quintuple-blessure\/"},"modified":"2026-04-12T10:48:12","modified_gmt":"2026-04-12T08:48:12","slug":"bukayo-saka-darsenal-et-jurrien-timber-exclus-du-choc-sportif-alors-que-mikel-arteta-fait-le-point-sur-une-quintuple-blessure","status":"publish","type":"post","link":"https:\/\/footdavant.fr\/actualites\/bukayo-saka-darsenal-et-jurrien-timber-exclus-du-choc-sportif-alors-que-mikel-arteta-fait-le-point-sur-une-quintuple-blessure\/","title":{"rendered":"Bukayo Saka d&#39;Arsenal et Jurrien Timber exclus du choc sportif alors que Mikel Arteta fait le point sur une quintuple blessure"},"content":{"rendered":"<div itemprop=\"articleBody\">\n<p>L&#39;entra\u00eeneur-chef d&#39;Arsenal, Mikel Arteta, a confirm\u00e9 que ni Bukayo Saka ni Jurrien Timber ne seront impliqu\u00e9s dans le match aller des huiti\u00e8mes de finale aller de la Ligue des champions mardi avec le Sporting Lisbonne.<\/p>\n<p>L&#39;attaquant anglais et le d\u00e9fenseur n\u00e9erlandais \u00e9taient tous deux absents lors de la d\u00e9faite en quart de finale de la FA Cup contre Southampton samedi, et aucun n&#39;a \u00e9t\u00e9 vu \u00e0 l&#39;entra\u00eenement lundi matin.<\/p>\n<p>Saka s&#39;est retir\u00e9 de l&#39;\u00e9quipe d&#39;Angleterre pendant la tr\u00eave internationale en raison d&#39;une blessure inexpliqu\u00e9e, tandis que Timber s&#39;est retir\u00e9 du camp des Pays-Bas en raison d&#39;un probl\u00e8me \u00e0 l&#39;aine.<\/p>\n<p>S&#39;adressant \u00e0 la presse lors de sa conf\u00e9rence de presse d&#39;avant-match, Arteta a confirm\u00e9 que les deux hommes ne s&#39;\u00e9taient pas rendus au Portugal, mais il y a de l&#39;optimisme quant \u00e0 leur capacit\u00e9 \u00e0 affronter Bournemouth en Premier League ce week-end.<\/p>\n<p>\u00ab\u00a0Ils ont des probl\u00e8mes\u00a0\u00bb, a d\u00e9clar\u00e9 Arteta. \u00ab\u00a0Ils ne sont pas encore pr\u00eats. Voyons. J&#39;esp\u00e8re qu&#39;ils seront pr\u00eats pour le week-end si tout se passe bien.<\/p>\n<h2>Bukayo Saka d&#39;Arsenal et Jurrien Timber exclus du choc contre le Sporting Lisbonne<\/h2>\n<blockquote class=\"twitter-tweet\"><p>&#13;<\/p>\n<p dir=\"ltr\" lang=\"en\">\u00ab\u00a0J&#39;esp\u00e8re qu&#39;ils seront pr\u00eats pour le week-end\u00a0\u00bb<\/p>\n<p>Mikel Arteta dit que Declan Rice, Gabriel Magalh\u00e3es, Leandro Trossard sont tous disponibles contre le Sporting CP en Ligue des champions, mais Bukayo Saka et Jurrien Timber seront absents ? <a rel=\"nofollow\" href=\"https:\/\/t.co\/jxP2sDVE5L\">pic.twitter.com\/jxP2sDVE5L<\/a><\/p>\n<p>\u2013 Actualit\u00e9s Sky Sports (@SkySportsNews) <a rel=\"nofollow\" href=\"https:\/\/twitter.com\/SkySportsNews\/status\/2041225964840005773?ref_src=twsrc%5Etfw\">6 avril 2026<\/a><\/p><\/blockquote>\n<p>\u00ab\u00a0C&#39;est un \u00e9norme coup de pouce car ces derniers jours, nous avons perdu tellement de joueurs importants. Et c&#39;est quelque chose que nous devons changer imm\u00e9diatement.\u00a0\u00bb<\/p>\n<p>Bien que ni Saka ni Timber ne soient disponibles pour le match aller, Arteta a confirm\u00e9 que Leandro Trossard, Declan Rice et Gabriel Magalhaes sont tous en lice pour figurer \u00e0 l&#39;Estadio Jose Alvalade, r\u00e9pondant simplement \u00ab oui \u00bb \u00e0 chaque question demandant si chaque individu \u00e9tait apte.<\/p>\n<p>Trossard et Rice ont \u00e9galement rat\u00e9 la d\u00e9faite \u00e0 Southampton en raison de blessures subies en service international, tandis que Gabriel a \u00e9t\u00e9 contraint d&#39;abandonner en seconde p\u00e9riode \u00e0 St Mary&#39;s apr\u00e8s avoir subi un probl\u00e8me au genou.<\/p>\n<p>Saka et Timber prendront place sur le banc de touche avec Eberechi Eze (mollet), Piero Hincapie (non pr\u00e9cis\u00e9) et Mikel Merino (pied) pour le match de mardi, et aucun de ces derniers trio ne pourra non plus affronter Bournemouth.<\/p>\n<h2>Comment Arsenal peut-il remplacer Bukayo Saka, Jurrien Timber contre le Sporting ?<\/h2>\n<div>\n<div>\n<div>\n<div>\n<div>\n<p>\u00a9 Iconsport \/ Ren\u00e9 Nijhuis \/ Alamy<\/p>\n<\/div>\n<\/div>\n<\/div>\n<\/div>\n<\/div>\n<p>Avec Timber hors de comp\u00e9tition, Ben White devrait avoir une chance imm\u00e9diate de se racheter \u00e0 l&#39;arri\u00e8re droit, apr\u00e8s avoir \u00e9t\u00e9 responsable du premier but de Ross Stewart lors de la d\u00e9faite de samedi.<\/p>\n<p>Cependant, l&#39;international anglais n&#39;est pas un titulaire garanti en d\u00e9fense, car Arteta pourrait \u00e9galement s\u00e9lectionner Cristhian Mosquera \u00e0 l&#39;arri\u00e8re droit si William Saliba et Gabriel sont suffisamment en forme pour faire \u00e9quipe au c\u0153ur de la ligne arri\u00e8re.<\/p>\n<p>La place de Saka sur l&#39;aile droite devrait \u00eatre occup\u00e9e par Noni Madueke, qui a re\u00e7u le feu vert pour quitter le banc contre Southampton apr\u00e8s avoir subi une blessure au genou inqui\u00e9tante en service en Angleterre, mais Max Dowman est une autre option.<\/p>\n<p>Le joueur de 16 ans a \u00e9t\u00e9 salu\u00e9 comme le meilleur joueur d&#39;Arsenal lors de la d\u00e9faite en FA Cup, mais l&#39;ampleur du match de mardi devrait permettre \u00e0 Madueke d&#39;obtenir le feu vert contre le Sporting, \u00e0 qui il manquera Morten Hjulmand, suspendu.<\/p>\n<p>Arsenal n&#39;a aucun joueur banni pour le match aller, mais deux Gunners rateront le match retour aux Emirats s&#39;ils sont r\u00e9serv\u00e9s mardi.<\/p>\n<\/div>\n<p><script async src=\"https:\/\/platform.twitter.com\/widgets.js\" charset=\"utf-8\"><\/script><\/p>\n","protected":false},"excerpt":{"rendered":"<p>L&#39;entra\u00eeneur-chef d&#39;Arsenal, Mikel Arteta, a confirm\u00e9 que ni Bukayo Saka ni Jurrien Timber ne seront impliqu\u00e9s dans le match aller des huiti\u00e8mes de finale aller<\/p>\n","protected":false},"author":1,"featured_media":36382,"comment_status":"closed","ping_status":"","sticky":false,"template":"","format":"standard","meta":{"footnotes":""},"categories":[5],"tags":[318,211,15,865,332,4221,965,152,1506,210,153,8101,185,876,103,1507,92],"yoast_head":"<!-- This site is optimized with the Yoast SEO plugin v21.0 - https:\/\/yoast.com\/wordpress\/plugins\/seo\/ -->\n<title>Bukayo Saka d&#039;Arsenal et Jurrien Timber exclus du choc sportif alors que Mikel Arteta fait le point sur une quintuple blessure<\/title>\n<meta name=\"robots\" content=\"index, follow, max-snippet:-1, max-image-preview:large, max-video-preview:-1\" \/>\n<link rel=\"canonical\" href=\"https:\/\/footdavant.fr\/actualites\/bukayo-saka-darsenal-et-jurrien-timber-exclus-du-choc-sportif-alors-que-mikel-arteta-fait-le-point-sur-une-quintuple-blessure\/\" \/>\n<meta property=\"og:locale\" content=\"fr_FR\" \/>\n<meta property=\"og:type\" content=\"article\" \/>\n<meta property=\"og:title\" content=\"Bukayo Saka d&#039;Arsenal et Jurrien Timber exclus du choc sportif alors que Mikel Arteta fait le point sur une quintuple blessure\" \/>\n<meta property=\"og:description\" content=\"L&#039;entra\u00eeneur-chef d&#039;Arsenal, Mikel Arteta, a confirm\u00e9 que ni Bukayo Saka ni Jurrien Timber ne seront impliqu\u00e9s dans le match aller des huiti\u00e8mes de finale aller\" \/>\n<meta property=\"og:url\" content=\"https:\/\/footdavant.fr\/actualites\/bukayo-saka-darsenal-et-jurrien-timber-exclus-du-choc-sportif-alors-que-mikel-arteta-fait-le-point-sur-une-quintuple-blessure\/\" \/>\n<meta property=\"og:site_name\" content=\"Foot d&#039;avant\" \/>\n<meta property=\"article:publisher\" content=\"https:\/\/www.facebook.com\/Footdavant\/\" \/>\n<meta property=\"article:published_time\" content=\"2026-04-12T08:48:08+00:00\" \/>\n<meta property=\"article:modified_time\" content=\"2026-04-12T08:48:12+00:00\" \/>\n<meta property=\"og:image\" content=\"https:\/\/footdavant.fr\/actualites\/wp-content\/uploads\/2026\/04\/Bukayo-Saka-d39Arsenal-et-Jurrien-Timber-exclus-du-choc-sportif.net2Fuploads2F20262F042Fns-2-photo-frame.webp\" \/>\n\t<meta property=\"og:image:width\" content=\"720\" \/>\n\t<meta property=\"og:image:height\" content=\"410\" \/>\n\t<meta property=\"og:image:type\" content=\"image\/webp\" \/>\n<meta name=\"author\" content=\"Cl\u00e9ment\" \/>\n<meta name=\"twitter:card\" content=\"summary_large_image\" \/>\n<meta name=\"twitter:creator\" content=\"@FootdavantFr\" \/>\n<meta name=\"twitter:site\" content=\"@FootdavantFr\" \/>\n<meta name=\"twitter:label1\" content=\"\u00c9crit par\" \/>\n\t<meta name=\"twitter:data1\" content=\"Cl\u00e9ment\" \/>\n\t<meta name=\"twitter:label2\" content=\"Dur\u00e9e de lecture estim\u00e9e\" \/>\n\t<meta name=\"twitter:data2\" content=\"3 minutes\" \/>\n<script type=\"application\/ld+json\" class=\"yoast-schema-graph\">{\"@context\":\"https:\/\/schema.org\",\"@graph\":[{\"@type\":\"Article\",\"@id\":\"https:\/\/footdavant.fr\/actualites\/bukayo-saka-darsenal-et-jurrien-timber-exclus-du-choc-sportif-alors-que-mikel-arteta-fait-le-point-sur-une-quintuple-blessure\/#article\",\"isPartOf\":{\"@id\":\"https:\/\/footdavant.fr\/actualites\/bukayo-saka-darsenal-et-jurrien-timber-exclus-du-choc-sportif-alors-que-mikel-arteta-fait-le-point-sur-une-quintuple-blessure\/\"},\"author\":{\"name\":\"Cl\u00e9ment\",\"@id\":\"https:\/\/footdavant.fr\/actualites\/#\/schema\/person\/bc222566d95871b37e597b3ed3ba5e1d\"},\"headline\":\"Bukayo Saka d&#39;Arsenal et Jurrien Timber exclus du choc sportif alors que Mikel Arteta fait le point sur une quintuple blessure\",\"datePublished\":\"2026-04-12T08:48:08+00:00\",\"dateModified\":\"2026-04-12T08:48:12+00:00\",\"mainEntityOfPage\":{\"@id\":\"https:\/\/footdavant.fr\/actualites\/bukayo-saka-darsenal-et-jurrien-timber-exclus-du-choc-sportif-alors-que-mikel-arteta-fait-le-point-sur-une-quintuple-blessure\/\"},\"wordCount\":661,\"publisher\":{\"@id\":\"https:\/\/footdavant.fr\/actualites\/#organization\"},\"keywords\":[\"alors\",\"Arteta\",\"Blessure\",\"Bukayo\",\"choc\",\"d39Arsenal\",\"exclus\",\"fait\",\"Jurrien\",\"Mikel\",\"point\",\"Quintuple\",\"Saka\",\"sportif\",\"sur\",\"Timber\",\"une\"],\"articleSection\":[\"Premier League\"],\"inLanguage\":\"fr-FR\"},{\"@type\":\"WebPage\",\"@id\":\"https:\/\/footdavant.fr\/actualites\/bukayo-saka-darsenal-et-jurrien-timber-exclus-du-choc-sportif-alors-que-mikel-arteta-fait-le-point-sur-une-quintuple-blessure\/\",\"url\":\"https:\/\/footdavant.fr\/actualites\/bukayo-saka-darsenal-et-jurrien-timber-exclus-du-choc-sportif-alors-que-mikel-arteta-fait-le-point-sur-une-quintuple-blessure\/\",\"name\":\"Bukayo Saka d&#39;Arsenal et Jurrien Timber exclus du choc sportif alors que Mikel Arteta fait le point sur une quintuple blessure\",\"isPartOf\":{\"@id\":\"https:\/\/footdavant.fr\/actualites\/#website\"},\"datePublished\":\"2026-04-12T08:48:08+00:00\",\"dateModified\":\"2026-04-12T08:48:12+00:00\",\"breadcrumb\":{\"@id\":\"https:\/\/footdavant.fr\/actualites\/bukayo-saka-darsenal-et-jurrien-timber-exclus-du-choc-sportif-alors-que-mikel-arteta-fait-le-point-sur-une-quintuple-blessure\/#breadcrumb\"},\"inLanguage\":\"fr-FR\",\"potentialAction\":[{\"@type\":\"ReadAction\",\"target\":[\"https:\/\/footdavant.fr\/actualites\/bukayo-saka-darsenal-et-jurrien-timber-exclus-du-choc-sportif-alors-que-mikel-arteta-fait-le-point-sur-une-quintuple-blessure\/\"]}]},{\"@type\":\"BreadcrumbList\",\"@id\":\"https:\/\/footdavant.fr\/actualites\/bukayo-saka-darsenal-et-jurrien-timber-exclus-du-choc-sportif-alors-que-mikel-arteta-fait-le-point-sur-une-quintuple-blessure\/#breadcrumb\",\"itemListElement\":[{\"@type\":\"ListItem\",\"position\":1,\"name\":\"Accueil\",\"item\":\"https:\/\/footdavant.fr\/actualites\/\"},{\"@type\":\"ListItem\",\"position\":2,\"name\":\"Bukayo Saka d&#39;Arsenal et Jurrien Timber exclus du choc sportif alors que Mikel Arteta fait le point sur une quintuple blessure\"}]},{\"@type\":\"WebSite\",\"@id\":\"https:\/\/footdavant.fr\/actualites\/#website\",\"url\":\"https:\/\/footdavant.fr\/actualites\/\",\"name\":\"Foot d'avant\",\"description\":\"\",\"publisher\":{\"@id\":\"https:\/\/footdavant.fr\/actualites\/#organization\"},\"potentialAction\":[{\"@type\":\"SearchAction\",\"target\":{\"@type\":\"EntryPoint\",\"urlTemplate\":\"https:\/\/footdavant.fr\/actualites\/?s={search_term_string}\"},\"query-input\":\"required name=search_term_string\"}],\"inLanguage\":\"fr-FR\"},{\"@type\":\"Organization\",\"@id\":\"https:\/\/footdavant.fr\/actualites\/#organization\",\"name\":\"Foot d'avant\",\"url\":\"https:\/\/footdavant.fr\/actualites\/\",\"logo\":{\"@type\":\"ImageObject\",\"inLanguage\":\"fr-FR\",\"@id\":\"https:\/\/footdavant.fr\/actualites\/#\/schema\/logo\/image\/\",\"url\":\"https:\/\/footdavant.fr\/actualites\/wp-content\/uploads\/2023\/09\/Copy-of-FootDavant-Logo.png\",\"contentUrl\":\"https:\/\/footdavant.fr\/actualites\/wp-content\/uploads\/2023\/09\/Copy-of-FootDavant-Logo.png\",\"width\":936,\"height\":549,\"caption\":\"Foot d'avant\"},\"image\":{\"@id\":\"https:\/\/footdavant.fr\/actualites\/#\/schema\/logo\/image\/\"},\"sameAs\":[\"https:\/\/www.facebook.com\/Footdavant\/\",\"https:\/\/twitter.com\/FootdavantFr\",\"https:\/\/www.instagram.com\/footdavant.fr\/\"]},{\"@type\":\"Person\",\"@id\":\"https:\/\/footdavant.fr\/actualites\/#\/schema\/person\/bc222566d95871b37e597b3ed3ba5e1d\",\"name\":\"Cl\u00e9ment\",\"image\":{\"@type\":\"ImageObject\",\"inLanguage\":\"fr-FR\",\"@id\":\"https:\/\/footdavant.fr\/actualites\/#\/schema\/person\/image\/\",\"url\":\"https:\/\/secure.gravatar.com\/avatar\/7728b29aac2719421e1a9159b2254c44?s=96&d=mm&r=g\",\"contentUrl\":\"https:\/\/secure.gravatar.com\/avatar\/7728b29aac2719421e1a9159b2254c44?s=96&d=mm&r=g\",\"caption\":\"Cl\u00e9ment\"},\"sameAs\":[\"https:\/\/footdavant.fr\/\"]}]}<\/script>\n<!-- \/ Yoast SEO plugin. -->","yoast_head_json":{"title":"Bukayo Saka d&#39;Arsenal et Jurrien Timber exclus du choc sportif alors que Mikel Arteta fait le point sur une quintuple blessure","robots":{"index":"index","follow":"follow","max-snippet":"max-snippet:-1","max-image-preview":"max-image-preview:large","max-video-preview":"max-video-preview:-1"},"canonical":"https:\/\/footdavant.fr\/actualites\/bukayo-saka-darsenal-et-jurrien-timber-exclus-du-choc-sportif-alors-que-mikel-arteta-fait-le-point-sur-une-quintuple-blessure\/","og_locale":"fr_FR","og_type":"article","og_title":"Bukayo Saka d&#39;Arsenal et Jurrien Timber exclus du choc sportif alors que Mikel Arteta fait le point sur une quintuple blessure","og_description":"L&#39;entra\u00eeneur-chef d&#39;Arsenal, Mikel Arteta, a confirm\u00e9 que ni Bukayo Saka ni Jurrien Timber ne seront impliqu\u00e9s dans le match aller des huiti\u00e8mes de finale aller","og_url":"https:\/\/footdavant.fr\/actualites\/bukayo-saka-darsenal-et-jurrien-timber-exclus-du-choc-sportif-alors-que-mikel-arteta-fait-le-point-sur-une-quintuple-blessure\/","og_site_name":"Foot d&#039;avant","article_publisher":"https:\/\/www.facebook.com\/Footdavant\/","article_published_time":"2026-04-12T08:48:08+00:00","article_modified_time":"2026-04-12T08:48:12+00:00","og_image":[{"width":720,"height":410,"url":"https:\/\/footdavant.fr\/actualites\/wp-content\/uploads\/2026\/04\/Bukayo-Saka-d39Arsenal-et-Jurrien-Timber-exclus-du-choc-sportif.net2Fuploads2F20262F042Fns-2-photo-frame.webp","type":"image\/webp"}],"author":"Cl\u00e9ment","twitter_card":"summary_large_image","twitter_creator":"@FootdavantFr","twitter_site":"@FootdavantFr","twitter_misc":{"\u00c9crit par":"Cl\u00e9ment","Dur\u00e9e de lecture estim\u00e9e":"3 minutes"},"schema":{"@context":"https:\/\/schema.org","@graph":[{"@type":"Article","@id":"https:\/\/footdavant.fr\/actualites\/bukayo-saka-darsenal-et-jurrien-timber-exclus-du-choc-sportif-alors-que-mikel-arteta-fait-le-point-sur-une-quintuple-blessure\/#article","isPartOf":{"@id":"https:\/\/footdavant.fr\/actualites\/bukayo-saka-darsenal-et-jurrien-timber-exclus-du-choc-sportif-alors-que-mikel-arteta-fait-le-point-sur-une-quintuple-blessure\/"},"author":{"name":"Cl\u00e9ment","@id":"https:\/\/footdavant.fr\/actualites\/#\/schema\/person\/bc222566d95871b37e597b3ed3ba5e1d"},"headline":"Bukayo Saka d&#39;Arsenal et Jurrien Timber exclus du choc sportif alors que Mikel Arteta fait le point sur une quintuple blessure","datePublished":"2026-04-12T08:48:08+00:00","dateModified":"2026-04-12T08:48:12+00:00","mainEntityOfPage":{"@id":"https:\/\/footdavant.fr\/actualites\/bukayo-saka-darsenal-et-jurrien-timber-exclus-du-choc-sportif-alors-que-mikel-arteta-fait-le-point-sur-une-quintuple-blessure\/"},"wordCount":661,"publisher":{"@id":"https:\/\/footdavant.fr\/actualites\/#organization"},"keywords":["alors","Arteta","Blessure","Bukayo","choc","d39Arsenal","exclus","fait","Jurrien","Mikel","point","Quintuple","Saka","sportif","sur","Timber","une"],"articleSection":["Premier League"],"inLanguage":"fr-FR"},{"@type":"WebPage","@id":"https:\/\/footdavant.fr\/actualites\/bukayo-saka-darsenal-et-jurrien-timber-exclus-du-choc-sportif-alors-que-mikel-arteta-fait-le-point-sur-une-quintuple-blessure\/","url":"https:\/\/footdavant.fr\/actualites\/bukayo-saka-darsenal-et-jurrien-timber-exclus-du-choc-sportif-alors-que-mikel-arteta-fait-le-point-sur-une-quintuple-blessure\/","name":"Bukayo Saka d&#39;Arsenal et Jurrien Timber exclus du choc sportif alors que Mikel Arteta fait le point sur une quintuple blessure","isPartOf":{"@id":"https:\/\/footdavant.fr\/actualites\/#website"},"datePublished":"2026-04-12T08:48:08+00:00","dateModified":"2026-04-12T08:48:12+00:00","breadcrumb":{"@id":"https:\/\/footdavant.fr\/actualites\/bukayo-saka-darsenal-et-jurrien-timber-exclus-du-choc-sportif-alors-que-mikel-arteta-fait-le-point-sur-une-quintuple-blessure\/#breadcrumb"},"inLanguage":"fr-FR","potentialAction":[{"@type":"ReadAction","target":["https:\/\/footdavant.fr\/actualites\/bukayo-saka-darsenal-et-jurrien-timber-exclus-du-choc-sportif-alors-que-mikel-arteta-fait-le-point-sur-une-quintuple-blessure\/"]}]},{"@type":"BreadcrumbList","@id":"https:\/\/footdavant.fr\/actualites\/bukayo-saka-darsenal-et-jurrien-timber-exclus-du-choc-sportif-alors-que-mikel-arteta-fait-le-point-sur-une-quintuple-blessure\/#breadcrumb","itemListElement":[{"@type":"ListItem","position":1,"name":"Accueil","item":"https:\/\/footdavant.fr\/actualites\/"},{"@type":"ListItem","position":2,"name":"Bukayo Saka d&#39;Arsenal et Jurrien Timber exclus du choc sportif alors que Mikel Arteta fait le point sur une quintuple blessure"}]},{"@type":"WebSite","@id":"https:\/\/footdavant.fr\/actualites\/#website","url":"https:\/\/footdavant.fr\/actualites\/","name":"Foot d'avant","description":"","publisher":{"@id":"https:\/\/footdavant.fr\/actualites\/#organization"},"potentialAction":[{"@type":"SearchAction","target":{"@type":"EntryPoint","urlTemplate":"https:\/\/footdavant.fr\/actualites\/?s={search_term_string}"},"query-input":"required name=search_term_string"}],"inLanguage":"fr-FR"},{"@type":"Organization","@id":"https:\/\/footdavant.fr\/actualites\/#organization","name":"Foot d'avant","url":"https:\/\/footdavant.fr\/actualites\/","logo":{"@type":"ImageObject","inLanguage":"fr-FR","@id":"https:\/\/footdavant.fr\/actualites\/#\/schema\/logo\/image\/","url":"https:\/\/footdavant.fr\/actualites\/wp-content\/uploads\/2023\/09\/Copy-of-FootDavant-Logo.png","contentUrl":"https:\/\/footdavant.fr\/actualites\/wp-content\/uploads\/2023\/09\/Copy-of-FootDavant-Logo.png","width":936,"height":549,"caption":"Foot d'avant"},"image":{"@id":"https:\/\/footdavant.fr\/actualites\/#\/schema\/logo\/image\/"},"sameAs":["https:\/\/www.facebook.com\/Footdavant\/","https:\/\/twitter.com\/FootdavantFr","https:\/\/www.instagram.com\/footdavant.fr\/"]},{"@type":"Person","@id":"https:\/\/footdavant.fr\/actualites\/#\/schema\/person\/bc222566d95871b37e597b3ed3ba5e1d","name":"Cl\u00e9ment","image":{"@type":"ImageObject","inLanguage":"fr-FR","@id":"https:\/\/footdavant.fr\/actualites\/#\/schema\/person\/image\/","url":"https:\/\/secure.gravatar.com\/avatar\/7728b29aac2719421e1a9159b2254c44?s=96&d=mm&r=g","contentUrl":"https:\/\/secure.gravatar.com\/avatar\/7728b29aac2719421e1a9159b2254c44?s=96&d=mm&r=g","caption":"Cl\u00e9ment"},"sameAs":["https:\/\/footdavant.fr\/"]}]}},"_links":{"self":[{"href":"https:\/\/footdavant.fr\/actualites\/wp-json\/wp\/v2\/posts\/36381"}],"collection":[{"href":"https:\/\/footdavant.fr\/actualites\/wp-json\/wp\/v2\/posts"}],"about":[{"href":"https:\/\/footdavant.fr\/actualites\/wp-json\/wp\/v2\/types\/post"}],"author":[{"embeddable":true,"href":"https:\/\/footdavant.fr\/actualites\/wp-json\/wp\/v2\/users\/1"}],"replies":[{"embeddable":true,"href":"https:\/\/footdavant.fr\/actualites\/wp-json\/wp\/v2\/comments?post=36381"}],"version-history":[{"count":1,"href":"https:\/\/footdavant.fr\/actualites\/wp-json\/wp\/v2\/posts\/36381\/revisions"}],"predecessor-version":[{"id":36383,"href":"https:\/\/footdavant.fr\/actualites\/wp-json\/wp\/v2\/posts\/36381\/revisions\/36383"}],"wp:featuredmedia":[{"embeddable":true,"href":"https:\/\/footdavant.fr\/actualites\/wp-json\/wp\/v2\/media\/36382"}],"wp:attachment":[{"href":"https:\/\/footdavant.fr\/actualites\/wp-json\/wp\/v2\/media?parent=36381"}],"wp:term":[{"taxonomy":"category","embeddable":true,"href":"https:\/\/footdavant.fr\/actualites\/wp-json\/wp\/v2\/categories?post=36381"},{"taxonomy":"post_tag","embeddable":true,"href":"https:\/\/footdavant.fr\/actualites\/wp-json\/wp\/v2\/tags?post=36381"}],"curies":[{"name":"wp","href":"https:\/\/api.w.org\/{rel}","templated":true}]}}