{"id":36390,"date":"2026-04-12T16:48:18","date_gmt":"2026-04-12T14:48:18","guid":{"rendered":"https:\/\/footdavant.fr\/actualites\/steve-nicol-ne-voit-pas-liverpool-reussir-son-fameux-retour-contre-le-psg\/"},"modified":"2026-04-12T16:48:21","modified_gmt":"2026-04-12T14:48:21","slug":"steve-nicol-ne-voit-pas-liverpool-reussir-son-fameux-retour-contre-le-psg","status":"publish","type":"post","link":"https:\/\/footdavant.fr\/actualites\/steve-nicol-ne-voit-pas-liverpool-reussir-son-fameux-retour-contre-le-psg\/","title":{"rendered":"Steve Nicol ne voit pas Liverpool r\u00e9ussir son fameux retour contre le PSG"},"content":{"rendered":"<div id=\"article-body\">\n<!-- Article Start --><\/p>\n<p>Steve Nicol n&#39;est pas convaincu que Liverpool puisse r\u00e9aliser un autre retour europ\u00e9en c\u00e9l\u00e8bre lorsqu&#39;il accueillera le Paris Saint-Germain mardi soir.<\/p>\n<p>M\u00eame si le PSG n&#39;a pas tu\u00e9 le quart de finale aller comme Christophe Dugarry l&#39;avait pr\u00e9dit, il se rend \u00e0 Anfield avec une avance de 2-0 qui aurait pu \u00eatre bien plus grande sans une mauvaise finition de sa part et quelques excellents arr\u00eats de Giorgi Mamardashvili.<\/p>\n<hr\/>\n<p><b><i>T\u00c9L\u00c9CHARGEZ L&#39;APPLICATION OFFICIELLE EMPIRE OF KOP POUR TOUTES LES DERNI\u00c8RES MISES \u00c0 JOUR \u2013 DIRECTEMENT SUR VOTRE T\u00c9L\u00c9PHONE\u00a0! SUR APPLE ET GOOGLE PLAY<\/i><\/b><\/p>\n<hr\/>\n<p>Les Reds ont produit quelques actes l\u00e9gendaires de Lazarus \u00e0 domicile lors de rencontres europ\u00e9ennes dans le pass\u00e9, le plus m\u00e9morable \u00e9tant le triomphe \u00e9pique 4-0 contre Barcelone il y a sept ans, mais la t\u00e2che consistant \u00e0 combler le d\u00e9ficit du match aller contre les tenants en titre de la Ligue des Champions est une t\u00e2che gigantesque.<\/p>\n<p>Liverpool participera au moins au match de mardi apr\u00e8s une victoire en Premier League contre Fulham hier, mais ce r\u00e9sultat n&#39;a rien fait pour convaincre Nicol que l&#39;\u00e9quipe d&#39;Arne Slot renversera le PSG.<\/p>\n<h2>Nicol ne peut pas envisager un autre retour c\u00e9l\u00e8bre \u00e0 Anfield<\/h2>\n<p>Lorsqu&#39;on lui a demand\u00e9 sur ESPN FC s&#39;il pouvait pr\u00e9voir un fameux retour des Reds, l&#39;ancien d\u00e9fenseur d&#39;Anfield a r\u00e9pondu : <\/p>\n<\/p>\n<\/p>\n<figure id=\"attachment_286217\" aria-describedby=\"caption-attachment-286217\" style=\"width: 713px\" class=\"wp-caption alignnone\"><picture><source type=\"image\/webp\" data- data-><\/source><\/picture><\/figure>\n<\/p>\n<h2>Liverpool doit tout jeter au PSG mardi<\/h2>\n<p>Liverpool a bien valoris\u00e9 sa victoire contre Fulham samedi, mais il faudra une bien meilleure performance pour combler le d\u00e9ficit de deux buts contre le PSG, qui a largement domin\u00e9 les Reds \u00e0 Paris la semaine derni\u00e8re et pourrait r\u00e9cup\u00e9rer Bradley Barcola pour le match \u00e0 Anfield.<\/p>\n<p>Ce que nous pouvons dire avec certitude, c&#39;est qu&#39;il est tr\u00e8s peu probable que Slot reprenne la formation \u00e0 trois qu&#39;il a mise en place pour le match aller, son \u00e9quipe devant adopter une approche entreprenante pour obtenir un r\u00e9sultat qui les maintiendrait en Ligue des Champions.<\/p>\n<p>L&#39;\u00e9quipe de Luis Enrique arrivera dans le Merseyside avec six jours de repos apr\u00e8s que son match de Ligue 1 contre son rival en titre Lens \u2013 initialement pr\u00e9vu pour \u00eatre jou\u00e9 hier \u2013 ait \u00e9t\u00e9 report\u00e9 pour maximiser son temps libre avant sa mission europ\u00e9enne contre Liverpool.<\/p>\n<p>Les Reds devront r\u00e9aliser un niveau de performance que nous n&#39;avons pas vu toute la saison s&#39;ils veulent \u00e9liminer le PSG mardi, mais si nous parvenons \u00e0 marquer un but rapidement, Anfield \u00e9clatera dans un chaudron de bruit et une graine de doute pourrait bien \u00eatre sem\u00e9e dans l&#39;esprit des visiteurs.<\/p>\n<p>On ne s&#39;attend pas \u00e0 ce que le LFC progresse, mais il doit au moins tout mettre en \u0153uvre pour tenter de combler le d\u00e9ficit de 2-0, au lieu de quitter le terrain \u00e0 temps plein avec des regrets d&#39;avoir pu faire plus. Tant que les joueurs font un effort \u00e0 100 % de la premi\u00e8re minute \u00e0 la derni\u00e8re minute, les supporters montreront leur appr\u00e9ciation.<\/p>\n<p><!-- Article End -->\t\t\t\t<\/div>\n","protected":false},"excerpt":{"rendered":"<p>Steve Nicol n&#39;est pas convaincu que Liverpool puisse r\u00e9aliser un autre retour europ\u00e9en c\u00e9l\u00e8bre lorsqu&#39;il accueillera le Paris Saint-Germain mardi soir. M\u00eame si le PSG<\/p>\n","protected":false},"author":1,"featured_media":36391,"comment_status":"closed","ping_status":"","sticky":false,"template":"","format":"standard","meta":{"footnotes":""},"categories":[3],"tags":[20,11827,53,2028,71,1656,393,4142,86,1895,2099],"yoast_head":"<!-- This site is optimized with the Yoast SEO plugin v21.0 - https:\/\/yoast.com\/wordpress\/plugins\/seo\/ -->\n<title>Steve Nicol ne voit pas Liverpool r\u00e9ussir son fameux retour contre le PSG<\/title>\n<meta name=\"robots\" content=\"index, follow, max-snippet:-1, max-image-preview:large, max-video-preview:-1\" \/>\n<link rel=\"canonical\" href=\"https:\/\/footdavant.fr\/actualites\/steve-nicol-ne-voit-pas-liverpool-reussir-son-fameux-retour-contre-le-psg\/\" \/>\n<meta property=\"og:locale\" content=\"fr_FR\" \/>\n<meta property=\"og:type\" content=\"article\" \/>\n<meta property=\"og:title\" content=\"Steve Nicol ne voit pas Liverpool r\u00e9ussir son fameux retour contre le PSG\" \/>\n<meta property=\"og:description\" content=\"Steve Nicol n&#039;est pas convaincu que Liverpool puisse r\u00e9aliser un autre retour europ\u00e9en c\u00e9l\u00e8bre lorsqu&#039;il accueillera le Paris Saint-Germain mardi soir. M\u00eame si le PSG\" \/>\n<meta property=\"og:url\" content=\"https:\/\/footdavant.fr\/actualites\/steve-nicol-ne-voit-pas-liverpool-reussir-son-fameux-retour-contre-le-psg\/\" \/>\n<meta property=\"og:site_name\" content=\"Foot d&#039;avant\" \/>\n<meta property=\"article:publisher\" content=\"https:\/\/www.facebook.com\/Footdavant\/\" \/>\n<meta property=\"article:published_time\" content=\"2026-04-12T14:48:18+00:00\" \/>\n<meta property=\"article:modified_time\" content=\"2026-04-12T14:48:21+00:00\" \/>\n<meta property=\"og:image\" content=\"https:\/\/footdavant.fr\/actualites\/wp-content\/uploads\/2026\/04\/1776005300_Steve-Nicol-ne-voit-pas-Liverpool-reussir-son-fameux-retour.jpg\" \/>\n\t<meta property=\"og:image:width\" content=\"1374\" \/>\n\t<meta property=\"og:image:height\" content=\"769\" \/>\n\t<meta property=\"og:image:type\" content=\"image\/jpeg\" \/>\n<meta name=\"author\" content=\"Cl\u00e9ment\" \/>\n<meta name=\"twitter:card\" content=\"summary_large_image\" \/>\n<meta name=\"twitter:creator\" content=\"@FootdavantFr\" \/>\n<meta name=\"twitter:site\" content=\"@FootdavantFr\" \/>\n<meta name=\"twitter:label1\" content=\"\u00c9crit par\" \/>\n\t<meta name=\"twitter:data1\" content=\"Cl\u00e9ment\" \/>\n\t<meta name=\"twitter:label2\" content=\"Dur\u00e9e de lecture estim\u00e9e\" \/>\n\t<meta name=\"twitter:data2\" content=\"3 minutes\" \/>\n<script type=\"application\/ld+json\" class=\"yoast-schema-graph\">{\"@context\":\"https:\/\/schema.org\",\"@graph\":[{\"@type\":\"Article\",\"@id\":\"https:\/\/footdavant.fr\/actualites\/steve-nicol-ne-voit-pas-liverpool-reussir-son-fameux-retour-contre-le-psg\/#article\",\"isPartOf\":{\"@id\":\"https:\/\/footdavant.fr\/actualites\/steve-nicol-ne-voit-pas-liverpool-reussir-son-fameux-retour-contre-le-psg\/\"},\"author\":{\"name\":\"Cl\u00e9ment\",\"@id\":\"https:\/\/footdavant.fr\/actualites\/#\/schema\/person\/bc222566d95871b37e597b3ed3ba5e1d\"},\"headline\":\"Steve Nicol ne voit pas Liverpool r\u00e9ussir son fameux retour contre le PSG\",\"datePublished\":\"2026-04-12T14:48:18+00:00\",\"dateModified\":\"2026-04-12T14:48:21+00:00\",\"mainEntityOfPage\":{\"@id\":\"https:\/\/footdavant.fr\/actualites\/steve-nicol-ne-voit-pas-liverpool-reussir-son-fameux-retour-contre-le-psg\/\"},\"wordCount\":536,\"publisher\":{\"@id\":\"https:\/\/footdavant.fr\/actualites\/#organization\"},\"keywords\":[\"contre\",\"fameux\",\"Liverpool\",\"Nicol\",\"pas\",\"PSG\",\"retour\",\"r\u00e9ussir\",\"son\",\"Steve\",\"voit\"],\"articleSection\":[\"Football\"],\"inLanguage\":\"fr-FR\"},{\"@type\":\"WebPage\",\"@id\":\"https:\/\/footdavant.fr\/actualites\/steve-nicol-ne-voit-pas-liverpool-reussir-son-fameux-retour-contre-le-psg\/\",\"url\":\"https:\/\/footdavant.fr\/actualites\/steve-nicol-ne-voit-pas-liverpool-reussir-son-fameux-retour-contre-le-psg\/\",\"name\":\"Steve Nicol ne voit pas Liverpool r\u00e9ussir son fameux retour contre le PSG\",\"isPartOf\":{\"@id\":\"https:\/\/footdavant.fr\/actualites\/#website\"},\"datePublished\":\"2026-04-12T14:48:18+00:00\",\"dateModified\":\"2026-04-12T14:48:21+00:00\",\"breadcrumb\":{\"@id\":\"https:\/\/footdavant.fr\/actualites\/steve-nicol-ne-voit-pas-liverpool-reussir-son-fameux-retour-contre-le-psg\/#breadcrumb\"},\"inLanguage\":\"fr-FR\",\"potentialAction\":[{\"@type\":\"ReadAction\",\"target\":[\"https:\/\/footdavant.fr\/actualites\/steve-nicol-ne-voit-pas-liverpool-reussir-son-fameux-retour-contre-le-psg\/\"]}]},{\"@type\":\"BreadcrumbList\",\"@id\":\"https:\/\/footdavant.fr\/actualites\/steve-nicol-ne-voit-pas-liverpool-reussir-son-fameux-retour-contre-le-psg\/#breadcrumb\",\"itemListElement\":[{\"@type\":\"ListItem\",\"position\":1,\"name\":\"Accueil\",\"item\":\"https:\/\/footdavant.fr\/actualites\/\"},{\"@type\":\"ListItem\",\"position\":2,\"name\":\"Steve Nicol ne voit pas Liverpool r\u00e9ussir son fameux retour contre le PSG\"}]},{\"@type\":\"WebSite\",\"@id\":\"https:\/\/footdavant.fr\/actualites\/#website\",\"url\":\"https:\/\/footdavant.fr\/actualites\/\",\"name\":\"Foot d'avant\",\"description\":\"\",\"publisher\":{\"@id\":\"https:\/\/footdavant.fr\/actualites\/#organization\"},\"potentialAction\":[{\"@type\":\"SearchAction\",\"target\":{\"@type\":\"EntryPoint\",\"urlTemplate\":\"https:\/\/footdavant.fr\/actualites\/?s={search_term_string}\"},\"query-input\":\"required name=search_term_string\"}],\"inLanguage\":\"fr-FR\"},{\"@type\":\"Organization\",\"@id\":\"https:\/\/footdavant.fr\/actualites\/#organization\",\"name\":\"Foot d'avant\",\"url\":\"https:\/\/footdavant.fr\/actualites\/\",\"logo\":{\"@type\":\"ImageObject\",\"inLanguage\":\"fr-FR\",\"@id\":\"https:\/\/footdavant.fr\/actualites\/#\/schema\/logo\/image\/\",\"url\":\"https:\/\/footdavant.fr\/actualites\/wp-content\/uploads\/2023\/09\/Copy-of-FootDavant-Logo.png\",\"contentUrl\":\"https:\/\/footdavant.fr\/actualites\/wp-content\/uploads\/2023\/09\/Copy-of-FootDavant-Logo.png\",\"width\":936,\"height\":549,\"caption\":\"Foot d'avant\"},\"image\":{\"@id\":\"https:\/\/footdavant.fr\/actualites\/#\/schema\/logo\/image\/\"},\"sameAs\":[\"https:\/\/www.facebook.com\/Footdavant\/\",\"https:\/\/twitter.com\/FootdavantFr\",\"https:\/\/www.instagram.com\/footdavant.fr\/\"]},{\"@type\":\"Person\",\"@id\":\"https:\/\/footdavant.fr\/actualites\/#\/schema\/person\/bc222566d95871b37e597b3ed3ba5e1d\",\"name\":\"Cl\u00e9ment\",\"image\":{\"@type\":\"ImageObject\",\"inLanguage\":\"fr-FR\",\"@id\":\"https:\/\/footdavant.fr\/actualites\/#\/schema\/person\/image\/\",\"url\":\"https:\/\/secure.gravatar.com\/avatar\/7728b29aac2719421e1a9159b2254c44?s=96&d=mm&r=g\",\"contentUrl\":\"https:\/\/secure.gravatar.com\/avatar\/7728b29aac2719421e1a9159b2254c44?s=96&d=mm&r=g\",\"caption\":\"Cl\u00e9ment\"},\"sameAs\":[\"https:\/\/footdavant.fr\/\"]}]}<\/script>\n<!-- \/ Yoast SEO plugin. -->","yoast_head_json":{"title":"Steve Nicol ne voit pas Liverpool r\u00e9ussir son fameux retour contre le PSG","robots":{"index":"index","follow":"follow","max-snippet":"max-snippet:-1","max-image-preview":"max-image-preview:large","max-video-preview":"max-video-preview:-1"},"canonical":"https:\/\/footdavant.fr\/actualites\/steve-nicol-ne-voit-pas-liverpool-reussir-son-fameux-retour-contre-le-psg\/","og_locale":"fr_FR","og_type":"article","og_title":"Steve Nicol ne voit pas Liverpool r\u00e9ussir son fameux retour contre le PSG","og_description":"Steve Nicol n&#39;est pas convaincu que Liverpool puisse r\u00e9aliser un autre retour europ\u00e9en c\u00e9l\u00e8bre lorsqu&#39;il accueillera le Paris Saint-Germain mardi soir. M\u00eame si le PSG","og_url":"https:\/\/footdavant.fr\/actualites\/steve-nicol-ne-voit-pas-liverpool-reussir-son-fameux-retour-contre-le-psg\/","og_site_name":"Foot d&#039;avant","article_publisher":"https:\/\/www.facebook.com\/Footdavant\/","article_published_time":"2026-04-12T14:48:18+00:00","article_modified_time":"2026-04-12T14:48:21+00:00","og_image":[{"width":1374,"height":769,"url":"https:\/\/footdavant.fr\/actualites\/wp-content\/uploads\/2026\/04\/1776005300_Steve-Nicol-ne-voit-pas-Liverpool-reussir-son-fameux-retour.jpg","type":"image\/jpeg"}],"author":"Cl\u00e9ment","twitter_card":"summary_large_image","twitter_creator":"@FootdavantFr","twitter_site":"@FootdavantFr","twitter_misc":{"\u00c9crit par":"Cl\u00e9ment","Dur\u00e9e de lecture estim\u00e9e":"3 minutes"},"schema":{"@context":"https:\/\/schema.org","@graph":[{"@type":"Article","@id":"https:\/\/footdavant.fr\/actualites\/steve-nicol-ne-voit-pas-liverpool-reussir-son-fameux-retour-contre-le-psg\/#article","isPartOf":{"@id":"https:\/\/footdavant.fr\/actualites\/steve-nicol-ne-voit-pas-liverpool-reussir-son-fameux-retour-contre-le-psg\/"},"author":{"name":"Cl\u00e9ment","@id":"https:\/\/footdavant.fr\/actualites\/#\/schema\/person\/bc222566d95871b37e597b3ed3ba5e1d"},"headline":"Steve Nicol ne voit pas Liverpool r\u00e9ussir son fameux retour contre le PSG","datePublished":"2026-04-12T14:48:18+00:00","dateModified":"2026-04-12T14:48:21+00:00","mainEntityOfPage":{"@id":"https:\/\/footdavant.fr\/actualites\/steve-nicol-ne-voit-pas-liverpool-reussir-son-fameux-retour-contre-le-psg\/"},"wordCount":536,"publisher":{"@id":"https:\/\/footdavant.fr\/actualites\/#organization"},"keywords":["contre","fameux","Liverpool","Nicol","pas","PSG","retour","r\u00e9ussir","son","Steve","voit"],"articleSection":["Football"],"inLanguage":"fr-FR"},{"@type":"WebPage","@id":"https:\/\/footdavant.fr\/actualites\/steve-nicol-ne-voit-pas-liverpool-reussir-son-fameux-retour-contre-le-psg\/","url":"https:\/\/footdavant.fr\/actualites\/steve-nicol-ne-voit-pas-liverpool-reussir-son-fameux-retour-contre-le-psg\/","name":"Steve Nicol ne voit pas Liverpool r\u00e9ussir son fameux retour contre le PSG","isPartOf":{"@id":"https:\/\/footdavant.fr\/actualites\/#website"},"datePublished":"2026-04-12T14:48:18+00:00","dateModified":"2026-04-12T14:48:21+00:00","breadcrumb":{"@id":"https:\/\/footdavant.fr\/actualites\/steve-nicol-ne-voit-pas-liverpool-reussir-son-fameux-retour-contre-le-psg\/#breadcrumb"},"inLanguage":"fr-FR","potentialAction":[{"@type":"ReadAction","target":["https:\/\/footdavant.fr\/actualites\/steve-nicol-ne-voit-pas-liverpool-reussir-son-fameux-retour-contre-le-psg\/"]}]},{"@type":"BreadcrumbList","@id":"https:\/\/footdavant.fr\/actualites\/steve-nicol-ne-voit-pas-liverpool-reussir-son-fameux-retour-contre-le-psg\/#breadcrumb","itemListElement":[{"@type":"ListItem","position":1,"name":"Accueil","item":"https:\/\/footdavant.fr\/actualites\/"},{"@type":"ListItem","position":2,"name":"Steve Nicol ne voit pas Liverpool r\u00e9ussir son fameux retour contre le PSG"}]},{"@type":"WebSite","@id":"https:\/\/footdavant.fr\/actualites\/#website","url":"https:\/\/footdavant.fr\/actualites\/","name":"Foot d'avant","description":"","publisher":{"@id":"https:\/\/footdavant.fr\/actualites\/#organization"},"potentialAction":[{"@type":"SearchAction","target":{"@type":"EntryPoint","urlTemplate":"https:\/\/footdavant.fr\/actualites\/?s={search_term_string}"},"query-input":"required name=search_term_string"}],"inLanguage":"fr-FR"},{"@type":"Organization","@id":"https:\/\/footdavant.fr\/actualites\/#organization","name":"Foot d'avant","url":"https:\/\/footdavant.fr\/actualites\/","logo":{"@type":"ImageObject","inLanguage":"fr-FR","@id":"https:\/\/footdavant.fr\/actualites\/#\/schema\/logo\/image\/","url":"https:\/\/footdavant.fr\/actualites\/wp-content\/uploads\/2023\/09\/Copy-of-FootDavant-Logo.png","contentUrl":"https:\/\/footdavant.fr\/actualites\/wp-content\/uploads\/2023\/09\/Copy-of-FootDavant-Logo.png","width":936,"height":549,"caption":"Foot d'avant"},"image":{"@id":"https:\/\/footdavant.fr\/actualites\/#\/schema\/logo\/image\/"},"sameAs":["https:\/\/www.facebook.com\/Footdavant\/","https:\/\/twitter.com\/FootdavantFr","https:\/\/www.instagram.com\/footdavant.fr\/"]},{"@type":"Person","@id":"https:\/\/footdavant.fr\/actualites\/#\/schema\/person\/bc222566d95871b37e597b3ed3ba5e1d","name":"Cl\u00e9ment","image":{"@type":"ImageObject","inLanguage":"fr-FR","@id":"https:\/\/footdavant.fr\/actualites\/#\/schema\/person\/image\/","url":"https:\/\/secure.gravatar.com\/avatar\/7728b29aac2719421e1a9159b2254c44?s=96&d=mm&r=g","contentUrl":"https:\/\/secure.gravatar.com\/avatar\/7728b29aac2719421e1a9159b2254c44?s=96&d=mm&r=g","caption":"Cl\u00e9ment"},"sameAs":["https:\/\/footdavant.fr\/"]}]}},"_links":{"self":[{"href":"https:\/\/footdavant.fr\/actualites\/wp-json\/wp\/v2\/posts\/36390"}],"collection":[{"href":"https:\/\/footdavant.fr\/actualites\/wp-json\/wp\/v2\/posts"}],"about":[{"href":"https:\/\/footdavant.fr\/actualites\/wp-json\/wp\/v2\/types\/post"}],"author":[{"embeddable":true,"href":"https:\/\/footdavant.fr\/actualites\/wp-json\/wp\/v2\/users\/1"}],"replies":[{"embeddable":true,"href":"https:\/\/footdavant.fr\/actualites\/wp-json\/wp\/v2\/comments?post=36390"}],"version-history":[{"count":1,"href":"https:\/\/footdavant.fr\/actualites\/wp-json\/wp\/v2\/posts\/36390\/revisions"}],"predecessor-version":[{"id":36392,"href":"https:\/\/footdavant.fr\/actualites\/wp-json\/wp\/v2\/posts\/36390\/revisions\/36392"}],"wp:featuredmedia":[{"embeddable":true,"href":"https:\/\/footdavant.fr\/actualites\/wp-json\/wp\/v2\/media\/36391"}],"wp:attachment":[{"href":"https:\/\/footdavant.fr\/actualites\/wp-json\/wp\/v2\/media?parent=36390"}],"wp:term":[{"taxonomy":"category","embeddable":true,"href":"https:\/\/footdavant.fr\/actualites\/wp-json\/wp\/v2\/categories?post=36390"},{"taxonomy":"post_tag","embeddable":true,"href":"https:\/\/footdavant.fr\/actualites\/wp-json\/wp\/v2\/tags?post=36390"}],"curies":[{"name":"wp","href":"https:\/\/api.w.org\/{rel}","templated":true}]}}