{"id":36396,"date":"2026-04-12T20:48:08","date_gmt":"2026-04-12T18:48:08","guid":{"rendered":"https:\/\/footdavant.fr\/actualites\/guardiola-appelle-au-respect-pour-arsenal\/"},"modified":"2026-04-12T20:48:11","modified_gmt":"2026-04-12T18:48:11","slug":"guardiola-appelle-au-respect-pour-arsenal","status":"publish","type":"post","link":"https:\/\/footdavant.fr\/actualites\/guardiola-appelle-au-respect-pour-arsenal\/","title":{"rendered":"Guardiola appelle au \u00ab\u00a0respect\u00a0\u00bb pour Arsenal"},"content":{"rendered":"<p>La course au titre penche r\u00e9solument en faveur de Manchester City.<\/p>\n<div>\n<p>Le manager de Manchester City, Pep Guardiola, a appel\u00e9 les supporters du club \u00e0 faire preuve de respect envers Arsenal avant la rencontre potentiellement d\u00e9cisive entre les deux \u00e9quipes dans la course au titre en Premier League.<\/p>\n<p>City a profit\u00e9 de la d\u00e9faite 2-1 d&#39;Arsenal \u00e0 domicile contre Bournemouth samedi pour s&#39;imposer 3-0 contre Chelsea \u00e0 Stamford Bridge, r\u00e9duisant ainsi l&#39;\u00e9cart avec les Gunners \u00e0 six points. Nico O&#39;Reilly a ouvert le score de la t\u00eate, avant que Marc Guehi et Jeremy Doku n&#39;assurent la victoire.<\/p>\n<p>M\u00eame si Arsenal d\u00e9tient toujours l&#39;avantage, City a un match en main contre les hommes de Mikel Arteta et les affrontera au stade Etihad dimanche prochain.<\/p>\n<p>City a battu Arsenal 2-0 lors de la finale de la Coupe EFL le mois dernier et la course au titre semble tourner fermement en faveur des hommes de Guardiola avant le plus grand match de la saison de championnat.<\/p>\n<h2 class=\"wp-block-heading\"><span id=\"Guardiola_urges_Manchester_City_8216respect8217\">Guardiola appelle au \u00ab\u00a0respect\u00a0\u00bb de Manchester City<\/span><\/h2>\n<p>Les supporters en visite qui ont fait le d\u00e9placement \u00e0 Stamford Bridge se sont moqu\u00e9s sans rel\u00e2che des hommes de Mikel Arteta en seconde p\u00e9riode, l&#39;un d&#39;entre eux brandissant une bouteille avec une photo de l&#39;\u00e9cusson d&#39;Arsenal coll\u00e9e dessus, les supporters de City se d\u00e9lectant de la perspective que les dirigeants \u00ab embouteillent \u00bb potentiellement une autre course au titre.<\/p>\n<figure class=\"wp-block-embed is-type-video is-provider-youtube wp-block-embed-youtube wp-embed-aspect-16-9 wp-has-aspect-ratio\">\n<p>\n<noscript><iframe loading=\"lazy\" title=\"City score THREE to pile pressure on Arsenal! \ud83c\udf7f| Chelsea 0-3 Man City | Premier League Highlights\" width=\"1200\" height=\"675\" src=\"https:\/\/www.youtube.com\/embed\/c7XW2RcexgI?feature=oembed\" frameborder=\"0\" allow=\"accelerometer; autoplay; clipboard-write; encrypted-media; gyroscope; picture-in-picture; web-share\" referrerpolicy=\"strict-origin-when-cross-origin\" allowfullscreen><\/iframe><\/noscript>\n<\/p>\n<\/figure>\n<p>Guardiola a cependant exhort\u00e9 les fans \u00e0 ne pas se laisser emporter.<\/p>\n<p>\u00ab\u00a0Nous allons jouer contre une \u00e9quipe qui en 49 matchs a perdu trois matchs, mais qui n&#39;a pas perdu une seule fois en Ligue des champions\u00a0\u00bb, a d\u00e9clar\u00e9 Guardiola \u00e0 Sky Sports. <\/p>\n<p>\u00ab\u00a0Lors de la finale de la Carabao Cup, City \u00e9tait compl\u00e8tement outsider \u2013 il n&#39;y a personne dans ce pays qui parierait 1 \u00a3 que nous serions bien meilleurs. Peut-\u00eatre que maintenant c&#39;est un peu diff\u00e9rent. <\/p>\n<p>\u00ab\u00a0Le respect que j&#39;ai pour Arsenal, ce qu&#39;ils ont fait ces derni\u00e8res ann\u00e9es. Je connais le manager, les joueurs, la qualit\u00e9, la fa\u00e7on dont ils rivalisent en toutes circonstances, c&#39;est le plus gros travail que nous ayons. Il y a un probl\u00e8me tactique, peut-\u00eatre que nous allons ajuster quelque chose. <\/p>\n<p>\u00ab\u00a0Ils ont \u00e9t\u00e9 jusqu&#39;\u00e0 pr\u00e9sent la meilleure \u00e9quipe de ce pays, d&#39;Europe. Battre Arsenal une fois est si difficile, imaginez les battre deux fois en quelques semaines. Nous devons nous reposer. <\/p>\n<p>\u00ab\u00a0Je voudrais dire \u00e0 mes fans : respectez beaucoup Arsenal, c&#39;est une \u00e9quipe extraordinaire. Venez nous rejoindre d\u00e8s la premi\u00e8re minute car les joueurs feront le maximum.\u00a0\u00bb<\/p>\n<figure class=\"wp-block-image size-large\"><picture decoding=\"async\" class=\"wp-image-182825\"><source type=\"image\/webp\" data-lazy- \/><img loading=\"lazy\" decoding=\"async\" width=\"1024\" height=\"683\" src=\"https:\/\/footdavant.fr\/actualites\/wp-content\/uploads\/2026\/04\/Guardiola-appelle-au-respect-pour-Arsenal.jpg\" alt=\"Manchester City fait la f\u00eate \u00e0 Chelsea\"  \/>\n<\/picture>\n<\/figure>\n<h2 class=\"wp-block-heading\"\/>\n<p>Rayan Cherki a de nouveau \u00e9t\u00e9 influent pour City, avec son centre de l&#39;aile droite qui a lanc\u00e9 O&#39;Reilly pour le premier match \u00e0 la 51e minute, avant que sa passe sublime ne trouve Guehi apr\u00e8s une courte routine de corner, l&#39;arri\u00e8re central se retournant et terminant avec le sang-froid d&#39;un attaquant.<\/p>\n<p>Interrog\u00e9 sur Cherki, Guardiola a r\u00e9pondu : \u00ab\u00a0Rayan est un talent extraordinaire \u2013 le deuxi\u00e8me but, la passe \u00e0 Marc. Le probl\u00e8me pour Rayan est parfois qu&#39;il joue dans des positions trop proches de [goalkeeper Gianluigi] Donnarumma, ton talent doit \u00eatre dans le dernier tiers. Soyez proche de [Erling] Haaland, proche des ailiers. <\/p>\n<p>\u00ab\u00a0Nous vous apporterons le ballon. Il n&#39;est pas n\u00e9cessaire de descendre [the pitch]. Il est si jeune, son impact en Premier League d\u00e8s la premi\u00e8re saison\u2026 c&#39;est d\u00e9j\u00e0 un joueur extraordinaire. Il a le d\u00e9sir d\u2019\u00eatre encore meilleur. Ce sera bien pour City et pour lui.<\/p>\n<p>\u00ab\u00a0Je suis toujours heureux quand on gagne \u00e0 l&#39;ext\u00e9rieur dans des stades comme Stamford Bridge. Les supporters sont heureux, nous sommes plus heureux.<\/p>\n<p>\u00ab\u00a0La deuxi\u00e8me mi-temps a \u00e9t\u00e9 bien meilleure \u2013 la premi\u00e8re mi-temps n&#39;\u00e9tait pas mauvaise, mais certains joueurs n&#39;\u00e9taient pas comme ils devaient l&#39;\u00eatre. Nous avons attaqu\u00e9 un peu du c\u00f4t\u00e9 gauche, mais du c\u00f4t\u00e9 droit, nous avons attaqu\u00e9 sans menace. La deuxi\u00e8me mi-temps a \u00e9t\u00e9 meilleure des deux c\u00f4t\u00e9s.\u00a0\u00bb<\/p>\n<\/p><\/div>\n","protected":false},"excerpt":{"rendered":"<p>La course au titre penche r\u00e9solument en faveur de Manchester City. Le manager de Manchester City, Pep Guardiola, a appel\u00e9 les supporters du club \u00e0<\/p>\n","protected":false},"author":1,"featured_media":36397,"comment_status":"closed","ping_status":"","sticky":false,"template":"","format":"standard","meta":{"footnotes":""},"categories":[3],"tags":[1911,67,8,51,1224],"yoast_head":"<!-- This site is optimized with the Yoast SEO plugin v21.0 - https:\/\/yoast.com\/wordpress\/plugins\/seo\/ -->\n<title>Guardiola appelle au &quot;respect&quot; pour Arsenal<\/title>\n<meta name=\"robots\" content=\"index, follow, max-snippet:-1, max-image-preview:large, max-video-preview:-1\" \/>\n<link rel=\"canonical\" href=\"https:\/\/footdavant.fr\/actualites\/guardiola-appelle-au-respect-pour-arsenal\/\" \/>\n<meta property=\"og:locale\" content=\"fr_FR\" \/>\n<meta property=\"og:type\" content=\"article\" \/>\n<meta property=\"og:title\" content=\"Guardiola appelle au &quot;respect&quot; pour Arsenal\" \/>\n<meta property=\"og:description\" content=\"La course au titre penche r\u00e9solument en faveur de Manchester City. Le manager de Manchester City, Pep Guardiola, a appel\u00e9 les supporters du club \u00e0\" \/>\n<meta property=\"og:url\" content=\"https:\/\/footdavant.fr\/actualites\/guardiola-appelle-au-respect-pour-arsenal\/\" \/>\n<meta property=\"og:site_name\" content=\"Foot d&#039;avant\" \/>\n<meta property=\"article:publisher\" content=\"https:\/\/www.facebook.com\/Footdavant\/\" \/>\n<meta property=\"article:published_time\" content=\"2026-04-12T18:48:08+00:00\" \/>\n<meta property=\"article:modified_time\" content=\"2026-04-12T18:48:11+00:00\" \/>\n<meta property=\"og:image\" content=\"https:\/\/footdavant.fr\/actualites\/wp-content\/uploads\/2026\/04\/1776019689_Guardiola-appelle-au-respect-pour-Arsenal.jpg\" \/>\n\t<meta property=\"og:image:width\" content=\"1200\" \/>\n\t<meta property=\"og:image:height\" content=\"800\" \/>\n\t<meta property=\"og:image:type\" content=\"image\/jpeg\" \/>\n<meta name=\"author\" content=\"Cl\u00e9ment\" \/>\n<meta name=\"twitter:card\" content=\"summary_large_image\" \/>\n<meta name=\"twitter:creator\" content=\"@FootdavantFr\" \/>\n<meta name=\"twitter:site\" content=\"@FootdavantFr\" \/>\n<meta name=\"twitter:label1\" content=\"\u00c9crit par\" \/>\n\t<meta name=\"twitter:data1\" content=\"Cl\u00e9ment\" \/>\n\t<meta name=\"twitter:label2\" content=\"Dur\u00e9e de lecture estim\u00e9e\" \/>\n\t<meta name=\"twitter:data2\" content=\"4 minutes\" \/>\n<script type=\"application\/ld+json\" class=\"yoast-schema-graph\">{\"@context\":\"https:\/\/schema.org\",\"@graph\":[{\"@type\":\"Article\",\"@id\":\"https:\/\/footdavant.fr\/actualites\/guardiola-appelle-au-respect-pour-arsenal\/#article\",\"isPartOf\":{\"@id\":\"https:\/\/footdavant.fr\/actualites\/guardiola-appelle-au-respect-pour-arsenal\/\"},\"author\":{\"name\":\"Cl\u00e9ment\",\"@id\":\"https:\/\/footdavant.fr\/actualites\/#\/schema\/person\/bc222566d95871b37e597b3ed3ba5e1d\"},\"headline\":\"Guardiola appelle au \u00ab\u00a0respect\u00a0\u00bb pour Arsenal\",\"datePublished\":\"2026-04-12T18:48:08+00:00\",\"dateModified\":\"2026-04-12T18:48:11+00:00\",\"mainEntityOfPage\":{\"@id\":\"https:\/\/footdavant.fr\/actualites\/guardiola-appelle-au-respect-pour-arsenal\/\"},\"wordCount\":710,\"publisher\":{\"@id\":\"https:\/\/footdavant.fr\/actualites\/#organization\"},\"keywords\":[\"appelle\",\"Arsenal\",\"Guardiola\",\"pour\",\"respect\"],\"articleSection\":[\"Football\"],\"inLanguage\":\"fr-FR\"},{\"@type\":\"WebPage\",\"@id\":\"https:\/\/footdavant.fr\/actualites\/guardiola-appelle-au-respect-pour-arsenal\/\",\"url\":\"https:\/\/footdavant.fr\/actualites\/guardiola-appelle-au-respect-pour-arsenal\/\",\"name\":\"Guardiola appelle au \\\"respect\\\" pour Arsenal\",\"isPartOf\":{\"@id\":\"https:\/\/footdavant.fr\/actualites\/#website\"},\"datePublished\":\"2026-04-12T18:48:08+00:00\",\"dateModified\":\"2026-04-12T18:48:11+00:00\",\"breadcrumb\":{\"@id\":\"https:\/\/footdavant.fr\/actualites\/guardiola-appelle-au-respect-pour-arsenal\/#breadcrumb\"},\"inLanguage\":\"fr-FR\",\"potentialAction\":[{\"@type\":\"ReadAction\",\"target\":[\"https:\/\/footdavant.fr\/actualites\/guardiola-appelle-au-respect-pour-arsenal\/\"]}]},{\"@type\":\"BreadcrumbList\",\"@id\":\"https:\/\/footdavant.fr\/actualites\/guardiola-appelle-au-respect-pour-arsenal\/#breadcrumb\",\"itemListElement\":[{\"@type\":\"ListItem\",\"position\":1,\"name\":\"Accueil\",\"item\":\"https:\/\/footdavant.fr\/actualites\/\"},{\"@type\":\"ListItem\",\"position\":2,\"name\":\"Guardiola appelle au \u00ab\u00a0respect\u00a0\u00bb pour Arsenal\"}]},{\"@type\":\"WebSite\",\"@id\":\"https:\/\/footdavant.fr\/actualites\/#website\",\"url\":\"https:\/\/footdavant.fr\/actualites\/\",\"name\":\"Foot d'avant\",\"description\":\"\",\"publisher\":{\"@id\":\"https:\/\/footdavant.fr\/actualites\/#organization\"},\"potentialAction\":[{\"@type\":\"SearchAction\",\"target\":{\"@type\":\"EntryPoint\",\"urlTemplate\":\"https:\/\/footdavant.fr\/actualites\/?s={search_term_string}\"},\"query-input\":\"required name=search_term_string\"}],\"inLanguage\":\"fr-FR\"},{\"@type\":\"Organization\",\"@id\":\"https:\/\/footdavant.fr\/actualites\/#organization\",\"name\":\"Foot d'avant\",\"url\":\"https:\/\/footdavant.fr\/actualites\/\",\"logo\":{\"@type\":\"ImageObject\",\"inLanguage\":\"fr-FR\",\"@id\":\"https:\/\/footdavant.fr\/actualites\/#\/schema\/logo\/image\/\",\"url\":\"https:\/\/footdavant.fr\/actualites\/wp-content\/uploads\/2023\/09\/Copy-of-FootDavant-Logo.png\",\"contentUrl\":\"https:\/\/footdavant.fr\/actualites\/wp-content\/uploads\/2023\/09\/Copy-of-FootDavant-Logo.png\",\"width\":936,\"height\":549,\"caption\":\"Foot d'avant\"},\"image\":{\"@id\":\"https:\/\/footdavant.fr\/actualites\/#\/schema\/logo\/image\/\"},\"sameAs\":[\"https:\/\/www.facebook.com\/Footdavant\/\",\"https:\/\/twitter.com\/FootdavantFr\",\"https:\/\/www.instagram.com\/footdavant.fr\/\"]},{\"@type\":\"Person\",\"@id\":\"https:\/\/footdavant.fr\/actualites\/#\/schema\/person\/bc222566d95871b37e597b3ed3ba5e1d\",\"name\":\"Cl\u00e9ment\",\"image\":{\"@type\":\"ImageObject\",\"inLanguage\":\"fr-FR\",\"@id\":\"https:\/\/footdavant.fr\/actualites\/#\/schema\/person\/image\/\",\"url\":\"https:\/\/secure.gravatar.com\/avatar\/7728b29aac2719421e1a9159b2254c44?s=96&d=mm&r=g\",\"contentUrl\":\"https:\/\/secure.gravatar.com\/avatar\/7728b29aac2719421e1a9159b2254c44?s=96&d=mm&r=g\",\"caption\":\"Cl\u00e9ment\"},\"sameAs\":[\"https:\/\/footdavant.fr\/\"]}]}<\/script>\n<!-- \/ Yoast SEO plugin. -->","yoast_head_json":{"title":"Guardiola appelle au \"respect\" pour Arsenal","robots":{"index":"index","follow":"follow","max-snippet":"max-snippet:-1","max-image-preview":"max-image-preview:large","max-video-preview":"max-video-preview:-1"},"canonical":"https:\/\/footdavant.fr\/actualites\/guardiola-appelle-au-respect-pour-arsenal\/","og_locale":"fr_FR","og_type":"article","og_title":"Guardiola appelle au \"respect\" pour Arsenal","og_description":"La course au titre penche r\u00e9solument en faveur de Manchester City. Le manager de Manchester City, Pep Guardiola, a appel\u00e9 les supporters du club \u00e0","og_url":"https:\/\/footdavant.fr\/actualites\/guardiola-appelle-au-respect-pour-arsenal\/","og_site_name":"Foot d&#039;avant","article_publisher":"https:\/\/www.facebook.com\/Footdavant\/","article_published_time":"2026-04-12T18:48:08+00:00","article_modified_time":"2026-04-12T18:48:11+00:00","og_image":[{"width":1200,"height":800,"url":"https:\/\/footdavant.fr\/actualites\/wp-content\/uploads\/2026\/04\/1776019689_Guardiola-appelle-au-respect-pour-Arsenal.jpg","type":"image\/jpeg"}],"author":"Cl\u00e9ment","twitter_card":"summary_large_image","twitter_creator":"@FootdavantFr","twitter_site":"@FootdavantFr","twitter_misc":{"\u00c9crit par":"Cl\u00e9ment","Dur\u00e9e de lecture estim\u00e9e":"4 minutes"},"schema":{"@context":"https:\/\/schema.org","@graph":[{"@type":"Article","@id":"https:\/\/footdavant.fr\/actualites\/guardiola-appelle-au-respect-pour-arsenal\/#article","isPartOf":{"@id":"https:\/\/footdavant.fr\/actualites\/guardiola-appelle-au-respect-pour-arsenal\/"},"author":{"name":"Cl\u00e9ment","@id":"https:\/\/footdavant.fr\/actualites\/#\/schema\/person\/bc222566d95871b37e597b3ed3ba5e1d"},"headline":"Guardiola appelle au \u00ab\u00a0respect\u00a0\u00bb pour Arsenal","datePublished":"2026-04-12T18:48:08+00:00","dateModified":"2026-04-12T18:48:11+00:00","mainEntityOfPage":{"@id":"https:\/\/footdavant.fr\/actualites\/guardiola-appelle-au-respect-pour-arsenal\/"},"wordCount":710,"publisher":{"@id":"https:\/\/footdavant.fr\/actualites\/#organization"},"keywords":["appelle","Arsenal","Guardiola","pour","respect"],"articleSection":["Football"],"inLanguage":"fr-FR"},{"@type":"WebPage","@id":"https:\/\/footdavant.fr\/actualites\/guardiola-appelle-au-respect-pour-arsenal\/","url":"https:\/\/footdavant.fr\/actualites\/guardiola-appelle-au-respect-pour-arsenal\/","name":"Guardiola appelle au \"respect\" pour Arsenal","isPartOf":{"@id":"https:\/\/footdavant.fr\/actualites\/#website"},"datePublished":"2026-04-12T18:48:08+00:00","dateModified":"2026-04-12T18:48:11+00:00","breadcrumb":{"@id":"https:\/\/footdavant.fr\/actualites\/guardiola-appelle-au-respect-pour-arsenal\/#breadcrumb"},"inLanguage":"fr-FR","potentialAction":[{"@type":"ReadAction","target":["https:\/\/footdavant.fr\/actualites\/guardiola-appelle-au-respect-pour-arsenal\/"]}]},{"@type":"BreadcrumbList","@id":"https:\/\/footdavant.fr\/actualites\/guardiola-appelle-au-respect-pour-arsenal\/#breadcrumb","itemListElement":[{"@type":"ListItem","position":1,"name":"Accueil","item":"https:\/\/footdavant.fr\/actualites\/"},{"@type":"ListItem","position":2,"name":"Guardiola appelle au \u00ab\u00a0respect\u00a0\u00bb pour Arsenal"}]},{"@type":"WebSite","@id":"https:\/\/footdavant.fr\/actualites\/#website","url":"https:\/\/footdavant.fr\/actualites\/","name":"Foot d'avant","description":"","publisher":{"@id":"https:\/\/footdavant.fr\/actualites\/#organization"},"potentialAction":[{"@type":"SearchAction","target":{"@type":"EntryPoint","urlTemplate":"https:\/\/footdavant.fr\/actualites\/?s={search_term_string}"},"query-input":"required name=search_term_string"}],"inLanguage":"fr-FR"},{"@type":"Organization","@id":"https:\/\/footdavant.fr\/actualites\/#organization","name":"Foot d'avant","url":"https:\/\/footdavant.fr\/actualites\/","logo":{"@type":"ImageObject","inLanguage":"fr-FR","@id":"https:\/\/footdavant.fr\/actualites\/#\/schema\/logo\/image\/","url":"https:\/\/footdavant.fr\/actualites\/wp-content\/uploads\/2023\/09\/Copy-of-FootDavant-Logo.png","contentUrl":"https:\/\/footdavant.fr\/actualites\/wp-content\/uploads\/2023\/09\/Copy-of-FootDavant-Logo.png","width":936,"height":549,"caption":"Foot d'avant"},"image":{"@id":"https:\/\/footdavant.fr\/actualites\/#\/schema\/logo\/image\/"},"sameAs":["https:\/\/www.facebook.com\/Footdavant\/","https:\/\/twitter.com\/FootdavantFr","https:\/\/www.instagram.com\/footdavant.fr\/"]},{"@type":"Person","@id":"https:\/\/footdavant.fr\/actualites\/#\/schema\/person\/bc222566d95871b37e597b3ed3ba5e1d","name":"Cl\u00e9ment","image":{"@type":"ImageObject","inLanguage":"fr-FR","@id":"https:\/\/footdavant.fr\/actualites\/#\/schema\/person\/image\/","url":"https:\/\/secure.gravatar.com\/avatar\/7728b29aac2719421e1a9159b2254c44?s=96&d=mm&r=g","contentUrl":"https:\/\/secure.gravatar.com\/avatar\/7728b29aac2719421e1a9159b2254c44?s=96&d=mm&r=g","caption":"Cl\u00e9ment"},"sameAs":["https:\/\/footdavant.fr\/"]}]}},"_links":{"self":[{"href":"https:\/\/footdavant.fr\/actualites\/wp-json\/wp\/v2\/posts\/36396"}],"collection":[{"href":"https:\/\/footdavant.fr\/actualites\/wp-json\/wp\/v2\/posts"}],"about":[{"href":"https:\/\/footdavant.fr\/actualites\/wp-json\/wp\/v2\/types\/post"}],"author":[{"embeddable":true,"href":"https:\/\/footdavant.fr\/actualites\/wp-json\/wp\/v2\/users\/1"}],"replies":[{"embeddable":true,"href":"https:\/\/footdavant.fr\/actualites\/wp-json\/wp\/v2\/comments?post=36396"}],"version-history":[{"count":1,"href":"https:\/\/footdavant.fr\/actualites\/wp-json\/wp\/v2\/posts\/36396\/revisions"}],"predecessor-version":[{"id":36398,"href":"https:\/\/footdavant.fr\/actualites\/wp-json\/wp\/v2\/posts\/36396\/revisions\/36398"}],"wp:featuredmedia":[{"embeddable":true,"href":"https:\/\/footdavant.fr\/actualites\/wp-json\/wp\/v2\/media\/36397"}],"wp:attachment":[{"href":"https:\/\/footdavant.fr\/actualites\/wp-json\/wp\/v2\/media?parent=36396"}],"wp:term":[{"taxonomy":"category","embeddable":true,"href":"https:\/\/footdavant.fr\/actualites\/wp-json\/wp\/v2\/categories?post=36396"},{"taxonomy":"post_tag","embeddable":true,"href":"https:\/\/footdavant.fr\/actualites\/wp-json\/wp\/v2\/tags?post=36396"}],"curies":[{"name":"wp","href":"https:\/\/api.w.org\/{rel}","templated":true}]}}