{"id":36402,"date":"2026-04-13T00:48:21","date_gmt":"2026-04-12T22:48:21","guid":{"rendered":"https:\/\/footdavant.fr\/actualites\/bruno-fernandes-une-nouvelle-mise-a-jour-apparait-sur-lavenir-de-la-star-de-united\/"},"modified":"2026-04-13T00:48:22","modified_gmt":"2026-04-12T22:48:22","slug":"bruno-fernandes-une-nouvelle-mise-a-jour-apparait-sur-lavenir-de-la-star-de-united","status":"publish","type":"post","link":"https:\/\/footdavant.fr\/actualites\/bruno-fernandes-une-nouvelle-mise-a-jour-apparait-sur-lavenir-de-la-star-de-united\/","title":{"rendered":"Bruno Fernandes : Une nouvelle mise \u00e0 jour appara\u00eet sur l&#39;avenir de la star de United &#8211;"},"content":{"rendered":"<div id=\"penci-post-entry-inner\">\n<p>\t\t\t<i class=\"penci-post-countview-number-check\" style=\"display:none\">2<\/i><\/p>\n<p>L&#39;avenir de Bruno Fernandes \u00e0 Manchester United continue d&#39;\u00eatre en jeu. Le maestro portugais a \u00e9lev\u00e9 son jeu cette saison et a jou\u00e9 un r\u00f4le majeur dans la r\u00e9cente ascension des Red Devils sous Michael Carrick. <\/p>\n<p>L&#39;Anglais est arriv\u00e9 \u00e0 Old Trafford en janvier en tant que rempla\u00e7ant temporaire de Ruben Amorim et a enregistr\u00e9 sept victoires lors de ses 10 matchs \u00e0 la t\u00eate, aidant United \u00e0 se hisser \u00e0 la troisi\u00e8me place du classement de la Premier League. La d\u00e9cision de Carrick de r\u00e9int\u00e9grer Fernandes au poste de n\u00b010 s&#39;est av\u00e9r\u00e9e \u00eatre un coup de ma\u00eetre. <\/p>\n<p>Fernandes a enregistr\u00e9 11 contributions \u00e0 des buts sous la direction du manager int\u00e9rimaire. Le Portugais a marqu\u00e9 huit buts et d\u00e9livr\u00e9 17 passes d\u00e9cisives en 30 matches toutes comp\u00e9titions confondues cette saison, dont tous sauf un ont \u00e9t\u00e9 titulaires. <\/p>\n<h2 id=\"tablepress-1128-name\" class=\"tablepress-table-name tablepress-table-name-id-1128\">Stats de Bruno Fernandes: saison 2025\/26<\/h2>\n<table id=\"tablepress-1128\" class=\"tablepress tablepress-id-1128\" aria-labelledby=\"tablepress-1128-name\">\n<thead>\n<tr class=\"row-1\">\n<th class=\"column-1\">Concours<\/th>\n<th class=\"column-2\">Apparitions<\/th>\n<th class=\"column-3\">Commence<\/th>\n<th class=\"column-4\">Objectifs<\/th>\n<th class=\"column-5\">Aides<\/th>\n<th class=\"column-6\">Cartons jaunes<\/th>\n<th class=\"column-7\">Cartons rouges<\/th>\n<th class=\"column-8\">Minutes jou\u00e9es<\/th>\n<\/tr>\n<\/thead>\n<tbody class=\"row-striping row-hover\">\n<tr class=\"row-2\">\n<td class=\"column-1\">Premi\u00e8re Ligue<\/td>\n<td class=\"column-2\">28<\/td>\n<td class=\"column-3\">28<\/td>\n<td class=\"column-4\">8<\/td>\n<td class=\"column-5\">16<\/td>\n<td class=\"column-6\">3<\/td>\n<td class=\"column-7\">&#8211;<\/td>\n<td class=\"column-8\">2 438&#39;<\/td>\n<\/tr>\n<tr class=\"row-3\">\n<td class=\"column-1\">Coupe d&#39;Angleterre<\/td>\n<td class=\"column-2\">1<\/td>\n<td class=\"column-3\">1<\/td>\n<td class=\"column-4\">&#8211;<\/td>\n<td class=\"column-5\">1<\/td>\n<td class=\"column-6\">&#8211;<\/td>\n<td class=\"column-7\">&#8211;<\/td>\n<td class=\"column-8\">90&#39;<\/td>\n<\/tr>\n<tr class=\"row-4\">\n<td class=\"column-1\">Coupe EFL<\/td>\n<td class=\"column-2\">1<\/td>\n<td class=\"column-3\">0<\/td>\n<td class=\"column-4\">&#8211;<\/td>\n<td class=\"column-5\">&#8211;<\/td>\n<td class=\"column-6\">&#8211;<\/td>\n<td class=\"column-7\">&#8211;<\/td>\n<td class=\"column-8\">45&#39;<\/td>\n<\/tr>\n<tr class=\"row-5\">\n<td class=\"column-1\"><\/td>\n<td class=\"column-2\"><\/td>\n<td class=\"column-3\"><\/td>\n<td class=\"column-4\"><\/td>\n<td class=\"column-5\"><\/td>\n<td class=\"column-6\"><\/td>\n<td class=\"column-7\"><\/td>\n<td class=\"column-8\"><\/td>\n<\/tr>\n<\/tbody>\n<\/table>\n<p><!-- #tablepress-1128 from cache --><\/p>\n<h3>Joueur de la saison en Premier League ?<\/h3>\n<p>Michael Carrick a r\u00e9cemment annonc\u00e9 que le skipper de United remporterait le titre de joueur de la saison en Premier League cette ann\u00e9e. Fernandes a \u00e9t\u00e9 exceptionnel jusqu&#39;\u00e0 pr\u00e9sent et a cr\u00e9\u00e9 le plus d&#39;occasions en championnat cette saison. <\/p>\n<p>Le joueur de 31 ans est \u00e9galement le joueur le plus cr\u00e9atif de la ligue depuis son arriv\u00e9e au Th\u00e9\u00e2tre des R\u00eaves en janvier 2020. <\/p>\n<h2 id=\"tablepress-1171-name\" class=\"tablepress-table-name tablepress-table-name-id-1171\">Le plus grand nombre d&#39;occasions cr\u00e9\u00e9es en Premier League depuis les d\u00e9buts de Bruno Fernandes<\/h2>\n<table id=\"tablepress-1171\" class=\"tablepress tablepress-id-1171\" aria-labelledby=\"tablepress-1171-name\">\n<thead>\n<tr class=\"row-1\">\n<th class=\"column-1\">Rang<\/th>\n<th class=\"column-2\">Joueur<\/th>\n<th class=\"column-3\">Chances cr\u00e9\u00e9es<\/th>\n<\/tr>\n<\/thead>\n<tbody class=\"row-striping row-hover\">\n<tr class=\"row-2\">\n<td class=\"column-1\">1<\/td>\n<td class=\"column-2\">Bruno Fernandes<\/td>\n<td class=\"column-3\">639<\/td>\n<\/tr>\n<tr class=\"row-3\">\n<td class=\"column-1\">2<\/td>\n<td class=\"column-2\">K\u00e9vin De Bruyne<\/td>\n<td class=\"column-3\">432<\/td>\n<\/tr>\n<tr class=\"row-4\">\n<td class=\"column-1\">3<\/td>\n<td class=\"column-2\">Mohamed Salah<\/td>\n<td class=\"column-3\">407<\/td>\n<\/tr>\n<tr class=\"row-5\">\n<td class=\"column-1\">4<\/td>\n<td class=\"column-2\">Bukayo Saka<\/td>\n<td class=\"column-3\">396<\/td>\n<\/tr>\n<tr class=\"row-6\">\n<td class=\"column-1\">5<\/td>\n<td class=\"column-2\">Trent Alexander-Arnold<\/td>\n<td class=\"column-3\">377<\/td>\n<\/tr>\n<tr class=\"row-7\">\n<td class=\"column-1\">6<\/td>\n<td class=\"column-2\">Martin \u00d8degaard<\/td>\n<td class=\"column-3\">368<\/td>\n<\/tr>\n<tr class=\"row-8\">\n<td class=\"column-1\">7<\/td>\n<td class=\"column-2\">Pascal Gross<\/td>\n<td class=\"column-3\">345<\/td>\n<\/tr>\n<tr class=\"row-9\">\n<td class=\"column-1\">8<\/td>\n<td class=\"column-2\">Son Heung-Min<\/td>\n<td class=\"column-3\">339<\/td>\n<\/tr>\n<tr class=\"row-10\">\n<td class=\"column-1\">9<\/td>\n<td class=\"column-2\">James Ward-Prowse<\/td>\n<td class=\"column-3\">336<\/td>\n<\/tr>\n<tr class=\"row-11\">\n<td class=\"column-1\">10<\/td>\n<td class=\"column-2\">Andy Robertson<\/td>\n<td class=\"column-3\">318<\/td>\n<\/tr>\n<\/tbody>\n<\/table>\n<p><!-- #tablepress-1171 from cache --><\/p>\n<p>L&#39;avenir du joueur reste cependant sujet \u00e0 sp\u00e9culations, \u00e9tant donn\u00e9 qu&#39;il entrera cet \u00e9t\u00e9 dans la derni\u00e8re ann\u00e9e de son contrat. Un rapport r\u00e9cent sugg\u00e8re que la hi\u00e9rarchie d&#39;Old Trafford reste divis\u00e9e dans les coulisses sur le renouvellement de Fernandes.<\/p>\n<p>Le c\u00e9l\u00e8bre journaliste Fabrizio Romano a fait le point sur la situation. <\/p>\n<h3>United veut que Fernandes reste<\/h3>\n<p>S&#39;exprimant sur sa cha\u00eene YouTube, Romano a insist\u00e9 sur le fait que United souhaitait conserver Fernandes. Il a d\u00e9clar\u00e9 : \u00ab Ce que je peux vous dire, c\u2019est qu\u2019au cours des derni\u00e8res semaines, la perspective de rejouer la Ligue des champions \u00e0 Manchester United a vraiment, vraiment un impact sur Bruno Fernandes. \u00bb<\/p>\n<p>\u00ab\u00a0Pour le moment, ce que je peux vous dire, c&#39;est que les Saoudiens veulent toujours Bruno comme ils ont toujours voulu Bruno il y a trois ans, il y a deux ans, il y a un an. Donc, ils restent int\u00e9ress\u00e9s.\u00a0\u00bb <\/p>\n<p>\u00ab\u00a0Mais Bruno est vraiment tent\u00e9 de jouer la Ligue des Champions avec Man United. Man United est donc optimiste quant au maintien de Bruno Fernandes pour la saison prochaine. Voyons comment les conversations vont se poursuivre. Voyons ce qui va se passer.\u00a0\u00bb <\/p>\n<p>\u00ab\u00a0Mais Man United est optimiste. Il y aura ensuite une conversation entre Bruno et Man United \u00e0 la fin de la saison. Nous suivrons donc la situation. Mais bien s\u00fbr, United esp\u00e8re pouvoir garder Bruno et ils vont essayer de garder Bruno Fernandes.\u00a0\u00bb<\/p>\n<p>United est troisi\u00e8me du classement de la Premier League apr\u00e8s 31 matchs, avec un r\u00e9cent rapport de The Peoples Person confirmant qu&#39;un classement parmi les cinq premiers sera suffisant pour garantir le football de la Ligue des champions pour la saison prochaine. <\/p>\n<h3>Pens\u00e9es finales<\/h3>\n<p>Fernandes n&#39;est pas seulement le skipper et le talisman de United, mais aussi quelqu&#39;un qui comprend tr\u00e8s bien la culture et la tradition du club. Les Diables Rouges, \u00e0 ce titre, doivent faire de son renouvellement une priorit\u00e9 cet \u00e9t\u00e9. <\/p>\n<\/p>\n<hr\/>\n<p>The Peoples Person est l&#39;un des principaux sites d&#39;information de Man United au monde depuis plus d&#39;une d\u00e9cennie. Suivez-nous sur Bluesky\u00a0: @peoplesperson.bsky.social<\/p>\n<p><!-- CONTENT END 2 --><\/p><\/div>\n","protected":false},"excerpt":{"rendered":"<p>2 L&#39;avenir de Bruno Fernandes \u00e0 Manchester United continue d&#39;\u00eatre en jeu. Le maestro portugais a \u00e9lev\u00e9 son jeu cette saison et a jou\u00e9 un<\/p>\n","protected":false},"author":1,"featured_media":36403,"comment_status":"closed","ping_status":"","sticky":false,"template":"","format":"standard","meta":{"footnotes":""},"categories":[3],"tags":[1254,138,139,328,4309,327,1850,1621,103,92,13],"yoast_head":"<!-- This site is optimized with the Yoast SEO plugin v21.0 - https:\/\/yoast.com\/wordpress\/plugins\/seo\/ -->\n<title>Bruno Fernandes : Une nouvelle mise \u00e0 jour appara\u00eet sur l&#039;avenir de la star de United -<\/title>\n<meta name=\"robots\" content=\"index, follow, max-snippet:-1, max-image-preview:large, max-video-preview:-1\" \/>\n<link rel=\"canonical\" href=\"https:\/\/footdavant.fr\/actualites\/bruno-fernandes-une-nouvelle-mise-a-jour-apparait-sur-lavenir-de-la-star-de-united\/\" \/>\n<meta property=\"og:locale\" content=\"fr_FR\" \/>\n<meta property=\"og:type\" content=\"article\" \/>\n<meta property=\"og:title\" content=\"Bruno Fernandes : Une nouvelle mise \u00e0 jour appara\u00eet sur l&#039;avenir de la star de United -\" \/>\n<meta property=\"og:description\" content=\"2 L&#039;avenir de Bruno Fernandes \u00e0 Manchester United continue d&#039;\u00eatre en jeu. Le maestro portugais a \u00e9lev\u00e9 son jeu cette saison et a jou\u00e9 un\" \/>\n<meta property=\"og:url\" content=\"https:\/\/footdavant.fr\/actualites\/bruno-fernandes-une-nouvelle-mise-a-jour-apparait-sur-lavenir-de-la-star-de-united\/\" \/>\n<meta property=\"og:site_name\" content=\"Foot d&#039;avant\" \/>\n<meta property=\"article:publisher\" content=\"https:\/\/www.facebook.com\/Footdavant\/\" \/>\n<meta property=\"article:published_time\" content=\"2026-04-12T22:48:21+00:00\" \/>\n<meta property=\"article:modified_time\" content=\"2026-04-12T22:48:22+00:00\" \/>\n<meta property=\"og:image\" content=\"https:\/\/footdavant.fr\/actualites\/wp-content\/uploads\/2026\/04\/Bruno-Fernandes-Une-nouvelle-mise-a-jour-apparait-sur.jpg\" \/>\n\t<meta property=\"og:image:width\" content=\"1200\" \/>\n\t<meta property=\"og:image:height\" content=\"675\" \/>\n\t<meta property=\"og:image:type\" content=\"image\/jpeg\" \/>\n<meta name=\"author\" content=\"Cl\u00e9ment\" \/>\n<meta name=\"twitter:card\" content=\"summary_large_image\" \/>\n<meta name=\"twitter:creator\" content=\"@FootdavantFr\" \/>\n<meta name=\"twitter:site\" content=\"@FootdavantFr\" \/>\n<meta name=\"twitter:label1\" content=\"\u00c9crit par\" \/>\n\t<meta name=\"twitter:data1\" content=\"Cl\u00e9ment\" \/>\n\t<meta name=\"twitter:label2\" content=\"Dur\u00e9e de lecture estim\u00e9e\" \/>\n\t<meta name=\"twitter:data2\" content=\"3 minutes\" \/>\n<script type=\"application\/ld+json\" class=\"yoast-schema-graph\">{\"@context\":\"https:\/\/schema.org\",\"@graph\":[{\"@type\":\"Article\",\"@id\":\"https:\/\/footdavant.fr\/actualites\/bruno-fernandes-une-nouvelle-mise-a-jour-apparait-sur-lavenir-de-la-star-de-united\/#article\",\"isPartOf\":{\"@id\":\"https:\/\/footdavant.fr\/actualites\/bruno-fernandes-une-nouvelle-mise-a-jour-apparait-sur-lavenir-de-la-star-de-united\/\"},\"author\":{\"name\":\"Cl\u00e9ment\",\"@id\":\"https:\/\/footdavant.fr\/actualites\/#\/schema\/person\/bc222566d95871b37e597b3ed3ba5e1d\"},\"headline\":\"Bruno Fernandes : Une nouvelle mise \u00e0 jour appara\u00eet sur l&#39;avenir de la star de United &#8211;\",\"datePublished\":\"2026-04-12T22:48:21+00:00\",\"dateModified\":\"2026-04-12T22:48:22+00:00\",\"mainEntityOfPage\":{\"@id\":\"https:\/\/footdavant.fr\/actualites\/bruno-fernandes-une-nouvelle-mise-a-jour-apparait-sur-lavenir-de-la-star-de-united\/\"},\"wordCount\":690,\"publisher\":{\"@id\":\"https:\/\/footdavant.fr\/actualites\/#organization\"},\"keywords\":[\"appara\u00eet\",\"Bruno\",\"Fernandes\",\"jour\",\"l39avenir\",\"mise\",\"nouvelle\",\"Star\",\"sur\",\"une\",\"United\"],\"articleSection\":[\"Football\"],\"inLanguage\":\"fr-FR\"},{\"@type\":\"WebPage\",\"@id\":\"https:\/\/footdavant.fr\/actualites\/bruno-fernandes-une-nouvelle-mise-a-jour-apparait-sur-lavenir-de-la-star-de-united\/\",\"url\":\"https:\/\/footdavant.fr\/actualites\/bruno-fernandes-une-nouvelle-mise-a-jour-apparait-sur-lavenir-de-la-star-de-united\/\",\"name\":\"Bruno Fernandes : Une nouvelle mise \u00e0 jour appara\u00eet sur l&#39;avenir de la star de United -\",\"isPartOf\":{\"@id\":\"https:\/\/footdavant.fr\/actualites\/#website\"},\"datePublished\":\"2026-04-12T22:48:21+00:00\",\"dateModified\":\"2026-04-12T22:48:22+00:00\",\"breadcrumb\":{\"@id\":\"https:\/\/footdavant.fr\/actualites\/bruno-fernandes-une-nouvelle-mise-a-jour-apparait-sur-lavenir-de-la-star-de-united\/#breadcrumb\"},\"inLanguage\":\"fr-FR\",\"potentialAction\":[{\"@type\":\"ReadAction\",\"target\":[\"https:\/\/footdavant.fr\/actualites\/bruno-fernandes-une-nouvelle-mise-a-jour-apparait-sur-lavenir-de-la-star-de-united\/\"]}]},{\"@type\":\"BreadcrumbList\",\"@id\":\"https:\/\/footdavant.fr\/actualites\/bruno-fernandes-une-nouvelle-mise-a-jour-apparait-sur-lavenir-de-la-star-de-united\/#breadcrumb\",\"itemListElement\":[{\"@type\":\"ListItem\",\"position\":1,\"name\":\"Accueil\",\"item\":\"https:\/\/footdavant.fr\/actualites\/\"},{\"@type\":\"ListItem\",\"position\":2,\"name\":\"Bruno Fernandes : Une nouvelle mise \u00e0 jour appara\u00eet sur l&#39;avenir de la star de United &#8211;\"}]},{\"@type\":\"WebSite\",\"@id\":\"https:\/\/footdavant.fr\/actualites\/#website\",\"url\":\"https:\/\/footdavant.fr\/actualites\/\",\"name\":\"Foot d'avant\",\"description\":\"\",\"publisher\":{\"@id\":\"https:\/\/footdavant.fr\/actualites\/#organization\"},\"potentialAction\":[{\"@type\":\"SearchAction\",\"target\":{\"@type\":\"EntryPoint\",\"urlTemplate\":\"https:\/\/footdavant.fr\/actualites\/?s={search_term_string}\"},\"query-input\":\"required name=search_term_string\"}],\"inLanguage\":\"fr-FR\"},{\"@type\":\"Organization\",\"@id\":\"https:\/\/footdavant.fr\/actualites\/#organization\",\"name\":\"Foot d'avant\",\"url\":\"https:\/\/footdavant.fr\/actualites\/\",\"logo\":{\"@type\":\"ImageObject\",\"inLanguage\":\"fr-FR\",\"@id\":\"https:\/\/footdavant.fr\/actualites\/#\/schema\/logo\/image\/\",\"url\":\"https:\/\/footdavant.fr\/actualites\/wp-content\/uploads\/2023\/09\/Copy-of-FootDavant-Logo.png\",\"contentUrl\":\"https:\/\/footdavant.fr\/actualites\/wp-content\/uploads\/2023\/09\/Copy-of-FootDavant-Logo.png\",\"width\":936,\"height\":549,\"caption\":\"Foot d'avant\"},\"image\":{\"@id\":\"https:\/\/footdavant.fr\/actualites\/#\/schema\/logo\/image\/\"},\"sameAs\":[\"https:\/\/www.facebook.com\/Footdavant\/\",\"https:\/\/twitter.com\/FootdavantFr\",\"https:\/\/www.instagram.com\/footdavant.fr\/\"]},{\"@type\":\"Person\",\"@id\":\"https:\/\/footdavant.fr\/actualites\/#\/schema\/person\/bc222566d95871b37e597b3ed3ba5e1d\",\"name\":\"Cl\u00e9ment\",\"image\":{\"@type\":\"ImageObject\",\"inLanguage\":\"fr-FR\",\"@id\":\"https:\/\/footdavant.fr\/actualites\/#\/schema\/person\/image\/\",\"url\":\"https:\/\/secure.gravatar.com\/avatar\/7728b29aac2719421e1a9159b2254c44?s=96&d=mm&r=g\",\"contentUrl\":\"https:\/\/secure.gravatar.com\/avatar\/7728b29aac2719421e1a9159b2254c44?s=96&d=mm&r=g\",\"caption\":\"Cl\u00e9ment\"},\"sameAs\":[\"https:\/\/footdavant.fr\/\"]}]}<\/script>\n<!-- \/ Yoast SEO plugin. -->","yoast_head_json":{"title":"Bruno Fernandes : Une nouvelle mise \u00e0 jour appara\u00eet sur l&#39;avenir de la star de United -","robots":{"index":"index","follow":"follow","max-snippet":"max-snippet:-1","max-image-preview":"max-image-preview:large","max-video-preview":"max-video-preview:-1"},"canonical":"https:\/\/footdavant.fr\/actualites\/bruno-fernandes-une-nouvelle-mise-a-jour-apparait-sur-lavenir-de-la-star-de-united\/","og_locale":"fr_FR","og_type":"article","og_title":"Bruno Fernandes : Une nouvelle mise \u00e0 jour appara\u00eet sur l&#39;avenir de la star de United -","og_description":"2 L&#39;avenir de Bruno Fernandes \u00e0 Manchester United continue d&#39;\u00eatre en jeu. Le maestro portugais a \u00e9lev\u00e9 son jeu cette saison et a jou\u00e9 un","og_url":"https:\/\/footdavant.fr\/actualites\/bruno-fernandes-une-nouvelle-mise-a-jour-apparait-sur-lavenir-de-la-star-de-united\/","og_site_name":"Foot d&#039;avant","article_publisher":"https:\/\/www.facebook.com\/Footdavant\/","article_published_time":"2026-04-12T22:48:21+00:00","article_modified_time":"2026-04-12T22:48:22+00:00","og_image":[{"width":1200,"height":675,"url":"https:\/\/footdavant.fr\/actualites\/wp-content\/uploads\/2026\/04\/Bruno-Fernandes-Une-nouvelle-mise-a-jour-apparait-sur.jpg","type":"image\/jpeg"}],"author":"Cl\u00e9ment","twitter_card":"summary_large_image","twitter_creator":"@FootdavantFr","twitter_site":"@FootdavantFr","twitter_misc":{"\u00c9crit par":"Cl\u00e9ment","Dur\u00e9e de lecture estim\u00e9e":"3 minutes"},"schema":{"@context":"https:\/\/schema.org","@graph":[{"@type":"Article","@id":"https:\/\/footdavant.fr\/actualites\/bruno-fernandes-une-nouvelle-mise-a-jour-apparait-sur-lavenir-de-la-star-de-united\/#article","isPartOf":{"@id":"https:\/\/footdavant.fr\/actualites\/bruno-fernandes-une-nouvelle-mise-a-jour-apparait-sur-lavenir-de-la-star-de-united\/"},"author":{"name":"Cl\u00e9ment","@id":"https:\/\/footdavant.fr\/actualites\/#\/schema\/person\/bc222566d95871b37e597b3ed3ba5e1d"},"headline":"Bruno Fernandes : Une nouvelle mise \u00e0 jour appara\u00eet sur l&#39;avenir de la star de United &#8211;","datePublished":"2026-04-12T22:48:21+00:00","dateModified":"2026-04-12T22:48:22+00:00","mainEntityOfPage":{"@id":"https:\/\/footdavant.fr\/actualites\/bruno-fernandes-une-nouvelle-mise-a-jour-apparait-sur-lavenir-de-la-star-de-united\/"},"wordCount":690,"publisher":{"@id":"https:\/\/footdavant.fr\/actualites\/#organization"},"keywords":["appara\u00eet","Bruno","Fernandes","jour","l39avenir","mise","nouvelle","Star","sur","une","United"],"articleSection":["Football"],"inLanguage":"fr-FR"},{"@type":"WebPage","@id":"https:\/\/footdavant.fr\/actualites\/bruno-fernandes-une-nouvelle-mise-a-jour-apparait-sur-lavenir-de-la-star-de-united\/","url":"https:\/\/footdavant.fr\/actualites\/bruno-fernandes-une-nouvelle-mise-a-jour-apparait-sur-lavenir-de-la-star-de-united\/","name":"Bruno Fernandes : Une nouvelle mise \u00e0 jour appara\u00eet sur l&#39;avenir de la star de United -","isPartOf":{"@id":"https:\/\/footdavant.fr\/actualites\/#website"},"datePublished":"2026-04-12T22:48:21+00:00","dateModified":"2026-04-12T22:48:22+00:00","breadcrumb":{"@id":"https:\/\/footdavant.fr\/actualites\/bruno-fernandes-une-nouvelle-mise-a-jour-apparait-sur-lavenir-de-la-star-de-united\/#breadcrumb"},"inLanguage":"fr-FR","potentialAction":[{"@type":"ReadAction","target":["https:\/\/footdavant.fr\/actualites\/bruno-fernandes-une-nouvelle-mise-a-jour-apparait-sur-lavenir-de-la-star-de-united\/"]}]},{"@type":"BreadcrumbList","@id":"https:\/\/footdavant.fr\/actualites\/bruno-fernandes-une-nouvelle-mise-a-jour-apparait-sur-lavenir-de-la-star-de-united\/#breadcrumb","itemListElement":[{"@type":"ListItem","position":1,"name":"Accueil","item":"https:\/\/footdavant.fr\/actualites\/"},{"@type":"ListItem","position":2,"name":"Bruno Fernandes : Une nouvelle mise \u00e0 jour appara\u00eet sur l&#39;avenir de la star de United &#8211;"}]},{"@type":"WebSite","@id":"https:\/\/footdavant.fr\/actualites\/#website","url":"https:\/\/footdavant.fr\/actualites\/","name":"Foot d'avant","description":"","publisher":{"@id":"https:\/\/footdavant.fr\/actualites\/#organization"},"potentialAction":[{"@type":"SearchAction","target":{"@type":"EntryPoint","urlTemplate":"https:\/\/footdavant.fr\/actualites\/?s={search_term_string}"},"query-input":"required name=search_term_string"}],"inLanguage":"fr-FR"},{"@type":"Organization","@id":"https:\/\/footdavant.fr\/actualites\/#organization","name":"Foot d'avant","url":"https:\/\/footdavant.fr\/actualites\/","logo":{"@type":"ImageObject","inLanguage":"fr-FR","@id":"https:\/\/footdavant.fr\/actualites\/#\/schema\/logo\/image\/","url":"https:\/\/footdavant.fr\/actualites\/wp-content\/uploads\/2023\/09\/Copy-of-FootDavant-Logo.png","contentUrl":"https:\/\/footdavant.fr\/actualites\/wp-content\/uploads\/2023\/09\/Copy-of-FootDavant-Logo.png","width":936,"height":549,"caption":"Foot d'avant"},"image":{"@id":"https:\/\/footdavant.fr\/actualites\/#\/schema\/logo\/image\/"},"sameAs":["https:\/\/www.facebook.com\/Footdavant\/","https:\/\/twitter.com\/FootdavantFr","https:\/\/www.instagram.com\/footdavant.fr\/"]},{"@type":"Person","@id":"https:\/\/footdavant.fr\/actualites\/#\/schema\/person\/bc222566d95871b37e597b3ed3ba5e1d","name":"Cl\u00e9ment","image":{"@type":"ImageObject","inLanguage":"fr-FR","@id":"https:\/\/footdavant.fr\/actualites\/#\/schema\/person\/image\/","url":"https:\/\/secure.gravatar.com\/avatar\/7728b29aac2719421e1a9159b2254c44?s=96&d=mm&r=g","contentUrl":"https:\/\/secure.gravatar.com\/avatar\/7728b29aac2719421e1a9159b2254c44?s=96&d=mm&r=g","caption":"Cl\u00e9ment"},"sameAs":["https:\/\/footdavant.fr\/"]}]}},"_links":{"self":[{"href":"https:\/\/footdavant.fr\/actualites\/wp-json\/wp\/v2\/posts\/36402"}],"collection":[{"href":"https:\/\/footdavant.fr\/actualites\/wp-json\/wp\/v2\/posts"}],"about":[{"href":"https:\/\/footdavant.fr\/actualites\/wp-json\/wp\/v2\/types\/post"}],"author":[{"embeddable":true,"href":"https:\/\/footdavant.fr\/actualites\/wp-json\/wp\/v2\/users\/1"}],"replies":[{"embeddable":true,"href":"https:\/\/footdavant.fr\/actualites\/wp-json\/wp\/v2\/comments?post=36402"}],"version-history":[{"count":1,"href":"https:\/\/footdavant.fr\/actualites\/wp-json\/wp\/v2\/posts\/36402\/revisions"}],"predecessor-version":[{"id":36404,"href":"https:\/\/footdavant.fr\/actualites\/wp-json\/wp\/v2\/posts\/36402\/revisions\/36404"}],"wp:featuredmedia":[{"embeddable":true,"href":"https:\/\/footdavant.fr\/actualites\/wp-json\/wp\/v2\/media\/36403"}],"wp:attachment":[{"href":"https:\/\/footdavant.fr\/actualites\/wp-json\/wp\/v2\/media?parent=36402"}],"wp:term":[{"taxonomy":"category","embeddable":true,"href":"https:\/\/footdavant.fr\/actualites\/wp-json\/wp\/v2\/categories?post=36402"},{"taxonomy":"post_tag","embeddable":true,"href":"https:\/\/footdavant.fr\/actualites\/wp-json\/wp\/v2\/tags?post=36402"}],"curies":[{"name":"wp","href":"https:\/\/api.w.org\/{rel}","templated":true}]}}