{"id":36408,"date":"2026-04-13T04:48:04","date_gmt":"2026-04-13T02:48:04","guid":{"rendered":"https:\/\/footdavant.fr\/actualites\/van-dijk-souligne-la-fatigue-et-est-admis-a-lucl\/"},"modified":"2026-04-13T04:48:06","modified_gmt":"2026-04-13T02:48:06","slug":"van-dijk-souligne-la-fatigue-et-est-admis-a-lucl","status":"publish","type":"post","link":"https:\/\/footdavant.fr\/actualites\/van-dijk-souligne-la-fatigue-et-est-admis-a-lucl\/","title":{"rendered":"Van Dijk souligne la fatigue et est admis \u00e0 l&#39;UCL"},"content":{"rendered":"<p><\/p>\n<div id=\"article-body\">\n<!-- Article Start --><\/p>\n<p>Liverpool a peut-\u00eatre renou\u00e9 avec la victoire contre Fulham, mais Virgil van Dijk n&#39;a pas tard\u00e9 \u00e0 souligner qu&#39;il y avait encore beaucoup de travail \u00e0 faire alors que nous nous dirigeons vers une p\u00e9riode d\u00e9terminante de la saison.<\/p>\n<hr\/>\n<p><b><i>T\u00c9L\u00c9CHARGEZ L&#39;APPLICATION OFFICIELLE EMPIRE OF KOP POUR TOUTES LES DERNI\u00c8RES MISES \u00c0 JOUR \u2013 DIRECTEMENT SUR VOTRE T\u00c9L\u00c9PHONE\u00a0! SUR <\/i><\/b><b><i>POMME<\/i><\/b><b><i> &#038; <\/i><\/b><b><i>GOOGLE JOUER<\/i><\/b><\/p>\n<hr\/>\n<p>Apr\u00e8s une s\u00e9rie de r\u00e9sultats difficiles, la victoire 2-0 \u00e0 Anfield a offert un certain soulagement, mais les commentaires du capitaine apr\u00e8s le match ont clairement montr\u00e9 que la fatigue et la situation dans son ensemble \u00e9taient fermement pr\u00e9sentes dans l&#39;esprit de l&#39;\u00e9quipe.<\/p>\n<h2>Van Dijk revient sur la victoire et la fatigue de Fulham<\/h2>\n<p>S&#39;exprimant via Liverpoolfc.com apr\u00e8s le match, l&#39;international n\u00e9erlandais a reconnu que la performance n&#39;\u00e9tait pas parfaite, notamment en seconde p\u00e9riode.<\/p>\n<p>Il a dit : <\/p>\n<\/p>\n<p>Cette honn\u00eatet\u00e9 refl\u00e8te ce que nous avons vu sur le terrain, un bon d\u00e9part suivi d\u2019une deuxi\u00e8me p\u00e9riode plus nerveuse, Fulham se cr\u00e9ant des occasions au fur et \u00e0 mesure que le match avan\u00e7ait.<\/p>\n<p>Cela souligne \u00e9galement le bilan physique du r\u00e9cent calendrier, surtout si peu de temps apr\u00e8s la d\u00e9faite en Ligue des champions \u00e0 Paris.<\/p>\n<h2>L&#39;importance de la Ligue des Champions clairement d\u00e9montr\u00e9e<\/h2>\n<p>Au-del\u00e0 de la performance elle-m\u00eame, Van Dijk a \u00e9galement soulign\u00e9 l&#39;importance de ce qui nous attend, notamment dans la course \u00e0 la qualification pour la Ligue des Champions.<\/p>\n<p>Le d\u00e9fenseur central de 34 ans a soulign\u00e9 : <\/p>\n<\/p>\n<p>Ce message ne pourrait pas \u00eatre plus clair : non seulement nous nous battons pour des r\u00e9sultats sur le terrain, mais cela a \u00e9galement des implications majeures en dehors.<\/p>\n<p>Il y a des points positifs sur lesquels s&#39;appuyer, en particulier l&#39;\u00e9mergence de Rio Ngumoha, avec des experts soutenant le jeune apr\u00e8s Fulham, y compris l&#39;affirmation de Danny Murphy selon laquelle, tandis qu&#39;Alan Shearer a ajout\u00e9\u00a0: <\/p>\n<p>L&#39;ancien d\u00e9fenseur Steve Nicol a \u00e9galement appel\u00e9 \u00e0 la prudence mais a soutenu l&#39;impact de l&#39;adolescent, en d\u00e9clarant\u00a0: <\/p>\n<p>En fin de compte, les commentaires de Van Dijk r\u00e9sument o\u00f9 nous en sommes actuellement, encourag\u00e9s par la victoire, conscients de la fatigue et pleinement concentr\u00e9s sur ce qui s&#39;annonce comme une s\u00e9rie de matchs cruciaux pour notre saison.<\/p>\n<p><!-- Article End -->\t\t\t\t<\/div>\n","protected":false},"excerpt":{"rendered":"<p>Liverpool a peut-\u00eatre renou\u00e9 avec la victoire contre Fulham, mais Virgil van Dijk n&#39;a pas tard\u00e9 \u00e0 souligner qu&#39;il y avait encore beaucoup de travail<\/p>\n","protected":false},"author":1,"featured_media":36409,"comment_status":"closed","ping_status":"","sticky":false,"template":"","format":"standard","meta":{"footnotes":""},"categories":[3],"tags":[1660,784,217,1363,4537,2170,783],"yoast_head":"<!-- This site is optimized with the Yoast SEO plugin v21.0 - https:\/\/yoast.com\/wordpress\/plugins\/seo\/ -->\n<title>Van Dijk souligne la fatigue et est admis \u00e0 l&#039;UCL<\/title>\n<meta name=\"robots\" content=\"index, follow, max-snippet:-1, max-image-preview:large, max-video-preview:-1\" \/>\n<link rel=\"canonical\" href=\"https:\/\/footdavant.fr\/actualites\/van-dijk-souligne-la-fatigue-et-est-admis-a-lucl\/\" \/>\n<meta property=\"og:locale\" content=\"fr_FR\" \/>\n<meta property=\"og:type\" content=\"article\" \/>\n<meta property=\"og:title\" content=\"Van Dijk souligne la fatigue et est admis \u00e0 l&#039;UCL\" \/>\n<meta property=\"og:description\" content=\"Liverpool a peut-\u00eatre renou\u00e9 avec la victoire contre Fulham, mais Virgil van Dijk n&#039;a pas tard\u00e9 \u00e0 souligner qu&#039;il y avait encore beaucoup de travail\" \/>\n<meta property=\"og:url\" content=\"https:\/\/footdavant.fr\/actualites\/van-dijk-souligne-la-fatigue-et-est-admis-a-lucl\/\" \/>\n<meta property=\"og:site_name\" content=\"Foot d&#039;avant\" \/>\n<meta property=\"article:publisher\" content=\"https:\/\/www.facebook.com\/Footdavant\/\" \/>\n<meta property=\"article:published_time\" content=\"2026-04-13T02:48:04+00:00\" \/>\n<meta property=\"article:modified_time\" content=\"2026-04-13T02:48:06+00:00\" \/>\n<meta property=\"og:image\" content=\"https:\/\/footdavant.fr\/actualites\/wp-content\/uploads\/2026\/04\/Van-Dijk-souligne-la-fatigue-et-est-admis-a-l39UCL.jpg\" \/>\n\t<meta property=\"og:image:width\" content=\"1200\" \/>\n\t<meta property=\"og:image:height\" content=\"675\" \/>\n\t<meta property=\"og:image:type\" content=\"image\/jpeg\" \/>\n<meta name=\"author\" content=\"Cl\u00e9ment\" \/>\n<meta name=\"twitter:card\" content=\"summary_large_image\" \/>\n<meta name=\"twitter:creator\" content=\"@FootdavantFr\" \/>\n<meta name=\"twitter:site\" content=\"@FootdavantFr\" \/>\n<meta name=\"twitter:label1\" content=\"\u00c9crit par\" \/>\n\t<meta name=\"twitter:data1\" content=\"Cl\u00e9ment\" \/>\n\t<meta name=\"twitter:label2\" content=\"Dur\u00e9e de lecture estim\u00e9e\" \/>\n\t<meta name=\"twitter:data2\" content=\"2 minutes\" \/>\n<script type=\"application\/ld+json\" class=\"yoast-schema-graph\">{\"@context\":\"https:\/\/schema.org\",\"@graph\":[{\"@type\":\"Article\",\"@id\":\"https:\/\/footdavant.fr\/actualites\/van-dijk-souligne-la-fatigue-et-est-admis-a-lucl\/#article\",\"isPartOf\":{\"@id\":\"https:\/\/footdavant.fr\/actualites\/van-dijk-souligne-la-fatigue-et-est-admis-a-lucl\/\"},\"author\":{\"name\":\"Cl\u00e9ment\",\"@id\":\"https:\/\/footdavant.fr\/actualites\/#\/schema\/person\/bc222566d95871b37e597b3ed3ba5e1d\"},\"headline\":\"Van Dijk souligne la fatigue et est admis \u00e0 l&#39;UCL\",\"datePublished\":\"2026-04-13T02:48:04+00:00\",\"dateModified\":\"2026-04-13T02:48:06+00:00\",\"mainEntityOfPage\":{\"@id\":\"https:\/\/footdavant.fr\/actualites\/van-dijk-souligne-la-fatigue-et-est-admis-a-lucl\/\"},\"wordCount\":418,\"publisher\":{\"@id\":\"https:\/\/footdavant.fr\/actualites\/#organization\"},\"keywords\":[\"admis\",\"Dijk\",\"est\",\"fatigue\",\"l39UCL\",\"souligne\",\"van\"],\"articleSection\":[\"Football\"],\"inLanguage\":\"fr-FR\"},{\"@type\":\"WebPage\",\"@id\":\"https:\/\/footdavant.fr\/actualites\/van-dijk-souligne-la-fatigue-et-est-admis-a-lucl\/\",\"url\":\"https:\/\/footdavant.fr\/actualites\/van-dijk-souligne-la-fatigue-et-est-admis-a-lucl\/\",\"name\":\"Van Dijk souligne la fatigue et est admis \u00e0 l&#39;UCL\",\"isPartOf\":{\"@id\":\"https:\/\/footdavant.fr\/actualites\/#website\"},\"datePublished\":\"2026-04-13T02:48:04+00:00\",\"dateModified\":\"2026-04-13T02:48:06+00:00\",\"breadcrumb\":{\"@id\":\"https:\/\/footdavant.fr\/actualites\/van-dijk-souligne-la-fatigue-et-est-admis-a-lucl\/#breadcrumb\"},\"inLanguage\":\"fr-FR\",\"potentialAction\":[{\"@type\":\"ReadAction\",\"target\":[\"https:\/\/footdavant.fr\/actualites\/van-dijk-souligne-la-fatigue-et-est-admis-a-lucl\/\"]}]},{\"@type\":\"BreadcrumbList\",\"@id\":\"https:\/\/footdavant.fr\/actualites\/van-dijk-souligne-la-fatigue-et-est-admis-a-lucl\/#breadcrumb\",\"itemListElement\":[{\"@type\":\"ListItem\",\"position\":1,\"name\":\"Accueil\",\"item\":\"https:\/\/footdavant.fr\/actualites\/\"},{\"@type\":\"ListItem\",\"position\":2,\"name\":\"Van Dijk souligne la fatigue et est admis \u00e0 l&#39;UCL\"}]},{\"@type\":\"WebSite\",\"@id\":\"https:\/\/footdavant.fr\/actualites\/#website\",\"url\":\"https:\/\/footdavant.fr\/actualites\/\",\"name\":\"Foot d'avant\",\"description\":\"\",\"publisher\":{\"@id\":\"https:\/\/footdavant.fr\/actualites\/#organization\"},\"potentialAction\":[{\"@type\":\"SearchAction\",\"target\":{\"@type\":\"EntryPoint\",\"urlTemplate\":\"https:\/\/footdavant.fr\/actualites\/?s={search_term_string}\"},\"query-input\":\"required name=search_term_string\"}],\"inLanguage\":\"fr-FR\"},{\"@type\":\"Organization\",\"@id\":\"https:\/\/footdavant.fr\/actualites\/#organization\",\"name\":\"Foot d'avant\",\"url\":\"https:\/\/footdavant.fr\/actualites\/\",\"logo\":{\"@type\":\"ImageObject\",\"inLanguage\":\"fr-FR\",\"@id\":\"https:\/\/footdavant.fr\/actualites\/#\/schema\/logo\/image\/\",\"url\":\"https:\/\/footdavant.fr\/actualites\/wp-content\/uploads\/2023\/09\/Copy-of-FootDavant-Logo.png\",\"contentUrl\":\"https:\/\/footdavant.fr\/actualites\/wp-content\/uploads\/2023\/09\/Copy-of-FootDavant-Logo.png\",\"width\":936,\"height\":549,\"caption\":\"Foot d'avant\"},\"image\":{\"@id\":\"https:\/\/footdavant.fr\/actualites\/#\/schema\/logo\/image\/\"},\"sameAs\":[\"https:\/\/www.facebook.com\/Footdavant\/\",\"https:\/\/twitter.com\/FootdavantFr\",\"https:\/\/www.instagram.com\/footdavant.fr\/\"]},{\"@type\":\"Person\",\"@id\":\"https:\/\/footdavant.fr\/actualites\/#\/schema\/person\/bc222566d95871b37e597b3ed3ba5e1d\",\"name\":\"Cl\u00e9ment\",\"image\":{\"@type\":\"ImageObject\",\"inLanguage\":\"fr-FR\",\"@id\":\"https:\/\/footdavant.fr\/actualites\/#\/schema\/person\/image\/\",\"url\":\"https:\/\/secure.gravatar.com\/avatar\/7728b29aac2719421e1a9159b2254c44?s=96&d=mm&r=g\",\"contentUrl\":\"https:\/\/secure.gravatar.com\/avatar\/7728b29aac2719421e1a9159b2254c44?s=96&d=mm&r=g\",\"caption\":\"Cl\u00e9ment\"},\"sameAs\":[\"https:\/\/footdavant.fr\/\"]}]}<\/script>\n<!-- \/ Yoast SEO plugin. -->","yoast_head_json":{"title":"Van Dijk souligne la fatigue et est admis \u00e0 l&#39;UCL","robots":{"index":"index","follow":"follow","max-snippet":"max-snippet:-1","max-image-preview":"max-image-preview:large","max-video-preview":"max-video-preview:-1"},"canonical":"https:\/\/footdavant.fr\/actualites\/van-dijk-souligne-la-fatigue-et-est-admis-a-lucl\/","og_locale":"fr_FR","og_type":"article","og_title":"Van Dijk souligne la fatigue et est admis \u00e0 l&#39;UCL","og_description":"Liverpool a peut-\u00eatre renou\u00e9 avec la victoire contre Fulham, mais Virgil van Dijk n&#39;a pas tard\u00e9 \u00e0 souligner qu&#39;il y avait encore beaucoup de travail","og_url":"https:\/\/footdavant.fr\/actualites\/van-dijk-souligne-la-fatigue-et-est-admis-a-lucl\/","og_site_name":"Foot d&#039;avant","article_publisher":"https:\/\/www.facebook.com\/Footdavant\/","article_published_time":"2026-04-13T02:48:04+00:00","article_modified_time":"2026-04-13T02:48:06+00:00","og_image":[{"width":1200,"height":675,"url":"https:\/\/footdavant.fr\/actualites\/wp-content\/uploads\/2026\/04\/Van-Dijk-souligne-la-fatigue-et-est-admis-a-l39UCL.jpg","type":"image\/jpeg"}],"author":"Cl\u00e9ment","twitter_card":"summary_large_image","twitter_creator":"@FootdavantFr","twitter_site":"@FootdavantFr","twitter_misc":{"\u00c9crit par":"Cl\u00e9ment","Dur\u00e9e de lecture estim\u00e9e":"2 minutes"},"schema":{"@context":"https:\/\/schema.org","@graph":[{"@type":"Article","@id":"https:\/\/footdavant.fr\/actualites\/van-dijk-souligne-la-fatigue-et-est-admis-a-lucl\/#article","isPartOf":{"@id":"https:\/\/footdavant.fr\/actualites\/van-dijk-souligne-la-fatigue-et-est-admis-a-lucl\/"},"author":{"name":"Cl\u00e9ment","@id":"https:\/\/footdavant.fr\/actualites\/#\/schema\/person\/bc222566d95871b37e597b3ed3ba5e1d"},"headline":"Van Dijk souligne la fatigue et est admis \u00e0 l&#39;UCL","datePublished":"2026-04-13T02:48:04+00:00","dateModified":"2026-04-13T02:48:06+00:00","mainEntityOfPage":{"@id":"https:\/\/footdavant.fr\/actualites\/van-dijk-souligne-la-fatigue-et-est-admis-a-lucl\/"},"wordCount":418,"publisher":{"@id":"https:\/\/footdavant.fr\/actualites\/#organization"},"keywords":["admis","Dijk","est","fatigue","l39UCL","souligne","van"],"articleSection":["Football"],"inLanguage":"fr-FR"},{"@type":"WebPage","@id":"https:\/\/footdavant.fr\/actualites\/van-dijk-souligne-la-fatigue-et-est-admis-a-lucl\/","url":"https:\/\/footdavant.fr\/actualites\/van-dijk-souligne-la-fatigue-et-est-admis-a-lucl\/","name":"Van Dijk souligne la fatigue et est admis \u00e0 l&#39;UCL","isPartOf":{"@id":"https:\/\/footdavant.fr\/actualites\/#website"},"datePublished":"2026-04-13T02:48:04+00:00","dateModified":"2026-04-13T02:48:06+00:00","breadcrumb":{"@id":"https:\/\/footdavant.fr\/actualites\/van-dijk-souligne-la-fatigue-et-est-admis-a-lucl\/#breadcrumb"},"inLanguage":"fr-FR","potentialAction":[{"@type":"ReadAction","target":["https:\/\/footdavant.fr\/actualites\/van-dijk-souligne-la-fatigue-et-est-admis-a-lucl\/"]}]},{"@type":"BreadcrumbList","@id":"https:\/\/footdavant.fr\/actualites\/van-dijk-souligne-la-fatigue-et-est-admis-a-lucl\/#breadcrumb","itemListElement":[{"@type":"ListItem","position":1,"name":"Accueil","item":"https:\/\/footdavant.fr\/actualites\/"},{"@type":"ListItem","position":2,"name":"Van Dijk souligne la fatigue et est admis \u00e0 l&#39;UCL"}]},{"@type":"WebSite","@id":"https:\/\/footdavant.fr\/actualites\/#website","url":"https:\/\/footdavant.fr\/actualites\/","name":"Foot d'avant","description":"","publisher":{"@id":"https:\/\/footdavant.fr\/actualites\/#organization"},"potentialAction":[{"@type":"SearchAction","target":{"@type":"EntryPoint","urlTemplate":"https:\/\/footdavant.fr\/actualites\/?s={search_term_string}"},"query-input":"required name=search_term_string"}],"inLanguage":"fr-FR"},{"@type":"Organization","@id":"https:\/\/footdavant.fr\/actualites\/#organization","name":"Foot d'avant","url":"https:\/\/footdavant.fr\/actualites\/","logo":{"@type":"ImageObject","inLanguage":"fr-FR","@id":"https:\/\/footdavant.fr\/actualites\/#\/schema\/logo\/image\/","url":"https:\/\/footdavant.fr\/actualites\/wp-content\/uploads\/2023\/09\/Copy-of-FootDavant-Logo.png","contentUrl":"https:\/\/footdavant.fr\/actualites\/wp-content\/uploads\/2023\/09\/Copy-of-FootDavant-Logo.png","width":936,"height":549,"caption":"Foot d'avant"},"image":{"@id":"https:\/\/footdavant.fr\/actualites\/#\/schema\/logo\/image\/"},"sameAs":["https:\/\/www.facebook.com\/Footdavant\/","https:\/\/twitter.com\/FootdavantFr","https:\/\/www.instagram.com\/footdavant.fr\/"]},{"@type":"Person","@id":"https:\/\/footdavant.fr\/actualites\/#\/schema\/person\/bc222566d95871b37e597b3ed3ba5e1d","name":"Cl\u00e9ment","image":{"@type":"ImageObject","inLanguage":"fr-FR","@id":"https:\/\/footdavant.fr\/actualites\/#\/schema\/person\/image\/","url":"https:\/\/secure.gravatar.com\/avatar\/7728b29aac2719421e1a9159b2254c44?s=96&d=mm&r=g","contentUrl":"https:\/\/secure.gravatar.com\/avatar\/7728b29aac2719421e1a9159b2254c44?s=96&d=mm&r=g","caption":"Cl\u00e9ment"},"sameAs":["https:\/\/footdavant.fr\/"]}]}},"_links":{"self":[{"href":"https:\/\/footdavant.fr\/actualites\/wp-json\/wp\/v2\/posts\/36408"}],"collection":[{"href":"https:\/\/footdavant.fr\/actualites\/wp-json\/wp\/v2\/posts"}],"about":[{"href":"https:\/\/footdavant.fr\/actualites\/wp-json\/wp\/v2\/types\/post"}],"author":[{"embeddable":true,"href":"https:\/\/footdavant.fr\/actualites\/wp-json\/wp\/v2\/users\/1"}],"replies":[{"embeddable":true,"href":"https:\/\/footdavant.fr\/actualites\/wp-json\/wp\/v2\/comments?post=36408"}],"version-history":[{"count":1,"href":"https:\/\/footdavant.fr\/actualites\/wp-json\/wp\/v2\/posts\/36408\/revisions"}],"predecessor-version":[{"id":36410,"href":"https:\/\/footdavant.fr\/actualites\/wp-json\/wp\/v2\/posts\/36408\/revisions\/36410"}],"wp:featuredmedia":[{"embeddable":true,"href":"https:\/\/footdavant.fr\/actualites\/wp-json\/wp\/v2\/media\/36409"}],"wp:attachment":[{"href":"https:\/\/footdavant.fr\/actualites\/wp-json\/wp\/v2\/media?parent=36408"}],"wp:term":[{"taxonomy":"category","embeddable":true,"href":"https:\/\/footdavant.fr\/actualites\/wp-json\/wp\/v2\/categories?post=36408"},{"taxonomy":"post_tag","embeddable":true,"href":"https:\/\/footdavant.fr\/actualites\/wp-json\/wp\/v2\/tags?post=36408"}],"curies":[{"name":"wp","href":"https:\/\/api.w.org\/{rel}","templated":true}]}}