{"id":36414,"date":"2026-04-13T10:51:18","date_gmt":"2026-04-13T08:51:18","guid":{"rendered":"https:\/\/footdavant.fr\/actualites\/man-united-fait-face-a-de-grandes-decisions-concernant-trois-joueurs-michael-carrick-revelant-que-lavenir-du-trio-na-pas-ete-regle\/"},"modified":"2026-04-13T10:51:20","modified_gmt":"2026-04-13T08:51:20","slug":"man-united-fait-face-a-de-grandes-decisions-concernant-trois-joueurs-michael-carrick-revelant-que-lavenir-du-trio-na-pas-ete-regle","status":"publish","type":"post","link":"https:\/\/footdavant.fr\/actualites\/man-united-fait-face-a-de-grandes-decisions-concernant-trois-joueurs-michael-carrick-revelant-que-lavenir-du-trio-na-pas-ete-regle\/","title":{"rendered":"Man United fait face \u00e0 de grandes d\u00e9cisions concernant trois joueurs, Michael Carrick r\u00e9v\u00e9lant que l&#39;avenir du trio n&#39;a \u00ab\u00a0pas \u00e9t\u00e9 r\u00e9gl\u00e9\u00a0\u00bb"},"content":{"rendered":"<div itemprop=\"articleBody\">\n<p>L&#39;entra\u00eeneur-chef de Manchester United, Michael Carrick, a d\u00e9clar\u00e9 que les d\u00e9cisions finales sur l&#39;avenir de Jadon Sancho, Tyrell Malacia et Tom Heaton n&#39;avaient pas encore \u00e9t\u00e9 prises.<\/p>\n<p>Sancho, Malacia et Heaton n&#39;ont tous des contrats \u00e0 Old Trafford que jusqu&#39;\u00e0 fin juin.<\/p>\n<p>Heaton a de nouveau \u00e9t\u00e9 le troisi\u00e8me gardien de Man United cette saison, et le leadership du joueur de 39 ans dans le vestiaire pourrait signifier que l&#39;Anglais signe une autre prolongation.<\/p>\n<p>Le gardien de but exp\u00e9riment\u00e9 n&#39;a pas fait une seule apparition au cours des trois derni\u00e8res saisons, mais il pourrait y avoir un r\u00f4le dans le staff de Man United apr\u00e8s que le gardien se soit retir\u00e9 du football professionnel, une d\u00e9cision qu&#39;il doit prendre \u00e0 l&#39;approche de la fin de cette saison.<\/p>\n<p>Malacia, quant \u00e0 lui, n&#39;a fait que deux apparitions pour les Diables Rouges cette saison, et un nouveau contrat pour le N\u00e9erlandais est consid\u00e9r\u00e9 comme hautement improbable.<\/p>\n<div>\n<div>\n<div>\n<div>\n<p>\u00a9 Imago<\/p>\n<\/div>\n<\/div>\n<\/div>\n<\/div>\n<h2>Sancho, Malacia et Heaton verront tous leur contrat avec Man United expirer cet \u00e9t\u00e9<\/h2>\n<p>L&#39;arri\u00e8re gauche a connu une saison 2022-23 impressionnante \u00e0 Old Trafford apr\u00e8s son arriv\u00e9e de Feyenoord, mais il a eu du mal \u00e0 se remettre d&#39;une grave blessure au genou.<\/p>\n<p>Sancho, quant \u00e0 lui, est pr\u00eat\u00e9 \u00e0 Aston Villa, marquant un but et enregistrant trois passes d\u00e9cisives en 31 apparitions pour l&#39;\u00e9quipe d&#39;Unai Emery cette saison.<\/p>\n<p>Le Borussia Dortmund est consid\u00e9r\u00e9 comme le favori pour recruter \u00e0 nouveau le joueur de 26 ans pour un transfert gratuit cet \u00e9t\u00e9, si Man United d\u00e9cidait de ne pas prolonger.<\/p>\n<p>Une p\u00e9riode d\u00e9sastreuse \u00e0 Old Trafford a vu Sancho ne marquer que 12 buts et six passes d\u00e9cisives en 83 apparitions toutes comp\u00e9titions confondues.<\/p>\n<div>\n<div>\n<div>\n<div><img decoding=\"async\" data-img-id=\"132600\" class=\"lazy\" loading=\"lazy\" src=\"https:\/\/footdavant.fr\/actualites\/wp-content\/uploads\/2026\/04\/1776070278_606_Man-United-fait-face-a-de-grandes-decisions-concernant-trois.jpg\"\/><\/p>\n<p>\u00a9 Imago<\/p>\n<\/div>\n<\/div>\n<\/div>\n<\/div>\n<h2>Sancho et Malacia devraient quitter Man United mais Heaton pourrait signer une autre prolongation de contrat<\/h2>\n<p>\u00ab\u00a0Je pense qu&#39;\u00e0 l&#39;approche de l&#39;\u00e9t\u00e9, il y aura des contrats et toutes sortes de choses qui doivent \u00eatre r\u00e9gl\u00e9es, mais \u00e0 ce stade, \u00e0 ce stade, tout n&#39;est pas encore r\u00e9gl\u00e9\u00a0\u00bb, a d\u00e9clar\u00e9 Carrick aux journalistes.<\/p>\n<p>\u00ab\u00a0Je pense que nous traverserons ce pont un peu plus loin, mais c&#39;est formidable d&#39;avoir Harry (Maguire) tri\u00e9 et clair dans cette situation.<\/p>\n<p>\u00ab\u00a0Casemiro \u00e9tait vraiment un peu avant moi, donc je n&#39;\u00e9tais pas particuli\u00e8rement impliqu\u00e9 dans cela, mais je pense qu&#39;avec le temps, tout finit par s&#39;arranger. Nous ne sommes tout simplement pas \u00e0 ce stade o\u00f9 tout le reste est r\u00e9gl\u00e9 pour l&#39;instant.<\/p>\n<p data-tmdatatrack=\"content-unit\" data-tmdatatrack-type=\"paragraph\" data-tmdatatrack-visible=\"true\">\u00ab\u00a0Certes, dans le r\u00f4le que j&#39;occupe, c&#39;est le genre de d\u00e9cisions dont vous devez prendre soin. Et je l&#39;ai dit d\u00e8s mon arriv\u00e9e ici. J&#39;en fais partie et quoi que cela ressemble \u00e0 l&#39;avenir, j&#39;en fais partie.<\/p>\n<p data-marker-percentage=\"75\" data-tmdatatrack=\"content-unit\" data-tmdatatrack-type=\"paragraph\" data-tmdatatrack-visible=\"true\">\u00ab\u00a0Et essayer d&#39;am\u00e9liorer les choses et de les rendre meilleures tout le temps. Alors oui, il y a certainement des conversations dans diff\u00e9rentes directions et diff\u00e9rentes choses dont je fais d\u00e9finitivement partie.<\/p>\n<p data-marker-percentage=\"75\" data-tmdatatrack=\"content-unit\" data-tmdatatrack-type=\"paragraph\" data-tmdatatrack-visible=\"true\">\u00ab\u00a0Et je pense que \u00e7a devrait \u00eatre ainsi de toute fa\u00e7on, parce que les choses doivent \u00eatre faites, vous savez. Donc je suis l\u00e0 pour m&#39;occuper de \u00e7a.\u00a0\u00bb<\/p>\n<p data-marker-percentage=\"75\" data-tmdatatrack=\"content-unit\" data-tmdatatrack-type=\"paragraph\" data-tmdatatrack-visible=\"true\">Harry Maguire de Man United a r\u00e9cemment sign\u00e9 un nouveau contrat \u00e0 Old Trafford, tandis que Kobbie Mainoo devrait embo\u00eeter le pas dans un avenir proche.<\/p>\n<\/div>\n","protected":false},"excerpt":{"rendered":"<p>L&#39;entra\u00eeneur-chef de Manchester United, Michael Carrick, a d\u00e9clar\u00e9 que les d\u00e9cisions finales sur l&#39;avenir de Jadon Sancho, Tyrell Malacia et Tom Heaton n&#39;avaient pas encore<\/p>\n","protected":false},"author":1,"featured_media":35875,"comment_status":"closed","ping_status":"","sticky":false,"template":"","format":"standard","meta":{"footnotes":""},"categories":[5],"tags":[5200,1313,3408,776,1062,152,5747,220,4309,24,1105,4238,71,6101,11829,845,947,13],"yoast_head":"<!-- This site is optimized with the Yoast SEO plugin v21.0 - https:\/\/yoast.com\/wordpress\/plugins\/seo\/ -->\n<title>Man United fait face \u00e0 de grandes d\u00e9cisions concernant trois joueurs, Michael Carrick r\u00e9v\u00e9lant que l&#039;avenir du trio n&#039;a &quot;pas \u00e9t\u00e9 r\u00e9gl\u00e9&quot;<\/title>\n<meta name=\"robots\" content=\"index, follow, max-snippet:-1, max-image-preview:large, max-video-preview:-1\" \/>\n<link rel=\"canonical\" href=\"https:\/\/footdavant.fr\/actualites\/man-united-fait-face-a-de-grandes-decisions-concernant-trois-joueurs-michael-carrick-revelant-que-lavenir-du-trio-na-pas-ete-regle\/\" \/>\n<meta property=\"og:locale\" content=\"fr_FR\" \/>\n<meta property=\"og:type\" content=\"article\" \/>\n<meta property=\"og:title\" content=\"Man United fait face \u00e0 de grandes d\u00e9cisions concernant trois joueurs, Michael Carrick r\u00e9v\u00e9lant que l&#039;avenir du trio n&#039;a &quot;pas \u00e9t\u00e9 r\u00e9gl\u00e9&quot;\" \/>\n<meta property=\"og:description\" content=\"L&#039;entra\u00eeneur-chef de Manchester United, Michael Carrick, a d\u00e9clar\u00e9 que les d\u00e9cisions finales sur l&#039;avenir de Jadon Sancho, Tyrell Malacia et Tom Heaton n&#039;avaient pas encore\" \/>\n<meta property=\"og:url\" content=\"https:\/\/footdavant.fr\/actualites\/man-united-fait-face-a-de-grandes-decisions-concernant-trois-joueurs-michael-carrick-revelant-que-lavenir-du-trio-na-pas-ete-regle\/\" \/>\n<meta property=\"og:site_name\" content=\"Foot d&#039;avant\" \/>\n<meta property=\"article:publisher\" content=\"https:\/\/www.facebook.com\/Footdavant\/\" \/>\n<meta property=\"article:published_time\" content=\"2026-04-13T08:51:18+00:00\" \/>\n<meta property=\"article:modified_time\" content=\"2026-04-13T08:51:20+00:00\" \/>\n<meta property=\"og:image\" content=\"https:\/\/footdavant.fr\/actualites\/wp-content\/uploads\/2026\/03\/Nouvelles-du-transfert-de-Man-United-les-Red-Devils-subissent.net2Fuploads2F20262F032Farne-slot-mo-sal.webp\" \/>\n\t<meta property=\"og:image:width\" content=\"720\" \/>\n\t<meta property=\"og:image:height\" content=\"410\" \/>\n\t<meta property=\"og:image:type\" content=\"image\/webp\" \/>\n<meta name=\"author\" content=\"Cl\u00e9ment\" \/>\n<meta name=\"twitter:card\" content=\"summary_large_image\" \/>\n<meta name=\"twitter:creator\" content=\"@FootdavantFr\" \/>\n<meta name=\"twitter:site\" content=\"@FootdavantFr\" \/>\n<meta name=\"twitter:label1\" content=\"\u00c9crit par\" \/>\n\t<meta name=\"twitter:data1\" content=\"Cl\u00e9ment\" \/>\n\t<meta name=\"twitter:label2\" content=\"Dur\u00e9e de lecture estim\u00e9e\" \/>\n\t<meta name=\"twitter:data2\" content=\"3 minutes\" \/>\n<script type=\"application\/ld+json\" class=\"yoast-schema-graph\">{\"@context\":\"https:\/\/schema.org\",\"@graph\":[{\"@type\":\"Article\",\"@id\":\"https:\/\/footdavant.fr\/actualites\/man-united-fait-face-a-de-grandes-decisions-concernant-trois-joueurs-michael-carrick-revelant-que-lavenir-du-trio-na-pas-ete-regle\/#article\",\"isPartOf\":{\"@id\":\"https:\/\/footdavant.fr\/actualites\/man-united-fait-face-a-de-grandes-decisions-concernant-trois-joueurs-michael-carrick-revelant-que-lavenir-du-trio-na-pas-ete-regle\/\"},\"author\":{\"name\":\"Cl\u00e9ment\",\"@id\":\"https:\/\/footdavant.fr\/actualites\/#\/schema\/person\/bc222566d95871b37e597b3ed3ba5e1d\"},\"headline\":\"Man United fait face \u00e0 de grandes d\u00e9cisions concernant trois joueurs, Michael Carrick r\u00e9v\u00e9lant que l&#39;avenir du trio n&#39;a \u00ab\u00a0pas \u00e9t\u00e9 r\u00e9gl\u00e9\u00a0\u00bb\",\"datePublished\":\"2026-04-13T08:51:18+00:00\",\"dateModified\":\"2026-04-13T08:51:20+00:00\",\"mainEntityOfPage\":{\"@id\":\"https:\/\/footdavant.fr\/actualites\/man-united-fait-face-a-de-grandes-decisions-concernant-trois-joueurs-michael-carrick-revelant-que-lavenir-du-trio-na-pas-ete-regle\/\"},\"wordCount\":599,\"publisher\":{\"@id\":\"https:\/\/footdavant.fr\/actualites\/#organization\"},\"keywords\":[\"Carrick\",\"concernant\",\"d\u00e9cisions\",\"\u00e9t\u00e9\",\"face\",\"fait\",\"grandes\",\"joueurs\",\"l39avenir\",\"Man\",\"Michael\",\"n39a\",\"pas\",\"r\u00e8gle\",\"r\u00e9v\u00e9lant\",\"trio\",\"trois\",\"United\"],\"articleSection\":[\"Premier League\"],\"inLanguage\":\"fr-FR\"},{\"@type\":\"WebPage\",\"@id\":\"https:\/\/footdavant.fr\/actualites\/man-united-fait-face-a-de-grandes-decisions-concernant-trois-joueurs-michael-carrick-revelant-que-lavenir-du-trio-na-pas-ete-regle\/\",\"url\":\"https:\/\/footdavant.fr\/actualites\/man-united-fait-face-a-de-grandes-decisions-concernant-trois-joueurs-michael-carrick-revelant-que-lavenir-du-trio-na-pas-ete-regle\/\",\"name\":\"Man United fait face \u00e0 de grandes d\u00e9cisions concernant trois joueurs, Michael Carrick r\u00e9v\u00e9lant que l&#39;avenir du trio n&#39;a \\\"pas \u00e9t\u00e9 r\u00e9gl\u00e9\\\"\",\"isPartOf\":{\"@id\":\"https:\/\/footdavant.fr\/actualites\/#website\"},\"datePublished\":\"2026-04-13T08:51:18+00:00\",\"dateModified\":\"2026-04-13T08:51:20+00:00\",\"breadcrumb\":{\"@id\":\"https:\/\/footdavant.fr\/actualites\/man-united-fait-face-a-de-grandes-decisions-concernant-trois-joueurs-michael-carrick-revelant-que-lavenir-du-trio-na-pas-ete-regle\/#breadcrumb\"},\"inLanguage\":\"fr-FR\",\"potentialAction\":[{\"@type\":\"ReadAction\",\"target\":[\"https:\/\/footdavant.fr\/actualites\/man-united-fait-face-a-de-grandes-decisions-concernant-trois-joueurs-michael-carrick-revelant-que-lavenir-du-trio-na-pas-ete-regle\/\"]}]},{\"@type\":\"BreadcrumbList\",\"@id\":\"https:\/\/footdavant.fr\/actualites\/man-united-fait-face-a-de-grandes-decisions-concernant-trois-joueurs-michael-carrick-revelant-que-lavenir-du-trio-na-pas-ete-regle\/#breadcrumb\",\"itemListElement\":[{\"@type\":\"ListItem\",\"position\":1,\"name\":\"Accueil\",\"item\":\"https:\/\/footdavant.fr\/actualites\/\"},{\"@type\":\"ListItem\",\"position\":2,\"name\":\"Man United fait face \u00e0 de grandes d\u00e9cisions concernant trois joueurs, Michael Carrick r\u00e9v\u00e9lant que l&#39;avenir du trio n&#39;a \u00ab\u00a0pas \u00e9t\u00e9 r\u00e9gl\u00e9\u00a0\u00bb\"}]},{\"@type\":\"WebSite\",\"@id\":\"https:\/\/footdavant.fr\/actualites\/#website\",\"url\":\"https:\/\/footdavant.fr\/actualites\/\",\"name\":\"Foot d'avant\",\"description\":\"\",\"publisher\":{\"@id\":\"https:\/\/footdavant.fr\/actualites\/#organization\"},\"potentialAction\":[{\"@type\":\"SearchAction\",\"target\":{\"@type\":\"EntryPoint\",\"urlTemplate\":\"https:\/\/footdavant.fr\/actualites\/?s={search_term_string}\"},\"query-input\":\"required name=search_term_string\"}],\"inLanguage\":\"fr-FR\"},{\"@type\":\"Organization\",\"@id\":\"https:\/\/footdavant.fr\/actualites\/#organization\",\"name\":\"Foot d'avant\",\"url\":\"https:\/\/footdavant.fr\/actualites\/\",\"logo\":{\"@type\":\"ImageObject\",\"inLanguage\":\"fr-FR\",\"@id\":\"https:\/\/footdavant.fr\/actualites\/#\/schema\/logo\/image\/\",\"url\":\"https:\/\/footdavant.fr\/actualites\/wp-content\/uploads\/2023\/09\/Copy-of-FootDavant-Logo.png\",\"contentUrl\":\"https:\/\/footdavant.fr\/actualites\/wp-content\/uploads\/2023\/09\/Copy-of-FootDavant-Logo.png\",\"width\":936,\"height\":549,\"caption\":\"Foot d'avant\"},\"image\":{\"@id\":\"https:\/\/footdavant.fr\/actualites\/#\/schema\/logo\/image\/\"},\"sameAs\":[\"https:\/\/www.facebook.com\/Footdavant\/\",\"https:\/\/twitter.com\/FootdavantFr\",\"https:\/\/www.instagram.com\/footdavant.fr\/\"]},{\"@type\":\"Person\",\"@id\":\"https:\/\/footdavant.fr\/actualites\/#\/schema\/person\/bc222566d95871b37e597b3ed3ba5e1d\",\"name\":\"Cl\u00e9ment\",\"image\":{\"@type\":\"ImageObject\",\"inLanguage\":\"fr-FR\",\"@id\":\"https:\/\/footdavant.fr\/actualites\/#\/schema\/person\/image\/\",\"url\":\"https:\/\/secure.gravatar.com\/avatar\/7728b29aac2719421e1a9159b2254c44?s=96&d=mm&r=g\",\"contentUrl\":\"https:\/\/secure.gravatar.com\/avatar\/7728b29aac2719421e1a9159b2254c44?s=96&d=mm&r=g\",\"caption\":\"Cl\u00e9ment\"},\"sameAs\":[\"https:\/\/footdavant.fr\/\"]}]}<\/script>\n<!-- \/ Yoast SEO plugin. -->","yoast_head_json":{"title":"Man United fait face \u00e0 de grandes d\u00e9cisions concernant trois joueurs, Michael Carrick r\u00e9v\u00e9lant que l&#39;avenir du trio n&#39;a \"pas \u00e9t\u00e9 r\u00e9gl\u00e9\"","robots":{"index":"index","follow":"follow","max-snippet":"max-snippet:-1","max-image-preview":"max-image-preview:large","max-video-preview":"max-video-preview:-1"},"canonical":"https:\/\/footdavant.fr\/actualites\/man-united-fait-face-a-de-grandes-decisions-concernant-trois-joueurs-michael-carrick-revelant-que-lavenir-du-trio-na-pas-ete-regle\/","og_locale":"fr_FR","og_type":"article","og_title":"Man United fait face \u00e0 de grandes d\u00e9cisions concernant trois joueurs, Michael Carrick r\u00e9v\u00e9lant que l&#39;avenir du trio n&#39;a \"pas \u00e9t\u00e9 r\u00e9gl\u00e9\"","og_description":"L&#39;entra\u00eeneur-chef de Manchester United, Michael Carrick, a d\u00e9clar\u00e9 que les d\u00e9cisions finales sur l&#39;avenir de Jadon Sancho, Tyrell Malacia et Tom Heaton n&#39;avaient pas encore","og_url":"https:\/\/footdavant.fr\/actualites\/man-united-fait-face-a-de-grandes-decisions-concernant-trois-joueurs-michael-carrick-revelant-que-lavenir-du-trio-na-pas-ete-regle\/","og_site_name":"Foot d&#039;avant","article_publisher":"https:\/\/www.facebook.com\/Footdavant\/","article_published_time":"2026-04-13T08:51:18+00:00","article_modified_time":"2026-04-13T08:51:20+00:00","og_image":[{"width":720,"height":410,"url":"https:\/\/footdavant.fr\/actualites\/wp-content\/uploads\/2026\/03\/Nouvelles-du-transfert-de-Man-United-les-Red-Devils-subissent.net2Fuploads2F20262F032Farne-slot-mo-sal.webp","type":"image\/webp"}],"author":"Cl\u00e9ment","twitter_card":"summary_large_image","twitter_creator":"@FootdavantFr","twitter_site":"@FootdavantFr","twitter_misc":{"\u00c9crit par":"Cl\u00e9ment","Dur\u00e9e de lecture estim\u00e9e":"3 minutes"},"schema":{"@context":"https:\/\/schema.org","@graph":[{"@type":"Article","@id":"https:\/\/footdavant.fr\/actualites\/man-united-fait-face-a-de-grandes-decisions-concernant-trois-joueurs-michael-carrick-revelant-que-lavenir-du-trio-na-pas-ete-regle\/#article","isPartOf":{"@id":"https:\/\/footdavant.fr\/actualites\/man-united-fait-face-a-de-grandes-decisions-concernant-trois-joueurs-michael-carrick-revelant-que-lavenir-du-trio-na-pas-ete-regle\/"},"author":{"name":"Cl\u00e9ment","@id":"https:\/\/footdavant.fr\/actualites\/#\/schema\/person\/bc222566d95871b37e597b3ed3ba5e1d"},"headline":"Man United fait face \u00e0 de grandes d\u00e9cisions concernant trois joueurs, Michael Carrick r\u00e9v\u00e9lant que l&#39;avenir du trio n&#39;a \u00ab\u00a0pas \u00e9t\u00e9 r\u00e9gl\u00e9\u00a0\u00bb","datePublished":"2026-04-13T08:51:18+00:00","dateModified":"2026-04-13T08:51:20+00:00","mainEntityOfPage":{"@id":"https:\/\/footdavant.fr\/actualites\/man-united-fait-face-a-de-grandes-decisions-concernant-trois-joueurs-michael-carrick-revelant-que-lavenir-du-trio-na-pas-ete-regle\/"},"wordCount":599,"publisher":{"@id":"https:\/\/footdavant.fr\/actualites\/#organization"},"keywords":["Carrick","concernant","d\u00e9cisions","\u00e9t\u00e9","face","fait","grandes","joueurs","l39avenir","Man","Michael","n39a","pas","r\u00e8gle","r\u00e9v\u00e9lant","trio","trois","United"],"articleSection":["Premier League"],"inLanguage":"fr-FR"},{"@type":"WebPage","@id":"https:\/\/footdavant.fr\/actualites\/man-united-fait-face-a-de-grandes-decisions-concernant-trois-joueurs-michael-carrick-revelant-que-lavenir-du-trio-na-pas-ete-regle\/","url":"https:\/\/footdavant.fr\/actualites\/man-united-fait-face-a-de-grandes-decisions-concernant-trois-joueurs-michael-carrick-revelant-que-lavenir-du-trio-na-pas-ete-regle\/","name":"Man United fait face \u00e0 de grandes d\u00e9cisions concernant trois joueurs, Michael Carrick r\u00e9v\u00e9lant que l&#39;avenir du trio n&#39;a \"pas \u00e9t\u00e9 r\u00e9gl\u00e9\"","isPartOf":{"@id":"https:\/\/footdavant.fr\/actualites\/#website"},"datePublished":"2026-04-13T08:51:18+00:00","dateModified":"2026-04-13T08:51:20+00:00","breadcrumb":{"@id":"https:\/\/footdavant.fr\/actualites\/man-united-fait-face-a-de-grandes-decisions-concernant-trois-joueurs-michael-carrick-revelant-que-lavenir-du-trio-na-pas-ete-regle\/#breadcrumb"},"inLanguage":"fr-FR","potentialAction":[{"@type":"ReadAction","target":["https:\/\/footdavant.fr\/actualites\/man-united-fait-face-a-de-grandes-decisions-concernant-trois-joueurs-michael-carrick-revelant-que-lavenir-du-trio-na-pas-ete-regle\/"]}]},{"@type":"BreadcrumbList","@id":"https:\/\/footdavant.fr\/actualites\/man-united-fait-face-a-de-grandes-decisions-concernant-trois-joueurs-michael-carrick-revelant-que-lavenir-du-trio-na-pas-ete-regle\/#breadcrumb","itemListElement":[{"@type":"ListItem","position":1,"name":"Accueil","item":"https:\/\/footdavant.fr\/actualites\/"},{"@type":"ListItem","position":2,"name":"Man United fait face \u00e0 de grandes d\u00e9cisions concernant trois joueurs, Michael Carrick r\u00e9v\u00e9lant que l&#39;avenir du trio n&#39;a \u00ab\u00a0pas \u00e9t\u00e9 r\u00e9gl\u00e9\u00a0\u00bb"}]},{"@type":"WebSite","@id":"https:\/\/footdavant.fr\/actualites\/#website","url":"https:\/\/footdavant.fr\/actualites\/","name":"Foot d'avant","description":"","publisher":{"@id":"https:\/\/footdavant.fr\/actualites\/#organization"},"potentialAction":[{"@type":"SearchAction","target":{"@type":"EntryPoint","urlTemplate":"https:\/\/footdavant.fr\/actualites\/?s={search_term_string}"},"query-input":"required name=search_term_string"}],"inLanguage":"fr-FR"},{"@type":"Organization","@id":"https:\/\/footdavant.fr\/actualites\/#organization","name":"Foot d'avant","url":"https:\/\/footdavant.fr\/actualites\/","logo":{"@type":"ImageObject","inLanguage":"fr-FR","@id":"https:\/\/footdavant.fr\/actualites\/#\/schema\/logo\/image\/","url":"https:\/\/footdavant.fr\/actualites\/wp-content\/uploads\/2023\/09\/Copy-of-FootDavant-Logo.png","contentUrl":"https:\/\/footdavant.fr\/actualites\/wp-content\/uploads\/2023\/09\/Copy-of-FootDavant-Logo.png","width":936,"height":549,"caption":"Foot d'avant"},"image":{"@id":"https:\/\/footdavant.fr\/actualites\/#\/schema\/logo\/image\/"},"sameAs":["https:\/\/www.facebook.com\/Footdavant\/","https:\/\/twitter.com\/FootdavantFr","https:\/\/www.instagram.com\/footdavant.fr\/"]},{"@type":"Person","@id":"https:\/\/footdavant.fr\/actualites\/#\/schema\/person\/bc222566d95871b37e597b3ed3ba5e1d","name":"Cl\u00e9ment","image":{"@type":"ImageObject","inLanguage":"fr-FR","@id":"https:\/\/footdavant.fr\/actualites\/#\/schema\/person\/image\/","url":"https:\/\/secure.gravatar.com\/avatar\/7728b29aac2719421e1a9159b2254c44?s=96&d=mm&r=g","contentUrl":"https:\/\/secure.gravatar.com\/avatar\/7728b29aac2719421e1a9159b2254c44?s=96&d=mm&r=g","caption":"Cl\u00e9ment"},"sameAs":["https:\/\/footdavant.fr\/"]}]}},"_links":{"self":[{"href":"https:\/\/footdavant.fr\/actualites\/wp-json\/wp\/v2\/posts\/36414"}],"collection":[{"href":"https:\/\/footdavant.fr\/actualites\/wp-json\/wp\/v2\/posts"}],"about":[{"href":"https:\/\/footdavant.fr\/actualites\/wp-json\/wp\/v2\/types\/post"}],"author":[{"embeddable":true,"href":"https:\/\/footdavant.fr\/actualites\/wp-json\/wp\/v2\/users\/1"}],"replies":[{"embeddable":true,"href":"https:\/\/footdavant.fr\/actualites\/wp-json\/wp\/v2\/comments?post=36414"}],"version-history":[{"count":1,"href":"https:\/\/footdavant.fr\/actualites\/wp-json\/wp\/v2\/posts\/36414\/revisions"}],"predecessor-version":[{"id":36415,"href":"https:\/\/footdavant.fr\/actualites\/wp-json\/wp\/v2\/posts\/36414\/revisions\/36415"}],"wp:featuredmedia":[{"embeddable":true,"href":"https:\/\/footdavant.fr\/actualites\/wp-json\/wp\/v2\/media\/35875"}],"wp:attachment":[{"href":"https:\/\/footdavant.fr\/actualites\/wp-json\/wp\/v2\/media?parent=36414"}],"wp:term":[{"taxonomy":"category","embeddable":true,"href":"https:\/\/footdavant.fr\/actualites\/wp-json\/wp\/v2\/categories?post=36414"},{"taxonomy":"post_tag","embeddable":true,"href":"https:\/\/footdavant.fr\/actualites\/wp-json\/wp\/v2\/tags?post=36414"}],"curies":[{"name":"wp","href":"https:\/\/api.w.org\/{rel}","templated":true}]}}