{"id":36416,"date":"2026-04-13T12:48:13","date_gmt":"2026-04-13T10:48:13","guid":{"rendered":"https:\/\/footdavant.fr\/actualites\/rafael-leao-man-united-en-alerte-rouge-alors-que-lac-milan-fait-un-appel-de-transfert-decisif\/"},"modified":"2026-04-13T12:48:14","modified_gmt":"2026-04-13T10:48:14","slug":"rafael-leao-man-united-en-alerte-rouge-alors-que-lac-milan-fait-un-appel-de-transfert-decisif","status":"publish","type":"post","link":"https:\/\/footdavant.fr\/actualites\/rafael-leao-man-united-en-alerte-rouge-alors-que-lac-milan-fait-un-appel-de-transfert-decisif\/","title":{"rendered":"Rafael Leao: Man United en alerte rouge alors que l&#39;AC Milan fait un appel de transfert d\u00e9cisif &#8211;"},"content":{"rendered":"<div id=\"penci-post-entry-inner\">\n<p>\t\t\t<i class=\"penci-post-countview-number-check\" style=\"display:none\">1<\/i><\/p>\n<p><!--Article Start--><br \/>Manchester United pourrait b\u00e9n\u00e9ficier massivement de la d\u00e9cision majeure de transfert de l&#39;AC Milan concernant Rafael Leao.<\/p>\n<h3>Int\u00e9r\u00eat de L\u00e9ao<\/h3>\n<p>United devrait \u00eatre \u00e0 la recherche d\u2019un nouvel ailier gauche dans la prochaine fen\u00eatre, Marcus Rashford et Jadon Sancho devant quitter le club. Rashford est susceptible de sceller un transfert permanent \u00e0 Barcelone apr\u00e8s une p\u00e9riode de pr\u00eat impressionnante, tandis que Sancho sera lib\u00e9r\u00e9 \u00e0 l&#39;expiration de son contrat.<\/p>\n<p>Les Diables Rouges ont jusqu\u2019\u00e0 pr\u00e9sent \u00e9t\u00e9 li\u00e9s \u00e0 Iliman Ndiaye (Everton), Mateus Mane (Wolverhampton Wanderers) et Yan Diomande (RB Leipzig).<\/p>\n<p>Un rapport pr\u00e9c\u00e9dent couvert par The Peoples Person indiquait que United pourrait \u00e9galement lorgner sur Leao, un joueur qu&#39;ils auraient suivi pendant des ann\u00e9es mais n&#39;auraient jamais sign\u00e9, principalement parce que Milan n&#39;\u00e9tait pas dispos\u00e9 \u00e0 vendre. Ces derni\u00e8res ann\u00e9es, l&#39;international portugais a illumin\u00e9 la Serie A, terrorisant les d\u00e9fenses avec son rythme explosif et ses pieds rapides.<\/p>\n<p>Pas plus tard que le mois dernier, il a \u00e9t\u00e9 affirm\u00e9 que Leao n&#39;avait aucune envie de quitter San Siro. Il a m\u00eame \u00e9t\u00e9 sugg\u00e9r\u00e9 qu&#39;il pourrait se voir proposer un nouveau contrat pour prolonger son s\u00e9jour avec les g\u00e9ants italiens.<\/p>\n<p>Cependant, un nouveau rapport a d\u00e9taill\u00e9 comment les choses ont chang\u00e9 et il semble d\u00e9sormais de plus en plus probable que Leao soit vendu cet \u00e9t\u00e9.<\/p>\n<h3>Mise \u00e0 jour du transfert Leao<\/h3>\n<p>Selon Gazzetta.it, les relations tendues de Leao avec les fans de Milan ont d\u00e9sormais rendu \u00ab plus facile \u00bb que jamais pour les pr\u00e9tendants d&#39;intervenir et d&#39;obtenir sa signature.<\/p>\n<p>Samedi, alors que Milan subissait une d\u00e9faite 3-0 contre l&#39;Udinese, l&#39;attaquant a \u00e9t\u00e9 accueilli par de fortes hu\u00e9es \u00e0 San Siro. On pense que les quolibets l&#39;ont bless\u00e9, surtout apr\u00e8s avoir travers\u00e9 la barri\u00e8re de la douleur alors qu&#39;il \u00e9voluait dans une position d&#39;avant-centre largement contre nature.<\/p>\n<p>Gazzetta.it affirme que Leao n&#39;a \u00ab\u00a0jamais eu une aussi mauvaise relation avec ses fans\u00a0\u00bb. Il est d\u00e9sormais possible pour les pr\u00e9tendants d&#39;appeler Milan et d&#39;entamer des n\u00e9gociations pour un \u00ab prix raisonnable \u00bb.<\/p>\n<p>Pour le moment, il n&#39;y a aucune offre pour le joueur de 26 ans et aucune n\u00e9gociation n&#39;est en cours. Il est toujours prot\u00e9g\u00e9 par une clause lib\u00e9ratoire d&#39;une valeur d&#39;environ 175 millions d&#39;euros (152 millions de livres sterling), mais il n&#39;y a aucune chance que Milan obtienne quelque chose de proche de cette somme. Milan sait qu&#39;il devra accepter des honoraires inf\u00e9rieurs en raison de ses performances en baisse et parce qu&#39;il lui reste deux ans de contrat.<\/p>\n<p>Une fourchette de 40 \u00e0 50 millions d&#39;euros est plus viable, mais la valorisation exacte de Milan est inconnue \u00e0 ce stade.<\/p>\n<p>Concernant les destinations potentielles pour Leao, le m\u00e9dia explique : \u00ab La Premier League et l\u2019Arabie Saoudite, si la situation politique le permet, sont les options les plus logiques. \u00bb<\/p>\n<p>\u00ab\u00a0Le Bayern et Barcelone ont \u00e9t\u00e9 les deux \u00e9quipes les plus int\u00e9ress\u00e9es par lui ces derniers temps : ils ont s\u00e9rieusement envisag\u00e9 cette d\u00e9cision. Manchester United pourrait \u00eatre une meilleure option que d&#39;autres clubs.\u00a0\u00bb<\/p>\n<p>Leao a disput\u00e9 24 matches de Serie A cette saison, contribuant neuf buts et deux passes d\u00e9cisives.<\/p>\n<hr\/>\n<p>The Peoples Person est l&#39;un des principaux sites d&#39;information de Man United au monde depuis plus d&#39;une d\u00e9cennie. Suivez-nous sur Bluesky\u00a0: @peoplesperson.bsky.social<\/p>\n<p><!-- CONTENT END 2 --><\/p><\/div>\n","protected":false},"excerpt":{"rendered":"<p>1 Manchester United pourrait b\u00e9n\u00e9ficier massivement de la d\u00e9cision majeure de transfert de l&#39;AC Milan concernant Rafael Leao. Int\u00e9r\u00eat de L\u00e9ao United devrait \u00eatre \u00e0<\/p>\n","protected":false},"author":1,"featured_media":36417,"comment_status":"closed","ping_status":"","sticky":false,"template":"","format":"standard","meta":{"footnotes":""},"categories":[3],"tags":[3619,318,724,5518,152,4416,7478,24,250,7477,436,700,13],"yoast_head":"<!-- This site is optimized with the Yoast SEO plugin v21.0 - https:\/\/yoast.com\/wordpress\/plugins\/seo\/ -->\n<title>Rafael Leao: Man United en alerte rouge alors que l&#039;AC Milan fait un appel de transfert d\u00e9cisif -<\/title>\n<meta name=\"robots\" content=\"index, follow, max-snippet:-1, max-image-preview:large, max-video-preview:-1\" \/>\n<link rel=\"canonical\" href=\"https:\/\/footdavant.fr\/actualites\/rafael-leao-man-united-en-alerte-rouge-alors-que-lac-milan-fait-un-appel-de-transfert-decisif\/\" \/>\n<meta property=\"og:locale\" content=\"fr_FR\" \/>\n<meta property=\"og:type\" content=\"article\" \/>\n<meta property=\"og:title\" content=\"Rafael Leao: Man United en alerte rouge alors que l&#039;AC Milan fait un appel de transfert d\u00e9cisif -\" \/>\n<meta property=\"og:description\" content=\"1 Manchester United pourrait b\u00e9n\u00e9ficier massivement de la d\u00e9cision majeure de transfert de l&#039;AC Milan concernant Rafael Leao. Int\u00e9r\u00eat de L\u00e9ao United devrait \u00eatre \u00e0\" \/>\n<meta property=\"og:url\" content=\"https:\/\/footdavant.fr\/actualites\/rafael-leao-man-united-en-alerte-rouge-alors-que-lac-milan-fait-un-appel-de-transfert-decisif\/\" \/>\n<meta property=\"og:site_name\" content=\"Foot d&#039;avant\" \/>\n<meta property=\"article:publisher\" content=\"https:\/\/www.facebook.com\/Footdavant\/\" \/>\n<meta property=\"article:published_time\" content=\"2026-04-13T10:48:13+00:00\" \/>\n<meta property=\"article:modified_time\" content=\"2026-04-13T10:48:14+00:00\" \/>\n<meta property=\"og:image\" content=\"https:\/\/footdavant.fr\/actualites\/wp-content\/uploads\/2026\/04\/Rafael-Leao-Man-United-en-alerte-rouge-alors-que-l39AC.jpg\" \/>\n\t<meta property=\"og:image:width\" content=\"1600\" \/>\n\t<meta property=\"og:image:height\" content=\"700\" \/>\n\t<meta property=\"og:image:type\" content=\"image\/jpeg\" \/>\n<meta name=\"author\" content=\"Cl\u00e9ment\" \/>\n<meta name=\"twitter:card\" content=\"summary_large_image\" \/>\n<meta name=\"twitter:creator\" content=\"@FootdavantFr\" \/>\n<meta name=\"twitter:site\" content=\"@FootdavantFr\" \/>\n<meta name=\"twitter:label1\" content=\"\u00c9crit par\" \/>\n\t<meta name=\"twitter:data1\" content=\"Cl\u00e9ment\" \/>\n\t<meta name=\"twitter:label2\" content=\"Dur\u00e9e de lecture estim\u00e9e\" \/>\n\t<meta name=\"twitter:data2\" content=\"3 minutes\" \/>\n<script type=\"application\/ld+json\" class=\"yoast-schema-graph\">{\"@context\":\"https:\/\/schema.org\",\"@graph\":[{\"@type\":\"Article\",\"@id\":\"https:\/\/footdavant.fr\/actualites\/rafael-leao-man-united-en-alerte-rouge-alors-que-lac-milan-fait-un-appel-de-transfert-decisif\/#article\",\"isPartOf\":{\"@id\":\"https:\/\/footdavant.fr\/actualites\/rafael-leao-man-united-en-alerte-rouge-alors-que-lac-milan-fait-un-appel-de-transfert-decisif\/\"},\"author\":{\"name\":\"Cl\u00e9ment\",\"@id\":\"https:\/\/footdavant.fr\/actualites\/#\/schema\/person\/bc222566d95871b37e597b3ed3ba5e1d\"},\"headline\":\"Rafael Leao: Man United en alerte rouge alors que l&#39;AC Milan fait un appel de transfert d\u00e9cisif &#8211;\",\"datePublished\":\"2026-04-13T10:48:13+00:00\",\"dateModified\":\"2026-04-13T10:48:14+00:00\",\"mainEntityOfPage\":{\"@id\":\"https:\/\/footdavant.fr\/actualites\/rafael-leao-man-united-en-alerte-rouge-alors-que-lac-milan-fait-un-appel-de-transfert-decisif\/\"},\"wordCount\":613,\"publisher\":{\"@id\":\"https:\/\/footdavant.fr\/actualites\/#organization\"},\"keywords\":[\"alerte\",\"alors\",\"appel\",\"d\u00e9cisif\",\"fait\",\"L39AC\",\"Leao\",\"Man\",\"Milan\",\"Rafael\",\"rouge\",\"transfert\",\"United\"],\"articleSection\":[\"Football\"],\"inLanguage\":\"fr-FR\"},{\"@type\":\"WebPage\",\"@id\":\"https:\/\/footdavant.fr\/actualites\/rafael-leao-man-united-en-alerte-rouge-alors-que-lac-milan-fait-un-appel-de-transfert-decisif\/\",\"url\":\"https:\/\/footdavant.fr\/actualites\/rafael-leao-man-united-en-alerte-rouge-alors-que-lac-milan-fait-un-appel-de-transfert-decisif\/\",\"name\":\"Rafael Leao: Man United en alerte rouge alors que l&#39;AC Milan fait un appel de transfert d\u00e9cisif -\",\"isPartOf\":{\"@id\":\"https:\/\/footdavant.fr\/actualites\/#website\"},\"datePublished\":\"2026-04-13T10:48:13+00:00\",\"dateModified\":\"2026-04-13T10:48:14+00:00\",\"breadcrumb\":{\"@id\":\"https:\/\/footdavant.fr\/actualites\/rafael-leao-man-united-en-alerte-rouge-alors-que-lac-milan-fait-un-appel-de-transfert-decisif\/#breadcrumb\"},\"inLanguage\":\"fr-FR\",\"potentialAction\":[{\"@type\":\"ReadAction\",\"target\":[\"https:\/\/footdavant.fr\/actualites\/rafael-leao-man-united-en-alerte-rouge-alors-que-lac-milan-fait-un-appel-de-transfert-decisif\/\"]}]},{\"@type\":\"BreadcrumbList\",\"@id\":\"https:\/\/footdavant.fr\/actualites\/rafael-leao-man-united-en-alerte-rouge-alors-que-lac-milan-fait-un-appel-de-transfert-decisif\/#breadcrumb\",\"itemListElement\":[{\"@type\":\"ListItem\",\"position\":1,\"name\":\"Accueil\",\"item\":\"https:\/\/footdavant.fr\/actualites\/\"},{\"@type\":\"ListItem\",\"position\":2,\"name\":\"Rafael Leao: Man United en alerte rouge alors que l&#39;AC Milan fait un appel de transfert d\u00e9cisif &#8211;\"}]},{\"@type\":\"WebSite\",\"@id\":\"https:\/\/footdavant.fr\/actualites\/#website\",\"url\":\"https:\/\/footdavant.fr\/actualites\/\",\"name\":\"Foot d'avant\",\"description\":\"\",\"publisher\":{\"@id\":\"https:\/\/footdavant.fr\/actualites\/#organization\"},\"potentialAction\":[{\"@type\":\"SearchAction\",\"target\":{\"@type\":\"EntryPoint\",\"urlTemplate\":\"https:\/\/footdavant.fr\/actualites\/?s={search_term_string}\"},\"query-input\":\"required name=search_term_string\"}],\"inLanguage\":\"fr-FR\"},{\"@type\":\"Organization\",\"@id\":\"https:\/\/footdavant.fr\/actualites\/#organization\",\"name\":\"Foot d'avant\",\"url\":\"https:\/\/footdavant.fr\/actualites\/\",\"logo\":{\"@type\":\"ImageObject\",\"inLanguage\":\"fr-FR\",\"@id\":\"https:\/\/footdavant.fr\/actualites\/#\/schema\/logo\/image\/\",\"url\":\"https:\/\/footdavant.fr\/actualites\/wp-content\/uploads\/2023\/09\/Copy-of-FootDavant-Logo.png\",\"contentUrl\":\"https:\/\/footdavant.fr\/actualites\/wp-content\/uploads\/2023\/09\/Copy-of-FootDavant-Logo.png\",\"width\":936,\"height\":549,\"caption\":\"Foot d'avant\"},\"image\":{\"@id\":\"https:\/\/footdavant.fr\/actualites\/#\/schema\/logo\/image\/\"},\"sameAs\":[\"https:\/\/www.facebook.com\/Footdavant\/\",\"https:\/\/twitter.com\/FootdavantFr\",\"https:\/\/www.instagram.com\/footdavant.fr\/\"]},{\"@type\":\"Person\",\"@id\":\"https:\/\/footdavant.fr\/actualites\/#\/schema\/person\/bc222566d95871b37e597b3ed3ba5e1d\",\"name\":\"Cl\u00e9ment\",\"image\":{\"@type\":\"ImageObject\",\"inLanguage\":\"fr-FR\",\"@id\":\"https:\/\/footdavant.fr\/actualites\/#\/schema\/person\/image\/\",\"url\":\"https:\/\/secure.gravatar.com\/avatar\/7728b29aac2719421e1a9159b2254c44?s=96&d=mm&r=g\",\"contentUrl\":\"https:\/\/secure.gravatar.com\/avatar\/7728b29aac2719421e1a9159b2254c44?s=96&d=mm&r=g\",\"caption\":\"Cl\u00e9ment\"},\"sameAs\":[\"https:\/\/footdavant.fr\/\"]}]}<\/script>\n<!-- \/ Yoast SEO plugin. -->","yoast_head_json":{"title":"Rafael Leao: Man United en alerte rouge alors que l&#39;AC Milan fait un appel de transfert d\u00e9cisif -","robots":{"index":"index","follow":"follow","max-snippet":"max-snippet:-1","max-image-preview":"max-image-preview:large","max-video-preview":"max-video-preview:-1"},"canonical":"https:\/\/footdavant.fr\/actualites\/rafael-leao-man-united-en-alerte-rouge-alors-que-lac-milan-fait-un-appel-de-transfert-decisif\/","og_locale":"fr_FR","og_type":"article","og_title":"Rafael Leao: Man United en alerte rouge alors que l&#39;AC Milan fait un appel de transfert d\u00e9cisif -","og_description":"1 Manchester United pourrait b\u00e9n\u00e9ficier massivement de la d\u00e9cision majeure de transfert de l&#39;AC Milan concernant Rafael Leao. Int\u00e9r\u00eat de L\u00e9ao United devrait \u00eatre \u00e0","og_url":"https:\/\/footdavant.fr\/actualites\/rafael-leao-man-united-en-alerte-rouge-alors-que-lac-milan-fait-un-appel-de-transfert-decisif\/","og_site_name":"Foot d&#039;avant","article_publisher":"https:\/\/www.facebook.com\/Footdavant\/","article_published_time":"2026-04-13T10:48:13+00:00","article_modified_time":"2026-04-13T10:48:14+00:00","og_image":[{"width":1600,"height":700,"url":"https:\/\/footdavant.fr\/actualites\/wp-content\/uploads\/2026\/04\/Rafael-Leao-Man-United-en-alerte-rouge-alors-que-l39AC.jpg","type":"image\/jpeg"}],"author":"Cl\u00e9ment","twitter_card":"summary_large_image","twitter_creator":"@FootdavantFr","twitter_site":"@FootdavantFr","twitter_misc":{"\u00c9crit par":"Cl\u00e9ment","Dur\u00e9e de lecture estim\u00e9e":"3 minutes"},"schema":{"@context":"https:\/\/schema.org","@graph":[{"@type":"Article","@id":"https:\/\/footdavant.fr\/actualites\/rafael-leao-man-united-en-alerte-rouge-alors-que-lac-milan-fait-un-appel-de-transfert-decisif\/#article","isPartOf":{"@id":"https:\/\/footdavant.fr\/actualites\/rafael-leao-man-united-en-alerte-rouge-alors-que-lac-milan-fait-un-appel-de-transfert-decisif\/"},"author":{"name":"Cl\u00e9ment","@id":"https:\/\/footdavant.fr\/actualites\/#\/schema\/person\/bc222566d95871b37e597b3ed3ba5e1d"},"headline":"Rafael Leao: Man United en alerte rouge alors que l&#39;AC Milan fait un appel de transfert d\u00e9cisif &#8211;","datePublished":"2026-04-13T10:48:13+00:00","dateModified":"2026-04-13T10:48:14+00:00","mainEntityOfPage":{"@id":"https:\/\/footdavant.fr\/actualites\/rafael-leao-man-united-en-alerte-rouge-alors-que-lac-milan-fait-un-appel-de-transfert-decisif\/"},"wordCount":613,"publisher":{"@id":"https:\/\/footdavant.fr\/actualites\/#organization"},"keywords":["alerte","alors","appel","d\u00e9cisif","fait","L39AC","Leao","Man","Milan","Rafael","rouge","transfert","United"],"articleSection":["Football"],"inLanguage":"fr-FR"},{"@type":"WebPage","@id":"https:\/\/footdavant.fr\/actualites\/rafael-leao-man-united-en-alerte-rouge-alors-que-lac-milan-fait-un-appel-de-transfert-decisif\/","url":"https:\/\/footdavant.fr\/actualites\/rafael-leao-man-united-en-alerte-rouge-alors-que-lac-milan-fait-un-appel-de-transfert-decisif\/","name":"Rafael Leao: Man United en alerte rouge alors que l&#39;AC Milan fait un appel de transfert d\u00e9cisif -","isPartOf":{"@id":"https:\/\/footdavant.fr\/actualites\/#website"},"datePublished":"2026-04-13T10:48:13+00:00","dateModified":"2026-04-13T10:48:14+00:00","breadcrumb":{"@id":"https:\/\/footdavant.fr\/actualites\/rafael-leao-man-united-en-alerte-rouge-alors-que-lac-milan-fait-un-appel-de-transfert-decisif\/#breadcrumb"},"inLanguage":"fr-FR","potentialAction":[{"@type":"ReadAction","target":["https:\/\/footdavant.fr\/actualites\/rafael-leao-man-united-en-alerte-rouge-alors-que-lac-milan-fait-un-appel-de-transfert-decisif\/"]}]},{"@type":"BreadcrumbList","@id":"https:\/\/footdavant.fr\/actualites\/rafael-leao-man-united-en-alerte-rouge-alors-que-lac-milan-fait-un-appel-de-transfert-decisif\/#breadcrumb","itemListElement":[{"@type":"ListItem","position":1,"name":"Accueil","item":"https:\/\/footdavant.fr\/actualites\/"},{"@type":"ListItem","position":2,"name":"Rafael Leao: Man United en alerte rouge alors que l&#39;AC Milan fait un appel de transfert d\u00e9cisif &#8211;"}]},{"@type":"WebSite","@id":"https:\/\/footdavant.fr\/actualites\/#website","url":"https:\/\/footdavant.fr\/actualites\/","name":"Foot d'avant","description":"","publisher":{"@id":"https:\/\/footdavant.fr\/actualites\/#organization"},"potentialAction":[{"@type":"SearchAction","target":{"@type":"EntryPoint","urlTemplate":"https:\/\/footdavant.fr\/actualites\/?s={search_term_string}"},"query-input":"required name=search_term_string"}],"inLanguage":"fr-FR"},{"@type":"Organization","@id":"https:\/\/footdavant.fr\/actualites\/#organization","name":"Foot d'avant","url":"https:\/\/footdavant.fr\/actualites\/","logo":{"@type":"ImageObject","inLanguage":"fr-FR","@id":"https:\/\/footdavant.fr\/actualites\/#\/schema\/logo\/image\/","url":"https:\/\/footdavant.fr\/actualites\/wp-content\/uploads\/2023\/09\/Copy-of-FootDavant-Logo.png","contentUrl":"https:\/\/footdavant.fr\/actualites\/wp-content\/uploads\/2023\/09\/Copy-of-FootDavant-Logo.png","width":936,"height":549,"caption":"Foot d'avant"},"image":{"@id":"https:\/\/footdavant.fr\/actualites\/#\/schema\/logo\/image\/"},"sameAs":["https:\/\/www.facebook.com\/Footdavant\/","https:\/\/twitter.com\/FootdavantFr","https:\/\/www.instagram.com\/footdavant.fr\/"]},{"@type":"Person","@id":"https:\/\/footdavant.fr\/actualites\/#\/schema\/person\/bc222566d95871b37e597b3ed3ba5e1d","name":"Cl\u00e9ment","image":{"@type":"ImageObject","inLanguage":"fr-FR","@id":"https:\/\/footdavant.fr\/actualites\/#\/schema\/person\/image\/","url":"https:\/\/secure.gravatar.com\/avatar\/7728b29aac2719421e1a9159b2254c44?s=96&d=mm&r=g","contentUrl":"https:\/\/secure.gravatar.com\/avatar\/7728b29aac2719421e1a9159b2254c44?s=96&d=mm&r=g","caption":"Cl\u00e9ment"},"sameAs":["https:\/\/footdavant.fr\/"]}]}},"_links":{"self":[{"href":"https:\/\/footdavant.fr\/actualites\/wp-json\/wp\/v2\/posts\/36416"}],"collection":[{"href":"https:\/\/footdavant.fr\/actualites\/wp-json\/wp\/v2\/posts"}],"about":[{"href":"https:\/\/footdavant.fr\/actualites\/wp-json\/wp\/v2\/types\/post"}],"author":[{"embeddable":true,"href":"https:\/\/footdavant.fr\/actualites\/wp-json\/wp\/v2\/users\/1"}],"replies":[{"embeddable":true,"href":"https:\/\/footdavant.fr\/actualites\/wp-json\/wp\/v2\/comments?post=36416"}],"version-history":[{"count":1,"href":"https:\/\/footdavant.fr\/actualites\/wp-json\/wp\/v2\/posts\/36416\/revisions"}],"predecessor-version":[{"id":36418,"href":"https:\/\/footdavant.fr\/actualites\/wp-json\/wp\/v2\/posts\/36416\/revisions\/36418"}],"wp:featuredmedia":[{"embeddable":true,"href":"https:\/\/footdavant.fr\/actualites\/wp-json\/wp\/v2\/media\/36417"}],"wp:attachment":[{"href":"https:\/\/footdavant.fr\/actualites\/wp-json\/wp\/v2\/media?parent=36416"}],"wp:term":[{"taxonomy":"category","embeddable":true,"href":"https:\/\/footdavant.fr\/actualites\/wp-json\/wp\/v2\/categories?post=36416"},{"taxonomy":"post_tag","embeddable":true,"href":"https:\/\/footdavant.fr\/actualites\/wp-json\/wp\/v2\/tags?post=36416"}],"curies":[{"name":"wp","href":"https:\/\/api.w.org\/{rel}","templated":true}]}}