{"id":36419,"date":"2026-04-13T14:48:03","date_gmt":"2026-04-13T12:48:03","guid":{"rendered":"https:\/\/footdavant.fr\/actualites\/lentraineur-chef-de-man-utd-michael-carrick-publie-une-mise-a-jour-majeure-sur-lavenir-de-kobbie-mainoo-a-old-trafford\/"},"modified":"2026-04-13T14:48:05","modified_gmt":"2026-04-13T12:48:05","slug":"lentraineur-chef-de-man-utd-michael-carrick-publie-une-mise-a-jour-majeure-sur-lavenir-de-kobbie-mainoo-a-old-trafford","status":"publish","type":"post","link":"https:\/\/footdavant.fr\/actualites\/lentraineur-chef-de-man-utd-michael-carrick-publie-une-mise-a-jour-majeure-sur-lavenir-de-kobbie-mainoo-a-old-trafford\/","title":{"rendered":"L&#39;entra\u00eeneur-chef de Man Utd, Michael Carrick, publie une mise \u00e0 jour majeure sur l&#39;avenir de Kobbie Mainoo \u00e0 Old Trafford"},"content":{"rendered":"<div itemprop=\"articleBody\">\n<p>L&#39;entra\u00eeneur-chef de Manchester United, Michael Carrick, a r\u00e9v\u00e9l\u00e9 que le club \u00ab\u00a0se rapproche\u00a0\u00bb d&#39;un nouveau contrat \u00e0 long terme avec Kobbie Mainoo.<\/p>\n<p>L&#39;avenir du joueur de 20 ans \u00e0 Old Trafford avait fait l&#39;objet de nombreux d\u00e9bats sous le mandat de Ruben Amorim, le Portugais n\u00e9gligeant l&#39;international anglais.<\/p>\n<p>Mainoo a demand\u00e9 \u00e0 quitter Man United en pr\u00eat l&#39;\u00e9t\u00e9 dernier et \u00e0 nouveau en janvier, mais sa situation a maintenant compl\u00e8tement chang\u00e9, le jeune \u00e9tant un joueur essentiel sous Carrick.<\/p>\n<p>Le milieu de terrain est toujours sous le m\u00eame contrat qu&#39;il a sign\u00e9 \u00e0 l&#39;\u00e2ge de 17 ans en 2023, ses mandats actuels devant durer jusqu&#39;\u00e0 l&#39;\u00e9t\u00e9 2027.<\/p>\n<p>Cependant, Man United souhaite r\u00e9compenser Mainoo avec un salaire am\u00e9lior\u00e9, et il est entendu qu&#39;une proposition de cinq ans jusqu&#39;en juin 2031 est sur la table.<\/p>\n<div>\n<div>\n<div>\n<div>\n<p>\u00a9 Imago \/ APL<\/p>\n<\/div>\n<\/div>\n<\/div>\n<\/div>\n<h2>Mainoo \u00ab\u00a0se rapproche\u00a0\u00bb de la signature d&#39;un nouveau contrat avec Man United<\/h2>\n<p>Carrick a maintenant r\u00e9v\u00e9l\u00e9 que les n\u00e9gociations contractuelles avec Mainoo allaient r\u00e9solument dans la bonne direction.<\/p>\n<p>\u00ab\u00a0\u00c9videmment, nous aimerions le penser, oui, et cela se rapproche donc nous sommes positifs \u00e0 ce sujet\u00a0\u00bb, a d\u00e9clar\u00e9 Carrick aux journalistes. \u00ab\u00a0Nous sommes calmes, mais nous sommes positifs. Le temps nous dira comment \u00e7a se passe, mais pour le moment, nous sommes dans une bonne position.\u00a0\u00bb<\/p>\n<p>Mainoo a fourni trois passes d\u00e9cisives en 24 apparitions pour Man United cette saison, alors qu&#39;il compte sept buts et cinq passes d\u00e9cisives en 96 sorties pour le club au total.<\/p>\n<p>Le milieu de terrain a d\u00e9but\u00e9 les 10 matches de Man United depuis l&#39;arriv\u00e9e de Carrick en tant qu&#39;entra\u00eeneur-chef, et il devrait de nouveau figurer dans le XI lorsque les Red Devils affronteront Leeds United lundi soir.<\/p>\n<p>Mainoo est \u00e9galement d\u00e9sormais fermement de retour dans les plans de l&#39;Angleterre pour la Coupe du monde 2026 et devrait \u00eatre s\u00e9lectionn\u00e9 dans l&#39;\u00e9quipe finale de Thomas Tuchel pour le tournoi, qui d\u00e9butera en juin.<\/p>\n<div>\n<div>\n<div>\n<div><img decoding=\"async\" data-img-id=\"155357\" class=\"lazy\" loading=\"lazy\" src=\"https:\/\/footdavant.fr\/actualites\/wp-content\/uploads\/2025\/12\/1766004483_851_Nouvelles-du-transfert-de-Man-Utd-la-sortie-de-Joshua.webp\"\/><\/p>\n<p>\u00a9 Imago \/ IPS<\/p>\n<\/div>\n<\/div>\n<\/div>\n<\/div>\n<h2>Mainoo a \u00e9t\u00e9 un joueur essentiel pour Man United sous Carrick<\/h2>\n<p>Pour l\u2019instant, cependant, Mainoo se concentre sur l\u2019aide \u00e0 Man United pour assurer un retour en Ligue des champions pour la campagne 2026-27.<\/p>\n<p>Man United est actuellement troisi\u00e8me du classement de la Premier League, sept points devant Chelsea, sixi\u00e8me, avec un match en moins.<\/p>\n<p>\u00ab\u00a0La Ligue des Champions apporte tellement de choses positives\u00a0\u00bb, a d\u00e9clar\u00e9 Carrick aux journalistes. \u00ab C&#39;est l\u00e0 que nous voulons \u00eatre, il n&#39;y a pas moyen d&#39;y \u00e9chapper.<\/p>\n<p>\u00ab\u00a0Cela a des ramifications sur tellement de choses diff\u00e9rentes &#8211; qu&#39;il s&#39;agisse des joueurs qui restent, ou des joueurs qui arrivent, c&#39;est financier, toutes sortes de choses diff\u00e9rentes. C&#39;est l\u00e0 que nous voulons \u00eatre, et nous devons essayer de nous habituer \u00e0 y \u00eatre plus souvent.\u00a0\u00bb<\/p>\n<p>Les sept derniers matches de championnat de Man United de la saison se d\u00e9rouleront contre Leeds, Chelsea, Brentford, Liverpool, Sunderland, Nottingham Forest et Brighton &#038; Hove Albion.<\/p>\n<\/div>\n","protected":false},"excerpt":{"rendered":"<p>L&#39;entra\u00eeneur-chef de Manchester United, Michael Carrick, a r\u00e9v\u00e9l\u00e9 que le club \u00ab\u00a0se rapproche\u00a0\u00bb d&#39;un nouveau contrat \u00e0 long terme avec Kobbie Mainoo. L&#39;avenir du joueur<\/p>\n","protected":false},"author":1,"featured_media":36420,"comment_status":"closed","ping_status":"","sticky":false,"template":"","format":"standard","meta":{"footnotes":""},"categories":[5],"tags":[5200,328,1727,4309,6048,1728,1628,24,1105,327,1107,103,2090,92,296],"yoast_head":"<!-- This site is optimized with the Yoast SEO plugin v21.0 - https:\/\/yoast.com\/wordpress\/plugins\/seo\/ -->\n<title>L&#039;entra\u00eeneur-chef de Man Utd, Michael Carrick, publie une mise \u00e0 jour majeure sur l&#039;avenir de Kobbie Mainoo \u00e0 Old Trafford<\/title>\n<meta name=\"robots\" content=\"index, follow, max-snippet:-1, max-image-preview:large, max-video-preview:-1\" \/>\n<link rel=\"canonical\" href=\"https:\/\/footdavant.fr\/actualites\/lentraineur-chef-de-man-utd-michael-carrick-publie-une-mise-a-jour-majeure-sur-lavenir-de-kobbie-mainoo-a-old-trafford\/\" \/>\n<meta property=\"og:locale\" content=\"fr_FR\" \/>\n<meta property=\"og:type\" content=\"article\" \/>\n<meta property=\"og:title\" content=\"L&#039;entra\u00eeneur-chef de Man Utd, Michael Carrick, publie une mise \u00e0 jour majeure sur l&#039;avenir de Kobbie Mainoo \u00e0 Old Trafford\" \/>\n<meta property=\"og:description\" content=\"L&#039;entra\u00eeneur-chef de Manchester United, Michael Carrick, a r\u00e9v\u00e9l\u00e9 que le club \u00ab\u00a0se rapproche\u00a0\u00bb d&#039;un nouveau contrat \u00e0 long terme avec Kobbie Mainoo. L&#039;avenir du joueur\" \/>\n<meta property=\"og:url\" content=\"https:\/\/footdavant.fr\/actualites\/lentraineur-chef-de-man-utd-michael-carrick-publie-une-mise-a-jour-majeure-sur-lavenir-de-kobbie-mainoo-a-old-trafford\/\" \/>\n<meta property=\"og:site_name\" content=\"Foot d&#039;avant\" \/>\n<meta property=\"article:publisher\" content=\"https:\/\/www.facebook.com\/Footdavant\/\" \/>\n<meta property=\"article:published_time\" content=\"2026-04-13T12:48:03+00:00\" \/>\n<meta property=\"article:modified_time\" content=\"2026-04-13T12:48:05+00:00\" \/>\n<meta property=\"og:image\" content=\"https:\/\/footdavant.fr\/actualites\/wp-content\/uploads\/2026\/04\/L39entraineur-chef-de-Man-Utd-Michael-Carrick-publie-une-mise-a.net2Fuploads2F20252F122Fsm-azzuu-mainoo.webp\" \/>\n\t<meta property=\"og:image:width\" content=\"720\" \/>\n\t<meta property=\"og:image:height\" content=\"410\" \/>\n\t<meta property=\"og:image:type\" content=\"image\/webp\" \/>\n<meta name=\"author\" content=\"Cl\u00e9ment\" \/>\n<meta name=\"twitter:card\" content=\"summary_large_image\" \/>\n<meta name=\"twitter:creator\" content=\"@FootdavantFr\" \/>\n<meta name=\"twitter:site\" content=\"@FootdavantFr\" \/>\n<meta name=\"twitter:label1\" content=\"\u00c9crit par\" \/>\n\t<meta name=\"twitter:data1\" content=\"Cl\u00e9ment\" \/>\n\t<meta name=\"twitter:label2\" content=\"Dur\u00e9e de lecture estim\u00e9e\" \/>\n\t<meta name=\"twitter:data2\" content=\"3 minutes\" \/>\n<script type=\"application\/ld+json\" class=\"yoast-schema-graph\">{\"@context\":\"https:\/\/schema.org\",\"@graph\":[{\"@type\":\"Article\",\"@id\":\"https:\/\/footdavant.fr\/actualites\/lentraineur-chef-de-man-utd-michael-carrick-publie-une-mise-a-jour-majeure-sur-lavenir-de-kobbie-mainoo-a-old-trafford\/#article\",\"isPartOf\":{\"@id\":\"https:\/\/footdavant.fr\/actualites\/lentraineur-chef-de-man-utd-michael-carrick-publie-une-mise-a-jour-majeure-sur-lavenir-de-kobbie-mainoo-a-old-trafford\/\"},\"author\":{\"name\":\"Cl\u00e9ment\",\"@id\":\"https:\/\/footdavant.fr\/actualites\/#\/schema\/person\/bc222566d95871b37e597b3ed3ba5e1d\"},\"headline\":\"L&#39;entra\u00eeneur-chef de Man Utd, Michael Carrick, publie une mise \u00e0 jour majeure sur l&#39;avenir de Kobbie Mainoo \u00e0 Old Trafford\",\"datePublished\":\"2026-04-13T12:48:03+00:00\",\"dateModified\":\"2026-04-13T12:48:05+00:00\",\"mainEntityOfPage\":{\"@id\":\"https:\/\/footdavant.fr\/actualites\/lentraineur-chef-de-man-utd-michael-carrick-publie-une-mise-a-jour-majeure-sur-lavenir-de-kobbie-mainoo-a-old-trafford\/\"},\"wordCount\":528,\"publisher\":{\"@id\":\"https:\/\/footdavant.fr\/actualites\/#organization\"},\"keywords\":[\"Carrick\",\"jour\",\"Kobbie\",\"l39avenir\",\"L39entra\u00eeneurchef\",\"Mainoo\",\"majeure\",\"Man\",\"Michael\",\"mise\",\"publi\u00e9\",\"sur\",\"Trafford\",\"une\",\"Utd\"],\"articleSection\":[\"Premier League\"],\"inLanguage\":\"fr-FR\"},{\"@type\":\"WebPage\",\"@id\":\"https:\/\/footdavant.fr\/actualites\/lentraineur-chef-de-man-utd-michael-carrick-publie-une-mise-a-jour-majeure-sur-lavenir-de-kobbie-mainoo-a-old-trafford\/\",\"url\":\"https:\/\/footdavant.fr\/actualites\/lentraineur-chef-de-man-utd-michael-carrick-publie-une-mise-a-jour-majeure-sur-lavenir-de-kobbie-mainoo-a-old-trafford\/\",\"name\":\"L&#39;entra\u00eeneur-chef de Man Utd, Michael Carrick, publie une mise \u00e0 jour majeure sur l&#39;avenir de Kobbie Mainoo \u00e0 Old Trafford\",\"isPartOf\":{\"@id\":\"https:\/\/footdavant.fr\/actualites\/#website\"},\"datePublished\":\"2026-04-13T12:48:03+00:00\",\"dateModified\":\"2026-04-13T12:48:05+00:00\",\"breadcrumb\":{\"@id\":\"https:\/\/footdavant.fr\/actualites\/lentraineur-chef-de-man-utd-michael-carrick-publie-une-mise-a-jour-majeure-sur-lavenir-de-kobbie-mainoo-a-old-trafford\/#breadcrumb\"},\"inLanguage\":\"fr-FR\",\"potentialAction\":[{\"@type\":\"ReadAction\",\"target\":[\"https:\/\/footdavant.fr\/actualites\/lentraineur-chef-de-man-utd-michael-carrick-publie-une-mise-a-jour-majeure-sur-lavenir-de-kobbie-mainoo-a-old-trafford\/\"]}]},{\"@type\":\"BreadcrumbList\",\"@id\":\"https:\/\/footdavant.fr\/actualites\/lentraineur-chef-de-man-utd-michael-carrick-publie-une-mise-a-jour-majeure-sur-lavenir-de-kobbie-mainoo-a-old-trafford\/#breadcrumb\",\"itemListElement\":[{\"@type\":\"ListItem\",\"position\":1,\"name\":\"Accueil\",\"item\":\"https:\/\/footdavant.fr\/actualites\/\"},{\"@type\":\"ListItem\",\"position\":2,\"name\":\"L&#39;entra\u00eeneur-chef de Man Utd, Michael Carrick, publie une mise \u00e0 jour majeure sur l&#39;avenir de Kobbie Mainoo \u00e0 Old Trafford\"}]},{\"@type\":\"WebSite\",\"@id\":\"https:\/\/footdavant.fr\/actualites\/#website\",\"url\":\"https:\/\/footdavant.fr\/actualites\/\",\"name\":\"Foot d'avant\",\"description\":\"\",\"publisher\":{\"@id\":\"https:\/\/footdavant.fr\/actualites\/#organization\"},\"potentialAction\":[{\"@type\":\"SearchAction\",\"target\":{\"@type\":\"EntryPoint\",\"urlTemplate\":\"https:\/\/footdavant.fr\/actualites\/?s={search_term_string}\"},\"query-input\":\"required name=search_term_string\"}],\"inLanguage\":\"fr-FR\"},{\"@type\":\"Organization\",\"@id\":\"https:\/\/footdavant.fr\/actualites\/#organization\",\"name\":\"Foot d'avant\",\"url\":\"https:\/\/footdavant.fr\/actualites\/\",\"logo\":{\"@type\":\"ImageObject\",\"inLanguage\":\"fr-FR\",\"@id\":\"https:\/\/footdavant.fr\/actualites\/#\/schema\/logo\/image\/\",\"url\":\"https:\/\/footdavant.fr\/actualites\/wp-content\/uploads\/2023\/09\/Copy-of-FootDavant-Logo.png\",\"contentUrl\":\"https:\/\/footdavant.fr\/actualites\/wp-content\/uploads\/2023\/09\/Copy-of-FootDavant-Logo.png\",\"width\":936,\"height\":549,\"caption\":\"Foot d'avant\"},\"image\":{\"@id\":\"https:\/\/footdavant.fr\/actualites\/#\/schema\/logo\/image\/\"},\"sameAs\":[\"https:\/\/www.facebook.com\/Footdavant\/\",\"https:\/\/twitter.com\/FootdavantFr\",\"https:\/\/www.instagram.com\/footdavant.fr\/\"]},{\"@type\":\"Person\",\"@id\":\"https:\/\/footdavant.fr\/actualites\/#\/schema\/person\/bc222566d95871b37e597b3ed3ba5e1d\",\"name\":\"Cl\u00e9ment\",\"image\":{\"@type\":\"ImageObject\",\"inLanguage\":\"fr-FR\",\"@id\":\"https:\/\/footdavant.fr\/actualites\/#\/schema\/person\/image\/\",\"url\":\"https:\/\/secure.gravatar.com\/avatar\/7728b29aac2719421e1a9159b2254c44?s=96&d=mm&r=g\",\"contentUrl\":\"https:\/\/secure.gravatar.com\/avatar\/7728b29aac2719421e1a9159b2254c44?s=96&d=mm&r=g\",\"caption\":\"Cl\u00e9ment\"},\"sameAs\":[\"https:\/\/footdavant.fr\/\"]}]}<\/script>\n<!-- \/ Yoast SEO plugin. -->","yoast_head_json":{"title":"L&#39;entra\u00eeneur-chef de Man Utd, Michael Carrick, publie une mise \u00e0 jour majeure sur l&#39;avenir de Kobbie Mainoo \u00e0 Old Trafford","robots":{"index":"index","follow":"follow","max-snippet":"max-snippet:-1","max-image-preview":"max-image-preview:large","max-video-preview":"max-video-preview:-1"},"canonical":"https:\/\/footdavant.fr\/actualites\/lentraineur-chef-de-man-utd-michael-carrick-publie-une-mise-a-jour-majeure-sur-lavenir-de-kobbie-mainoo-a-old-trafford\/","og_locale":"fr_FR","og_type":"article","og_title":"L&#39;entra\u00eeneur-chef de Man Utd, Michael Carrick, publie une mise \u00e0 jour majeure sur l&#39;avenir de Kobbie Mainoo \u00e0 Old Trafford","og_description":"L&#39;entra\u00eeneur-chef de Manchester United, Michael Carrick, a r\u00e9v\u00e9l\u00e9 que le club \u00ab\u00a0se rapproche\u00a0\u00bb d&#39;un nouveau contrat \u00e0 long terme avec Kobbie Mainoo. L&#39;avenir du joueur","og_url":"https:\/\/footdavant.fr\/actualites\/lentraineur-chef-de-man-utd-michael-carrick-publie-une-mise-a-jour-majeure-sur-lavenir-de-kobbie-mainoo-a-old-trafford\/","og_site_name":"Foot d&#039;avant","article_publisher":"https:\/\/www.facebook.com\/Footdavant\/","article_published_time":"2026-04-13T12:48:03+00:00","article_modified_time":"2026-04-13T12:48:05+00:00","og_image":[{"width":720,"height":410,"url":"https:\/\/footdavant.fr\/actualites\/wp-content\/uploads\/2026\/04\/L39entraineur-chef-de-Man-Utd-Michael-Carrick-publie-une-mise-a.net2Fuploads2F20252F122Fsm-azzuu-mainoo.webp","type":"image\/webp"}],"author":"Cl\u00e9ment","twitter_card":"summary_large_image","twitter_creator":"@FootdavantFr","twitter_site":"@FootdavantFr","twitter_misc":{"\u00c9crit par":"Cl\u00e9ment","Dur\u00e9e de lecture estim\u00e9e":"3 minutes"},"schema":{"@context":"https:\/\/schema.org","@graph":[{"@type":"Article","@id":"https:\/\/footdavant.fr\/actualites\/lentraineur-chef-de-man-utd-michael-carrick-publie-une-mise-a-jour-majeure-sur-lavenir-de-kobbie-mainoo-a-old-trafford\/#article","isPartOf":{"@id":"https:\/\/footdavant.fr\/actualites\/lentraineur-chef-de-man-utd-michael-carrick-publie-une-mise-a-jour-majeure-sur-lavenir-de-kobbie-mainoo-a-old-trafford\/"},"author":{"name":"Cl\u00e9ment","@id":"https:\/\/footdavant.fr\/actualites\/#\/schema\/person\/bc222566d95871b37e597b3ed3ba5e1d"},"headline":"L&#39;entra\u00eeneur-chef de Man Utd, Michael Carrick, publie une mise \u00e0 jour majeure sur l&#39;avenir de Kobbie Mainoo \u00e0 Old Trafford","datePublished":"2026-04-13T12:48:03+00:00","dateModified":"2026-04-13T12:48:05+00:00","mainEntityOfPage":{"@id":"https:\/\/footdavant.fr\/actualites\/lentraineur-chef-de-man-utd-michael-carrick-publie-une-mise-a-jour-majeure-sur-lavenir-de-kobbie-mainoo-a-old-trafford\/"},"wordCount":528,"publisher":{"@id":"https:\/\/footdavant.fr\/actualites\/#organization"},"keywords":["Carrick","jour","Kobbie","l39avenir","L39entra\u00eeneurchef","Mainoo","majeure","Man","Michael","mise","publi\u00e9","sur","Trafford","une","Utd"],"articleSection":["Premier League"],"inLanguage":"fr-FR"},{"@type":"WebPage","@id":"https:\/\/footdavant.fr\/actualites\/lentraineur-chef-de-man-utd-michael-carrick-publie-une-mise-a-jour-majeure-sur-lavenir-de-kobbie-mainoo-a-old-trafford\/","url":"https:\/\/footdavant.fr\/actualites\/lentraineur-chef-de-man-utd-michael-carrick-publie-une-mise-a-jour-majeure-sur-lavenir-de-kobbie-mainoo-a-old-trafford\/","name":"L&#39;entra\u00eeneur-chef de Man Utd, Michael Carrick, publie une mise \u00e0 jour majeure sur l&#39;avenir de Kobbie Mainoo \u00e0 Old Trafford","isPartOf":{"@id":"https:\/\/footdavant.fr\/actualites\/#website"},"datePublished":"2026-04-13T12:48:03+00:00","dateModified":"2026-04-13T12:48:05+00:00","breadcrumb":{"@id":"https:\/\/footdavant.fr\/actualites\/lentraineur-chef-de-man-utd-michael-carrick-publie-une-mise-a-jour-majeure-sur-lavenir-de-kobbie-mainoo-a-old-trafford\/#breadcrumb"},"inLanguage":"fr-FR","potentialAction":[{"@type":"ReadAction","target":["https:\/\/footdavant.fr\/actualites\/lentraineur-chef-de-man-utd-michael-carrick-publie-une-mise-a-jour-majeure-sur-lavenir-de-kobbie-mainoo-a-old-trafford\/"]}]},{"@type":"BreadcrumbList","@id":"https:\/\/footdavant.fr\/actualites\/lentraineur-chef-de-man-utd-michael-carrick-publie-une-mise-a-jour-majeure-sur-lavenir-de-kobbie-mainoo-a-old-trafford\/#breadcrumb","itemListElement":[{"@type":"ListItem","position":1,"name":"Accueil","item":"https:\/\/footdavant.fr\/actualites\/"},{"@type":"ListItem","position":2,"name":"L&#39;entra\u00eeneur-chef de Man Utd, Michael Carrick, publie une mise \u00e0 jour majeure sur l&#39;avenir de Kobbie Mainoo \u00e0 Old Trafford"}]},{"@type":"WebSite","@id":"https:\/\/footdavant.fr\/actualites\/#website","url":"https:\/\/footdavant.fr\/actualites\/","name":"Foot d'avant","description":"","publisher":{"@id":"https:\/\/footdavant.fr\/actualites\/#organization"},"potentialAction":[{"@type":"SearchAction","target":{"@type":"EntryPoint","urlTemplate":"https:\/\/footdavant.fr\/actualites\/?s={search_term_string}"},"query-input":"required name=search_term_string"}],"inLanguage":"fr-FR"},{"@type":"Organization","@id":"https:\/\/footdavant.fr\/actualites\/#organization","name":"Foot d'avant","url":"https:\/\/footdavant.fr\/actualites\/","logo":{"@type":"ImageObject","inLanguage":"fr-FR","@id":"https:\/\/footdavant.fr\/actualites\/#\/schema\/logo\/image\/","url":"https:\/\/footdavant.fr\/actualites\/wp-content\/uploads\/2023\/09\/Copy-of-FootDavant-Logo.png","contentUrl":"https:\/\/footdavant.fr\/actualites\/wp-content\/uploads\/2023\/09\/Copy-of-FootDavant-Logo.png","width":936,"height":549,"caption":"Foot d'avant"},"image":{"@id":"https:\/\/footdavant.fr\/actualites\/#\/schema\/logo\/image\/"},"sameAs":["https:\/\/www.facebook.com\/Footdavant\/","https:\/\/twitter.com\/FootdavantFr","https:\/\/www.instagram.com\/footdavant.fr\/"]},{"@type":"Person","@id":"https:\/\/footdavant.fr\/actualites\/#\/schema\/person\/bc222566d95871b37e597b3ed3ba5e1d","name":"Cl\u00e9ment","image":{"@type":"ImageObject","inLanguage":"fr-FR","@id":"https:\/\/footdavant.fr\/actualites\/#\/schema\/person\/image\/","url":"https:\/\/secure.gravatar.com\/avatar\/7728b29aac2719421e1a9159b2254c44?s=96&d=mm&r=g","contentUrl":"https:\/\/secure.gravatar.com\/avatar\/7728b29aac2719421e1a9159b2254c44?s=96&d=mm&r=g","caption":"Cl\u00e9ment"},"sameAs":["https:\/\/footdavant.fr\/"]}]}},"_links":{"self":[{"href":"https:\/\/footdavant.fr\/actualites\/wp-json\/wp\/v2\/posts\/36419"}],"collection":[{"href":"https:\/\/footdavant.fr\/actualites\/wp-json\/wp\/v2\/posts"}],"about":[{"href":"https:\/\/footdavant.fr\/actualites\/wp-json\/wp\/v2\/types\/post"}],"author":[{"embeddable":true,"href":"https:\/\/footdavant.fr\/actualites\/wp-json\/wp\/v2\/users\/1"}],"replies":[{"embeddable":true,"href":"https:\/\/footdavant.fr\/actualites\/wp-json\/wp\/v2\/comments?post=36419"}],"version-history":[{"count":1,"href":"https:\/\/footdavant.fr\/actualites\/wp-json\/wp\/v2\/posts\/36419\/revisions"}],"predecessor-version":[{"id":36421,"href":"https:\/\/footdavant.fr\/actualites\/wp-json\/wp\/v2\/posts\/36419\/revisions\/36421"}],"wp:featuredmedia":[{"embeddable":true,"href":"https:\/\/footdavant.fr\/actualites\/wp-json\/wp\/v2\/media\/36420"}],"wp:attachment":[{"href":"https:\/\/footdavant.fr\/actualites\/wp-json\/wp\/v2\/media?parent=36419"}],"wp:term":[{"taxonomy":"category","embeddable":true,"href":"https:\/\/footdavant.fr\/actualites\/wp-json\/wp\/v2\/categories?post=36419"},{"taxonomy":"post_tag","embeddable":true,"href":"https:\/\/footdavant.fr\/actualites\/wp-json\/wp\/v2\/tags?post=36419"}],"curies":[{"name":"wp","href":"https:\/\/api.w.org\/{rel}","templated":true}]}}