{"id":36431,"date":"2026-04-13T22:48:05","date_gmt":"2026-04-13T20:48:05","guid":{"rendered":"https:\/\/footdavant.fr\/actualites\/sortie-dandy-robertson-larriere-gauche-de-liverpool-sur-la-verite-sur-le-contrat-alors-que-la-capacite-de-milos-kerkez-a-remplacer-le-defenseur-est-remise-en-question\/"},"modified":"2026-04-13T22:48:06","modified_gmt":"2026-04-13T20:48:06","slug":"sortie-dandy-robertson-larriere-gauche-de-liverpool-sur-la-verite-sur-le-contrat-alors-que-la-capacite-de-milos-kerkez-a-remplacer-le-defenseur-est-remise-en-question","status":"publish","type":"post","link":"https:\/\/footdavant.fr\/actualites\/sortie-dandy-robertson-larriere-gauche-de-liverpool-sur-la-verite-sur-le-contrat-alors-que-la-capacite-de-milos-kerkez-a-remplacer-le-defenseur-est-remise-en-question\/","title":{"rendered":"Sortie d&#39;Andy Robertson: l&#39;arri\u00e8re gauche de Liverpool sur la v\u00e9rit\u00e9 sur le \u00ab\u00a0contrat\u00a0\u00bb \u200b\u200balors que la capacit\u00e9 de Milos Kerkez \u00e0 remplacer le d\u00e9fenseur est remise en question"},"content":{"rendered":"<div itemprop=\"articleBody\">\n<p>Andrew Robertson a r\u00e9v\u00e9l\u00e9 que Liverpool ne lui avait pas propos\u00e9 de nouveau contrat et que son d\u00e9sir de disposer de plus de minutes avait influenc\u00e9 sa d\u00e9cision de partir.<\/p>\n<p>Les Reds se sont remis sur les rails en Premier League samedi, s&#39;imposant 2-0 contre Fulham, et l&#39;arri\u00e8re gauche Robertson a bien jou\u00e9 sur le c\u00f4t\u00e9 gauche de la d\u00e9fense.<\/p>\n<p>Au cours de son mandat de neuf ans \u00e0 Anfield, l&#39;\u00c9cossais s&#39;est impos\u00e9 comme l&#39;un des favoris des fans, mais il a annonc\u00e9 vendredi qu&#39;il partirait \u00e0 l&#39;expiration de son contrat \u00e0 la fin de la saison.<\/p>\n<p>Robertson a r\u00e9v\u00e9l\u00e9 qu&#39;on ne lui avait pas propos\u00e9 de nouveau contrat et il a pris la d\u00e9cision de partir pour obtenir plus de minutes, d\u00e9clarant aux journalistes : \u00ab\u00a0Je veux jouer, c&#39;est donc l\u00e0 que les discussions ont eu lieu. Ce n&#39;est pas comme si j&#39;avais annul\u00e9 un contrat ou quoi que ce soit, il n&#39;y avait aucun contrat sur la table.<\/p>\n<p>\u00ab\u00a0C&#39;\u00e9tait une conversation de : &#39;<em>Ok, c&#39;est ce que je veux faire, je veux jouer et je crois que j&#39;ai encore la capacit\u00e9 de jouer<\/em>&#39;. Je pense l\u2019avoir montr\u00e9 cette saison. \u00c9coutez, on ne peut pas vous promettre (commencer) dans ce club &#8211; et c&#39;est tout \u00e0 fait bien.<\/p>\n<p>\u00ab\u00a0Cela ne peut \u00eatre promis dans aucun club, mais il est peut-\u00eatre aussi temps que l&#39;histoire se termine et \u00e9videmment moi et Mo (Salah) avons tous les deux pris cette d\u00e9cision cette ann\u00e9e. Vous ne rajeunissez pas.\u00a0\u00bb<\/p>\n<p>Robertson n&#39;a d\u00e9but\u00e9 que 16 fois toutes comp\u00e9titions confondues cette saison, et il est compr\u00e9hensible qu&#39;il se sente insatisfait de ses minutes sur le terrain \u00e9tant donn\u00e9 qu&#39;il \u00e9tait titulaire \u00e0 Liverpool depuis 2017-18.<\/p>\n<div>\n<div>\n<div>\n<p>\u00a9 Imago\/Zuma Press Wire<\/p>\n<\/div>\n<\/div>\n<\/div>\n<h2>Milos Kerkez pourra-t-il r\u00e9ussir une fois qu&#39;Andy Robertson partira ?<\/h2>\n<p>Milos Kerkez a mis du temps \u00e0 s&#39;installer \u00e0 Liverpool, le Hongrois \u00e9tant m\u00eame remplac\u00e9 avant la mi-temps contre Burnley en septembre 2025.<\/p>\n<p>Cependant, le joueur de 22 ans s&#39;est consid\u00e9rablement am\u00e9lior\u00e9 d&#39;un point de vue d\u00e9fensif, et il a m\u00eame r\u00e9ussi \u00e0 contribuer dans le dernier tiers en marquant contre Brighton &#038; Hove Albion avant la tr\u00eave internationale de mars.<\/p>\n<p>Kerkez a parfois eu du mal \u00e0 influencer le jeu de la m\u00eame mani\u00e8re que Robertson, qui \u00e9tait un centreur expert, et c&#39;est un domaine sur lequel il devra travailler si les attaquants Alexander Isak et Hugo Ekitike veulent s&#39;\u00e9panouir \u00e0 Anfield.<\/p>\n<p>L&#39;arri\u00e8re gauche n&#39;a que 22 ans et s&#39;est montr\u00e9 prometteur malgr\u00e9 certaines de ses difficult\u00e9s ant\u00e9rieures, et si l&#39;\u00e9quipe de Liverpool est plus stable la saison prochaine, il pourra peut-\u00eatre d\u00e9velopper davantage ses capacit\u00e9s avec le ballon.<\/p>\n<div>\n<div>\n<div><img decoding=\"async\" data-img-id=\"151988\" class=\"lazy\" loading=\"lazy\" src=\"https:\/\/footdavant.fr\/actualites\/wp-content\/uploads\/2026\/04\/1776113285_349_Sortie-d39Andy-Robertson-l39arriere-gauche-de-Liverpool-sur-la-verite.webp\"\/><\/p>\n<p>\u00a9 Imago<\/p>\n<\/div>\n<\/div>\n<\/div>\n<h2>Sortie de Robertson : Liverpool change-t-il trop de joueurs en d\u00e9fense ?<\/h2>\n<p>L&#39;arri\u00e8re droit Trent Alexander-Arnold est parti rejoindre le Real Madrid l&#39;\u00e9t\u00e9 dernier, mais un certain nombre d&#39;autres joueurs d\u00e9fensifs pourraient bient\u00f4t partir.<\/p>\n<p>La sortie de Robertson a d\u00e9j\u00e0 \u00e9t\u00e9 confirm\u00e9e, le d\u00e9fenseur central Ibrahima Konate est en fin de contrat \u00e0 la fin de la saison et Virgil van Dijk n&#39;aura plus qu&#39;un an de contrat avant la campagne 2026-27.<\/p>\n<p>Trop de changements sur une courte p\u00e9riode peuvent s&#39;av\u00e9rer probl\u00e9matiques, et Liverpool doit s&#39;assurer d&#39;avoir suffisamment d&#39;exp\u00e9rience en d\u00e9fense au cours des ann\u00e9es \u00e0 venir s&#39;il veut se battre pour des honneurs majeurs.<\/p>\n<\/div>\n","protected":false},"excerpt":{"rendered":"<p>Andrew Robertson a r\u00e9v\u00e9l\u00e9 que Liverpool ne lui avait pas propos\u00e9 de nouveau contrat et que son d\u00e9sir de disposer de plus de minutes avait<\/p>\n","protected":false},"author":1,"featured_media":33975,"comment_status":"closed","ping_status":"","sticky":false,"template":"","format":"standard","meta":{"footnotes":""},"categories":[5],"tags":[318,4060,1218,7085,928,217,859,7518,4702,53,7517,1079,4955,1162,3364,1263,103,585],"yoast_head":"<!-- This site is optimized with the Yoast SEO plugin v21.0 - https:\/\/yoast.com\/wordpress\/plugins\/seo\/ -->\n<title>Sortie d&#039;Andy Robertson: l&#039;arri\u00e8re gauche de Liverpool sur la v\u00e9rit\u00e9 sur le &quot;contrat&quot; \u200b\u200balors que la capacit\u00e9 de Milos Kerkez \u00e0 remplacer le d\u00e9fenseur est remise en question<\/title>\n<meta name=\"robots\" content=\"index, follow, max-snippet:-1, max-image-preview:large, max-video-preview:-1\" \/>\n<link rel=\"canonical\" href=\"https:\/\/footdavant.fr\/actualites\/sortie-dandy-robertson-larriere-gauche-de-liverpool-sur-la-verite-sur-le-contrat-alors-que-la-capacite-de-milos-kerkez-a-remplacer-le-defenseur-est-remise-en-question\/\" \/>\n<meta property=\"og:locale\" content=\"fr_FR\" \/>\n<meta property=\"og:type\" content=\"article\" \/>\n<meta property=\"og:title\" content=\"Sortie d&#039;Andy Robertson: l&#039;arri\u00e8re gauche de Liverpool sur la v\u00e9rit\u00e9 sur le &quot;contrat&quot; \u200b\u200balors que la capacit\u00e9 de Milos Kerkez \u00e0 remplacer le d\u00e9fenseur est remise en question\" \/>\n<meta property=\"og:description\" content=\"Andrew Robertson a r\u00e9v\u00e9l\u00e9 que Liverpool ne lui avait pas propos\u00e9 de nouveau contrat et que son d\u00e9sir de disposer de plus de minutes avait\" \/>\n<meta property=\"og:url\" content=\"https:\/\/footdavant.fr\/actualites\/sortie-dandy-robertson-larriere-gauche-de-liverpool-sur-la-verite-sur-le-contrat-alors-que-la-capacite-de-milos-kerkez-a-remplacer-le-defenseur-est-remise-en-question\/\" \/>\n<meta property=\"og:site_name\" content=\"Foot d&#039;avant\" \/>\n<meta property=\"article:publisher\" content=\"https:\/\/www.facebook.com\/Footdavant\/\" \/>\n<meta property=\"article:published_time\" content=\"2026-04-13T20:48:05+00:00\" \/>\n<meta property=\"article:modified_time\" content=\"2026-04-13T20:48:06+00:00\" \/>\n<meta property=\"og:image\" content=\"https:\/\/footdavant.fr\/actualites\/wp-content\/uploads\/2026\/01\/Liverpool-peut-realiser-un-echange-de-transfert-sensationnel-a-trois.net2Fuploads2F20262F012Fimago1071192839.webp\" \/>\n\t<meta property=\"og:image:width\" content=\"720\" \/>\n\t<meta property=\"og:image:height\" content=\"410\" \/>\n\t<meta property=\"og:image:type\" content=\"image\/webp\" \/>\n<meta name=\"author\" content=\"Cl\u00e9ment\" \/>\n<meta name=\"twitter:card\" content=\"summary_large_image\" \/>\n<meta name=\"twitter:creator\" content=\"@FootdavantFr\" \/>\n<meta name=\"twitter:site\" content=\"@FootdavantFr\" \/>\n<meta name=\"twitter:label1\" content=\"\u00c9crit par\" \/>\n\t<meta name=\"twitter:data1\" content=\"Cl\u00e9ment\" \/>\n\t<meta name=\"twitter:label2\" content=\"Dur\u00e9e de lecture estim\u00e9e\" \/>\n\t<meta name=\"twitter:data2\" content=\"3 minutes\" \/>\n<script type=\"application\/ld+json\" class=\"yoast-schema-graph\">{\"@context\":\"https:\/\/schema.org\",\"@graph\":[{\"@type\":\"Article\",\"@id\":\"https:\/\/footdavant.fr\/actualites\/sortie-dandy-robertson-larriere-gauche-de-liverpool-sur-la-verite-sur-le-contrat-alors-que-la-capacite-de-milos-kerkez-a-remplacer-le-defenseur-est-remise-en-question\/#article\",\"isPartOf\":{\"@id\":\"https:\/\/footdavant.fr\/actualites\/sortie-dandy-robertson-larriere-gauche-de-liverpool-sur-la-verite-sur-le-contrat-alors-que-la-capacite-de-milos-kerkez-a-remplacer-le-defenseur-est-remise-en-question\/\"},\"author\":{\"name\":\"Cl\u00e9ment\",\"@id\":\"https:\/\/footdavant.fr\/actualites\/#\/schema\/person\/bc222566d95871b37e597b3ed3ba5e1d\"},\"headline\":\"Sortie d&#39;Andy Robertson: l&#39;arri\u00e8re gauche de Liverpool sur la v\u00e9rit\u00e9 sur le \u00ab\u00a0contrat\u00a0\u00bb \u200b\u200balors que la capacit\u00e9 de Milos Kerkez \u00e0 remplacer le d\u00e9fenseur est remise en question\",\"datePublished\":\"2026-04-13T20:48:05+00:00\",\"dateModified\":\"2026-04-13T20:48:06+00:00\",\"mainEntityOfPage\":{\"@id\":\"https:\/\/footdavant.fr\/actualites\/sortie-dandy-robertson-larriere-gauche-de-liverpool-sur-la-verite-sur-le-contrat-alors-que-la-capacite-de-milos-kerkez-a-remplacer-le-defenseur-est-remise-en-question\/\"},\"wordCount\":637,\"publisher\":{\"@id\":\"https:\/\/footdavant.fr\/actualites\/#organization\"},\"keywords\":[\"alors\",\"capacit\u00e9\",\"contrat\",\"d39Andy\",\"d\u00e9fenseur\",\"est\",\"gauche\",\"Kerkez\",\"l39arri\u00e8re\",\"Liverpool\",\"Milos\",\"question\",\"remise\",\"remplacer\",\"Robertson\",\"sortie\",\"sur\",\"v\u00e9rit\u00e9\"],\"articleSection\":[\"Premier League\"],\"inLanguage\":\"fr-FR\"},{\"@type\":\"WebPage\",\"@id\":\"https:\/\/footdavant.fr\/actualites\/sortie-dandy-robertson-larriere-gauche-de-liverpool-sur-la-verite-sur-le-contrat-alors-que-la-capacite-de-milos-kerkez-a-remplacer-le-defenseur-est-remise-en-question\/\",\"url\":\"https:\/\/footdavant.fr\/actualites\/sortie-dandy-robertson-larriere-gauche-de-liverpool-sur-la-verite-sur-le-contrat-alors-que-la-capacite-de-milos-kerkez-a-remplacer-le-defenseur-est-remise-en-question\/\",\"name\":\"Sortie d&#39;Andy Robertson: l&#39;arri\u00e8re gauche de Liverpool sur la v\u00e9rit\u00e9 sur le \\\"contrat\\\" \u200b\u200balors que la capacit\u00e9 de Milos Kerkez \u00e0 remplacer le d\u00e9fenseur est remise en question\",\"isPartOf\":{\"@id\":\"https:\/\/footdavant.fr\/actualites\/#website\"},\"datePublished\":\"2026-04-13T20:48:05+00:00\",\"dateModified\":\"2026-04-13T20:48:06+00:00\",\"breadcrumb\":{\"@id\":\"https:\/\/footdavant.fr\/actualites\/sortie-dandy-robertson-larriere-gauche-de-liverpool-sur-la-verite-sur-le-contrat-alors-que-la-capacite-de-milos-kerkez-a-remplacer-le-defenseur-est-remise-en-question\/#breadcrumb\"},\"inLanguage\":\"fr-FR\",\"potentialAction\":[{\"@type\":\"ReadAction\",\"target\":[\"https:\/\/footdavant.fr\/actualites\/sortie-dandy-robertson-larriere-gauche-de-liverpool-sur-la-verite-sur-le-contrat-alors-que-la-capacite-de-milos-kerkez-a-remplacer-le-defenseur-est-remise-en-question\/\"]}]},{\"@type\":\"BreadcrumbList\",\"@id\":\"https:\/\/footdavant.fr\/actualites\/sortie-dandy-robertson-larriere-gauche-de-liverpool-sur-la-verite-sur-le-contrat-alors-que-la-capacite-de-milos-kerkez-a-remplacer-le-defenseur-est-remise-en-question\/#breadcrumb\",\"itemListElement\":[{\"@type\":\"ListItem\",\"position\":1,\"name\":\"Accueil\",\"item\":\"https:\/\/footdavant.fr\/actualites\/\"},{\"@type\":\"ListItem\",\"position\":2,\"name\":\"Sortie d&#39;Andy Robertson: l&#39;arri\u00e8re gauche de Liverpool sur la v\u00e9rit\u00e9 sur le \u00ab\u00a0contrat\u00a0\u00bb \u200b\u200balors que la capacit\u00e9 de Milos Kerkez \u00e0 remplacer le d\u00e9fenseur est remise en question\"}]},{\"@type\":\"WebSite\",\"@id\":\"https:\/\/footdavant.fr\/actualites\/#website\",\"url\":\"https:\/\/footdavant.fr\/actualites\/\",\"name\":\"Foot d'avant\",\"description\":\"\",\"publisher\":{\"@id\":\"https:\/\/footdavant.fr\/actualites\/#organization\"},\"potentialAction\":[{\"@type\":\"SearchAction\",\"target\":{\"@type\":\"EntryPoint\",\"urlTemplate\":\"https:\/\/footdavant.fr\/actualites\/?s={search_term_string}\"},\"query-input\":\"required name=search_term_string\"}],\"inLanguage\":\"fr-FR\"},{\"@type\":\"Organization\",\"@id\":\"https:\/\/footdavant.fr\/actualites\/#organization\",\"name\":\"Foot d'avant\",\"url\":\"https:\/\/footdavant.fr\/actualites\/\",\"logo\":{\"@type\":\"ImageObject\",\"inLanguage\":\"fr-FR\",\"@id\":\"https:\/\/footdavant.fr\/actualites\/#\/schema\/logo\/image\/\",\"url\":\"https:\/\/footdavant.fr\/actualites\/wp-content\/uploads\/2023\/09\/Copy-of-FootDavant-Logo.png\",\"contentUrl\":\"https:\/\/footdavant.fr\/actualites\/wp-content\/uploads\/2023\/09\/Copy-of-FootDavant-Logo.png\",\"width\":936,\"height\":549,\"caption\":\"Foot d'avant\"},\"image\":{\"@id\":\"https:\/\/footdavant.fr\/actualites\/#\/schema\/logo\/image\/\"},\"sameAs\":[\"https:\/\/www.facebook.com\/Footdavant\/\",\"https:\/\/twitter.com\/FootdavantFr\",\"https:\/\/www.instagram.com\/footdavant.fr\/\"]},{\"@type\":\"Person\",\"@id\":\"https:\/\/footdavant.fr\/actualites\/#\/schema\/person\/bc222566d95871b37e597b3ed3ba5e1d\",\"name\":\"Cl\u00e9ment\",\"image\":{\"@type\":\"ImageObject\",\"inLanguage\":\"fr-FR\",\"@id\":\"https:\/\/footdavant.fr\/actualites\/#\/schema\/person\/image\/\",\"url\":\"https:\/\/secure.gravatar.com\/avatar\/7728b29aac2719421e1a9159b2254c44?s=96&d=mm&r=g\",\"contentUrl\":\"https:\/\/secure.gravatar.com\/avatar\/7728b29aac2719421e1a9159b2254c44?s=96&d=mm&r=g\",\"caption\":\"Cl\u00e9ment\"},\"sameAs\":[\"https:\/\/footdavant.fr\/\"]}]}<\/script>\n<!-- \/ Yoast SEO plugin. -->","yoast_head_json":{"title":"Sortie d&#39;Andy Robertson: l&#39;arri\u00e8re gauche de Liverpool sur la v\u00e9rit\u00e9 sur le \"contrat\" \u200b\u200balors que la capacit\u00e9 de Milos Kerkez \u00e0 remplacer le d\u00e9fenseur est remise en question","robots":{"index":"index","follow":"follow","max-snippet":"max-snippet:-1","max-image-preview":"max-image-preview:large","max-video-preview":"max-video-preview:-1"},"canonical":"https:\/\/footdavant.fr\/actualites\/sortie-dandy-robertson-larriere-gauche-de-liverpool-sur-la-verite-sur-le-contrat-alors-que-la-capacite-de-milos-kerkez-a-remplacer-le-defenseur-est-remise-en-question\/","og_locale":"fr_FR","og_type":"article","og_title":"Sortie d&#39;Andy Robertson: l&#39;arri\u00e8re gauche de Liverpool sur la v\u00e9rit\u00e9 sur le \"contrat\" \u200b\u200balors que la capacit\u00e9 de Milos Kerkez \u00e0 remplacer le d\u00e9fenseur est remise en question","og_description":"Andrew Robertson a r\u00e9v\u00e9l\u00e9 que Liverpool ne lui avait pas propos\u00e9 de nouveau contrat et que son d\u00e9sir de disposer de plus de minutes avait","og_url":"https:\/\/footdavant.fr\/actualites\/sortie-dandy-robertson-larriere-gauche-de-liverpool-sur-la-verite-sur-le-contrat-alors-que-la-capacite-de-milos-kerkez-a-remplacer-le-defenseur-est-remise-en-question\/","og_site_name":"Foot d&#039;avant","article_publisher":"https:\/\/www.facebook.com\/Footdavant\/","article_published_time":"2026-04-13T20:48:05+00:00","article_modified_time":"2026-04-13T20:48:06+00:00","og_image":[{"width":720,"height":410,"url":"https:\/\/footdavant.fr\/actualites\/wp-content\/uploads\/2026\/01\/Liverpool-peut-realiser-un-echange-de-transfert-sensationnel-a-trois.net2Fuploads2F20262F012Fimago1071192839.webp","type":"image\/webp"}],"author":"Cl\u00e9ment","twitter_card":"summary_large_image","twitter_creator":"@FootdavantFr","twitter_site":"@FootdavantFr","twitter_misc":{"\u00c9crit par":"Cl\u00e9ment","Dur\u00e9e de lecture estim\u00e9e":"3 minutes"},"schema":{"@context":"https:\/\/schema.org","@graph":[{"@type":"Article","@id":"https:\/\/footdavant.fr\/actualites\/sortie-dandy-robertson-larriere-gauche-de-liverpool-sur-la-verite-sur-le-contrat-alors-que-la-capacite-de-milos-kerkez-a-remplacer-le-defenseur-est-remise-en-question\/#article","isPartOf":{"@id":"https:\/\/footdavant.fr\/actualites\/sortie-dandy-robertson-larriere-gauche-de-liverpool-sur-la-verite-sur-le-contrat-alors-que-la-capacite-de-milos-kerkez-a-remplacer-le-defenseur-est-remise-en-question\/"},"author":{"name":"Cl\u00e9ment","@id":"https:\/\/footdavant.fr\/actualites\/#\/schema\/person\/bc222566d95871b37e597b3ed3ba5e1d"},"headline":"Sortie d&#39;Andy Robertson: l&#39;arri\u00e8re gauche de Liverpool sur la v\u00e9rit\u00e9 sur le \u00ab\u00a0contrat\u00a0\u00bb \u200b\u200balors que la capacit\u00e9 de Milos Kerkez \u00e0 remplacer le d\u00e9fenseur est remise en question","datePublished":"2026-04-13T20:48:05+00:00","dateModified":"2026-04-13T20:48:06+00:00","mainEntityOfPage":{"@id":"https:\/\/footdavant.fr\/actualites\/sortie-dandy-robertson-larriere-gauche-de-liverpool-sur-la-verite-sur-le-contrat-alors-que-la-capacite-de-milos-kerkez-a-remplacer-le-defenseur-est-remise-en-question\/"},"wordCount":637,"publisher":{"@id":"https:\/\/footdavant.fr\/actualites\/#organization"},"keywords":["alors","capacit\u00e9","contrat","d39Andy","d\u00e9fenseur","est","gauche","Kerkez","l39arri\u00e8re","Liverpool","Milos","question","remise","remplacer","Robertson","sortie","sur","v\u00e9rit\u00e9"],"articleSection":["Premier League"],"inLanguage":"fr-FR"},{"@type":"WebPage","@id":"https:\/\/footdavant.fr\/actualites\/sortie-dandy-robertson-larriere-gauche-de-liverpool-sur-la-verite-sur-le-contrat-alors-que-la-capacite-de-milos-kerkez-a-remplacer-le-defenseur-est-remise-en-question\/","url":"https:\/\/footdavant.fr\/actualites\/sortie-dandy-robertson-larriere-gauche-de-liverpool-sur-la-verite-sur-le-contrat-alors-que-la-capacite-de-milos-kerkez-a-remplacer-le-defenseur-est-remise-en-question\/","name":"Sortie d&#39;Andy Robertson: l&#39;arri\u00e8re gauche de Liverpool sur la v\u00e9rit\u00e9 sur le \"contrat\" \u200b\u200balors que la capacit\u00e9 de Milos Kerkez \u00e0 remplacer le d\u00e9fenseur est remise en question","isPartOf":{"@id":"https:\/\/footdavant.fr\/actualites\/#website"},"datePublished":"2026-04-13T20:48:05+00:00","dateModified":"2026-04-13T20:48:06+00:00","breadcrumb":{"@id":"https:\/\/footdavant.fr\/actualites\/sortie-dandy-robertson-larriere-gauche-de-liverpool-sur-la-verite-sur-le-contrat-alors-que-la-capacite-de-milos-kerkez-a-remplacer-le-defenseur-est-remise-en-question\/#breadcrumb"},"inLanguage":"fr-FR","potentialAction":[{"@type":"ReadAction","target":["https:\/\/footdavant.fr\/actualites\/sortie-dandy-robertson-larriere-gauche-de-liverpool-sur-la-verite-sur-le-contrat-alors-que-la-capacite-de-milos-kerkez-a-remplacer-le-defenseur-est-remise-en-question\/"]}]},{"@type":"BreadcrumbList","@id":"https:\/\/footdavant.fr\/actualites\/sortie-dandy-robertson-larriere-gauche-de-liverpool-sur-la-verite-sur-le-contrat-alors-que-la-capacite-de-milos-kerkez-a-remplacer-le-defenseur-est-remise-en-question\/#breadcrumb","itemListElement":[{"@type":"ListItem","position":1,"name":"Accueil","item":"https:\/\/footdavant.fr\/actualites\/"},{"@type":"ListItem","position":2,"name":"Sortie d&#39;Andy Robertson: l&#39;arri\u00e8re gauche de Liverpool sur la v\u00e9rit\u00e9 sur le \u00ab\u00a0contrat\u00a0\u00bb \u200b\u200balors que la capacit\u00e9 de Milos Kerkez \u00e0 remplacer le d\u00e9fenseur est remise en question"}]},{"@type":"WebSite","@id":"https:\/\/footdavant.fr\/actualites\/#website","url":"https:\/\/footdavant.fr\/actualites\/","name":"Foot d'avant","description":"","publisher":{"@id":"https:\/\/footdavant.fr\/actualites\/#organization"},"potentialAction":[{"@type":"SearchAction","target":{"@type":"EntryPoint","urlTemplate":"https:\/\/footdavant.fr\/actualites\/?s={search_term_string}"},"query-input":"required name=search_term_string"}],"inLanguage":"fr-FR"},{"@type":"Organization","@id":"https:\/\/footdavant.fr\/actualites\/#organization","name":"Foot d'avant","url":"https:\/\/footdavant.fr\/actualites\/","logo":{"@type":"ImageObject","inLanguage":"fr-FR","@id":"https:\/\/footdavant.fr\/actualites\/#\/schema\/logo\/image\/","url":"https:\/\/footdavant.fr\/actualites\/wp-content\/uploads\/2023\/09\/Copy-of-FootDavant-Logo.png","contentUrl":"https:\/\/footdavant.fr\/actualites\/wp-content\/uploads\/2023\/09\/Copy-of-FootDavant-Logo.png","width":936,"height":549,"caption":"Foot d'avant"},"image":{"@id":"https:\/\/footdavant.fr\/actualites\/#\/schema\/logo\/image\/"},"sameAs":["https:\/\/www.facebook.com\/Footdavant\/","https:\/\/twitter.com\/FootdavantFr","https:\/\/www.instagram.com\/footdavant.fr\/"]},{"@type":"Person","@id":"https:\/\/footdavant.fr\/actualites\/#\/schema\/person\/bc222566d95871b37e597b3ed3ba5e1d","name":"Cl\u00e9ment","image":{"@type":"ImageObject","inLanguage":"fr-FR","@id":"https:\/\/footdavant.fr\/actualites\/#\/schema\/person\/image\/","url":"https:\/\/secure.gravatar.com\/avatar\/7728b29aac2719421e1a9159b2254c44?s=96&d=mm&r=g","contentUrl":"https:\/\/secure.gravatar.com\/avatar\/7728b29aac2719421e1a9159b2254c44?s=96&d=mm&r=g","caption":"Cl\u00e9ment"},"sameAs":["https:\/\/footdavant.fr\/"]}]}},"_links":{"self":[{"href":"https:\/\/footdavant.fr\/actualites\/wp-json\/wp\/v2\/posts\/36431"}],"collection":[{"href":"https:\/\/footdavant.fr\/actualites\/wp-json\/wp\/v2\/posts"}],"about":[{"href":"https:\/\/footdavant.fr\/actualites\/wp-json\/wp\/v2\/types\/post"}],"author":[{"embeddable":true,"href":"https:\/\/footdavant.fr\/actualites\/wp-json\/wp\/v2\/users\/1"}],"replies":[{"embeddable":true,"href":"https:\/\/footdavant.fr\/actualites\/wp-json\/wp\/v2\/comments?post=36431"}],"version-history":[{"count":1,"href":"https:\/\/footdavant.fr\/actualites\/wp-json\/wp\/v2\/posts\/36431\/revisions"}],"predecessor-version":[{"id":36432,"href":"https:\/\/footdavant.fr\/actualites\/wp-json\/wp\/v2\/posts\/36431\/revisions\/36432"}],"wp:featuredmedia":[{"embeddable":true,"href":"https:\/\/footdavant.fr\/actualites\/wp-json\/wp\/v2\/media\/33975"}],"wp:attachment":[{"href":"https:\/\/footdavant.fr\/actualites\/wp-json\/wp\/v2\/media?parent=36431"}],"wp:term":[{"taxonomy":"category","embeddable":true,"href":"https:\/\/footdavant.fr\/actualites\/wp-json\/wp\/v2\/categories?post=36431"},{"taxonomy":"post_tag","embeddable":true,"href":"https:\/\/footdavant.fr\/actualites\/wp-json\/wp\/v2\/tags?post=36431"}],"curies":[{"name":"wp","href":"https:\/\/api.w.org\/{rel}","templated":true}]}}