{"id":36436,"date":"2026-04-14T02:48:21","date_gmt":"2026-04-14T00:48:21","guid":{"rendered":"https:\/\/footdavant.fr\/actualites\/blessure-a-liverpool-liste-de-suspension-et-dates-de-retour-contre-le-psg-curtis-jones-alisson-becker-conor-bradley-wataru-endo-les-derniers\/"},"modified":"2026-04-14T02:48:23","modified_gmt":"2026-04-14T00:48:23","slug":"blessure-a-liverpool-liste-de-suspension-et-dates-de-retour-contre-le-psg-curtis-jones-alisson-becker-conor-bradley-wataru-endo-les-derniers","status":"publish","type":"post","link":"https:\/\/footdavant.fr\/actualites\/blessure-a-liverpool-liste-de-suspension-et-dates-de-retour-contre-le-psg-curtis-jones-alisson-becker-conor-bradley-wataru-endo-les-derniers\/","title":{"rendered":"Blessure \u00e0 Liverpool, liste de suspension et dates de retour contre le PSG : Curtis Jones, Alisson Becker, Conor Bradley, Wataru Endo les derniers"},"content":{"rendered":"<div itemprop=\"articleBody\">\n<p>Avec leur derni\u00e8re chance de remporter l&#39;argenterie en jeu, Liverpool en difficult\u00e9 accueillera le Paris Saint-Germain \u00e0 Anfield mardi pour le match retour de son quart de finale de Ligue des champions.<\/p>\n<p>Les Reds d&#39;Arne Slot ont \u00e9t\u00e9 largement domin\u00e9s lors d&#39;une d\u00e9faite 2-0 au match aller au Parc des Princes &#8211; sans r\u00e9ussir \u00e0 enregistrer un seul tir cadr\u00e9 &#8211; mais ils ont rebondi avec une victoire 2-0 contre Fulham en Premier League samedi.<\/p>\n<p>Malheureusement pour les Merseysiders, ils ont perdu Curtis Jones \u00e0 cause d&#39;une blessure \u00e0 l&#39;aine lors de cette victoire, bien qu&#39;Alexander Isak ait pu am\u00e9liorer sa forme physique avec une apparition de rempla\u00e7ant.<\/p>\n<p>Continuez \u00e0 lire pendant que Sports Mole r\u00e9sume les derni\u00e8res nouvelles sur les blessures et les suspensions de Liverpool avant leur affrontement en Ligue des champions avec le PSG mardi.<\/p>\n<div>\n<div>\n<div>\n<p>\u00a9 Imago<\/p>\n<\/div>\n<\/div>\n<\/div>\n<p>Statut\u00a0:\u00a0Out<\/p>\n<p>Type de blessure\u00a0: LCA<\/p>\n<p>Date de retour possible : Inconnue<\/p>\n<p>L&#39;arri\u00e8re central Giovanni Leoni est arriv\u00e9 \u00e0 Anfield \u00e0 l&#39;\u00e9t\u00e9 2025, dans l&#39;espoir de laisser sa marque dans le Merseyside apr\u00e8s avoir sign\u00e9 en provenance de Parme.<\/p>\n<p>Cependant, le joueur de 19 ans a eu la malchance de se d\u00e9chirer le ligament crois\u00e9 ant\u00e9rieur lors de ses d\u00e9buts en septembre, bien qu&#39;il ait r\u00e9cemment acc\u00e9l\u00e9r\u00e9 sa r\u00e9cup\u00e9ration en s&#39;entra\u00eenant \u00e0 nouveau sur gazon.<\/p>\n<h2>WATARU ENDO<\/h2>\n<div>\n<div>\n<div><img decoding=\"async\" data-img-id=\"157659\" class=\"lazy\" loading=\"lazy\" src=\"https:\/\/footdavant.fr\/actualites\/wp-content\/uploads\/2026\/03\/1773161283_890_Blessure-a-Liverpool-liste-des-suspensions-et-dates-de-retour.webp\"\/><\/p>\n<p>\u00a9 Imago \/ Sportimage<\/p>\n<\/div>\n<\/div>\n<\/div>\n<p>Statut\u00a0:\u00a0Out<\/p>\n<p>Type de blessure : Cheville \/ Pied<\/p>\n<p>Date de retour possible : Inconnue<\/p>\n<p>Le milieu d\u00e9fensif polyvalent Wataru Endo a d\u00e9but\u00e9 \u00e0 l&#39;arri\u00e8re droit contre Sunderland le 11 f\u00e9vrier, et alors qu&#39;il tentait de continuer \u00e0 jouer apr\u00e8s avoir subi une grave blessure \u00e0 la cheville et au pied, il a d\u00fb \u00eatre \u00e9tir\u00e9 sur une civi\u00e8re.<\/p>\n<p>Le capitaine japonais manquera le reste de la saison apr\u00e8s avoir subi une intervention chirurgicale pour r\u00e9parer le probl\u00e8me, et \u00ab\u00a0le plan est qu&#39;il soit pr\u00eat \u00e0 temps (pour la Coupe du Monde)\u00a0\u00bb, selon Slot.<\/p>\n<h2>CONOR BRADLEY<\/h2>\n<div>\n<div>\n<div><img decoding=\"async\" data-img-id=\"156714\" class=\"lazy\" loading=\"lazy\" src=\"https:\/\/footdavant.fr\/actualites\/wp-content\/uploads\/2026\/03\/1773161285_319_Blessure-a-Liverpool-liste-des-suspensions-et-dates-de-retour.webp\"\/><\/p>\n<p>\u00a9 Imago \/ IMAGO \/ Sportimage<\/p>\n<\/div>\n<\/div>\n<\/div>\n<p>Statut\u00a0:\u00a0Out<\/p>\n<p>Type de blessure : Genou<\/p>\n<p>Date de retour possible : Inconnue<\/p>\n<p>L&#39;arri\u00e8re droit a \u00e9t\u00e9 une position probl\u00e9matique pour Liverpool cette saison, et le premier choix Conor Bradley ratera le reste de la saison apr\u00e8s s&#39;\u00eatre gravement bless\u00e9 au genou contre Arsenal le 8 janvier.<\/p>\n<p>Le joueur de 22 ans a subi une op\u00e9ration chirurgicale r\u00e9ussie plus t\u00f4t cette ann\u00e9e, et son r\u00e9tablissement pourrait m\u00eame le voir mis \u00e0 l&#39;\u00e9cart lors des premi\u00e8res \u00e9tapes de la campagne 2026-27.<\/p>\n<h2>CURTIS JONES<\/h2>\n<div>\n<div>\n<div>\n<div><img decoding=\"async\" data-img-id=\"159216\" class=\"lazy\" loading=\"lazy\" src=\"https:\/\/footdavant.fr\/actualites\/wp-content\/uploads\/2026\/04\/1776127700_691_Blessure-a-Liverpool-liste-de-suspension-et-dates-de-retour.webp\"\/><\/p>\n<p>\u00a9 Iconsport \/ chaque deuxi\u00e8me m\u00e9dia\/Alay Live News<\/p>\n<\/div>\n<\/div>\n<\/div>\n<\/div>\n<p>Statut\u00a0:\u00a0Out<\/p>\n<p>Type de blessure\u00a0: Aine<\/p>\n<p>Date de retour possible : Inconnue<\/p>\n<p>Curtis Jones a \u00e9t\u00e9 contraint d&#39;abandonner contre Fulham en raison d&#39;une blessure \u00e0 l&#39;aine, et il est peu probable qu&#39;il soit pr\u00e9sent mardi.<\/p>\n<p>Apr\u00e8s la victoire contre les Cottagers, Slot a fait remarquer qu&#39;il \u00ab\u00a0serait surpris\u00a0\u00bb si le milieu de terrain pouvait jouer contre le PSG, laissant le patron avec Ryan Gravenberch, Alexis Mac Allister et Dominik Szoboszlai comme seules options au centre du parc.<\/p>\n<div>\n<div>\n<div><img decoding=\"async\" data-img-id=\"158467\" class=\"lazy\" loading=\"lazy\" src=\"https:\/\/footdavant.fr\/actualites\/wp-content\/uploads\/2026\/04\/1775090892_608_Blessure-a-Liverpool-liste-de-suspension-et-dates-de-retour.webp\"\/><\/p>\n<p>\u00a9 Iconsport \/ SPI<\/p>\n<\/div>\n<\/div>\n<\/div>\n<p>Statut\u00a0:\u00a0Out<\/p>\n<p>Type de blessure : Genou<\/p>\n<p>Date de retour possible : 3 mai (contre Manchester United)<\/p>\n<p>En plus d&#39;\u00eatre reconnu comme l&#39;un des meilleurs gardiens du monde, Alisson Becker a longtemps \u00e9t\u00e9 consid\u00e9r\u00e9 comme sujet aux blessures, et son dernier revers le verra rater l&#39;action de cette semaine.<\/p>\n<p>S&#39;exprimant samedi, Slot a d\u00e9clar\u00e9 : \u00ab\u00a0Mardi, je ne l&#39;attends pas (contre le Paris Saint-Germain). Il ne s&#39;entra\u00eene pas encore avec l&#39;\u00e9quipe.\u00a0\u00bb<\/p>\n<h2>LISTE DES SUSPENSIONS DE LIVERPOOL<\/h2>\n<p>Liverpool n\u2019a aucun joueur suspendu pour ce match.<\/p>\n<\/div>\n","protected":false},"excerpt":{"rendered":"<p>Avec leur derni\u00e8re chance de remporter l&#39;argenterie en jeu, Liverpool en difficult\u00e9 accueillera le Paris Saint-Germain \u00e0 Anfield mardi pour le match retour de son<\/p>\n","protected":false},"author":1,"featured_media":36437,"comment_status":"closed","ping_status":"","sticky":false,"template":"","format":"standard","meta":{"footnotes":""},"categories":[5],"tags":[1591,1901,15,4857,3306,20,1409,2867,1907,2999,968,93,17,53,1656,393,18,3777],"yoast_head":"<!-- This site is optimized with the Yoast SEO plugin v21.0 - https:\/\/yoast.com\/wordpress\/plugins\/seo\/ -->\n<title>Blessure \u00e0 Liverpool, liste de suspension et dates de retour contre le PSG : Curtis Jones, Alisson Becker, Conor Bradley, Wataru Endo les derniers<\/title>\n<meta name=\"robots\" content=\"index, follow, max-snippet:-1, max-image-preview:large, max-video-preview:-1\" \/>\n<link rel=\"canonical\" href=\"https:\/\/footdavant.fr\/actualites\/blessure-a-liverpool-liste-de-suspension-et-dates-de-retour-contre-le-psg-curtis-jones-alisson-becker-conor-bradley-wataru-endo-les-derniers\/\" \/>\n<meta property=\"og:locale\" content=\"fr_FR\" \/>\n<meta property=\"og:type\" content=\"article\" \/>\n<meta property=\"og:title\" content=\"Blessure \u00e0 Liverpool, liste de suspension et dates de retour contre le PSG : Curtis Jones, Alisson Becker, Conor Bradley, Wataru Endo les derniers\" \/>\n<meta property=\"og:description\" content=\"Avec leur derni\u00e8re chance de remporter l&#039;argenterie en jeu, Liverpool en difficult\u00e9 accueillera le Paris Saint-Germain \u00e0 Anfield mardi pour le match retour de son\" \/>\n<meta property=\"og:url\" content=\"https:\/\/footdavant.fr\/actualites\/blessure-a-liverpool-liste-de-suspension-et-dates-de-retour-contre-le-psg-curtis-jones-alisson-becker-conor-bradley-wataru-endo-les-derniers\/\" \/>\n<meta property=\"og:site_name\" content=\"Foot d&#039;avant\" \/>\n<meta property=\"article:publisher\" content=\"https:\/\/www.facebook.com\/Footdavant\/\" \/>\n<meta property=\"article:published_time\" content=\"2026-04-14T00:48:21+00:00\" \/>\n<meta property=\"article:modified_time\" content=\"2026-04-14T00:48:23+00:00\" \/>\n<meta property=\"og:image\" content=\"https:\/\/footdavant.fr\/actualites\/wp-content\/uploads\/2026\/04\/Blessure-a-Liverpool-liste-de-suspension-et-dates-de-retour.net2Fuploads2F20252F102Frhr-foto-curtis.webp\" \/>\n\t<meta property=\"og:image:width\" content=\"720\" \/>\n\t<meta property=\"og:image:height\" content=\"410\" \/>\n\t<meta property=\"og:image:type\" content=\"image\/webp\" \/>\n<meta name=\"author\" content=\"Cl\u00e9ment\" \/>\n<meta name=\"twitter:card\" content=\"summary_large_image\" \/>\n<meta name=\"twitter:creator\" content=\"@FootdavantFr\" \/>\n<meta name=\"twitter:site\" content=\"@FootdavantFr\" \/>\n<meta name=\"twitter:label1\" content=\"\u00c9crit par\" \/>\n\t<meta name=\"twitter:data1\" content=\"Cl\u00e9ment\" \/>\n\t<meta name=\"twitter:label2\" content=\"Dur\u00e9e de lecture estim\u00e9e\" \/>\n\t<meta name=\"twitter:data2\" content=\"3 minutes\" \/>\n<script type=\"application\/ld+json\" class=\"yoast-schema-graph\">{\"@context\":\"https:\/\/schema.org\",\"@graph\":[{\"@type\":\"Article\",\"@id\":\"https:\/\/footdavant.fr\/actualites\/blessure-a-liverpool-liste-de-suspension-et-dates-de-retour-contre-le-psg-curtis-jones-alisson-becker-conor-bradley-wataru-endo-les-derniers\/#article\",\"isPartOf\":{\"@id\":\"https:\/\/footdavant.fr\/actualites\/blessure-a-liverpool-liste-de-suspension-et-dates-de-retour-contre-le-psg-curtis-jones-alisson-becker-conor-bradley-wataru-endo-les-derniers\/\"},\"author\":{\"name\":\"Cl\u00e9ment\",\"@id\":\"https:\/\/footdavant.fr\/actualites\/#\/schema\/person\/bc222566d95871b37e597b3ed3ba5e1d\"},\"headline\":\"Blessure \u00e0 Liverpool, liste de suspension et dates de retour contre le PSG : Curtis Jones, Alisson Becker, Conor Bradley, Wataru Endo les derniers\",\"datePublished\":\"2026-04-14T00:48:21+00:00\",\"dateModified\":\"2026-04-14T00:48:23+00:00\",\"mainEntityOfPage\":{\"@id\":\"https:\/\/footdavant.fr\/actualites\/blessure-a-liverpool-liste-de-suspension-et-dates-de-retour-contre-le-psg-curtis-jones-alisson-becker-conor-bradley-wataru-endo-les-derniers\/\"},\"wordCount\":637,\"publisher\":{\"@id\":\"https:\/\/footdavant.fr\/actualites\/#organization\"},\"keywords\":[\"Alisson\",\"Becker\",\"Blessure\",\"Bradley\",\"Conor\",\"contre\",\"Curtis\",\"Dates\",\"derniers\",\"Endo\",\"Jones\",\"les\",\"liste\",\"Liverpool\",\"PSG\",\"retour\",\"suspension\",\"Wataru\"],\"articleSection\":[\"Premier League\"],\"inLanguage\":\"fr-FR\"},{\"@type\":\"WebPage\",\"@id\":\"https:\/\/footdavant.fr\/actualites\/blessure-a-liverpool-liste-de-suspension-et-dates-de-retour-contre-le-psg-curtis-jones-alisson-becker-conor-bradley-wataru-endo-les-derniers\/\",\"url\":\"https:\/\/footdavant.fr\/actualites\/blessure-a-liverpool-liste-de-suspension-et-dates-de-retour-contre-le-psg-curtis-jones-alisson-becker-conor-bradley-wataru-endo-les-derniers\/\",\"name\":\"Blessure \u00e0 Liverpool, liste de suspension et dates de retour contre le PSG : Curtis Jones, Alisson Becker, Conor Bradley, Wataru Endo les derniers\",\"isPartOf\":{\"@id\":\"https:\/\/footdavant.fr\/actualites\/#website\"},\"datePublished\":\"2026-04-14T00:48:21+00:00\",\"dateModified\":\"2026-04-14T00:48:23+00:00\",\"breadcrumb\":{\"@id\":\"https:\/\/footdavant.fr\/actualites\/blessure-a-liverpool-liste-de-suspension-et-dates-de-retour-contre-le-psg-curtis-jones-alisson-becker-conor-bradley-wataru-endo-les-derniers\/#breadcrumb\"},\"inLanguage\":\"fr-FR\",\"potentialAction\":[{\"@type\":\"ReadAction\",\"target\":[\"https:\/\/footdavant.fr\/actualites\/blessure-a-liverpool-liste-de-suspension-et-dates-de-retour-contre-le-psg-curtis-jones-alisson-becker-conor-bradley-wataru-endo-les-derniers\/\"]}]},{\"@type\":\"BreadcrumbList\",\"@id\":\"https:\/\/footdavant.fr\/actualites\/blessure-a-liverpool-liste-de-suspension-et-dates-de-retour-contre-le-psg-curtis-jones-alisson-becker-conor-bradley-wataru-endo-les-derniers\/#breadcrumb\",\"itemListElement\":[{\"@type\":\"ListItem\",\"position\":1,\"name\":\"Accueil\",\"item\":\"https:\/\/footdavant.fr\/actualites\/\"},{\"@type\":\"ListItem\",\"position\":2,\"name\":\"Blessure \u00e0 Liverpool, liste de suspension et dates de retour contre le PSG : Curtis Jones, Alisson Becker, Conor Bradley, Wataru Endo les derniers\"}]},{\"@type\":\"WebSite\",\"@id\":\"https:\/\/footdavant.fr\/actualites\/#website\",\"url\":\"https:\/\/footdavant.fr\/actualites\/\",\"name\":\"Foot d'avant\",\"description\":\"\",\"publisher\":{\"@id\":\"https:\/\/footdavant.fr\/actualites\/#organization\"},\"potentialAction\":[{\"@type\":\"SearchAction\",\"target\":{\"@type\":\"EntryPoint\",\"urlTemplate\":\"https:\/\/footdavant.fr\/actualites\/?s={search_term_string}\"},\"query-input\":\"required name=search_term_string\"}],\"inLanguage\":\"fr-FR\"},{\"@type\":\"Organization\",\"@id\":\"https:\/\/footdavant.fr\/actualites\/#organization\",\"name\":\"Foot d'avant\",\"url\":\"https:\/\/footdavant.fr\/actualites\/\",\"logo\":{\"@type\":\"ImageObject\",\"inLanguage\":\"fr-FR\",\"@id\":\"https:\/\/footdavant.fr\/actualites\/#\/schema\/logo\/image\/\",\"url\":\"https:\/\/footdavant.fr\/actualites\/wp-content\/uploads\/2023\/09\/Copy-of-FootDavant-Logo.png\",\"contentUrl\":\"https:\/\/footdavant.fr\/actualites\/wp-content\/uploads\/2023\/09\/Copy-of-FootDavant-Logo.png\",\"width\":936,\"height\":549,\"caption\":\"Foot d'avant\"},\"image\":{\"@id\":\"https:\/\/footdavant.fr\/actualites\/#\/schema\/logo\/image\/\"},\"sameAs\":[\"https:\/\/www.facebook.com\/Footdavant\/\",\"https:\/\/twitter.com\/FootdavantFr\",\"https:\/\/www.instagram.com\/footdavant.fr\/\"]},{\"@type\":\"Person\",\"@id\":\"https:\/\/footdavant.fr\/actualites\/#\/schema\/person\/bc222566d95871b37e597b3ed3ba5e1d\",\"name\":\"Cl\u00e9ment\",\"image\":{\"@type\":\"ImageObject\",\"inLanguage\":\"fr-FR\",\"@id\":\"https:\/\/footdavant.fr\/actualites\/#\/schema\/person\/image\/\",\"url\":\"https:\/\/secure.gravatar.com\/avatar\/7728b29aac2719421e1a9159b2254c44?s=96&d=mm&r=g\",\"contentUrl\":\"https:\/\/secure.gravatar.com\/avatar\/7728b29aac2719421e1a9159b2254c44?s=96&d=mm&r=g\",\"caption\":\"Cl\u00e9ment\"},\"sameAs\":[\"https:\/\/footdavant.fr\/\"]}]}<\/script>\n<!-- \/ Yoast SEO plugin. -->","yoast_head_json":{"title":"Blessure \u00e0 Liverpool, liste de suspension et dates de retour contre le PSG : Curtis Jones, Alisson Becker, Conor Bradley, Wataru Endo les derniers","robots":{"index":"index","follow":"follow","max-snippet":"max-snippet:-1","max-image-preview":"max-image-preview:large","max-video-preview":"max-video-preview:-1"},"canonical":"https:\/\/footdavant.fr\/actualites\/blessure-a-liverpool-liste-de-suspension-et-dates-de-retour-contre-le-psg-curtis-jones-alisson-becker-conor-bradley-wataru-endo-les-derniers\/","og_locale":"fr_FR","og_type":"article","og_title":"Blessure \u00e0 Liverpool, liste de suspension et dates de retour contre le PSG : Curtis Jones, Alisson Becker, Conor Bradley, Wataru Endo les derniers","og_description":"Avec leur derni\u00e8re chance de remporter l&#39;argenterie en jeu, Liverpool en difficult\u00e9 accueillera le Paris Saint-Germain \u00e0 Anfield mardi pour le match retour de son","og_url":"https:\/\/footdavant.fr\/actualites\/blessure-a-liverpool-liste-de-suspension-et-dates-de-retour-contre-le-psg-curtis-jones-alisson-becker-conor-bradley-wataru-endo-les-derniers\/","og_site_name":"Foot d&#039;avant","article_publisher":"https:\/\/www.facebook.com\/Footdavant\/","article_published_time":"2026-04-14T00:48:21+00:00","article_modified_time":"2026-04-14T00:48:23+00:00","og_image":[{"width":720,"height":410,"url":"https:\/\/footdavant.fr\/actualites\/wp-content\/uploads\/2026\/04\/Blessure-a-Liverpool-liste-de-suspension-et-dates-de-retour.net2Fuploads2F20252F102Frhr-foto-curtis.webp","type":"image\/webp"}],"author":"Cl\u00e9ment","twitter_card":"summary_large_image","twitter_creator":"@FootdavantFr","twitter_site":"@FootdavantFr","twitter_misc":{"\u00c9crit par":"Cl\u00e9ment","Dur\u00e9e de lecture estim\u00e9e":"3 minutes"},"schema":{"@context":"https:\/\/schema.org","@graph":[{"@type":"Article","@id":"https:\/\/footdavant.fr\/actualites\/blessure-a-liverpool-liste-de-suspension-et-dates-de-retour-contre-le-psg-curtis-jones-alisson-becker-conor-bradley-wataru-endo-les-derniers\/#article","isPartOf":{"@id":"https:\/\/footdavant.fr\/actualites\/blessure-a-liverpool-liste-de-suspension-et-dates-de-retour-contre-le-psg-curtis-jones-alisson-becker-conor-bradley-wataru-endo-les-derniers\/"},"author":{"name":"Cl\u00e9ment","@id":"https:\/\/footdavant.fr\/actualites\/#\/schema\/person\/bc222566d95871b37e597b3ed3ba5e1d"},"headline":"Blessure \u00e0 Liverpool, liste de suspension et dates de retour contre le PSG : Curtis Jones, Alisson Becker, Conor Bradley, Wataru Endo les derniers","datePublished":"2026-04-14T00:48:21+00:00","dateModified":"2026-04-14T00:48:23+00:00","mainEntityOfPage":{"@id":"https:\/\/footdavant.fr\/actualites\/blessure-a-liverpool-liste-de-suspension-et-dates-de-retour-contre-le-psg-curtis-jones-alisson-becker-conor-bradley-wataru-endo-les-derniers\/"},"wordCount":637,"publisher":{"@id":"https:\/\/footdavant.fr\/actualites\/#organization"},"keywords":["Alisson","Becker","Blessure","Bradley","Conor","contre","Curtis","Dates","derniers","Endo","Jones","les","liste","Liverpool","PSG","retour","suspension","Wataru"],"articleSection":["Premier League"],"inLanguage":"fr-FR"},{"@type":"WebPage","@id":"https:\/\/footdavant.fr\/actualites\/blessure-a-liverpool-liste-de-suspension-et-dates-de-retour-contre-le-psg-curtis-jones-alisson-becker-conor-bradley-wataru-endo-les-derniers\/","url":"https:\/\/footdavant.fr\/actualites\/blessure-a-liverpool-liste-de-suspension-et-dates-de-retour-contre-le-psg-curtis-jones-alisson-becker-conor-bradley-wataru-endo-les-derniers\/","name":"Blessure \u00e0 Liverpool, liste de suspension et dates de retour contre le PSG : Curtis Jones, Alisson Becker, Conor Bradley, Wataru Endo les derniers","isPartOf":{"@id":"https:\/\/footdavant.fr\/actualites\/#website"},"datePublished":"2026-04-14T00:48:21+00:00","dateModified":"2026-04-14T00:48:23+00:00","breadcrumb":{"@id":"https:\/\/footdavant.fr\/actualites\/blessure-a-liverpool-liste-de-suspension-et-dates-de-retour-contre-le-psg-curtis-jones-alisson-becker-conor-bradley-wataru-endo-les-derniers\/#breadcrumb"},"inLanguage":"fr-FR","potentialAction":[{"@type":"ReadAction","target":["https:\/\/footdavant.fr\/actualites\/blessure-a-liverpool-liste-de-suspension-et-dates-de-retour-contre-le-psg-curtis-jones-alisson-becker-conor-bradley-wataru-endo-les-derniers\/"]}]},{"@type":"BreadcrumbList","@id":"https:\/\/footdavant.fr\/actualites\/blessure-a-liverpool-liste-de-suspension-et-dates-de-retour-contre-le-psg-curtis-jones-alisson-becker-conor-bradley-wataru-endo-les-derniers\/#breadcrumb","itemListElement":[{"@type":"ListItem","position":1,"name":"Accueil","item":"https:\/\/footdavant.fr\/actualites\/"},{"@type":"ListItem","position":2,"name":"Blessure \u00e0 Liverpool, liste de suspension et dates de retour contre le PSG : Curtis Jones, Alisson Becker, Conor Bradley, Wataru Endo les derniers"}]},{"@type":"WebSite","@id":"https:\/\/footdavant.fr\/actualites\/#website","url":"https:\/\/footdavant.fr\/actualites\/","name":"Foot d'avant","description":"","publisher":{"@id":"https:\/\/footdavant.fr\/actualites\/#organization"},"potentialAction":[{"@type":"SearchAction","target":{"@type":"EntryPoint","urlTemplate":"https:\/\/footdavant.fr\/actualites\/?s={search_term_string}"},"query-input":"required name=search_term_string"}],"inLanguage":"fr-FR"},{"@type":"Organization","@id":"https:\/\/footdavant.fr\/actualites\/#organization","name":"Foot d'avant","url":"https:\/\/footdavant.fr\/actualites\/","logo":{"@type":"ImageObject","inLanguage":"fr-FR","@id":"https:\/\/footdavant.fr\/actualites\/#\/schema\/logo\/image\/","url":"https:\/\/footdavant.fr\/actualites\/wp-content\/uploads\/2023\/09\/Copy-of-FootDavant-Logo.png","contentUrl":"https:\/\/footdavant.fr\/actualites\/wp-content\/uploads\/2023\/09\/Copy-of-FootDavant-Logo.png","width":936,"height":549,"caption":"Foot d'avant"},"image":{"@id":"https:\/\/footdavant.fr\/actualites\/#\/schema\/logo\/image\/"},"sameAs":["https:\/\/www.facebook.com\/Footdavant\/","https:\/\/twitter.com\/FootdavantFr","https:\/\/www.instagram.com\/footdavant.fr\/"]},{"@type":"Person","@id":"https:\/\/footdavant.fr\/actualites\/#\/schema\/person\/bc222566d95871b37e597b3ed3ba5e1d","name":"Cl\u00e9ment","image":{"@type":"ImageObject","inLanguage":"fr-FR","@id":"https:\/\/footdavant.fr\/actualites\/#\/schema\/person\/image\/","url":"https:\/\/secure.gravatar.com\/avatar\/7728b29aac2719421e1a9159b2254c44?s=96&d=mm&r=g","contentUrl":"https:\/\/secure.gravatar.com\/avatar\/7728b29aac2719421e1a9159b2254c44?s=96&d=mm&r=g","caption":"Cl\u00e9ment"},"sameAs":["https:\/\/footdavant.fr\/"]}]}},"_links":{"self":[{"href":"https:\/\/footdavant.fr\/actualites\/wp-json\/wp\/v2\/posts\/36436"}],"collection":[{"href":"https:\/\/footdavant.fr\/actualites\/wp-json\/wp\/v2\/posts"}],"about":[{"href":"https:\/\/footdavant.fr\/actualites\/wp-json\/wp\/v2\/types\/post"}],"author":[{"embeddable":true,"href":"https:\/\/footdavant.fr\/actualites\/wp-json\/wp\/v2\/users\/1"}],"replies":[{"embeddable":true,"href":"https:\/\/footdavant.fr\/actualites\/wp-json\/wp\/v2\/comments?post=36436"}],"version-history":[{"count":1,"href":"https:\/\/footdavant.fr\/actualites\/wp-json\/wp\/v2\/posts\/36436\/revisions"}],"predecessor-version":[{"id":36438,"href":"https:\/\/footdavant.fr\/actualites\/wp-json\/wp\/v2\/posts\/36436\/revisions\/36438"}],"wp:featuredmedia":[{"embeddable":true,"href":"https:\/\/footdavant.fr\/actualites\/wp-json\/wp\/v2\/media\/36437"}],"wp:attachment":[{"href":"https:\/\/footdavant.fr\/actualites\/wp-json\/wp\/v2\/media?parent=36436"}],"wp:term":[{"taxonomy":"category","embeddable":true,"href":"https:\/\/footdavant.fr\/actualites\/wp-json\/wp\/v2\/categories?post=36436"},{"taxonomy":"post_tag","embeddable":true,"href":"https:\/\/footdavant.fr\/actualites\/wp-json\/wp\/v2\/tags?post=36436"}],"curies":[{"name":"wp","href":"https:\/\/api.w.org\/{rel}","templated":true}]}}