{"id":36439,"date":"2026-04-14T04:48:06","date_gmt":"2026-04-14T02:48:06","guid":{"rendered":"https:\/\/footdavant.fr\/actualites\/carrick-fulmine-contre-lune-des-pires-decisions-lors-de-la-defaite-de-manchester-united-contre-leeds\/"},"modified":"2026-04-14T04:48:07","modified_gmt":"2026-04-14T02:48:07","slug":"carrick-fulmine-contre-lune-des-pires-decisions-lors-de-la-defaite-de-manchester-united-contre-leeds","status":"publish","type":"post","link":"https:\/\/footdavant.fr\/actualites\/carrick-fulmine-contre-lune-des-pires-decisions-lors-de-la-defaite-de-manchester-united-contre-leeds\/","title":{"rendered":"Carrick fulmine contre \u00ab\u00a0l&#39;une des pires d\u00e9cisions\u00a0\u00bb lors de la d\u00e9faite de Manchester United contre Leeds"},"content":{"rendered":"<div>\n<p>Michael Carrick a lanc\u00e9 une attaque f\u00e9roce contre les officiels apr\u00e8s la d\u00e9faite 2-1 de Manchester United contre Leeds, qualifiant de \u00ab choquantes \u00bb deux d\u00e9cisions arbitrales cl\u00e9s en autant de matchs et insistant sur le fait que le carton rouge de Lisandro Martinez \u00e9tait parmi les pires dont il ait \u00e9t\u00e9 t\u00e9moin dans sa carri\u00e8re de manager.<\/p>\n<p>Le doubl\u00e9 de Noah Okafor en premi\u00e8re mi-temps a donn\u00e9 \u00e0 Leeds United une victoire c\u00e9l\u00e8bre, sa premi\u00e8re victoire en championnat \u00e0 Old Trafford depuis plus de 23 ans, Casemiro revenant en seconde p\u00e9riode comme une consolation. <\/p>\n<p>Mais le r\u00e9sultat a \u00e9t\u00e9 \u00e9clips\u00e9 par la col\u00e8re suscit\u00e9e par l&#39;\u00e9valuation d&#39;apr\u00e8s-match de Carrick, alors qu&#39;il se tournait vers l&#39;arbitre Paul Tierney et le VAR pour une s\u00e9rie de d\u00e9cisions qui, selon lui, avaient co\u00fbt\u00e9 cher \u00e0 son \u00e9quipe.<\/p>\n<p>\u00ab\u00a0Nous n&#39;avons pas particuli\u00e8rement bien commenc\u00e9 le match\u00a0\u00bb, a d\u00e9clar\u00e9 Carrick \u00e0 Sky Sports. \u00ab\u00a0Nous avons \u00e9videmment conc\u00e9d\u00e9 lorsque Leny Yoro re\u00e7oit un coup d&#39;avant-bras \u00e0 l&#39;arri\u00e8re de la t\u00eate et qu&#39;ils marquent le premier but. <\/p>\n<p>\u00ab\u00a0Ils n&#39;ont pas d\u00e9cid\u00e9 d&#39;annuler cette d\u00e9cision. C&#39;\u00e9tait un grand moment du match. Nous n&#39;avions pas vraiment le rythme, nous n&#39;avons pas cliqu\u00e9, nous avons eu quelques moments mais ce n&#39;\u00e9tait pas tout \u00e0 fait l\u00e0 pendant une grande partie de la premi\u00e8re mi-temps.<\/p>\n<p>\u00ab\u00a0Mais en deuxi\u00e8me mi-temps, j&#39;ai pens\u00e9 que les gar\u00e7ons, dans leur fa\u00e7on de proc\u00e9der, sont rest\u00e9s positifs et se sont battus pour en tirer quelque chose apr\u00e8s une autre d\u00e9cision choquante et choquante d&#39;expulser Martinez. Deux matchs de suite, nous avons eu des d\u00e9cisions comme celle-l\u00e0 qui vont contre nous, mais celle-l\u00e0 a \u00e9t\u00e9 l&#39;une des pires que j&#39;ai vues. \u00ab\u00a0<\/p>\n<figure class=\"wp-block-embed is-type-rich is-provider-twitter wp-block-embed-twitter\"\/>\n<h2 class=\"wp-block-heading\"><span id=\"Carrick8217s_Red_Card_Fury\">La fureur du carton rouge de Carrick<\/span><\/h2>\n<p>Martinez a \u00e9t\u00e9 expuls\u00e9 \u00e0 la 56e minute apr\u00e8s ce que l&#39;arbitre a jug\u00e9 \u00eatre une traction d\u00e9lib\u00e9r\u00e9e des cheveux de Dominic Calvert-Lewin. VAR a r\u00e9vis\u00e9 la d\u00e9cision et a refus\u00e9 d&#39;intervenir, laissant United jouer la derni\u00e8re demi-heure \u00e0 dix. Carrick \u00e9tait incr\u00e9dule.<\/p>\n<p>\u00ab\u00a0Vous pouvez donner un coup de coude \u00e0 Leny Yoro pour le premier but, en penchant le bras \u00e9videmment, vous pouvez jeter votre bras au visage de Martinez et puis comme il est d\u00e9s\u00e9quilibr\u00e9 \u00e0 cause de \u00e7a, il est \u00e0 moiti\u00e9 aux prises, il touche \u00e0 moiti\u00e9 l&#39;arri\u00e8re de ses cheveux ce qui tire la boule pour sortir\u00a0\u00bb, a-t-il d\u00e9clar\u00e9.<\/p>\n<p>\u00ab\u00a0Je ne sais m\u00eame pas \u00e0 quoi \u00e7a ressemble. Ce n&#39;est pas un pull, ce n&#39;est pas un remorqueur, ce n&#39;est pas agressif. Il le touche et il est expuls\u00e9.<\/p>\n<p>\u00a0\u00bb Pire encore, il est envoy\u00e9 pour renverser la d\u00e9cision, une erreur claire et \u00e9vidente. Choquant. \u00ab\u00a0<\/p>\n<h2 class=\"wp-block-heading\"><span id=\"United_Look_to_the_Final_Weeks\"><\/span><\/h2>\n<figure class=\"wp-block-image size-large\"><picture decoding=\"async\" class=\"wp-image-183011\"><source type=\"image\/webp\" data-lazy- \/><img loading=\"lazy\" decoding=\"async\" width=\"1024\" height=\"576\" src=\"https:\/\/footdavant.fr\/actualites\/wp-content\/uploads\/2026\/04\/Carrick-fulmine-contre-l39une-des-pires-decisions-lors-de-la.jpg\" alt=\"Les joueurs de Manchester United se plaignent apr\u00e8s un carton rouge\"  \/>\n<\/picture>\n<\/figure>\n<p>Malgr\u00e9 le r\u00e9sultat mettant fin \u00e0 l&#39;invincibilit\u00e9 de Carrick depuis sa prise de fonction en janvier, l&#39;entra\u00eeneur de United \u00e9tait d\u00e9termin\u00e9 \u00e0 regarder au-del\u00e0 de la frustration, soulignant une forte r\u00e9ponse en seconde p\u00e9riode comme preuve de ce dont son \u00e9quipe est capable.<\/p>\n<p>\u00ab Les gar\u00e7ons se sont lanc\u00e9s \u00bb, dit-il. \u00ab\u00a0C&#39;est le football, parfois il n&#39;y a pas de bons moments dans les matchs et d&#39;autres fois c&#39;est le cas. Nous savons que nous pouvons \u00eatre meilleurs et mieux faire les choses. Nous allons \u00e9videmment y r\u00e9fl\u00e9chir.<\/p>\n<p>\u00ab\u00a0La seconde mi-temps aurait pu tirer quelque chose du match. Je suis satisfait de la fa\u00e7on dont nous avons proc\u00e9d\u00e9. Nous avons parl\u00e9 \u00e0 la mi-temps de la possibilit\u00e9 de marquer le prochain but et d&#39;essayer de gagner le match. C&#39;\u00e9tait \u00e9videmment plus difficile quand vous \u00eates un homme \u00e0 terre.\u00a0\u00bb<\/p>\n<p>Lorsqu&#39;on lui a demand\u00e9 si la tr\u00eave internationale avait perturb\u00e9 le rythme de United, Carrick a r\u00e9pondu court. \u00ab Cela ne fait aucune diff\u00e9rence, pour \u00eatre honn\u00eate.<\/p>\n<p>\u00ab\u00a0C&#39;est un match. Nous allons certainement l&#39;examiner et chercher \u00e0 nous am\u00e9liorer. Nous avons un autre grand match, un match important la semaine prochaine et une grande fin de saison.<\/p>\n<p>\u00ab\u00a0Nous sommes dans une tr\u00e8s bonne position. Ce soir, c&#39;est d\u00e9cevant, nous ne voulions pas perdre et nous ne voulions pas que les d\u00e9cisions de l&#39;arbitre soient si mauvaises contre nous, mais nous passons \u00e0 autre chose. Nous avons une belle fin de saison et il y a de quoi \u00eatre positif.\u00a0\u00bb<\/p>\n<p>United reste troisi\u00e8me de la Premier League et dans la course \u00e0 la qualification pour la Ligue des champions, mais ils ne peuvent pas continuer \u00e0 compter sur les points perdus par leurs rivaux.<\/p>\n<figure class=\"wp-block-embed is-type-rich is-provider-twitter wp-block-embed-twitter\"\/><\/div>\n","protected":false},"excerpt":{"rendered":"<p>Michael Carrick a lanc\u00e9 une attaque f\u00e9roce contre les officiels apr\u00e8s la d\u00e9faite 2-1 de Manchester United contre Leeds, qualifiant de \u00ab choquantes \u00bb deux<\/p>\n","protected":false},"author":1,"featured_media":35106,"comment_status":"closed","ping_status":"","sticky":false,"template":"","format":"standard","meta":{"footnotes":""},"categories":[3],"tags":[5200,20,3408,425,12,4487,7071,121,64,11,1639,13],"yoast_head":"<!-- This site is optimized with the Yoast SEO plugin v21.0 - https:\/\/yoast.com\/wordpress\/plugins\/seo\/ -->\n<title>Carrick fulmine contre &quot;l&#039;une des pires d\u00e9cisions&quot; lors de la d\u00e9faite de Manchester United contre Leeds<\/title>\n<meta name=\"robots\" content=\"index, follow, max-snippet:-1, max-image-preview:large, max-video-preview:-1\" \/>\n<link rel=\"canonical\" href=\"https:\/\/footdavant.fr\/actualites\/carrick-fulmine-contre-lune-des-pires-decisions-lors-de-la-defaite-de-manchester-united-contre-leeds\/\" \/>\n<meta property=\"og:locale\" content=\"fr_FR\" \/>\n<meta property=\"og:type\" content=\"article\" \/>\n<meta property=\"og:title\" content=\"Carrick fulmine contre &quot;l&#039;une des pires d\u00e9cisions&quot; lors de la d\u00e9faite de Manchester United contre Leeds\" \/>\n<meta property=\"og:description\" content=\"Michael Carrick a lanc\u00e9 une attaque f\u00e9roce contre les officiels apr\u00e8s la d\u00e9faite 2-1 de Manchester United contre Leeds, qualifiant de \u00ab choquantes \u00bb deux\" \/>\n<meta property=\"og:url\" content=\"https:\/\/footdavant.fr\/actualites\/carrick-fulmine-contre-lune-des-pires-decisions-lors-de-la-defaite-de-manchester-united-contre-leeds\/\" \/>\n<meta property=\"og:site_name\" content=\"Foot d&#039;avant\" \/>\n<meta property=\"article:publisher\" content=\"https:\/\/www.facebook.com\/Footdavant\/\" \/>\n<meta property=\"article:published_time\" content=\"2026-04-14T02:48:06+00:00\" \/>\n<meta property=\"article:modified_time\" content=\"2026-04-14T02:48:07+00:00\" \/>\n<meta property=\"og:image\" content=\"https:\/\/footdavant.fr\/actualites\/wp-content\/uploads\/2026\/03\/1772678888_Manchester-United-meritait-la-defaite-2-1-a-Newcastle.jpg\" \/>\n\t<meta property=\"og:image:width\" content=\"1200\" \/>\n\t<meta property=\"og:image:height\" content=\"800\" \/>\n\t<meta property=\"og:image:type\" content=\"image\/jpeg\" \/>\n<meta name=\"author\" content=\"Cl\u00e9ment\" \/>\n<meta name=\"twitter:card\" content=\"summary_large_image\" \/>\n<meta name=\"twitter:creator\" content=\"@FootdavantFr\" \/>\n<meta name=\"twitter:site\" content=\"@FootdavantFr\" \/>\n<meta name=\"twitter:label1\" content=\"\u00c9crit par\" \/>\n\t<meta name=\"twitter:data1\" content=\"Cl\u00e9ment\" \/>\n\t<meta name=\"twitter:label2\" content=\"Dur\u00e9e de lecture estim\u00e9e\" \/>\n\t<meta name=\"twitter:data2\" content=\"4 minutes\" \/>\n<script type=\"application\/ld+json\" class=\"yoast-schema-graph\">{\"@context\":\"https:\/\/schema.org\",\"@graph\":[{\"@type\":\"Article\",\"@id\":\"https:\/\/footdavant.fr\/actualites\/carrick-fulmine-contre-lune-des-pires-decisions-lors-de-la-defaite-de-manchester-united-contre-leeds\/#article\",\"isPartOf\":{\"@id\":\"https:\/\/footdavant.fr\/actualites\/carrick-fulmine-contre-lune-des-pires-decisions-lors-de-la-defaite-de-manchester-united-contre-leeds\/\"},\"author\":{\"name\":\"Cl\u00e9ment\",\"@id\":\"https:\/\/footdavant.fr\/actualites\/#\/schema\/person\/bc222566d95871b37e597b3ed3ba5e1d\"},\"headline\":\"Carrick fulmine contre \u00ab\u00a0l&#39;une des pires d\u00e9cisions\u00a0\u00bb lors de la d\u00e9faite de Manchester United contre Leeds\",\"datePublished\":\"2026-04-14T02:48:06+00:00\",\"dateModified\":\"2026-04-14T02:48:07+00:00\",\"mainEntityOfPage\":{\"@id\":\"https:\/\/footdavant.fr\/actualites\/carrick-fulmine-contre-lune-des-pires-decisions-lors-de-la-defaite-de-manchester-united-contre-leeds\/\"},\"wordCount\":812,\"publisher\":{\"@id\":\"https:\/\/footdavant.fr\/actualites\/#organization\"},\"keywords\":[\"Carrick\",\"contre\",\"d\u00e9cisions\",\"d\u00e9faite\",\"des\",\"fulmine\",\"l39une\",\"Leeds\",\"lors\",\"Manchester\",\"pires\",\"United\"],\"articleSection\":[\"Football\"],\"inLanguage\":\"fr-FR\"},{\"@type\":\"WebPage\",\"@id\":\"https:\/\/footdavant.fr\/actualites\/carrick-fulmine-contre-lune-des-pires-decisions-lors-de-la-defaite-de-manchester-united-contre-leeds\/\",\"url\":\"https:\/\/footdavant.fr\/actualites\/carrick-fulmine-contre-lune-des-pires-decisions-lors-de-la-defaite-de-manchester-united-contre-leeds\/\",\"name\":\"Carrick fulmine contre \\\"l&#39;une des pires d\u00e9cisions\\\" lors de la d\u00e9faite de Manchester United contre Leeds\",\"isPartOf\":{\"@id\":\"https:\/\/footdavant.fr\/actualites\/#website\"},\"datePublished\":\"2026-04-14T02:48:06+00:00\",\"dateModified\":\"2026-04-14T02:48:07+00:00\",\"breadcrumb\":{\"@id\":\"https:\/\/footdavant.fr\/actualites\/carrick-fulmine-contre-lune-des-pires-decisions-lors-de-la-defaite-de-manchester-united-contre-leeds\/#breadcrumb\"},\"inLanguage\":\"fr-FR\",\"potentialAction\":[{\"@type\":\"ReadAction\",\"target\":[\"https:\/\/footdavant.fr\/actualites\/carrick-fulmine-contre-lune-des-pires-decisions-lors-de-la-defaite-de-manchester-united-contre-leeds\/\"]}]},{\"@type\":\"BreadcrumbList\",\"@id\":\"https:\/\/footdavant.fr\/actualites\/carrick-fulmine-contre-lune-des-pires-decisions-lors-de-la-defaite-de-manchester-united-contre-leeds\/#breadcrumb\",\"itemListElement\":[{\"@type\":\"ListItem\",\"position\":1,\"name\":\"Accueil\",\"item\":\"https:\/\/footdavant.fr\/actualites\/\"},{\"@type\":\"ListItem\",\"position\":2,\"name\":\"Carrick fulmine contre \u00ab\u00a0l&#39;une des pires d\u00e9cisions\u00a0\u00bb lors de la d\u00e9faite de Manchester United contre Leeds\"}]},{\"@type\":\"WebSite\",\"@id\":\"https:\/\/footdavant.fr\/actualites\/#website\",\"url\":\"https:\/\/footdavant.fr\/actualites\/\",\"name\":\"Foot d'avant\",\"description\":\"\",\"publisher\":{\"@id\":\"https:\/\/footdavant.fr\/actualites\/#organization\"},\"potentialAction\":[{\"@type\":\"SearchAction\",\"target\":{\"@type\":\"EntryPoint\",\"urlTemplate\":\"https:\/\/footdavant.fr\/actualites\/?s={search_term_string}\"},\"query-input\":\"required name=search_term_string\"}],\"inLanguage\":\"fr-FR\"},{\"@type\":\"Organization\",\"@id\":\"https:\/\/footdavant.fr\/actualites\/#organization\",\"name\":\"Foot d'avant\",\"url\":\"https:\/\/footdavant.fr\/actualites\/\",\"logo\":{\"@type\":\"ImageObject\",\"inLanguage\":\"fr-FR\",\"@id\":\"https:\/\/footdavant.fr\/actualites\/#\/schema\/logo\/image\/\",\"url\":\"https:\/\/footdavant.fr\/actualites\/wp-content\/uploads\/2023\/09\/Copy-of-FootDavant-Logo.png\",\"contentUrl\":\"https:\/\/footdavant.fr\/actualites\/wp-content\/uploads\/2023\/09\/Copy-of-FootDavant-Logo.png\",\"width\":936,\"height\":549,\"caption\":\"Foot d'avant\"},\"image\":{\"@id\":\"https:\/\/footdavant.fr\/actualites\/#\/schema\/logo\/image\/\"},\"sameAs\":[\"https:\/\/www.facebook.com\/Footdavant\/\",\"https:\/\/twitter.com\/FootdavantFr\",\"https:\/\/www.instagram.com\/footdavant.fr\/\"]},{\"@type\":\"Person\",\"@id\":\"https:\/\/footdavant.fr\/actualites\/#\/schema\/person\/bc222566d95871b37e597b3ed3ba5e1d\",\"name\":\"Cl\u00e9ment\",\"image\":{\"@type\":\"ImageObject\",\"inLanguage\":\"fr-FR\",\"@id\":\"https:\/\/footdavant.fr\/actualites\/#\/schema\/person\/image\/\",\"url\":\"https:\/\/secure.gravatar.com\/avatar\/7728b29aac2719421e1a9159b2254c44?s=96&d=mm&r=g\",\"contentUrl\":\"https:\/\/secure.gravatar.com\/avatar\/7728b29aac2719421e1a9159b2254c44?s=96&d=mm&r=g\",\"caption\":\"Cl\u00e9ment\"},\"sameAs\":[\"https:\/\/footdavant.fr\/\"]}]}<\/script>\n<!-- \/ Yoast SEO plugin. -->","yoast_head_json":{"title":"Carrick fulmine contre \"l&#39;une des pires d\u00e9cisions\" lors de la d\u00e9faite de Manchester United contre Leeds","robots":{"index":"index","follow":"follow","max-snippet":"max-snippet:-1","max-image-preview":"max-image-preview:large","max-video-preview":"max-video-preview:-1"},"canonical":"https:\/\/footdavant.fr\/actualites\/carrick-fulmine-contre-lune-des-pires-decisions-lors-de-la-defaite-de-manchester-united-contre-leeds\/","og_locale":"fr_FR","og_type":"article","og_title":"Carrick fulmine contre \"l&#39;une des pires d\u00e9cisions\" lors de la d\u00e9faite de Manchester United contre Leeds","og_description":"Michael Carrick a lanc\u00e9 une attaque f\u00e9roce contre les officiels apr\u00e8s la d\u00e9faite 2-1 de Manchester United contre Leeds, qualifiant de \u00ab choquantes \u00bb deux","og_url":"https:\/\/footdavant.fr\/actualites\/carrick-fulmine-contre-lune-des-pires-decisions-lors-de-la-defaite-de-manchester-united-contre-leeds\/","og_site_name":"Foot d&#039;avant","article_publisher":"https:\/\/www.facebook.com\/Footdavant\/","article_published_time":"2026-04-14T02:48:06+00:00","article_modified_time":"2026-04-14T02:48:07+00:00","og_image":[{"width":1200,"height":800,"url":"https:\/\/footdavant.fr\/actualites\/wp-content\/uploads\/2026\/03\/1772678888_Manchester-United-meritait-la-defaite-2-1-a-Newcastle.jpg","type":"image\/jpeg"}],"author":"Cl\u00e9ment","twitter_card":"summary_large_image","twitter_creator":"@FootdavantFr","twitter_site":"@FootdavantFr","twitter_misc":{"\u00c9crit par":"Cl\u00e9ment","Dur\u00e9e de lecture estim\u00e9e":"4 minutes"},"schema":{"@context":"https:\/\/schema.org","@graph":[{"@type":"Article","@id":"https:\/\/footdavant.fr\/actualites\/carrick-fulmine-contre-lune-des-pires-decisions-lors-de-la-defaite-de-manchester-united-contre-leeds\/#article","isPartOf":{"@id":"https:\/\/footdavant.fr\/actualites\/carrick-fulmine-contre-lune-des-pires-decisions-lors-de-la-defaite-de-manchester-united-contre-leeds\/"},"author":{"name":"Cl\u00e9ment","@id":"https:\/\/footdavant.fr\/actualites\/#\/schema\/person\/bc222566d95871b37e597b3ed3ba5e1d"},"headline":"Carrick fulmine contre \u00ab\u00a0l&#39;une des pires d\u00e9cisions\u00a0\u00bb lors de la d\u00e9faite de Manchester United contre Leeds","datePublished":"2026-04-14T02:48:06+00:00","dateModified":"2026-04-14T02:48:07+00:00","mainEntityOfPage":{"@id":"https:\/\/footdavant.fr\/actualites\/carrick-fulmine-contre-lune-des-pires-decisions-lors-de-la-defaite-de-manchester-united-contre-leeds\/"},"wordCount":812,"publisher":{"@id":"https:\/\/footdavant.fr\/actualites\/#organization"},"keywords":["Carrick","contre","d\u00e9cisions","d\u00e9faite","des","fulmine","l39une","Leeds","lors","Manchester","pires","United"],"articleSection":["Football"],"inLanguage":"fr-FR"},{"@type":"WebPage","@id":"https:\/\/footdavant.fr\/actualites\/carrick-fulmine-contre-lune-des-pires-decisions-lors-de-la-defaite-de-manchester-united-contre-leeds\/","url":"https:\/\/footdavant.fr\/actualites\/carrick-fulmine-contre-lune-des-pires-decisions-lors-de-la-defaite-de-manchester-united-contre-leeds\/","name":"Carrick fulmine contre \"l&#39;une des pires d\u00e9cisions\" lors de la d\u00e9faite de Manchester United contre Leeds","isPartOf":{"@id":"https:\/\/footdavant.fr\/actualites\/#website"},"datePublished":"2026-04-14T02:48:06+00:00","dateModified":"2026-04-14T02:48:07+00:00","breadcrumb":{"@id":"https:\/\/footdavant.fr\/actualites\/carrick-fulmine-contre-lune-des-pires-decisions-lors-de-la-defaite-de-manchester-united-contre-leeds\/#breadcrumb"},"inLanguage":"fr-FR","potentialAction":[{"@type":"ReadAction","target":["https:\/\/footdavant.fr\/actualites\/carrick-fulmine-contre-lune-des-pires-decisions-lors-de-la-defaite-de-manchester-united-contre-leeds\/"]}]},{"@type":"BreadcrumbList","@id":"https:\/\/footdavant.fr\/actualites\/carrick-fulmine-contre-lune-des-pires-decisions-lors-de-la-defaite-de-manchester-united-contre-leeds\/#breadcrumb","itemListElement":[{"@type":"ListItem","position":1,"name":"Accueil","item":"https:\/\/footdavant.fr\/actualites\/"},{"@type":"ListItem","position":2,"name":"Carrick fulmine contre \u00ab\u00a0l&#39;une des pires d\u00e9cisions\u00a0\u00bb lors de la d\u00e9faite de Manchester United contre Leeds"}]},{"@type":"WebSite","@id":"https:\/\/footdavant.fr\/actualites\/#website","url":"https:\/\/footdavant.fr\/actualites\/","name":"Foot d'avant","description":"","publisher":{"@id":"https:\/\/footdavant.fr\/actualites\/#organization"},"potentialAction":[{"@type":"SearchAction","target":{"@type":"EntryPoint","urlTemplate":"https:\/\/footdavant.fr\/actualites\/?s={search_term_string}"},"query-input":"required name=search_term_string"}],"inLanguage":"fr-FR"},{"@type":"Organization","@id":"https:\/\/footdavant.fr\/actualites\/#organization","name":"Foot d'avant","url":"https:\/\/footdavant.fr\/actualites\/","logo":{"@type":"ImageObject","inLanguage":"fr-FR","@id":"https:\/\/footdavant.fr\/actualites\/#\/schema\/logo\/image\/","url":"https:\/\/footdavant.fr\/actualites\/wp-content\/uploads\/2023\/09\/Copy-of-FootDavant-Logo.png","contentUrl":"https:\/\/footdavant.fr\/actualites\/wp-content\/uploads\/2023\/09\/Copy-of-FootDavant-Logo.png","width":936,"height":549,"caption":"Foot d'avant"},"image":{"@id":"https:\/\/footdavant.fr\/actualites\/#\/schema\/logo\/image\/"},"sameAs":["https:\/\/www.facebook.com\/Footdavant\/","https:\/\/twitter.com\/FootdavantFr","https:\/\/www.instagram.com\/footdavant.fr\/"]},{"@type":"Person","@id":"https:\/\/footdavant.fr\/actualites\/#\/schema\/person\/bc222566d95871b37e597b3ed3ba5e1d","name":"Cl\u00e9ment","image":{"@type":"ImageObject","inLanguage":"fr-FR","@id":"https:\/\/footdavant.fr\/actualites\/#\/schema\/person\/image\/","url":"https:\/\/secure.gravatar.com\/avatar\/7728b29aac2719421e1a9159b2254c44?s=96&d=mm&r=g","contentUrl":"https:\/\/secure.gravatar.com\/avatar\/7728b29aac2719421e1a9159b2254c44?s=96&d=mm&r=g","caption":"Cl\u00e9ment"},"sameAs":["https:\/\/footdavant.fr\/"]}]}},"_links":{"self":[{"href":"https:\/\/footdavant.fr\/actualites\/wp-json\/wp\/v2\/posts\/36439"}],"collection":[{"href":"https:\/\/footdavant.fr\/actualites\/wp-json\/wp\/v2\/posts"}],"about":[{"href":"https:\/\/footdavant.fr\/actualites\/wp-json\/wp\/v2\/types\/post"}],"author":[{"embeddable":true,"href":"https:\/\/footdavant.fr\/actualites\/wp-json\/wp\/v2\/users\/1"}],"replies":[{"embeddable":true,"href":"https:\/\/footdavant.fr\/actualites\/wp-json\/wp\/v2\/comments?post=36439"}],"version-history":[{"count":1,"href":"https:\/\/footdavant.fr\/actualites\/wp-json\/wp\/v2\/posts\/36439\/revisions"}],"predecessor-version":[{"id":36440,"href":"https:\/\/footdavant.fr\/actualites\/wp-json\/wp\/v2\/posts\/36439\/revisions\/36440"}],"wp:featuredmedia":[{"embeddable":true,"href":"https:\/\/footdavant.fr\/actualites\/wp-json\/wp\/v2\/media\/35106"}],"wp:attachment":[{"href":"https:\/\/footdavant.fr\/actualites\/wp-json\/wp\/v2\/media?parent=36439"}],"wp:term":[{"taxonomy":"category","embeddable":true,"href":"https:\/\/footdavant.fr\/actualites\/wp-json\/wp\/v2\/categories?post=36439"},{"taxonomy":"post_tag","embeddable":true,"href":"https:\/\/footdavant.fr\/actualites\/wp-json\/wp\/v2\/tags?post=36439"}],"curies":[{"name":"wp","href":"https:\/\/api.w.org\/{rel}","templated":true}]}}