{"id":36450,"date":"2026-04-14T12:48:27","date_gmt":"2026-04-14T10:48:27","guid":{"rendered":"https:\/\/footdavant.fr\/actualites\/jai-commence-a-ecrire-puis-jai-arrete\/"},"modified":"2026-04-14T12:48:29","modified_gmt":"2026-04-14T10:48:29","slug":"jai-commence-a-ecrire-puis-jai-arrete","status":"publish","type":"post","link":"https:\/\/footdavant.fr\/actualites\/jai-commence-a-ecrire-puis-jai-arrete\/","title":{"rendered":"J&#39;ai commenc\u00e9 \u00e0 \u00e9crire puis j&#39;ai arr\u00eat\u00e9"},"content":{"rendered":"<div>\n<p>Bon mardi les amis.<\/p>\n<p>Je suis assis ici ce matin et j&#39;aimerais pouvoir \u00e9crire quelque chose qui contienne les r\u00e9ponses. Vous savez ceux dont je parle. Pas comment en sommes-nous arriv\u00e9s l\u00e0\u00a0; pas le sens de la vie ; pas \u00ab comment l&#39;univers peut-il \u00eatre infini ? \u00bb ; pas pourquoi Maroon5 est-il toujours l\u00e0\u00a0; rien d&#39;aussi anodin que \u00e7a.<\/p>\n<p>Mais que devons-nous faire maintenant et comment Arsenal peut-il redevenir \u00ab bon \u00bb ? Je pense \u00e0 la semaine derni\u00e8re, avant le match du Sporting, lorsque Mikel Arteta a expliqu\u00e9 \u00e0 quel point nous devions retrouver notre identit\u00e9. Dans le contexte de cette saison et des deux matchs que nous venions de jouer auparavant, il \u00e9tait relativement facile de penser que cela impliquait d&#39;exercer un peu plus de contr\u00f4le. C&#39;est, je pense, ce que nous avons obtenu.<\/p>\n<p>Martin Odegaard est revenu dans l&#39;\u00e9quipe et nous avions 55% de possession avec un taux de r\u00e9ussite de 92% contre 38% de possession avec 78% de taux de r\u00e9ussite lors de la finale de la Coupe Carabao contre Man City. Ce n\u2019\u00e9tait pas une performance parfaite, il fallait un but tardif sorti de nulle part pour le gagner, mais on pouvait voir comment cela pourrait correspondre \u00e0 ce que pensait le manager.<\/p>\n<p>Et pourtant, j\u2019ai du mal \u00e0 vraiment comprendre comment cela pourrait vraiment \u00eatre l\u2019identit\u00e9 que le manager souhaite \u00e0 cette \u00e9quipe. Je me rends compte que tout ce qui n&#39;est pas une critique acerbe en ce moment pourrait ne pas trouver un \u00e9cho aupr\u00e8s des gens, et je veux juste \u00eatre tr\u00e8s clair, il ne s&#39;agit pas de trouver une quelconque excuse pour lui ou l&#39;\u00e9quipe. Comme je l&#39;ai dit hier, c&#39;est une semaine charni\u00e8re pour lui et pour ce \u00ab\u00a0projet\u00a0\u00bb, mais je n&#39;arrive pas vraiment \u00e0 croire que c&#39;est ainsi qu&#39;il veut que nous jouions semaine apr\u00e8s semaine.<\/p>\n<p>Oui, il veut le contr\u00f4le. Il veut les 300 000 laissez-passer, comme Tim l&#39;a expliqu\u00e9 dans sa chronique la semaine derni\u00e8re. Il veut que son \u00e9quipe ne l\u00e2che rien d\u00e9fensivement. Et quand on l&#39;entend parler du jeu, il se concentre syst\u00e9matiquement sur les moments o\u00f9 nous pourrions et devrions blesser l&#39;opposition d&#39;un point de vue offensif. Dans cette citation de 300 000 passes, il dit\u00a0:<\/p>\n<blockquote>\n<p>Lorsqu\u2019ils auront le bon moment pour s\u2019en prendre \u00e0 nous, nous pourrons les attaquer.<\/p>\n<\/blockquote>\n<p>Il ne veut pas de domination st\u00e9rile, c&#39;est ainsi que ce niveau de possession a souvent \u00e9t\u00e9 cat\u00e9goris\u00e9. Il veut l\u2019utiliser comme un outil pour briser l\u2019opposition. Et pourtant, nous sommes loin d\u2019\u00eatre cette \u00e9quipe \u00e0 l\u2019heure actuelle. Comme toute chose, je pense que c&#39;est multifactoriel. On peut parler de blessures et de joueurs absents, de fatigue accumul\u00e9e au fil de la saison, de manque de confiance, d&#39;un \u00e9tat d&#39;esprit prudent qui a impr\u00e9gn\u00e9 l&#39;\u00e9quipe tout au long de cette campagne, de la pression de la course au titre et bien d&#39;autres.<\/p>\n<p>La plus \u00e9vidente pour moi est peut-\u00eatre cette approche contre-intuitive ax\u00e9e sur la s\u00e9curit\u00e9 que j&#39;ai soulign\u00e9e sur le blog et dont nous avons parl\u00e9 dans Arsecast Extra. Nous semblons terriblement effray\u00e9s \u00e0 l&#39;id\u00e9e de donner le ballon au milieu de terrain et dans la moiti\u00e9 de terrain adverse, alors nous recyclons la possession d&#39;une mani\u00e8re qui nous neutralise en tant que force offensive, et pourtant nous sommes si dispos\u00e9s \u00e0 rendre le ballon \u00e0 notre gardien de but pour lui demander de jouer les passes les plus risqu\u00e9es dans la zone la plus risqu\u00e9e du terrain. Cela n&#39;a aucun sens.<\/p>\n<p>Je suis d&#39;accord avec James sur le podcast hier lorsqu&#39;il a dit que le football que nous jouons n&#39;est pas tr\u00e8s amusant. En fin de compte, si vous gagnez, cela n\u2019a pas d\u2019importance. Mais \u00e0 l\u2019heure actuelle, ce football n\u2019est ni amusant ni tr\u00e8s efficace. C&#39;est une combinaison malheureuse. Ce qui rend si difficile pour moi de me r\u00e9concilier, c\u2019est que chacun de nos progr\u00e8s sous Arteta reposait sur notre courage avec le ballon. Quand nous l&#39;avions en d\u00e9fense, il s&#39;agissait de contr\u00f4ler dans des zones restreintes, mais ensuite de le faire avancer et de se jeter sur une \u00e9quipe qui \u00e9tait alors en transition.<\/p>\n<p>Une partie de cela, je l\u2019admets, pourrait bien \u00eatre due \u00e0 la mani\u00e8re dont l\u2019opposition s\u2019est oppos\u00e9e \u00e0 nous ces jours-ci, mais je pense que nous pouvons tous constater que le courage avec le ballon n\u2019est plus ce qu\u2019il \u00e9tait non plus. Encore une fois, cela ne doit rien excuser, car \u00e0 travers sa formation, son recrutement et sa tactique, c&#39;est la responsabilit\u00e9 d&#39;Arteta. Je n&#39;arrive tout simplement pas \u00e0 concilier ce que nous voyons en ce moment avec ce qui pourrait \u00eatre consid\u00e9r\u00e9 comme la \u00ab forme finale \u00bb de l&#39;\u00e9quipe qu&#39;il a b\u00e2tie pour nous amener au point o\u00f9 nous sommes des pr\u00e9tendants constants au titre. Oui, il a toujours \u00e9t\u00e9 plus d\u00e9fensif qu&#39;Ars\u00e8ne Wenger, par exemple, mais en 2023-24, nous avons marqu\u00e9 beaucoup de buts, 18 de plus que les Invicibles en 2003-04. Nous avons bien attaqu\u00e9, souvent et efficacement.<\/p>\n<p>Peut-\u00eatre que j&#39;y r\u00e9fl\u00e9chis trop. La r\u00e9ponse est peut-\u00eatre plus \u00e9vidente. Quoi que vous pensiez de Martin Odegaard, le fait que notre joueur cr\u00e9atif en chef de facto ait jou\u00e9 l\u2019\u00e9quivalent de minutes de seulement 12 matchs de Premier League cette saison est un probl\u00e8me. Le manque de production de Gabriel Martinelli est un probl\u00e8me, seulement 1 but en championnat toute la saison. Leandro Trossard n&#39;a plus marqu\u00e9 en championnat depuis d\u00e9cembre. Bukayo Saka a \u00e9t\u00e9 en dessous de son meilleur niveau et son rempla\u00e7ant, Noni Madueke, a eu du mal \u00e0 combler cette lacune. Kai Havertz a rat\u00e9 la premi\u00e8re moiti\u00e9 de la saison et ressemble \u00e0 un joueur pour qui une ann\u00e9e d&#39;absence a \u00e9t\u00e9 assez dommageable.<\/p>\n<p>En haut, Viktor Gyokeres \u2013 bien qu\u2019il soit le meilleur buteur et qu\u2019il soit fair-play pour cela \u2013 n\u2019a pas \u00e9t\u00e9 le genre d\u2019ajout transformateur que les gens esp\u00e9raient que la signature de l\u2019attaquant serait. Cela a trop port\u00e9 sur la fa\u00e7on dont il doit s&#39;adapter \u00e0 nous ou nous devons nous adapter \u00e0 lui, et m\u00eame si nous semblons avoir trouv\u00e9 un terrain d&#39;entente, ce n&#39;est pas un joueur qui me donne confiance lorsqu&#39;il est sur le terrain, et je ne pense pas qu&#39;il soit vraiment adapt\u00e9 \u00e0 la fa\u00e7on dont nous envisageons la fa\u00e7on dont nous voulons que cette \u00e9quipe joue.<\/p>\n<p>C&#39;est assez dr\u00f4le de penser que le dernier attaquant qui a vraiment ajout\u00e9 quelque chose \u00e0 notre attaque de mani\u00e8re significative \u00e9tait Gabriel Jesus lorsqu&#39;il a sign\u00e9 \u00e0 Man City \u00e0 l&#39;\u00e9t\u00e9 2022. Et cela n&#39;a dur\u00e9 que quelques mois avant que la blessure au genou lors de la Coupe du monde n&#39;y mette un terme et il n&#39;est plus le m\u00eame depuis. Je pense que vous pourriez probablement faire valoir qu&#39;Oleksandr Zinchenko pourrait, lors de sa premi\u00e8re saison, \u00eatre class\u00e9 dans la cat\u00e9gorie d&#39;un joueur qui nous a rendu meilleurs en attaque dans ce patch violet alors que son r\u00f4le d&#39;arri\u00e8re gauche itin\u00e9rant \u00e9tait si efficace dans notre pr\u00e9paration. Mais, en bref, notre recrutement offensif a \u00e9t\u00e9 un probl\u00e8me de mani\u00e8re g\u00e9n\u00e9rale, donc lorsqu&#39;il vous manque ce talent d&#39;\u00e9lite dans le haut du terrain, il est peut-\u00eatre naturel de devenir progressivement plus d\u00e9pendant de joueurs plus en retrait.<\/p>\n<p>Jusqu&#39;au gardien de but. Et nous y sommes. Ce qui est un peu compliqu\u00e9, car \u00e0 quelques semaines seulement de la fin de la saison, je ne sais pas vraiment ce que nous ferons pour y rem\u00e9dier. Ou si nous devrions m\u00eame essayer. Si les joueurs semblent d\u00e9j\u00e0 paralys\u00e9s par l\u2019anxi\u00e9t\u00e9, comment inverser la situation ? Peut-\u00eatre devons-nous nous pencher davantage sur le c\u00f4t\u00e9 d\u00e9fensif de notre jeu, ce qui est intrins\u00e8quement risqu\u00e9, mais je ne pense pas qu&#39;il existe un bouton magique que nous puissions appuyer pour que cette \u00e9quipe joue comme nous l&#39;avons fait \u00e0 notre meilleur niveau la saison pr\u00e9c\u00e9dente.<\/p>\n<p>Nous broyons. Et si nous r\u00e9ussissons et gagnons, pas de probl\u00e8me. Grind et perdre, et la d\u00e9faite est exacerb\u00e9e par la fa\u00e7on dont vous jouez. Il est trop facile de dire : \u00ab Cela ne me d\u00e9rangerait pas de perdre si au moins nous essayions \u00bb. Perdre, c&#39;est de la merde, peu importe comment cela arrive, et je me souviens tr\u00e8s bien de la frustration d&#39;\u00eatre une \u00e9quipe d\u00e9fensivement chaotique qui s&#39;en est suffisamment tir\u00e9e pour gagner suffisamment de matchs, mais quand il s&#39;agissait de la crise, nous \u00e9tions une proie facile pour les meilleures \u00e9quipes. Ce n\u2019\u00e9tait pas amusant non plus, mais pour le moment, nous avons l\u2019impression que nous sommes all\u00e9s un peu trop loin dans l\u2019autre sens. Pouvons-nous corriger le cap ?<\/p>\n<p>Je ne sais pas. Je n&#39;ai pas les r\u00e9ponses. J&#39;aurais aim\u00e9 le faire. Parfois, je m&#39;assois ici le matin et j&#39;\u00e9cris pour simplement me sortir des choses de la t\u00eate. Et maintenant, c&#39;est hors de ma t\u00eate et sur cette page, et vous venez de le lire, donc c&#39;est dans votre t\u00eate maintenant. Si ce n&#39;\u00e9tait pas d\u00e9j\u00e0 fait. Un probl\u00e8me partag\u00e9, et tout \u00e7a.<\/p>\n<p>Esp\u00e9rons que le manager trouve une solution. Ou, \u00e0 tout le moins, suffisamment de victoires d\u2019ici la fin de la saison pour faire de cette priorit\u00e9 la priorit\u00e9 de l\u2019\u00e9t\u00e9.<\/p>\n<p>Passez une bonne soir\u00e9e les amis.<\/p>\n<p><iframe loading=\"lazy\" src=\"https:\/\/embed.acast.com\/a1a58121-6fb4-43cf-8156-8d6df6fc312f\/69dccacbea8ef7a4e027fa53\" width=\"100%\" height=\"300px\" frameborder=\"0\"><\/iframe><\/p>\n<h4> <\/h4>\n<\/div>\n","protected":false},"excerpt":{"rendered":"<p>Bon mardi les amis. Je suis assis ici ce matin et j&#39;aimerais pouvoir \u00e9crire quelque chose qui contienne les r\u00e9ponses. Vous savez ceux dont je<\/p>\n","protected":false},"author":1,"featured_media":36451,"comment_status":"closed","ping_status":"","sticky":false,"template":"","format":"standard","meta":{"footnotes":""},"categories":[3],"tags":[2684,1331,4093,4590,9608],"yoast_head":"<!-- This site is optimized with the Yoast SEO plugin v21.0 - https:\/\/yoast.com\/wordpress\/plugins\/seo\/ -->\n<title>J&#039;ai commenc\u00e9 \u00e0 \u00e9crire puis j&#039;ai arr\u00eat\u00e9<\/title>\n<meta name=\"robots\" content=\"index, follow, max-snippet:-1, max-image-preview:large, max-video-preview:-1\" \/>\n<link rel=\"canonical\" href=\"https:\/\/footdavant.fr\/actualites\/jai-commence-a-ecrire-puis-jai-arrete\/\" \/>\n<meta property=\"og:locale\" content=\"fr_FR\" \/>\n<meta property=\"og:type\" content=\"article\" \/>\n<meta property=\"og:title\" content=\"J&#039;ai commenc\u00e9 \u00e0 \u00e9crire puis j&#039;ai arr\u00eat\u00e9\" \/>\n<meta property=\"og:description\" content=\"Bon mardi les amis. Je suis assis ici ce matin et j&#039;aimerais pouvoir \u00e9crire quelque chose qui contienne les r\u00e9ponses. Vous savez ceux dont je\" \/>\n<meta property=\"og:url\" content=\"https:\/\/footdavant.fr\/actualites\/jai-commence-a-ecrire-puis-jai-arrete\/\" \/>\n<meta property=\"og:site_name\" content=\"Foot d&#039;avant\" \/>\n<meta property=\"article:publisher\" content=\"https:\/\/www.facebook.com\/Footdavant\/\" \/>\n<meta property=\"article:published_time\" content=\"2026-04-14T10:48:27+00:00\" \/>\n<meta property=\"article:modified_time\" content=\"2026-04-14T10:48:29+00:00\" \/>\n<meta property=\"og:image\" content=\"https:\/\/footdavant.fr\/actualites\/wp-content\/uploads\/2026\/04\/J39ai-commence-a-ecrire-puis-j39ai-arrete.jpg\" \/>\n\t<meta property=\"og:image:width\" content=\"1500\" \/>\n\t<meta property=\"og:image:height\" content=\"750\" \/>\n\t<meta property=\"og:image:type\" content=\"image\/jpeg\" \/>\n<meta name=\"author\" content=\"Cl\u00e9ment\" \/>\n<meta name=\"twitter:card\" content=\"summary_large_image\" \/>\n<meta name=\"twitter:creator\" content=\"@FootdavantFr\" \/>\n<meta name=\"twitter:site\" content=\"@FootdavantFr\" \/>\n<meta name=\"twitter:label1\" content=\"\u00c9crit par\" \/>\n\t<meta name=\"twitter:data1\" content=\"Cl\u00e9ment\" \/>\n\t<meta name=\"twitter:label2\" content=\"Dur\u00e9e de lecture estim\u00e9e\" \/>\n\t<meta name=\"twitter:data2\" content=\"8 minutes\" \/>\n<script type=\"application\/ld+json\" class=\"yoast-schema-graph\">{\"@context\":\"https:\/\/schema.org\",\"@graph\":[{\"@type\":\"Article\",\"@id\":\"https:\/\/footdavant.fr\/actualites\/jai-commence-a-ecrire-puis-jai-arrete\/#article\",\"isPartOf\":{\"@id\":\"https:\/\/footdavant.fr\/actualites\/jai-commence-a-ecrire-puis-jai-arrete\/\"},\"author\":{\"name\":\"Cl\u00e9ment\",\"@id\":\"https:\/\/footdavant.fr\/actualites\/#\/schema\/person\/bc222566d95871b37e597b3ed3ba5e1d\"},\"headline\":\"J&#39;ai commenc\u00e9 \u00e0 \u00e9crire puis j&#39;ai arr\u00eat\u00e9\",\"datePublished\":\"2026-04-14T10:48:27+00:00\",\"dateModified\":\"2026-04-14T10:48:29+00:00\",\"mainEntityOfPage\":{\"@id\":\"https:\/\/footdavant.fr\/actualites\/jai-commence-a-ecrire-puis-jai-arrete\/\"},\"wordCount\":1688,\"publisher\":{\"@id\":\"https:\/\/footdavant.fr\/actualites\/#organization\"},\"keywords\":[\"arr\u00eat\u00e9\",\"commenc\u00e9\",\"\u00e9crire\",\"J39ai\",\"puis\"],\"articleSection\":[\"Football\"],\"inLanguage\":\"fr-FR\"},{\"@type\":\"WebPage\",\"@id\":\"https:\/\/footdavant.fr\/actualites\/jai-commence-a-ecrire-puis-jai-arrete\/\",\"url\":\"https:\/\/footdavant.fr\/actualites\/jai-commence-a-ecrire-puis-jai-arrete\/\",\"name\":\"J&#39;ai commenc\u00e9 \u00e0 \u00e9crire puis j&#39;ai arr\u00eat\u00e9\",\"isPartOf\":{\"@id\":\"https:\/\/footdavant.fr\/actualites\/#website\"},\"datePublished\":\"2026-04-14T10:48:27+00:00\",\"dateModified\":\"2026-04-14T10:48:29+00:00\",\"breadcrumb\":{\"@id\":\"https:\/\/footdavant.fr\/actualites\/jai-commence-a-ecrire-puis-jai-arrete\/#breadcrumb\"},\"inLanguage\":\"fr-FR\",\"potentialAction\":[{\"@type\":\"ReadAction\",\"target\":[\"https:\/\/footdavant.fr\/actualites\/jai-commence-a-ecrire-puis-jai-arrete\/\"]}]},{\"@type\":\"BreadcrumbList\",\"@id\":\"https:\/\/footdavant.fr\/actualites\/jai-commence-a-ecrire-puis-jai-arrete\/#breadcrumb\",\"itemListElement\":[{\"@type\":\"ListItem\",\"position\":1,\"name\":\"Accueil\",\"item\":\"https:\/\/footdavant.fr\/actualites\/\"},{\"@type\":\"ListItem\",\"position\":2,\"name\":\"J&#39;ai commenc\u00e9 \u00e0 \u00e9crire puis j&#39;ai arr\u00eat\u00e9\"}]},{\"@type\":\"WebSite\",\"@id\":\"https:\/\/footdavant.fr\/actualites\/#website\",\"url\":\"https:\/\/footdavant.fr\/actualites\/\",\"name\":\"Foot d'avant\",\"description\":\"\",\"publisher\":{\"@id\":\"https:\/\/footdavant.fr\/actualites\/#organization\"},\"potentialAction\":[{\"@type\":\"SearchAction\",\"target\":{\"@type\":\"EntryPoint\",\"urlTemplate\":\"https:\/\/footdavant.fr\/actualites\/?s={search_term_string}\"},\"query-input\":\"required name=search_term_string\"}],\"inLanguage\":\"fr-FR\"},{\"@type\":\"Organization\",\"@id\":\"https:\/\/footdavant.fr\/actualites\/#organization\",\"name\":\"Foot d'avant\",\"url\":\"https:\/\/footdavant.fr\/actualites\/\",\"logo\":{\"@type\":\"ImageObject\",\"inLanguage\":\"fr-FR\",\"@id\":\"https:\/\/footdavant.fr\/actualites\/#\/schema\/logo\/image\/\",\"url\":\"https:\/\/footdavant.fr\/actualites\/wp-content\/uploads\/2023\/09\/Copy-of-FootDavant-Logo.png\",\"contentUrl\":\"https:\/\/footdavant.fr\/actualites\/wp-content\/uploads\/2023\/09\/Copy-of-FootDavant-Logo.png\",\"width\":936,\"height\":549,\"caption\":\"Foot d'avant\"},\"image\":{\"@id\":\"https:\/\/footdavant.fr\/actualites\/#\/schema\/logo\/image\/\"},\"sameAs\":[\"https:\/\/www.facebook.com\/Footdavant\/\",\"https:\/\/twitter.com\/FootdavantFr\",\"https:\/\/www.instagram.com\/footdavant.fr\/\"]},{\"@type\":\"Person\",\"@id\":\"https:\/\/footdavant.fr\/actualites\/#\/schema\/person\/bc222566d95871b37e597b3ed3ba5e1d\",\"name\":\"Cl\u00e9ment\",\"image\":{\"@type\":\"ImageObject\",\"inLanguage\":\"fr-FR\",\"@id\":\"https:\/\/footdavant.fr\/actualites\/#\/schema\/person\/image\/\",\"url\":\"https:\/\/secure.gravatar.com\/avatar\/7728b29aac2719421e1a9159b2254c44?s=96&d=mm&r=g\",\"contentUrl\":\"https:\/\/secure.gravatar.com\/avatar\/7728b29aac2719421e1a9159b2254c44?s=96&d=mm&r=g\",\"caption\":\"Cl\u00e9ment\"},\"sameAs\":[\"https:\/\/footdavant.fr\/\"]}]}<\/script>\n<!-- \/ Yoast SEO plugin. -->","yoast_head_json":{"title":"J&#39;ai commenc\u00e9 \u00e0 \u00e9crire puis j&#39;ai arr\u00eat\u00e9","robots":{"index":"index","follow":"follow","max-snippet":"max-snippet:-1","max-image-preview":"max-image-preview:large","max-video-preview":"max-video-preview:-1"},"canonical":"https:\/\/footdavant.fr\/actualites\/jai-commence-a-ecrire-puis-jai-arrete\/","og_locale":"fr_FR","og_type":"article","og_title":"J&#39;ai commenc\u00e9 \u00e0 \u00e9crire puis j&#39;ai arr\u00eat\u00e9","og_description":"Bon mardi les amis. Je suis assis ici ce matin et j&#39;aimerais pouvoir \u00e9crire quelque chose qui contienne les r\u00e9ponses. Vous savez ceux dont je","og_url":"https:\/\/footdavant.fr\/actualites\/jai-commence-a-ecrire-puis-jai-arrete\/","og_site_name":"Foot d&#039;avant","article_publisher":"https:\/\/www.facebook.com\/Footdavant\/","article_published_time":"2026-04-14T10:48:27+00:00","article_modified_time":"2026-04-14T10:48:29+00:00","og_image":[{"width":1500,"height":750,"url":"https:\/\/footdavant.fr\/actualites\/wp-content\/uploads\/2026\/04\/J39ai-commence-a-ecrire-puis-j39ai-arrete.jpg","type":"image\/jpeg"}],"author":"Cl\u00e9ment","twitter_card":"summary_large_image","twitter_creator":"@FootdavantFr","twitter_site":"@FootdavantFr","twitter_misc":{"\u00c9crit par":"Cl\u00e9ment","Dur\u00e9e de lecture estim\u00e9e":"8 minutes"},"schema":{"@context":"https:\/\/schema.org","@graph":[{"@type":"Article","@id":"https:\/\/footdavant.fr\/actualites\/jai-commence-a-ecrire-puis-jai-arrete\/#article","isPartOf":{"@id":"https:\/\/footdavant.fr\/actualites\/jai-commence-a-ecrire-puis-jai-arrete\/"},"author":{"name":"Cl\u00e9ment","@id":"https:\/\/footdavant.fr\/actualites\/#\/schema\/person\/bc222566d95871b37e597b3ed3ba5e1d"},"headline":"J&#39;ai commenc\u00e9 \u00e0 \u00e9crire puis j&#39;ai arr\u00eat\u00e9","datePublished":"2026-04-14T10:48:27+00:00","dateModified":"2026-04-14T10:48:29+00:00","mainEntityOfPage":{"@id":"https:\/\/footdavant.fr\/actualites\/jai-commence-a-ecrire-puis-jai-arrete\/"},"wordCount":1688,"publisher":{"@id":"https:\/\/footdavant.fr\/actualites\/#organization"},"keywords":["arr\u00eat\u00e9","commenc\u00e9","\u00e9crire","J39ai","puis"],"articleSection":["Football"],"inLanguage":"fr-FR"},{"@type":"WebPage","@id":"https:\/\/footdavant.fr\/actualites\/jai-commence-a-ecrire-puis-jai-arrete\/","url":"https:\/\/footdavant.fr\/actualites\/jai-commence-a-ecrire-puis-jai-arrete\/","name":"J&#39;ai commenc\u00e9 \u00e0 \u00e9crire puis j&#39;ai arr\u00eat\u00e9","isPartOf":{"@id":"https:\/\/footdavant.fr\/actualites\/#website"},"datePublished":"2026-04-14T10:48:27+00:00","dateModified":"2026-04-14T10:48:29+00:00","breadcrumb":{"@id":"https:\/\/footdavant.fr\/actualites\/jai-commence-a-ecrire-puis-jai-arrete\/#breadcrumb"},"inLanguage":"fr-FR","potentialAction":[{"@type":"ReadAction","target":["https:\/\/footdavant.fr\/actualites\/jai-commence-a-ecrire-puis-jai-arrete\/"]}]},{"@type":"BreadcrumbList","@id":"https:\/\/footdavant.fr\/actualites\/jai-commence-a-ecrire-puis-jai-arrete\/#breadcrumb","itemListElement":[{"@type":"ListItem","position":1,"name":"Accueil","item":"https:\/\/footdavant.fr\/actualites\/"},{"@type":"ListItem","position":2,"name":"J&#39;ai commenc\u00e9 \u00e0 \u00e9crire puis j&#39;ai arr\u00eat\u00e9"}]},{"@type":"WebSite","@id":"https:\/\/footdavant.fr\/actualites\/#website","url":"https:\/\/footdavant.fr\/actualites\/","name":"Foot d'avant","description":"","publisher":{"@id":"https:\/\/footdavant.fr\/actualites\/#organization"},"potentialAction":[{"@type":"SearchAction","target":{"@type":"EntryPoint","urlTemplate":"https:\/\/footdavant.fr\/actualites\/?s={search_term_string}"},"query-input":"required name=search_term_string"}],"inLanguage":"fr-FR"},{"@type":"Organization","@id":"https:\/\/footdavant.fr\/actualites\/#organization","name":"Foot d'avant","url":"https:\/\/footdavant.fr\/actualites\/","logo":{"@type":"ImageObject","inLanguage":"fr-FR","@id":"https:\/\/footdavant.fr\/actualites\/#\/schema\/logo\/image\/","url":"https:\/\/footdavant.fr\/actualites\/wp-content\/uploads\/2023\/09\/Copy-of-FootDavant-Logo.png","contentUrl":"https:\/\/footdavant.fr\/actualites\/wp-content\/uploads\/2023\/09\/Copy-of-FootDavant-Logo.png","width":936,"height":549,"caption":"Foot d'avant"},"image":{"@id":"https:\/\/footdavant.fr\/actualites\/#\/schema\/logo\/image\/"},"sameAs":["https:\/\/www.facebook.com\/Footdavant\/","https:\/\/twitter.com\/FootdavantFr","https:\/\/www.instagram.com\/footdavant.fr\/"]},{"@type":"Person","@id":"https:\/\/footdavant.fr\/actualites\/#\/schema\/person\/bc222566d95871b37e597b3ed3ba5e1d","name":"Cl\u00e9ment","image":{"@type":"ImageObject","inLanguage":"fr-FR","@id":"https:\/\/footdavant.fr\/actualites\/#\/schema\/person\/image\/","url":"https:\/\/secure.gravatar.com\/avatar\/7728b29aac2719421e1a9159b2254c44?s=96&d=mm&r=g","contentUrl":"https:\/\/secure.gravatar.com\/avatar\/7728b29aac2719421e1a9159b2254c44?s=96&d=mm&r=g","caption":"Cl\u00e9ment"},"sameAs":["https:\/\/footdavant.fr\/"]}]}},"_links":{"self":[{"href":"https:\/\/footdavant.fr\/actualites\/wp-json\/wp\/v2\/posts\/36450"}],"collection":[{"href":"https:\/\/footdavant.fr\/actualites\/wp-json\/wp\/v2\/posts"}],"about":[{"href":"https:\/\/footdavant.fr\/actualites\/wp-json\/wp\/v2\/types\/post"}],"author":[{"embeddable":true,"href":"https:\/\/footdavant.fr\/actualites\/wp-json\/wp\/v2\/users\/1"}],"replies":[{"embeddable":true,"href":"https:\/\/footdavant.fr\/actualites\/wp-json\/wp\/v2\/comments?post=36450"}],"version-history":[{"count":1,"href":"https:\/\/footdavant.fr\/actualites\/wp-json\/wp\/v2\/posts\/36450\/revisions"}],"predecessor-version":[{"id":36452,"href":"https:\/\/footdavant.fr\/actualites\/wp-json\/wp\/v2\/posts\/36450\/revisions\/36452"}],"wp:featuredmedia":[{"embeddable":true,"href":"https:\/\/footdavant.fr\/actualites\/wp-json\/wp\/v2\/media\/36451"}],"wp:attachment":[{"href":"https:\/\/footdavant.fr\/actualites\/wp-json\/wp\/v2\/media?parent=36450"}],"wp:term":[{"taxonomy":"category","embeddable":true,"href":"https:\/\/footdavant.fr\/actualites\/wp-json\/wp\/v2\/categories?post=36450"},{"taxonomy":"post_tag","embeddable":true,"href":"https:\/\/footdavant.fr\/actualites\/wp-json\/wp\/v2\/tags?post=36450"}],"curies":[{"name":"wp","href":"https:\/\/api.w.org\/{rel}","templated":true}]}}