{"id":36453,"date":"2026-04-14T14:48:01","date_gmt":"2026-04-14T12:48:01","guid":{"rendered":"https:\/\/footdavant.fr\/actualites\/composition-du-psg-contre-liverpool-xi-prevu-pour-le-quart-de-finale-retour-de-la-ligue-des-champions\/"},"modified":"2026-04-14T14:48:02","modified_gmt":"2026-04-14T12:48:02","slug":"composition-du-psg-contre-liverpool-xi-prevu-pour-le-quart-de-finale-retour-de-la-ligue-des-champions","status":"publish","type":"post","link":"https:\/\/footdavant.fr\/actualites\/composition-du-psg-contre-liverpool-xi-prevu-pour-le-quart-de-finale-retour-de-la-ligue-des-champions\/","title":{"rendered":"Composition du PSG contre Liverpool : XI pr\u00e9vu pour le quart de finale retour de la Ligue des champions"},"content":{"rendered":"<div itemprop=\"articleBody\">\n<p>L&#39;entra\u00eeneur du Paris Saint-Germain, Luis Enrique, a re\u00e7u une blessure majeure \u00e0 temps pour le quart de finale retour de la Ligue des champions mardi avec Liverpool \u00e0 Anfield.<\/p>\n<p>Les Parisiens se sont impos\u00e9s 2-0 face aux Reds lors du match aller au Parc des Princes, o\u00f9 D\u00e9sir\u00e9 Dou\u00e9 et Khvicha Kvaratskhelia ont fait la merveille pour les champions en titre.<\/p>\n<p>Ce dernier manquera cependant le match aller de toute demi-finale s&#39;il est averti ici, et Enrique aura de nouveau Bradley Barcola \u00e0 sa disposition suite \u00e0 une blessure \u00e0 la cheville apr\u00e8s son retour \u00e0 l&#39;entra\u00eenement la semaine derni\u00e8re.<\/p>\n<p>Le patron du PSG pourrait donc d\u00e9ployer Barcola sur la gauche pour garantir que Kvaratskhelia soit disponible pour une \u00e9ventuelle bataille du Bayern Munich ou du Real Madrid, mais l&#39;international g\u00e9orgien devrait toujours recevoir le feu vert quel que soit le niveau de forme physique de Barcola.<\/p>\n<p>Kvaratskhelia, Dou\u00e9 et le vainqueur du Ballon d&#39;Or Ousmane Demb\u00e9l\u00e9 devraient donc d\u00e9buter dans une ligne d&#39;attaque inchang\u00e9e pour le PSG, qui a profit\u00e9 d&#39;un week-end de cong\u00e9 de Ligue 1 pour pr\u00e9parer le match retour de mardi.<\/p>\n<p>Fabian Ruiz est toujours en train de se remettre d&#39;une blessure au genou, donc Warren Zaire-Emery devrait continuer dans la salle des machines aux c\u00f4t\u00e9s du duo portugais Vitinha et Joao Neves.<\/p>\n<p>Nuno Mendes reprendra sa rivalit\u00e9 avec Mohamed Salah, tandis qu&#39;Achraf Hakimi pourrait se retrouver face \u00e0 Rio Ngumoha sur le flanc oppos\u00e9.<\/p>\n<p>Onze de d\u00e9part possibles du Paris Saint-Germain :<\/p>\n<p>Safonov; Hakimi, Marquinhos, Pacho, Mend\u00e8s\u00a0; Za\u00efre-Emery, Vitinha, Neves ; Dou\u00e9, Demb\u00e9l\u00e9, Kvaratskhelia<\/p>\n<p>> Cliquez ici pour voir comment Liverpool pourrait s&#39;aligner contre le PSG <\/p>\n<\/div>\n","protected":false},"excerpt":{"rendered":"<p>L&#39;entra\u00eeneur du Paris Saint-Germain, Luis Enrique, a re\u00e7u une blessure majeure \u00e0 temps pour le quart de finale retour de la Ligue des champions mardi<\/p>\n","protected":false},"author":1,"featured_media":36454,"comment_status":"closed","ping_status":"","sticky":false,"template":"","format":"standard","meta":{"footnotes":""},"categories":[5],"tags":[31,2291,20,12,897,30,53,51,3924,1656,1416,393],"yoast_head":"<!-- This site is optimized with the Yoast SEO plugin v21.0 - https:\/\/yoast.com\/wordpress\/plugins\/seo\/ -->\n<title>Composition du PSG contre Liverpool : XI pr\u00e9vu pour le quart de finale retour de la Ligue des champions<\/title>\n<meta name=\"robots\" content=\"index, follow, max-snippet:-1, max-image-preview:large, max-video-preview:-1\" \/>\n<link rel=\"canonical\" href=\"https:\/\/footdavant.fr\/actualites\/composition-du-psg-contre-liverpool-xi-prevu-pour-le-quart-de-finale-retour-de-la-ligue-des-champions\/\" \/>\n<meta property=\"og:locale\" content=\"fr_FR\" \/>\n<meta property=\"og:type\" content=\"article\" \/>\n<meta property=\"og:title\" content=\"Composition du PSG contre Liverpool : XI pr\u00e9vu pour le quart de finale retour de la Ligue des champions\" \/>\n<meta property=\"og:description\" content=\"L&#039;entra\u00eeneur du Paris Saint-Germain, Luis Enrique, a re\u00e7u une blessure majeure \u00e0 temps pour le quart de finale retour de la Ligue des champions mardi\" \/>\n<meta property=\"og:url\" content=\"https:\/\/footdavant.fr\/actualites\/composition-du-psg-contre-liverpool-xi-prevu-pour-le-quart-de-finale-retour-de-la-ligue-des-champions\/\" \/>\n<meta property=\"og:site_name\" content=\"Foot d&#039;avant\" \/>\n<meta property=\"article:publisher\" content=\"https:\/\/www.facebook.com\/Footdavant\/\" \/>\n<meta property=\"article:published_time\" content=\"2026-04-14T12:48:01+00:00\" \/>\n<meta property=\"article:modified_time\" content=\"2026-04-14T12:48:02+00:00\" \/>\n<meta property=\"og:image\" content=\"https:\/\/footdavant.fr\/actualites\/wp-content\/uploads\/2026\/04\/Composition-du-PSG-contre-Liverpool-XI-prevu-pour-le.net2Fuploads2F20252F082Fimago1064000809.webp\" \/>\n\t<meta property=\"og:image:width\" content=\"720\" \/>\n\t<meta property=\"og:image:height\" content=\"410\" \/>\n\t<meta property=\"og:image:type\" content=\"image\/webp\" \/>\n<meta name=\"author\" content=\"Cl\u00e9ment\" \/>\n<meta name=\"twitter:card\" content=\"summary_large_image\" \/>\n<meta name=\"twitter:creator\" content=\"@FootdavantFr\" \/>\n<meta name=\"twitter:site\" content=\"@FootdavantFr\" \/>\n<meta name=\"twitter:label1\" content=\"\u00c9crit par\" \/>\n\t<meta name=\"twitter:data1\" content=\"Cl\u00e9ment\" \/>\n\t<meta name=\"twitter:label2\" content=\"Dur\u00e9e de lecture estim\u00e9e\" \/>\n\t<meta name=\"twitter:data2\" content=\"1 minute\" \/>\n<script type=\"application\/ld+json\" class=\"yoast-schema-graph\">{\"@context\":\"https:\/\/schema.org\",\"@graph\":[{\"@type\":\"Article\",\"@id\":\"https:\/\/footdavant.fr\/actualites\/composition-du-psg-contre-liverpool-xi-prevu-pour-le-quart-de-finale-retour-de-la-ligue-des-champions\/#article\",\"isPartOf\":{\"@id\":\"https:\/\/footdavant.fr\/actualites\/composition-du-psg-contre-liverpool-xi-prevu-pour-le-quart-de-finale-retour-de-la-ligue-des-champions\/\"},\"author\":{\"name\":\"Cl\u00e9ment\",\"@id\":\"https:\/\/footdavant.fr\/actualites\/#\/schema\/person\/bc222566d95871b37e597b3ed3ba5e1d\"},\"headline\":\"Composition du PSG contre Liverpool : XI pr\u00e9vu pour le quart de finale retour de la Ligue des champions\",\"datePublished\":\"2026-04-14T12:48:01+00:00\",\"dateModified\":\"2026-04-14T12:48:02+00:00\",\"mainEntityOfPage\":{\"@id\":\"https:\/\/footdavant.fr\/actualites\/composition-du-psg-contre-liverpool-xi-prevu-pour-le-quart-de-finale-retour-de-la-ligue-des-champions\/\"},\"wordCount\":308,\"publisher\":{\"@id\":\"https:\/\/footdavant.fr\/actualites\/#organization\"},\"keywords\":[\"champions\",\"composition\",\"contre\",\"des\",\"finale\",\"Ligue\",\"Liverpool\",\"pour\",\"pr\u00e9vu\",\"PSG\",\"quart\",\"retour\"],\"articleSection\":[\"Premier League\"],\"inLanguage\":\"fr-FR\"},{\"@type\":\"WebPage\",\"@id\":\"https:\/\/footdavant.fr\/actualites\/composition-du-psg-contre-liverpool-xi-prevu-pour-le-quart-de-finale-retour-de-la-ligue-des-champions\/\",\"url\":\"https:\/\/footdavant.fr\/actualites\/composition-du-psg-contre-liverpool-xi-prevu-pour-le-quart-de-finale-retour-de-la-ligue-des-champions\/\",\"name\":\"Composition du PSG contre Liverpool : XI pr\u00e9vu pour le quart de finale retour de la Ligue des champions\",\"isPartOf\":{\"@id\":\"https:\/\/footdavant.fr\/actualites\/#website\"},\"datePublished\":\"2026-04-14T12:48:01+00:00\",\"dateModified\":\"2026-04-14T12:48:02+00:00\",\"breadcrumb\":{\"@id\":\"https:\/\/footdavant.fr\/actualites\/composition-du-psg-contre-liverpool-xi-prevu-pour-le-quart-de-finale-retour-de-la-ligue-des-champions\/#breadcrumb\"},\"inLanguage\":\"fr-FR\",\"potentialAction\":[{\"@type\":\"ReadAction\",\"target\":[\"https:\/\/footdavant.fr\/actualites\/composition-du-psg-contre-liverpool-xi-prevu-pour-le-quart-de-finale-retour-de-la-ligue-des-champions\/\"]}]},{\"@type\":\"BreadcrumbList\",\"@id\":\"https:\/\/footdavant.fr\/actualites\/composition-du-psg-contre-liverpool-xi-prevu-pour-le-quart-de-finale-retour-de-la-ligue-des-champions\/#breadcrumb\",\"itemListElement\":[{\"@type\":\"ListItem\",\"position\":1,\"name\":\"Accueil\",\"item\":\"https:\/\/footdavant.fr\/actualites\/\"},{\"@type\":\"ListItem\",\"position\":2,\"name\":\"Composition du PSG contre Liverpool : XI pr\u00e9vu pour le quart de finale retour de la Ligue des champions\"}]},{\"@type\":\"WebSite\",\"@id\":\"https:\/\/footdavant.fr\/actualites\/#website\",\"url\":\"https:\/\/footdavant.fr\/actualites\/\",\"name\":\"Foot d'avant\",\"description\":\"\",\"publisher\":{\"@id\":\"https:\/\/footdavant.fr\/actualites\/#organization\"},\"potentialAction\":[{\"@type\":\"SearchAction\",\"target\":{\"@type\":\"EntryPoint\",\"urlTemplate\":\"https:\/\/footdavant.fr\/actualites\/?s={search_term_string}\"},\"query-input\":\"required name=search_term_string\"}],\"inLanguage\":\"fr-FR\"},{\"@type\":\"Organization\",\"@id\":\"https:\/\/footdavant.fr\/actualites\/#organization\",\"name\":\"Foot d'avant\",\"url\":\"https:\/\/footdavant.fr\/actualites\/\",\"logo\":{\"@type\":\"ImageObject\",\"inLanguage\":\"fr-FR\",\"@id\":\"https:\/\/footdavant.fr\/actualites\/#\/schema\/logo\/image\/\",\"url\":\"https:\/\/footdavant.fr\/actualites\/wp-content\/uploads\/2023\/09\/Copy-of-FootDavant-Logo.png\",\"contentUrl\":\"https:\/\/footdavant.fr\/actualites\/wp-content\/uploads\/2023\/09\/Copy-of-FootDavant-Logo.png\",\"width\":936,\"height\":549,\"caption\":\"Foot d'avant\"},\"image\":{\"@id\":\"https:\/\/footdavant.fr\/actualites\/#\/schema\/logo\/image\/\"},\"sameAs\":[\"https:\/\/www.facebook.com\/Footdavant\/\",\"https:\/\/twitter.com\/FootdavantFr\",\"https:\/\/www.instagram.com\/footdavant.fr\/\"]},{\"@type\":\"Person\",\"@id\":\"https:\/\/footdavant.fr\/actualites\/#\/schema\/person\/bc222566d95871b37e597b3ed3ba5e1d\",\"name\":\"Cl\u00e9ment\",\"image\":{\"@type\":\"ImageObject\",\"inLanguage\":\"fr-FR\",\"@id\":\"https:\/\/footdavant.fr\/actualites\/#\/schema\/person\/image\/\",\"url\":\"https:\/\/secure.gravatar.com\/avatar\/7728b29aac2719421e1a9159b2254c44?s=96&d=mm&r=g\",\"contentUrl\":\"https:\/\/secure.gravatar.com\/avatar\/7728b29aac2719421e1a9159b2254c44?s=96&d=mm&r=g\",\"caption\":\"Cl\u00e9ment\"},\"sameAs\":[\"https:\/\/footdavant.fr\/\"]}]}<\/script>\n<!-- \/ Yoast SEO plugin. -->","yoast_head_json":{"title":"Composition du PSG contre Liverpool : XI pr\u00e9vu pour le quart de finale retour de la Ligue des champions","robots":{"index":"index","follow":"follow","max-snippet":"max-snippet:-1","max-image-preview":"max-image-preview:large","max-video-preview":"max-video-preview:-1"},"canonical":"https:\/\/footdavant.fr\/actualites\/composition-du-psg-contre-liverpool-xi-prevu-pour-le-quart-de-finale-retour-de-la-ligue-des-champions\/","og_locale":"fr_FR","og_type":"article","og_title":"Composition du PSG contre Liverpool : XI pr\u00e9vu pour le quart de finale retour de la Ligue des champions","og_description":"L&#39;entra\u00eeneur du Paris Saint-Germain, Luis Enrique, a re\u00e7u une blessure majeure \u00e0 temps pour le quart de finale retour de la Ligue des champions mardi","og_url":"https:\/\/footdavant.fr\/actualites\/composition-du-psg-contre-liverpool-xi-prevu-pour-le-quart-de-finale-retour-de-la-ligue-des-champions\/","og_site_name":"Foot d&#039;avant","article_publisher":"https:\/\/www.facebook.com\/Footdavant\/","article_published_time":"2026-04-14T12:48:01+00:00","article_modified_time":"2026-04-14T12:48:02+00:00","og_image":[{"width":720,"height":410,"url":"https:\/\/footdavant.fr\/actualites\/wp-content\/uploads\/2026\/04\/Composition-du-PSG-contre-Liverpool-XI-prevu-pour-le.net2Fuploads2F20252F082Fimago1064000809.webp","type":"image\/webp"}],"author":"Cl\u00e9ment","twitter_card":"summary_large_image","twitter_creator":"@FootdavantFr","twitter_site":"@FootdavantFr","twitter_misc":{"\u00c9crit par":"Cl\u00e9ment","Dur\u00e9e de lecture estim\u00e9e":"1 minute"},"schema":{"@context":"https:\/\/schema.org","@graph":[{"@type":"Article","@id":"https:\/\/footdavant.fr\/actualites\/composition-du-psg-contre-liverpool-xi-prevu-pour-le-quart-de-finale-retour-de-la-ligue-des-champions\/#article","isPartOf":{"@id":"https:\/\/footdavant.fr\/actualites\/composition-du-psg-contre-liverpool-xi-prevu-pour-le-quart-de-finale-retour-de-la-ligue-des-champions\/"},"author":{"name":"Cl\u00e9ment","@id":"https:\/\/footdavant.fr\/actualites\/#\/schema\/person\/bc222566d95871b37e597b3ed3ba5e1d"},"headline":"Composition du PSG contre Liverpool : XI pr\u00e9vu pour le quart de finale retour de la Ligue des champions","datePublished":"2026-04-14T12:48:01+00:00","dateModified":"2026-04-14T12:48:02+00:00","mainEntityOfPage":{"@id":"https:\/\/footdavant.fr\/actualites\/composition-du-psg-contre-liverpool-xi-prevu-pour-le-quart-de-finale-retour-de-la-ligue-des-champions\/"},"wordCount":308,"publisher":{"@id":"https:\/\/footdavant.fr\/actualites\/#organization"},"keywords":["champions","composition","contre","des","finale","Ligue","Liverpool","pour","pr\u00e9vu","PSG","quart","retour"],"articleSection":["Premier League"],"inLanguage":"fr-FR"},{"@type":"WebPage","@id":"https:\/\/footdavant.fr\/actualites\/composition-du-psg-contre-liverpool-xi-prevu-pour-le-quart-de-finale-retour-de-la-ligue-des-champions\/","url":"https:\/\/footdavant.fr\/actualites\/composition-du-psg-contre-liverpool-xi-prevu-pour-le-quart-de-finale-retour-de-la-ligue-des-champions\/","name":"Composition du PSG contre Liverpool : XI pr\u00e9vu pour le quart de finale retour de la Ligue des champions","isPartOf":{"@id":"https:\/\/footdavant.fr\/actualites\/#website"},"datePublished":"2026-04-14T12:48:01+00:00","dateModified":"2026-04-14T12:48:02+00:00","breadcrumb":{"@id":"https:\/\/footdavant.fr\/actualites\/composition-du-psg-contre-liverpool-xi-prevu-pour-le-quart-de-finale-retour-de-la-ligue-des-champions\/#breadcrumb"},"inLanguage":"fr-FR","potentialAction":[{"@type":"ReadAction","target":["https:\/\/footdavant.fr\/actualites\/composition-du-psg-contre-liverpool-xi-prevu-pour-le-quart-de-finale-retour-de-la-ligue-des-champions\/"]}]},{"@type":"BreadcrumbList","@id":"https:\/\/footdavant.fr\/actualites\/composition-du-psg-contre-liverpool-xi-prevu-pour-le-quart-de-finale-retour-de-la-ligue-des-champions\/#breadcrumb","itemListElement":[{"@type":"ListItem","position":1,"name":"Accueil","item":"https:\/\/footdavant.fr\/actualites\/"},{"@type":"ListItem","position":2,"name":"Composition du PSG contre Liverpool : XI pr\u00e9vu pour le quart de finale retour de la Ligue des champions"}]},{"@type":"WebSite","@id":"https:\/\/footdavant.fr\/actualites\/#website","url":"https:\/\/footdavant.fr\/actualites\/","name":"Foot d'avant","description":"","publisher":{"@id":"https:\/\/footdavant.fr\/actualites\/#organization"},"potentialAction":[{"@type":"SearchAction","target":{"@type":"EntryPoint","urlTemplate":"https:\/\/footdavant.fr\/actualites\/?s={search_term_string}"},"query-input":"required name=search_term_string"}],"inLanguage":"fr-FR"},{"@type":"Organization","@id":"https:\/\/footdavant.fr\/actualites\/#organization","name":"Foot d'avant","url":"https:\/\/footdavant.fr\/actualites\/","logo":{"@type":"ImageObject","inLanguage":"fr-FR","@id":"https:\/\/footdavant.fr\/actualites\/#\/schema\/logo\/image\/","url":"https:\/\/footdavant.fr\/actualites\/wp-content\/uploads\/2023\/09\/Copy-of-FootDavant-Logo.png","contentUrl":"https:\/\/footdavant.fr\/actualites\/wp-content\/uploads\/2023\/09\/Copy-of-FootDavant-Logo.png","width":936,"height":549,"caption":"Foot d'avant"},"image":{"@id":"https:\/\/footdavant.fr\/actualites\/#\/schema\/logo\/image\/"},"sameAs":["https:\/\/www.facebook.com\/Footdavant\/","https:\/\/twitter.com\/FootdavantFr","https:\/\/www.instagram.com\/footdavant.fr\/"]},{"@type":"Person","@id":"https:\/\/footdavant.fr\/actualites\/#\/schema\/person\/bc222566d95871b37e597b3ed3ba5e1d","name":"Cl\u00e9ment","image":{"@type":"ImageObject","inLanguage":"fr-FR","@id":"https:\/\/footdavant.fr\/actualites\/#\/schema\/person\/image\/","url":"https:\/\/secure.gravatar.com\/avatar\/7728b29aac2719421e1a9159b2254c44?s=96&d=mm&r=g","contentUrl":"https:\/\/secure.gravatar.com\/avatar\/7728b29aac2719421e1a9159b2254c44?s=96&d=mm&r=g","caption":"Cl\u00e9ment"},"sameAs":["https:\/\/footdavant.fr\/"]}]}},"_links":{"self":[{"href":"https:\/\/footdavant.fr\/actualites\/wp-json\/wp\/v2\/posts\/36453"}],"collection":[{"href":"https:\/\/footdavant.fr\/actualites\/wp-json\/wp\/v2\/posts"}],"about":[{"href":"https:\/\/footdavant.fr\/actualites\/wp-json\/wp\/v2\/types\/post"}],"author":[{"embeddable":true,"href":"https:\/\/footdavant.fr\/actualites\/wp-json\/wp\/v2\/users\/1"}],"replies":[{"embeddable":true,"href":"https:\/\/footdavant.fr\/actualites\/wp-json\/wp\/v2\/comments?post=36453"}],"version-history":[{"count":1,"href":"https:\/\/footdavant.fr\/actualites\/wp-json\/wp\/v2\/posts\/36453\/revisions"}],"predecessor-version":[{"id":36455,"href":"https:\/\/footdavant.fr\/actualites\/wp-json\/wp\/v2\/posts\/36453\/revisions\/36455"}],"wp:featuredmedia":[{"embeddable":true,"href":"https:\/\/footdavant.fr\/actualites\/wp-json\/wp\/v2\/media\/36454"}],"wp:attachment":[{"href":"https:\/\/footdavant.fr\/actualites\/wp-json\/wp\/v2\/media?parent=36453"}],"wp:term":[{"taxonomy":"category","embeddable":true,"href":"https:\/\/footdavant.fr\/actualites\/wp-json\/wp\/v2\/categories?post=36453"},{"taxonomy":"post_tag","embeddable":true,"href":"https:\/\/footdavant.fr\/actualites\/wp-json\/wp\/v2\/tags?post=36453"}],"curies":[{"name":"wp","href":"https:\/\/api.w.org\/{rel}","templated":true}]}}