{"id":36462,"date":"2026-04-14T20:48:04","date_gmt":"2026-04-14T18:48:04","guid":{"rendered":"https:\/\/footdavant.fr\/actualites\/equipes-confirmees-et-composition-complete-en-ligue-des-champions-chaine-de-television-diffusions-en-direct\/"},"modified":"2026-04-14T20:48:05","modified_gmt":"2026-04-14T18:48:05","slug":"equipes-confirmees-et-composition-complete-en-ligue-des-champions-chaine-de-television-diffusions-en-direct","status":"publish","type":"post","link":"https:\/\/footdavant.fr\/actualites\/equipes-confirmees-et-composition-complete-en-ligue-des-champions-chaine-de-television-diffusions-en-direct\/","title":{"rendered":"\u00c9quipes confirm\u00e9es et composition compl\u00e8te en Ligue des champions, cha\u00eene de t\u00e9l\u00e9vision, diffusions en direct"},"content":{"rendered":"<div>\n<p>Barcelone et l&#39;Atletico Madrid ont nomm\u00e9 leurs \u00e9quipes de d\u00e9part pour leur quart de finale de la Ligue des champions au Metropolitano mardi.<\/p>\n<p>Les buts de Julian Alvarez et Alexander Sorloth ont donn\u00e9 \u00e0 l&#39;Atleti une victoire 2-0 au match aller mercredi dernier, lorsque le Bar\u00e7a a fait expulser Pau Cubarsi avant le match d&#39;ouverture.<\/p>\n<figure class=\"wp-block-embed is-type-rich is-provider-twitter wp-block-embed-twitter\"\/>\n<p>Les vainqueurs du match nul affronteront Arsenal ou le Sporting en demi-finale. Ces \u00e9quipes se rencontrent \u00e0 Londres mercredi (20h00 BST), avec les Gunners 1-0 d\u00e8s le match aller.<\/p>\n<p>101GreatGoals.com propose les nouvelles de la composition du Bar\u00e7a contre l&#39;Atleti en Ligue des champions, ainsi que des d\u00e9tails sur la fa\u00e7on de regarder.<\/p>\n<blockquote class=\"twitter-tweet\" data-media-max-width=\"560\">\n<p lang=\"pt\" dir=\"ltr\">\ud835\udc0c\ud835\udc00\ud835\udc13\ud835\udc02\ud835\udc07\ud835\udc03\ud835\udc00\ud835\udc18 \ud835\udc0f\ud835\udc11\ud835\udc04\ud835\udc15\ud835\udc08\ud835\udc04\ud835\udc16 \ud83c\udfa5<br \/>Atl\u00e9tico Madrid \u2013 Bar\u00e7a <a rel=\"nofollow\" href=\"https:\/\/t.co\/1x6zvF8gkQ\" rel=\"nofollow\">pic.twitter.com\/1x6zvF8gkQ<\/a><\/p>\n<p>\u2013 FC Barcelone (@FCBarcelona) <a rel=\"nofollow\" href=\"https:\/\/twitter.com\/FCBarcelona\/status\/2043977563211465079?ref_src=twsrc%5Etfw\" rel=\"nofollow noopener\">14 avril 2026<\/a><\/p><\/blockquote>\n<h2 class=\"wp-block-heading\"><span id=\"Atletico_Madrid_confirmed_team_news_vs_Barca\">L&#39;Atletico Madrid a confirm\u00e9 les nouvelles de l&#39;\u00e9quipe contre le Bar\u00e7a<\/span><\/h2>\n<p>L&#39;Atleti effectue un changement par rapport au match aller, Cl\u00e9ment Lenglet rempla\u00e7ant Davic Hancko, bless\u00e9, en d\u00e9fense. <\/p>\n<p>L&#39;arri\u00e8re central Jose Maria Gimenez est absent mais le gardien Jan Oblak et le milieu de terrain Johnny Cardoso reviennent sur le banc.<\/p>\n<p>Le d\u00e9fenseur Marc Pubill est banni.<\/p>\n<p>Thiago Almada, Alex Baena, Barrios, Lenglet, Robin Le Normand, Marcos Llorente, Matteo Ruggeri et Giuliano Simeone sont chacun \u00e0 un avertissement d&#39;une suspension dans la comp\u00e9tition.<\/p>\n<p>Juan Musso, Matteo Ruggeri, Cl\u00e9ment Lenglet, Robin Le Normand, Nahuel Molina, Ademola Lookman, Koke, Marcos Llorente, Giuliano Simeone, Julian Alvarez, Antoine Griezmann<\/p>\n<p>Jan Oblak, Rodrigo Mendoza, Johnny Cardoso, Alexander Sorloth, Alex Baena, Thiago Almada, Obed Vargas, Nico Gonzalez, Dani Martinez, Salvi Esquivel, Javier Bonar, Julio Diaz<\/p>\n<h2 class=\"wp-block-heading\"><span id=\"Barcelona_full_line_up_vs_Atleti\">Composition compl\u00e8te de Barcelone contre Atleti<\/span><\/h2>\n<p>Barcelone apporte trois changements apr\u00e8s cette d\u00e9faite, en introduisant Gavi, Fermin Lopez et Ferran Torres pour Cubarsi suspendu, ainsi que Marcus Rashford et Robert Lewandowski, qui passent sur le banc.<\/p>\n<p>Le d\u00e9fenseur Andreas Christensen (genou) est bless\u00e9 pour Barcelone, qui a \u00e9galement le milieu de terrain Marc Bernal (cheville) et l&#39;attaquant Raphinha (ischio-jambiers) absents.<\/p>\n<p>L&#39;arri\u00e8re gauche Gerard Martin est en forme apr\u00e8s s&#39;\u00eatre bless\u00e9 \u00e0 la cheville lors de la victoire 4-1 \u00e0 domicile contre l&#39;Espanyol en Liga samedi.<\/p>\n<p>Marc Casado, Joao Cancelo, Fermin Lopez, Martin et Lamine Yamal doivent \u00e9viter les avertissements sous peine de suspension.<\/p>\n<p>  Joan Garc\u00eda, Jo\u00e3o Cancelo, Gerard Mart\u00edn, Eric Garc\u00eda, Jules Kound\u00e9, Pedri, Gavi, Ferran Torres, Ferm\u00edn L\u00f3pez, Lamine Yamal, Dani Olmo<\/p>\n<p>  Wojciech Szczesny, Alejandro Balde, Ronald Araujo, Robert Lewandowski, Marcus Rashford, Marc Casado, Frenkie de Jong, Roony Bardghji, Diego Kochen, Alvaro Cortes, Xavi Espart, Tomas Marques<\/p>\n<figure class=\"wp-block-image size-large\"><picture decoding=\"async\" class=\"wp-image-182622\"><source type=\"image\/webp\" data-lazy- \/><img loading=\"lazy\" decoding=\"async\" width=\"1024\" height=\"683\" src=\"https:\/\/footdavant.fr\/actualites\/wp-content\/uploads\/2026\/04\/Le-Bayern-bat-le-record-de-buts-en-Bundesliga-alors.jpg\" alt=\"Barcelone c\u00e9l\u00e8bre un but de Ferran Torres contre l&#39;Espanyol\"  \/>\n<\/picture>\n<\/figure>\n<h2 class=\"wp-block-heading\"><span id=\"Where_to_watch_Atleti_vs_Barca_TV_and_online_streams\">O\u00f9 regarder Atleti vs Barca : t\u00e9l\u00e9vision et diffusions en ligne<\/span><\/h2>\n<p>Le coup d&#39;envoi mardi aura lieu \u00e0 20h00 BST (15h00 HE \/ 12h00 PT). La couverture t\u00e9l\u00e9vis\u00e9e en direct au Royaume-Uni est assur\u00e9e sur TNT Sports 1.<\/p>\n<p>Le streaming est sur l&#39;application HBO Max. TNT Sports co\u00fbte 30,99 \u00a3 par mois et est disponible sur une vaste gamme d&#39;appareils, notamment les t\u00e9l\u00e9viseurs intelligents et les consoles de jeux.<\/p>\n<h2 class=\"wp-block-heading\"><span id=\"Atletico_Madrid_vs_Barcelona_stats\">Statistiques Atl\u00e9tico Madrid vs Barcelone<\/span><\/h2>\n<ul class=\"wp-block-list\">\n<li>Ce sera la sixi\u00e8me fois que ces \u00e9quipes se rencontreront cette saison (deux fois en Liga, en Copa del Rey et en Ligue des Champions), soit leur plus grand nombre de rencontres en une seule campagne depuis 2013\/14 (6). Ce n&#39;est qu&#39;en 1985\/86 qu&#39;ils se sont affront\u00e9s plus de six fois au cours de la m\u00eame saison (8).<\/li>\n<li>La derni\u00e8re fois que l&#39;Atleti a battu le Bar\u00e7a \u00e0 trois reprises au cours de la m\u00eame campagne, c&#39;\u00e9tait en 1995\/96.<\/li>\n<li>Depuis le d\u00e9but de la saison derni\u00e8re, la moiti\u00e9 des d\u00e9faites \u00e0 domicile de l&#39;Atleti ont eu lieu contre Barcelone (3\/6), faisant du Bar\u00e7a la seule \u00e9quipe \u00e0 l&#39;ext\u00e9rieur \u00e0 y avoir gagn\u00e9 plus d&#39;une fois au cours de cette p\u00e9riode (3), le Real Betis, Lille et Bodo\/Glimt \u00e9tant les seules autres \u00e9quipes \u00e0 y avoir gagn\u00e9 depuis le d\u00e9but de la saison 2024\/25 (une chacune).<\/li>\n<li>La d\u00e9faite 2-0 de Barcelone contre l&#39;Atleti au Camp Nou \u00e9tait la 195e fois dans l&#39;histoire de la Ligue des Champions qu&#39;une \u00e9quipe perdait le match aller d&#39;un match \u00e0 \u00e9limination directe \u00e0 domicile par au moins deux buts, avec seulement deux des 194 pr\u00e9c\u00e9dents passant au tour suivant \u2013 Manchester United contre le PSG en 2018\/19 et l&#39;Ajax contre Benfica en 1968\/69.<\/li>\n<li>L&#39;Atletico Madrid a remport\u00e9 cinq de ses six matches \u00e0 domicile de Ligue des Champions cette saison (1 d\u00e9faite), tandis qu&#39;aucune \u00e9quipe n&#39;a marqu\u00e9 plus de buts \u00e0 domicile cette saison (20).<\/li>\n<li>Aucune \u00e9quipe n&#39;a encaiss\u00e9 plus de buts en Ligue des champions depuis le d\u00e9but de la saison derni\u00e8re que Barcelone (43), inscrivant des buts lors de chacun de ses 14 derniers matches. Aucune \u00e9quipe espagnole n&#39;a jamais disput\u00e9 15 matchs sans blanchir sa cage inviol\u00e9e dans la comp\u00e9tition.<\/li>\n<li>\u00c1lvarez compte neuf buts en Ligue des champions cette saison, ce qui constitue le record pour un joueur de l&#39;Atleti en une seule campagne dans l&#39;histoire de la comp\u00e9tition.<\/li>\n<li>Le seul joueur \u00e0 avoir atteint le double des chiffres au cours d&#39;une seule campagne europ\u00e9enne pour le club (hors \u00e9liminatoires) est Radamel Falcao (12e de l&#39;UEFA Europa League 2011\/12).<\/li>\n<li>Alvarez a appliqu\u00e9 plus de pressions de haute intensit\u00e9 que tout autre joueur de la Ligue des champions cette saison (767). Seul Ayoub El Kaabi de l&#39;Olympiacos (123) a fait plus d&#39;efforts dans la surface adverse que l&#39;attaquant argentin (116).<\/li>\n<li>Lamine Yamal est le meilleur joueur de Barcelone pour les dribbles r\u00e9ussis (37) et le nombre total de tirs (32) en Ligue des champions cette saison.<\/li>\n<li>Aucun joueur n&#39;a cr\u00e9\u00e9 plus d&#39;occasions pour le club lors de la comp\u00e9tition 2025\/26 que le joueur de 18 ans (20). Seul Fermin Lopez (10) a \u00e9t\u00e9 directement impliqu\u00e9 dans plus de buts (9 \u2013 5 buts, 4 passes d\u00e9cisives)<\/li>\n<\/ul><\/div>\n<p><script async src=\"https:\/\/platform.twitter.com\/widgets.js\" charset=\"utf-8\"><\/script><\/p>\n","protected":false},"excerpt":{"rendered":"<p>Barcelone et l&#39;Atletico Madrid ont nomm\u00e9 leurs \u00e9quipes de d\u00e9part pour leur quart de finale de la Ligue des champions au Metropolitano mardi. Les buts<\/p>\n","protected":false},"author":1,"featured_media":34533,"comment_status":"closed","ping_status":"","sticky":false,"template":"","format":"standard","meta":{"footnotes":""},"categories":[3],"tags":[7442,31,2660,2291,5481,12,11107,2828,242,30,5084],"yoast_head":"<!-- This site is optimized with the Yoast SEO plugin v21.0 - https:\/\/yoast.com\/wordpress\/plugins\/seo\/ -->\n<title>\u00c9quipes confirm\u00e9es et composition compl\u00e8te en Ligue des champions, cha\u00eene de t\u00e9l\u00e9vision, diffusions en direct<\/title>\n<meta name=\"robots\" content=\"index, follow, max-snippet:-1, max-image-preview:large, max-video-preview:-1\" \/>\n<link rel=\"canonical\" href=\"https:\/\/footdavant.fr\/actualites\/equipes-confirmees-et-composition-complete-en-ligue-des-champions-chaine-de-television-diffusions-en-direct\/\" \/>\n<meta property=\"og:locale\" content=\"fr_FR\" \/>\n<meta property=\"og:type\" content=\"article\" \/>\n<meta property=\"og:title\" content=\"\u00c9quipes confirm\u00e9es et composition compl\u00e8te en Ligue des champions, cha\u00eene de t\u00e9l\u00e9vision, diffusions en direct\" \/>\n<meta property=\"og:description\" content=\"Barcelone et l&#039;Atletico Madrid ont nomm\u00e9 leurs \u00e9quipes de d\u00e9part pour leur quart de finale de la Ligue des champions au Metropolitano mardi. Les buts\" \/>\n<meta property=\"og:url\" content=\"https:\/\/footdavant.fr\/actualites\/equipes-confirmees-et-composition-complete-en-ligue-des-champions-chaine-de-television-diffusions-en-direct\/\" \/>\n<meta property=\"og:site_name\" content=\"Foot d&#039;avant\" \/>\n<meta property=\"article:publisher\" content=\"https:\/\/www.facebook.com\/Footdavant\/\" \/>\n<meta property=\"article:published_time\" content=\"2026-04-14T18:48:04+00:00\" \/>\n<meta property=\"article:modified_time\" content=\"2026-04-14T18:48:05+00:00\" \/>\n<meta property=\"og:image\" content=\"https:\/\/footdavant.fr\/actualites\/wp-content\/uploads\/2026\/02\/1771210086_Simeone-rejette-la-reclamation-d39Oblak-apres-que-l39Atletico-ait-ete.jpg\" \/>\n\t<meta property=\"og:image:width\" content=\"1200\" \/>\n\t<meta property=\"og:image:height\" content=\"803\" \/>\n\t<meta property=\"og:image:type\" content=\"image\/jpeg\" \/>\n<meta name=\"author\" content=\"Cl\u00e9ment\" \/>\n<meta name=\"twitter:card\" content=\"summary_large_image\" \/>\n<meta name=\"twitter:creator\" content=\"@FootdavantFr\" \/>\n<meta name=\"twitter:site\" content=\"@FootdavantFr\" \/>\n<meta name=\"twitter:label1\" content=\"\u00c9crit par\" \/>\n\t<meta name=\"twitter:data1\" content=\"Cl\u00e9ment\" \/>\n\t<meta name=\"twitter:label2\" content=\"Dur\u00e9e de lecture estim\u00e9e\" \/>\n\t<meta name=\"twitter:data2\" content=\"5 minutes\" \/>\n<script type=\"application\/ld+json\" class=\"yoast-schema-graph\">{\"@context\":\"https:\/\/schema.org\",\"@graph\":[{\"@type\":\"Article\",\"@id\":\"https:\/\/footdavant.fr\/actualites\/equipes-confirmees-et-composition-complete-en-ligue-des-champions-chaine-de-television-diffusions-en-direct\/#article\",\"isPartOf\":{\"@id\":\"https:\/\/footdavant.fr\/actualites\/equipes-confirmees-et-composition-complete-en-ligue-des-champions-chaine-de-television-diffusions-en-direct\/\"},\"author\":{\"name\":\"Cl\u00e9ment\",\"@id\":\"https:\/\/footdavant.fr\/actualites\/#\/schema\/person\/bc222566d95871b37e597b3ed3ba5e1d\"},\"headline\":\"\u00c9quipes confirm\u00e9es et composition compl\u00e8te en Ligue des champions, cha\u00eene de t\u00e9l\u00e9vision, diffusions en direct\",\"datePublished\":\"2026-04-14T18:48:04+00:00\",\"dateModified\":\"2026-04-14T18:48:05+00:00\",\"mainEntityOfPage\":{\"@id\":\"https:\/\/footdavant.fr\/actualites\/equipes-confirmees-et-composition-complete-en-ligue-des-champions-chaine-de-television-diffusions-en-direct\/\"},\"wordCount\":1002,\"publisher\":{\"@id\":\"https:\/\/footdavant.fr\/actualites\/#organization\"},\"keywords\":[\"Cha\u00eene\",\"champions\",\"compl\u00e8te\",\"composition\",\"confirm\u00e9es\",\"des\",\"diffusions\",\"DIRECT\",\"\u00e9quipes\",\"Ligue\",\"t\u00e9l\u00e9vision\"],\"articleSection\":[\"Football\"],\"inLanguage\":\"fr-FR\"},{\"@type\":\"WebPage\",\"@id\":\"https:\/\/footdavant.fr\/actualites\/equipes-confirmees-et-composition-complete-en-ligue-des-champions-chaine-de-television-diffusions-en-direct\/\",\"url\":\"https:\/\/footdavant.fr\/actualites\/equipes-confirmees-et-composition-complete-en-ligue-des-champions-chaine-de-television-diffusions-en-direct\/\",\"name\":\"\u00c9quipes confirm\u00e9es et composition compl\u00e8te en Ligue des champions, cha\u00eene de t\u00e9l\u00e9vision, diffusions en direct\",\"isPartOf\":{\"@id\":\"https:\/\/footdavant.fr\/actualites\/#website\"},\"datePublished\":\"2026-04-14T18:48:04+00:00\",\"dateModified\":\"2026-04-14T18:48:05+00:00\",\"breadcrumb\":{\"@id\":\"https:\/\/footdavant.fr\/actualites\/equipes-confirmees-et-composition-complete-en-ligue-des-champions-chaine-de-television-diffusions-en-direct\/#breadcrumb\"},\"inLanguage\":\"fr-FR\",\"potentialAction\":[{\"@type\":\"ReadAction\",\"target\":[\"https:\/\/footdavant.fr\/actualites\/equipes-confirmees-et-composition-complete-en-ligue-des-champions-chaine-de-television-diffusions-en-direct\/\"]}]},{\"@type\":\"BreadcrumbList\",\"@id\":\"https:\/\/footdavant.fr\/actualites\/equipes-confirmees-et-composition-complete-en-ligue-des-champions-chaine-de-television-diffusions-en-direct\/#breadcrumb\",\"itemListElement\":[{\"@type\":\"ListItem\",\"position\":1,\"name\":\"Accueil\",\"item\":\"https:\/\/footdavant.fr\/actualites\/\"},{\"@type\":\"ListItem\",\"position\":2,\"name\":\"\u00c9quipes confirm\u00e9es et composition compl\u00e8te en Ligue des champions, cha\u00eene de t\u00e9l\u00e9vision, diffusions en direct\"}]},{\"@type\":\"WebSite\",\"@id\":\"https:\/\/footdavant.fr\/actualites\/#website\",\"url\":\"https:\/\/footdavant.fr\/actualites\/\",\"name\":\"Foot d'avant\",\"description\":\"\",\"publisher\":{\"@id\":\"https:\/\/footdavant.fr\/actualites\/#organization\"},\"potentialAction\":[{\"@type\":\"SearchAction\",\"target\":{\"@type\":\"EntryPoint\",\"urlTemplate\":\"https:\/\/footdavant.fr\/actualites\/?s={search_term_string}\"},\"query-input\":\"required name=search_term_string\"}],\"inLanguage\":\"fr-FR\"},{\"@type\":\"Organization\",\"@id\":\"https:\/\/footdavant.fr\/actualites\/#organization\",\"name\":\"Foot d'avant\",\"url\":\"https:\/\/footdavant.fr\/actualites\/\",\"logo\":{\"@type\":\"ImageObject\",\"inLanguage\":\"fr-FR\",\"@id\":\"https:\/\/footdavant.fr\/actualites\/#\/schema\/logo\/image\/\",\"url\":\"https:\/\/footdavant.fr\/actualites\/wp-content\/uploads\/2023\/09\/Copy-of-FootDavant-Logo.png\",\"contentUrl\":\"https:\/\/footdavant.fr\/actualites\/wp-content\/uploads\/2023\/09\/Copy-of-FootDavant-Logo.png\",\"width\":936,\"height\":549,\"caption\":\"Foot d'avant\"},\"image\":{\"@id\":\"https:\/\/footdavant.fr\/actualites\/#\/schema\/logo\/image\/\"},\"sameAs\":[\"https:\/\/www.facebook.com\/Footdavant\/\",\"https:\/\/twitter.com\/FootdavantFr\",\"https:\/\/www.instagram.com\/footdavant.fr\/\"]},{\"@type\":\"Person\",\"@id\":\"https:\/\/footdavant.fr\/actualites\/#\/schema\/person\/bc222566d95871b37e597b3ed3ba5e1d\",\"name\":\"Cl\u00e9ment\",\"image\":{\"@type\":\"ImageObject\",\"inLanguage\":\"fr-FR\",\"@id\":\"https:\/\/footdavant.fr\/actualites\/#\/schema\/person\/image\/\",\"url\":\"https:\/\/secure.gravatar.com\/avatar\/7728b29aac2719421e1a9159b2254c44?s=96&d=mm&r=g\",\"contentUrl\":\"https:\/\/secure.gravatar.com\/avatar\/7728b29aac2719421e1a9159b2254c44?s=96&d=mm&r=g\",\"caption\":\"Cl\u00e9ment\"},\"sameAs\":[\"https:\/\/footdavant.fr\/\"]}]}<\/script>\n<!-- \/ Yoast SEO plugin. -->","yoast_head_json":{"title":"\u00c9quipes confirm\u00e9es et composition compl\u00e8te en Ligue des champions, cha\u00eene de t\u00e9l\u00e9vision, diffusions en direct","robots":{"index":"index","follow":"follow","max-snippet":"max-snippet:-1","max-image-preview":"max-image-preview:large","max-video-preview":"max-video-preview:-1"},"canonical":"https:\/\/footdavant.fr\/actualites\/equipes-confirmees-et-composition-complete-en-ligue-des-champions-chaine-de-television-diffusions-en-direct\/","og_locale":"fr_FR","og_type":"article","og_title":"\u00c9quipes confirm\u00e9es et composition compl\u00e8te en Ligue des champions, cha\u00eene de t\u00e9l\u00e9vision, diffusions en direct","og_description":"Barcelone et l&#39;Atletico Madrid ont nomm\u00e9 leurs \u00e9quipes de d\u00e9part pour leur quart de finale de la Ligue des champions au Metropolitano mardi. Les buts","og_url":"https:\/\/footdavant.fr\/actualites\/equipes-confirmees-et-composition-complete-en-ligue-des-champions-chaine-de-television-diffusions-en-direct\/","og_site_name":"Foot d&#039;avant","article_publisher":"https:\/\/www.facebook.com\/Footdavant\/","article_published_time":"2026-04-14T18:48:04+00:00","article_modified_time":"2026-04-14T18:48:05+00:00","og_image":[{"width":1200,"height":803,"url":"https:\/\/footdavant.fr\/actualites\/wp-content\/uploads\/2026\/02\/1771210086_Simeone-rejette-la-reclamation-d39Oblak-apres-que-l39Atletico-ait-ete.jpg","type":"image\/jpeg"}],"author":"Cl\u00e9ment","twitter_card":"summary_large_image","twitter_creator":"@FootdavantFr","twitter_site":"@FootdavantFr","twitter_misc":{"\u00c9crit par":"Cl\u00e9ment","Dur\u00e9e de lecture estim\u00e9e":"5 minutes"},"schema":{"@context":"https:\/\/schema.org","@graph":[{"@type":"Article","@id":"https:\/\/footdavant.fr\/actualites\/equipes-confirmees-et-composition-complete-en-ligue-des-champions-chaine-de-television-diffusions-en-direct\/#article","isPartOf":{"@id":"https:\/\/footdavant.fr\/actualites\/equipes-confirmees-et-composition-complete-en-ligue-des-champions-chaine-de-television-diffusions-en-direct\/"},"author":{"name":"Cl\u00e9ment","@id":"https:\/\/footdavant.fr\/actualites\/#\/schema\/person\/bc222566d95871b37e597b3ed3ba5e1d"},"headline":"\u00c9quipes confirm\u00e9es et composition compl\u00e8te en Ligue des champions, cha\u00eene de t\u00e9l\u00e9vision, diffusions en direct","datePublished":"2026-04-14T18:48:04+00:00","dateModified":"2026-04-14T18:48:05+00:00","mainEntityOfPage":{"@id":"https:\/\/footdavant.fr\/actualites\/equipes-confirmees-et-composition-complete-en-ligue-des-champions-chaine-de-television-diffusions-en-direct\/"},"wordCount":1002,"publisher":{"@id":"https:\/\/footdavant.fr\/actualites\/#organization"},"keywords":["Cha\u00eene","champions","compl\u00e8te","composition","confirm\u00e9es","des","diffusions","DIRECT","\u00e9quipes","Ligue","t\u00e9l\u00e9vision"],"articleSection":["Football"],"inLanguage":"fr-FR"},{"@type":"WebPage","@id":"https:\/\/footdavant.fr\/actualites\/equipes-confirmees-et-composition-complete-en-ligue-des-champions-chaine-de-television-diffusions-en-direct\/","url":"https:\/\/footdavant.fr\/actualites\/equipes-confirmees-et-composition-complete-en-ligue-des-champions-chaine-de-television-diffusions-en-direct\/","name":"\u00c9quipes confirm\u00e9es et composition compl\u00e8te en Ligue des champions, cha\u00eene de t\u00e9l\u00e9vision, diffusions en direct","isPartOf":{"@id":"https:\/\/footdavant.fr\/actualites\/#website"},"datePublished":"2026-04-14T18:48:04+00:00","dateModified":"2026-04-14T18:48:05+00:00","breadcrumb":{"@id":"https:\/\/footdavant.fr\/actualites\/equipes-confirmees-et-composition-complete-en-ligue-des-champions-chaine-de-television-diffusions-en-direct\/#breadcrumb"},"inLanguage":"fr-FR","potentialAction":[{"@type":"ReadAction","target":["https:\/\/footdavant.fr\/actualites\/equipes-confirmees-et-composition-complete-en-ligue-des-champions-chaine-de-television-diffusions-en-direct\/"]}]},{"@type":"BreadcrumbList","@id":"https:\/\/footdavant.fr\/actualites\/equipes-confirmees-et-composition-complete-en-ligue-des-champions-chaine-de-television-diffusions-en-direct\/#breadcrumb","itemListElement":[{"@type":"ListItem","position":1,"name":"Accueil","item":"https:\/\/footdavant.fr\/actualites\/"},{"@type":"ListItem","position":2,"name":"\u00c9quipes confirm\u00e9es et composition compl\u00e8te en Ligue des champions, cha\u00eene de t\u00e9l\u00e9vision, diffusions en direct"}]},{"@type":"WebSite","@id":"https:\/\/footdavant.fr\/actualites\/#website","url":"https:\/\/footdavant.fr\/actualites\/","name":"Foot d'avant","description":"","publisher":{"@id":"https:\/\/footdavant.fr\/actualites\/#organization"},"potentialAction":[{"@type":"SearchAction","target":{"@type":"EntryPoint","urlTemplate":"https:\/\/footdavant.fr\/actualites\/?s={search_term_string}"},"query-input":"required name=search_term_string"}],"inLanguage":"fr-FR"},{"@type":"Organization","@id":"https:\/\/footdavant.fr\/actualites\/#organization","name":"Foot d'avant","url":"https:\/\/footdavant.fr\/actualites\/","logo":{"@type":"ImageObject","inLanguage":"fr-FR","@id":"https:\/\/footdavant.fr\/actualites\/#\/schema\/logo\/image\/","url":"https:\/\/footdavant.fr\/actualites\/wp-content\/uploads\/2023\/09\/Copy-of-FootDavant-Logo.png","contentUrl":"https:\/\/footdavant.fr\/actualites\/wp-content\/uploads\/2023\/09\/Copy-of-FootDavant-Logo.png","width":936,"height":549,"caption":"Foot d'avant"},"image":{"@id":"https:\/\/footdavant.fr\/actualites\/#\/schema\/logo\/image\/"},"sameAs":["https:\/\/www.facebook.com\/Footdavant\/","https:\/\/twitter.com\/FootdavantFr","https:\/\/www.instagram.com\/footdavant.fr\/"]},{"@type":"Person","@id":"https:\/\/footdavant.fr\/actualites\/#\/schema\/person\/bc222566d95871b37e597b3ed3ba5e1d","name":"Cl\u00e9ment","image":{"@type":"ImageObject","inLanguage":"fr-FR","@id":"https:\/\/footdavant.fr\/actualites\/#\/schema\/person\/image\/","url":"https:\/\/secure.gravatar.com\/avatar\/7728b29aac2719421e1a9159b2254c44?s=96&d=mm&r=g","contentUrl":"https:\/\/secure.gravatar.com\/avatar\/7728b29aac2719421e1a9159b2254c44?s=96&d=mm&r=g","caption":"Cl\u00e9ment"},"sameAs":["https:\/\/footdavant.fr\/"]}]}},"_links":{"self":[{"href":"https:\/\/footdavant.fr\/actualites\/wp-json\/wp\/v2\/posts\/36462"}],"collection":[{"href":"https:\/\/footdavant.fr\/actualites\/wp-json\/wp\/v2\/posts"}],"about":[{"href":"https:\/\/footdavant.fr\/actualites\/wp-json\/wp\/v2\/types\/post"}],"author":[{"embeddable":true,"href":"https:\/\/footdavant.fr\/actualites\/wp-json\/wp\/v2\/users\/1"}],"replies":[{"embeddable":true,"href":"https:\/\/footdavant.fr\/actualites\/wp-json\/wp\/v2\/comments?post=36462"}],"version-history":[{"count":1,"href":"https:\/\/footdavant.fr\/actualites\/wp-json\/wp\/v2\/posts\/36462\/revisions"}],"predecessor-version":[{"id":36463,"href":"https:\/\/footdavant.fr\/actualites\/wp-json\/wp\/v2\/posts\/36462\/revisions\/36463"}],"wp:featuredmedia":[{"embeddable":true,"href":"https:\/\/footdavant.fr\/actualites\/wp-json\/wp\/v2\/media\/34533"}],"wp:attachment":[{"href":"https:\/\/footdavant.fr\/actualites\/wp-json\/wp\/v2\/media?parent=36462"}],"wp:term":[{"taxonomy":"category","embeddable":true,"href":"https:\/\/footdavant.fr\/actualites\/wp-json\/wp\/v2\/categories?post=36462"},{"taxonomy":"post_tag","embeddable":true,"href":"https:\/\/footdavant.fr\/actualites\/wp-json\/wp\/v2\/tags?post=36462"}],"curies":[{"name":"wp","href":"https:\/\/api.w.org\/{rel}","templated":true}]}}