{"id":36473,"date":"2026-04-15T04:48:08","date_gmt":"2026-04-15T02:48:08","guid":{"rendered":"https:\/\/footdavant.fr\/actualites\/il-est-presque-temps-de-faire-votre-part-pour-les-manifestations-des-fans-de-chelsea-contre-blueco\/"},"modified":"2026-04-15T04:48:10","modified_gmt":"2026-04-15T02:48:10","slug":"il-est-presque-temps-de-faire-votre-part-pour-les-manifestations-des-fans-de-chelsea-contre-blueco","status":"publish","type":"post","link":"https:\/\/footdavant.fr\/actualites\/il-est-presque-temps-de-faire-votre-part-pour-les-manifestations-des-fans-de-chelsea-contre-blueco\/","title":{"rendered":"Il est presque temps de faire votre part pour les manifestations des fans de Chelsea contre BlueCo"},"content":{"rendered":"<div>\n<p>Je me fiche m\u00eame de savoir si cela fait une diff\u00e9rence ou non \u00e0 ce stade, nous DEVONS simplement faire notre part.<\/p>\n<p>Que vous soyez un amateur de match ou non, il est temps de vous mobiliser et de faire votre part pour le Chelsea Football Club. Parce que Chelsea \u00e9tait l\u00e0 bien avant tout propri\u00e9taire, SD, manager ou joueur, et sera l\u00e0 bien apr\u00e8s eux aussi.<\/p>\n<p>Et nous sommes tous assis ici \u00e0 nous mettre en col\u00e8re et \u00e0 nous bouleverser semaine apr\u00e8s semaine, alors tout simplement, essayons au moins de faire quelque chose \u00e0 ce sujet.<\/p>\n<p>Je suis dans une position maintenant o\u00f9 je veux juste qu&#39;ils disparaissent tous. Propri\u00e9taires, SD et Liam Rosenior. Vas-y, j&#39;en ai assez. Ils ruinent mon club de football et j&#39;en ai marre. Rien ne changera, quoi qu\u2019ils disent. \u00c0 moins que la structure des salaires ne change et qu\u2019elle ne devienne r\u00e9elle, rien ne changera. Les meilleurs joueurs ne viendront pas \u00e0 Chelsea dans le cadre de ce projet, les meilleurs managers courent absolument dans la direction oppos\u00e9e \u00e0 cette merde, et jusqu&#39;\u00e0 ce que vous changiez toute la structure (propri\u00e9t\u00e9), alors tout restera pareil. L\u2019\u00e2me de mon club de football a \u00e9t\u00e9 arrach\u00e9e de fond en comble, et tout le monde le voit.<\/p>\n<p>M\u00eame si nous parvenions d\u2019une mani\u00e8re ou d\u2019une autre \u00e0 convaincre les meilleurs joueurs de venir ici, combien de temps voudront-ils rester dans cette structure salariale alors qu\u2019ils savent qu\u2019ils peuvent gagner mieux dans des clubs qui rivalisent constamment au sommet avec un manager bon et exp\u00e9riment\u00e9 \u00e0 leur t\u00eate ? Mais ce n&#39;est pas grave car nous les avons sous contrat long, ce sont nos prisonniers, ils ne peuvent aller nulle part ! C&#39;est bien, mais voulez-vous continuer \u00e0 avoir des situations avec Enzo Fern\u00e1ndez et Marc Cucurella saison apr\u00e8s saison ? Parce que \u00e7a se passe bien, n&#39;est-ce pas ?<\/p>\n<p>Ces joueurs n&#39;adh\u00e8rent pas \u00e0 ce monsieur inexp\u00e9riment\u00e9, oui, homme, manager que vous avez recrut\u00e9 dans votre club fr\u00e8re parce que c&#39;\u00e9tait facile \u00e0 faire et que personne d&#39;autre ne venait ici en ce moment \u2013 \u200b\u200bc&#39;est \u00e9vident de voir cela. Mais si vous changez encore un manager, cela vous semble encore pire, n&#39;est-ce pas ?<\/p>\n<p>Exp\u00e9rience Z\u00c9RO de haut en bas dans ce club. Les jeunes joueurs pourraient r\u00e9ussir, certains pourraient se montrer prometteurs. Mais lorsque vous avez recrut\u00e9 des personnes ayant peu d\u2019exp\u00e9rience dans tous les domaines, que vous avez Z\u00c9RO d\u2019exp\u00e9rience dans la direction d\u2019un club de football et que vous faites appel \u00e0 un autre manager de pot en fer blanc sans leadership, alors qu\u2019esp\u00e9rez-vous se passer ? Vous avez \u00e9galement d\u00e9pens\u00e9 pr\u00e8s de 2 MILLIARDS de livres sterling pour cela. C&#39;est en fait criminel.<\/p>\n<p>Alors, s&#39;il vous pla\u00eet, faites votre part. Qu&#39;il s&#39;agisse de publier tout cela sur vos r\u00e9seaux sociaux, d&#39;avoir une voix sur les podcasts ou d&#39;assister physiquement aux manifestations samedi prochain avant le match de Manchester United. S&#39;il vous pla\u00eet, allez-y et faites ce que vous pouvez. C&#39;est tout ce que nous avons le pouvoir de faire, alors faisons-le, que cela force ou non des changements (ce ne sera pas le cas).<\/p>\n<p>Je ne peux pas assister au match le week-end prochain, mais c&#39;est le d\u00e9but de ma publicit\u00e9 pour les manifestations et de mon appel \u00e0 le soutenir. Je veux dire, m\u00eame Joe Cole en fait la publicit\u00e9 !! Incroyable.<\/p>\n<p>Joe Cole : \u00ab\u00a0Les fans n&#39;aiment pas le nouveau propri\u00e9taire. Ils n&#39;aiment pas la direction que prend le club. Il y a une manifestation massive la semaine prochaine.\u00a0\u00bb<\/p>\n<div class=\"captioned-image-container\">\n<figure>\n<div class=\"image2-inset\">\n<\/div>\n<\/figure>\n<\/div>\n<\/p><\/div>\n","protected":false},"excerpt":{"rendered":"<p>Je me fiche m\u00eame de savoir si cela fait une diff\u00e9rence ou non \u00e0 ce stade, nous DEVONS simplement faire notre part. Que vous soyez<\/p>\n","protected":false},"author":1,"featured_media":36474,"comment_status":"closed","ping_status":"","sticky":false,"template":"","format":"standard","meta":{"footnotes":""},"categories":[3],"tags":[10941,171,20,12,217,1423,512,93,11835,3708,51,5156,168,6990],"yoast_head":"<!-- This site is optimized with the Yoast SEO plugin v21.0 - https:\/\/yoast.com\/wordpress\/plugins\/seo\/ -->\n<title>Il est presque temps de faire votre part pour les manifestations des fans de Chelsea contre BlueCo<\/title>\n<meta name=\"robots\" content=\"index, follow, max-snippet:-1, max-image-preview:large, max-video-preview:-1\" \/>\n<link rel=\"canonical\" href=\"https:\/\/footdavant.fr\/actualites\/il-est-presque-temps-de-faire-votre-part-pour-les-manifestations-des-fans-de-chelsea-contre-blueco\/\" \/>\n<meta property=\"og:locale\" content=\"fr_FR\" \/>\n<meta property=\"og:type\" content=\"article\" \/>\n<meta property=\"og:title\" content=\"Il est presque temps de faire votre part pour les manifestations des fans de Chelsea contre BlueCo\" \/>\n<meta property=\"og:description\" content=\"Je me fiche m\u00eame de savoir si cela fait une diff\u00e9rence ou non \u00e0 ce stade, nous DEVONS simplement faire notre part. Que vous soyez\" \/>\n<meta property=\"og:url\" content=\"https:\/\/footdavant.fr\/actualites\/il-est-presque-temps-de-faire-votre-part-pour-les-manifestations-des-fans-de-chelsea-contre-blueco\/\" \/>\n<meta property=\"og:site_name\" content=\"Foot d&#039;avant\" \/>\n<meta property=\"article:publisher\" content=\"https:\/\/www.facebook.com\/Footdavant\/\" \/>\n<meta property=\"article:published_time\" content=\"2026-04-15T02:48:08+00:00\" \/>\n<meta property=\"article:modified_time\" content=\"2026-04-15T02:48:10+00:00\" \/>\n<meta property=\"og:image\" content=\"https:\/\/footdavant.fr\/actualites\/wp-content\/uploads\/2026\/04\/Il-est-presque-temps-de-faire-votre-part-pour-les.jpg\" \/>\n\t<meta property=\"og:image:width\" content=\"1300\" \/>\n\t<meta property=\"og:image:height\" content=\"866\" \/>\n\t<meta property=\"og:image:type\" content=\"image\/jpeg\" \/>\n<meta name=\"author\" content=\"Cl\u00e9ment\" \/>\n<meta name=\"twitter:card\" content=\"summary_large_image\" \/>\n<meta name=\"twitter:creator\" content=\"@FootdavantFr\" \/>\n<meta name=\"twitter:site\" content=\"@FootdavantFr\" \/>\n<meta name=\"twitter:label1\" content=\"\u00c9crit par\" \/>\n\t<meta name=\"twitter:data1\" content=\"Cl\u00e9ment\" \/>\n\t<meta name=\"twitter:label2\" content=\"Dur\u00e9e de lecture estim\u00e9e\" \/>\n\t<meta name=\"twitter:data2\" content=\"3 minutes\" \/>\n<script type=\"application\/ld+json\" class=\"yoast-schema-graph\">{\"@context\":\"https:\/\/schema.org\",\"@graph\":[{\"@type\":\"Article\",\"@id\":\"https:\/\/footdavant.fr\/actualites\/il-est-presque-temps-de-faire-votre-part-pour-les-manifestations-des-fans-de-chelsea-contre-blueco\/#article\",\"isPartOf\":{\"@id\":\"https:\/\/footdavant.fr\/actualites\/il-est-presque-temps-de-faire-votre-part-pour-les-manifestations-des-fans-de-chelsea-contre-blueco\/\"},\"author\":{\"name\":\"Cl\u00e9ment\",\"@id\":\"https:\/\/footdavant.fr\/actualites\/#\/schema\/person\/bc222566d95871b37e597b3ed3ba5e1d\"},\"headline\":\"Il est presque temps de faire votre part pour les manifestations des fans de Chelsea contre BlueCo\",\"datePublished\":\"2026-04-15T02:48:08+00:00\",\"dateModified\":\"2026-04-15T02:48:10+00:00\",\"mainEntityOfPage\":{\"@id\":\"https:\/\/footdavant.fr\/actualites\/il-est-presque-temps-de-faire-votre-part-pour-les-manifestations-des-fans-de-chelsea-contre-blueco\/\"},\"wordCount\":652,\"publisher\":{\"@id\":\"https:\/\/footdavant.fr\/actualites\/#organization\"},\"keywords\":[\"BlueCo\",\"Chelsea\",\"contre\",\"des\",\"est\",\"faire\",\"fans\",\"les\",\"manifestations\",\"part\",\"pour\",\"presque\",\"temps\",\"votre\"],\"articleSection\":[\"Football\"],\"inLanguage\":\"fr-FR\"},{\"@type\":\"WebPage\",\"@id\":\"https:\/\/footdavant.fr\/actualites\/il-est-presque-temps-de-faire-votre-part-pour-les-manifestations-des-fans-de-chelsea-contre-blueco\/\",\"url\":\"https:\/\/footdavant.fr\/actualites\/il-est-presque-temps-de-faire-votre-part-pour-les-manifestations-des-fans-de-chelsea-contre-blueco\/\",\"name\":\"Il est presque temps de faire votre part pour les manifestations des fans de Chelsea contre BlueCo\",\"isPartOf\":{\"@id\":\"https:\/\/footdavant.fr\/actualites\/#website\"},\"datePublished\":\"2026-04-15T02:48:08+00:00\",\"dateModified\":\"2026-04-15T02:48:10+00:00\",\"breadcrumb\":{\"@id\":\"https:\/\/footdavant.fr\/actualites\/il-est-presque-temps-de-faire-votre-part-pour-les-manifestations-des-fans-de-chelsea-contre-blueco\/#breadcrumb\"},\"inLanguage\":\"fr-FR\",\"potentialAction\":[{\"@type\":\"ReadAction\",\"target\":[\"https:\/\/footdavant.fr\/actualites\/il-est-presque-temps-de-faire-votre-part-pour-les-manifestations-des-fans-de-chelsea-contre-blueco\/\"]}]},{\"@type\":\"BreadcrumbList\",\"@id\":\"https:\/\/footdavant.fr\/actualites\/il-est-presque-temps-de-faire-votre-part-pour-les-manifestations-des-fans-de-chelsea-contre-blueco\/#breadcrumb\",\"itemListElement\":[{\"@type\":\"ListItem\",\"position\":1,\"name\":\"Accueil\",\"item\":\"https:\/\/footdavant.fr\/actualites\/\"},{\"@type\":\"ListItem\",\"position\":2,\"name\":\"Il est presque temps de faire votre part pour les manifestations des fans de Chelsea contre BlueCo\"}]},{\"@type\":\"WebSite\",\"@id\":\"https:\/\/footdavant.fr\/actualites\/#website\",\"url\":\"https:\/\/footdavant.fr\/actualites\/\",\"name\":\"Foot d'avant\",\"description\":\"\",\"publisher\":{\"@id\":\"https:\/\/footdavant.fr\/actualites\/#organization\"},\"potentialAction\":[{\"@type\":\"SearchAction\",\"target\":{\"@type\":\"EntryPoint\",\"urlTemplate\":\"https:\/\/footdavant.fr\/actualites\/?s={search_term_string}\"},\"query-input\":\"required name=search_term_string\"}],\"inLanguage\":\"fr-FR\"},{\"@type\":\"Organization\",\"@id\":\"https:\/\/footdavant.fr\/actualites\/#organization\",\"name\":\"Foot d'avant\",\"url\":\"https:\/\/footdavant.fr\/actualites\/\",\"logo\":{\"@type\":\"ImageObject\",\"inLanguage\":\"fr-FR\",\"@id\":\"https:\/\/footdavant.fr\/actualites\/#\/schema\/logo\/image\/\",\"url\":\"https:\/\/footdavant.fr\/actualites\/wp-content\/uploads\/2023\/09\/Copy-of-FootDavant-Logo.png\",\"contentUrl\":\"https:\/\/footdavant.fr\/actualites\/wp-content\/uploads\/2023\/09\/Copy-of-FootDavant-Logo.png\",\"width\":936,\"height\":549,\"caption\":\"Foot d'avant\"},\"image\":{\"@id\":\"https:\/\/footdavant.fr\/actualites\/#\/schema\/logo\/image\/\"},\"sameAs\":[\"https:\/\/www.facebook.com\/Footdavant\/\",\"https:\/\/twitter.com\/FootdavantFr\",\"https:\/\/www.instagram.com\/footdavant.fr\/\"]},{\"@type\":\"Person\",\"@id\":\"https:\/\/footdavant.fr\/actualites\/#\/schema\/person\/bc222566d95871b37e597b3ed3ba5e1d\",\"name\":\"Cl\u00e9ment\",\"image\":{\"@type\":\"ImageObject\",\"inLanguage\":\"fr-FR\",\"@id\":\"https:\/\/footdavant.fr\/actualites\/#\/schema\/person\/image\/\",\"url\":\"https:\/\/secure.gravatar.com\/avatar\/7728b29aac2719421e1a9159b2254c44?s=96&d=mm&r=g\",\"contentUrl\":\"https:\/\/secure.gravatar.com\/avatar\/7728b29aac2719421e1a9159b2254c44?s=96&d=mm&r=g\",\"caption\":\"Cl\u00e9ment\"},\"sameAs\":[\"https:\/\/footdavant.fr\/\"]}]}<\/script>\n<!-- \/ Yoast SEO plugin. -->","yoast_head_json":{"title":"Il est presque temps de faire votre part pour les manifestations des fans de Chelsea contre BlueCo","robots":{"index":"index","follow":"follow","max-snippet":"max-snippet:-1","max-image-preview":"max-image-preview:large","max-video-preview":"max-video-preview:-1"},"canonical":"https:\/\/footdavant.fr\/actualites\/il-est-presque-temps-de-faire-votre-part-pour-les-manifestations-des-fans-de-chelsea-contre-blueco\/","og_locale":"fr_FR","og_type":"article","og_title":"Il est presque temps de faire votre part pour les manifestations des fans de Chelsea contre BlueCo","og_description":"Je me fiche m\u00eame de savoir si cela fait une diff\u00e9rence ou non \u00e0 ce stade, nous DEVONS simplement faire notre part. Que vous soyez","og_url":"https:\/\/footdavant.fr\/actualites\/il-est-presque-temps-de-faire-votre-part-pour-les-manifestations-des-fans-de-chelsea-contre-blueco\/","og_site_name":"Foot d&#039;avant","article_publisher":"https:\/\/www.facebook.com\/Footdavant\/","article_published_time":"2026-04-15T02:48:08+00:00","article_modified_time":"2026-04-15T02:48:10+00:00","og_image":[{"width":1300,"height":866,"url":"https:\/\/footdavant.fr\/actualites\/wp-content\/uploads\/2026\/04\/Il-est-presque-temps-de-faire-votre-part-pour-les.jpg","type":"image\/jpeg"}],"author":"Cl\u00e9ment","twitter_card":"summary_large_image","twitter_creator":"@FootdavantFr","twitter_site":"@FootdavantFr","twitter_misc":{"\u00c9crit par":"Cl\u00e9ment","Dur\u00e9e de lecture estim\u00e9e":"3 minutes"},"schema":{"@context":"https:\/\/schema.org","@graph":[{"@type":"Article","@id":"https:\/\/footdavant.fr\/actualites\/il-est-presque-temps-de-faire-votre-part-pour-les-manifestations-des-fans-de-chelsea-contre-blueco\/#article","isPartOf":{"@id":"https:\/\/footdavant.fr\/actualites\/il-est-presque-temps-de-faire-votre-part-pour-les-manifestations-des-fans-de-chelsea-contre-blueco\/"},"author":{"name":"Cl\u00e9ment","@id":"https:\/\/footdavant.fr\/actualites\/#\/schema\/person\/bc222566d95871b37e597b3ed3ba5e1d"},"headline":"Il est presque temps de faire votre part pour les manifestations des fans de Chelsea contre BlueCo","datePublished":"2026-04-15T02:48:08+00:00","dateModified":"2026-04-15T02:48:10+00:00","mainEntityOfPage":{"@id":"https:\/\/footdavant.fr\/actualites\/il-est-presque-temps-de-faire-votre-part-pour-les-manifestations-des-fans-de-chelsea-contre-blueco\/"},"wordCount":652,"publisher":{"@id":"https:\/\/footdavant.fr\/actualites\/#organization"},"keywords":["BlueCo","Chelsea","contre","des","est","faire","fans","les","manifestations","part","pour","presque","temps","votre"],"articleSection":["Football"],"inLanguage":"fr-FR"},{"@type":"WebPage","@id":"https:\/\/footdavant.fr\/actualites\/il-est-presque-temps-de-faire-votre-part-pour-les-manifestations-des-fans-de-chelsea-contre-blueco\/","url":"https:\/\/footdavant.fr\/actualites\/il-est-presque-temps-de-faire-votre-part-pour-les-manifestations-des-fans-de-chelsea-contre-blueco\/","name":"Il est presque temps de faire votre part pour les manifestations des fans de Chelsea contre BlueCo","isPartOf":{"@id":"https:\/\/footdavant.fr\/actualites\/#website"},"datePublished":"2026-04-15T02:48:08+00:00","dateModified":"2026-04-15T02:48:10+00:00","breadcrumb":{"@id":"https:\/\/footdavant.fr\/actualites\/il-est-presque-temps-de-faire-votre-part-pour-les-manifestations-des-fans-de-chelsea-contre-blueco\/#breadcrumb"},"inLanguage":"fr-FR","potentialAction":[{"@type":"ReadAction","target":["https:\/\/footdavant.fr\/actualites\/il-est-presque-temps-de-faire-votre-part-pour-les-manifestations-des-fans-de-chelsea-contre-blueco\/"]}]},{"@type":"BreadcrumbList","@id":"https:\/\/footdavant.fr\/actualites\/il-est-presque-temps-de-faire-votre-part-pour-les-manifestations-des-fans-de-chelsea-contre-blueco\/#breadcrumb","itemListElement":[{"@type":"ListItem","position":1,"name":"Accueil","item":"https:\/\/footdavant.fr\/actualites\/"},{"@type":"ListItem","position":2,"name":"Il est presque temps de faire votre part pour les manifestations des fans de Chelsea contre BlueCo"}]},{"@type":"WebSite","@id":"https:\/\/footdavant.fr\/actualites\/#website","url":"https:\/\/footdavant.fr\/actualites\/","name":"Foot d'avant","description":"","publisher":{"@id":"https:\/\/footdavant.fr\/actualites\/#organization"},"potentialAction":[{"@type":"SearchAction","target":{"@type":"EntryPoint","urlTemplate":"https:\/\/footdavant.fr\/actualites\/?s={search_term_string}"},"query-input":"required name=search_term_string"}],"inLanguage":"fr-FR"},{"@type":"Organization","@id":"https:\/\/footdavant.fr\/actualites\/#organization","name":"Foot d'avant","url":"https:\/\/footdavant.fr\/actualites\/","logo":{"@type":"ImageObject","inLanguage":"fr-FR","@id":"https:\/\/footdavant.fr\/actualites\/#\/schema\/logo\/image\/","url":"https:\/\/footdavant.fr\/actualites\/wp-content\/uploads\/2023\/09\/Copy-of-FootDavant-Logo.png","contentUrl":"https:\/\/footdavant.fr\/actualites\/wp-content\/uploads\/2023\/09\/Copy-of-FootDavant-Logo.png","width":936,"height":549,"caption":"Foot d'avant"},"image":{"@id":"https:\/\/footdavant.fr\/actualites\/#\/schema\/logo\/image\/"},"sameAs":["https:\/\/www.facebook.com\/Footdavant\/","https:\/\/twitter.com\/FootdavantFr","https:\/\/www.instagram.com\/footdavant.fr\/"]},{"@type":"Person","@id":"https:\/\/footdavant.fr\/actualites\/#\/schema\/person\/bc222566d95871b37e597b3ed3ba5e1d","name":"Cl\u00e9ment","image":{"@type":"ImageObject","inLanguage":"fr-FR","@id":"https:\/\/footdavant.fr\/actualites\/#\/schema\/person\/image\/","url":"https:\/\/secure.gravatar.com\/avatar\/7728b29aac2719421e1a9159b2254c44?s=96&d=mm&r=g","contentUrl":"https:\/\/secure.gravatar.com\/avatar\/7728b29aac2719421e1a9159b2254c44?s=96&d=mm&r=g","caption":"Cl\u00e9ment"},"sameAs":["https:\/\/footdavant.fr\/"]}]}},"_links":{"self":[{"href":"https:\/\/footdavant.fr\/actualites\/wp-json\/wp\/v2\/posts\/36473"}],"collection":[{"href":"https:\/\/footdavant.fr\/actualites\/wp-json\/wp\/v2\/posts"}],"about":[{"href":"https:\/\/footdavant.fr\/actualites\/wp-json\/wp\/v2\/types\/post"}],"author":[{"embeddable":true,"href":"https:\/\/footdavant.fr\/actualites\/wp-json\/wp\/v2\/users\/1"}],"replies":[{"embeddable":true,"href":"https:\/\/footdavant.fr\/actualites\/wp-json\/wp\/v2\/comments?post=36473"}],"version-history":[{"count":1,"href":"https:\/\/footdavant.fr\/actualites\/wp-json\/wp\/v2\/posts\/36473\/revisions"}],"predecessor-version":[{"id":36475,"href":"https:\/\/footdavant.fr\/actualites\/wp-json\/wp\/v2\/posts\/36473\/revisions\/36475"}],"wp:featuredmedia":[{"embeddable":true,"href":"https:\/\/footdavant.fr\/actualites\/wp-json\/wp\/v2\/media\/36474"}],"wp:attachment":[{"href":"https:\/\/footdavant.fr\/actualites\/wp-json\/wp\/v2\/media?parent=36473"}],"wp:term":[{"taxonomy":"category","embeddable":true,"href":"https:\/\/footdavant.fr\/actualites\/wp-json\/wp\/v2\/categories?post=36473"},{"taxonomy":"post_tag","embeddable":true,"href":"https:\/\/footdavant.fr\/actualites\/wp-json\/wp\/v2\/tags?post=36473"}],"curies":[{"name":"wp","href":"https:\/\/api.w.org\/{rel}","templated":true}]}}