{"id":36479,"date":"2026-04-15T08:48:06","date_gmt":"2026-04-15T06:48:06","guid":{"rendered":"https:\/\/footdavant.fr\/actualites\/nous-avons-un-gros-match-mercredi-pas-seulement-dimanche\/"},"modified":"2026-04-15T08:48:08","modified_gmt":"2026-04-15T06:48:08","slug":"nous-avons-un-gros-match-mercredi-pas-seulement-dimanche","status":"publish","type":"post","link":"https:\/\/footdavant.fr\/actualites\/nous-avons-un-gros-match-mercredi-pas-seulement-dimanche\/","title":{"rendered":"Nous avons un gros match mercredi, pas seulement dimanche"},"content":{"rendered":"<div>\n<p>Matin.<\/p>\n<p>Cela me semble une semaine vraiment \u00e9trange car je pense au voyage de dimanche pour affronter Man City, mais ce soir, nous avons la chance de nous qualifier pour les demi-finales de la Ligue des champions lors de la visite du Sporting. Je soup\u00e7onne que cela pourrait \u00eatre beaucoup plus un \u00e9tat d&#39;esprit de supporter qu&#39;autre chose, et les joueurs et le manager seront concentr\u00e9s au laser sur le match de ce soir, mais cela cr\u00e9e au moins une dynamique \u00e9trange dans ma t\u00eate.<\/p>\n<p>Je n&#39;ai vraiment aucune id\u00e9e \u00e0 quoi ressemblera la composition de l&#39;\u00e9quipe de ce soir. Il y a un doute sur Declan Rice, qui n&#39;\u00e9tait pas \u00e0 l&#39;entra\u00eenement, tandis que Martin Odegaard, Jurrien Timber, Riccardo Calafiori et Bukayo Saka ont \u00e9galement manqu\u00e9 la s\u00e9ance d&#39;hier. Sur ce dernier point, Mikel Arteta a confirm\u00e9 qu&#39;il avait un probl\u00e8me d&#39;Achille, ce qui expliquerait \u00e0 la base pourquoi nous avons \u00e9t\u00e9 si prudents, mais c&#39;est quand m\u00eame une grosse inqui\u00e9tude. Le manager a d\u00e9clar\u00e9 qu&#39;il esp\u00e9rait que ce ne serait qu&#39;une question de jours avant qu&#39;il ne soit \u00e0 nouveau disponible, mais la rumeur est un peu moins positive que cela. Tout ce que nous pouvons faire, c&#39;est attendre et voir, je suppose.<\/p>\n<p>Si Rice n\u2019y parvient pas, les options au milieu de terrain sont minces sur le terrain. Cela signifie-t-il un d\u00e9part pour Christian Norgaard ? Cela signifie certainement que toute chance de sortir Martin Zubimendi de la ligne de mire a disparu. Lors de sa conf\u00e9rence de presse, l&#39;entra\u00eeneur a soutenu la signature estivale pour pouvoir traverser cette orni\u00e8re dans la forme dans laquelle il se trouve, et la r\u00e9alit\u00e9 est que, avec les joueurs manquants, nous avons absolument besoin de lui.<\/p>\n<p>Eberechi Eze, de nouveau en forme, pourrait \u00eatre la cl\u00e9 du milieu de terrain de ce soir, et il a soutenu l&#39;\u00e9quipe pour r\u00e9pondre \u00e0 ces semaines difficiles, en d\u00e9clarant :<\/p>\n<blockquote>\n<p>Ce sont les moments dans lesquels vous voulez jouer en tant que footballeur. Vous voulez jouer aux jeux \u00e0 enjeux \u00e9lev\u00e9s, vous voulez jouer \u00e0 toutes les comp\u00e9titions, vous voulez gagner autant que vous le pouvez. C&#39;est un moment magnifique et pour moi, je suis tellement excit\u00e9. Je sais que mon \u00e9quipe est excit\u00e9e, je sais que les gar\u00e7ons le sont. Nous allons tout donner, c&#39;est s\u00fbr.<\/p>\n<\/blockquote>\n<p>Je ne sais pas trop ce que nous ferons avec les trois premiers. Gabriel Martinelli a \u00e9t\u00e9 horrible contre Bournemouth, mais son bilan en Europe est tr\u00e8s bon et c&#39;est son effort qui a d\u00e9bloqu\u00e9 le match la semaine derni\u00e8re \u00e0 Lisbonne. De l&#39;autre c\u00f4t\u00e9, Noni Madueke a \u00e9galement \u00e9t\u00e9 horrible ce week-end, et en partie coupable de son premier but, mais c&#39;est beaucoup demander \u00e0 un joueur de 16 ans d&#39;entrer et de faire un travail \u00e0 la fois offensif et d\u00e9fensif, comme on demande \u00e0 nos ailiers de le faire. Personnellement, je serais enclin \u00e0 saisir cette chance, mais nous devrons attendre et voir.<\/p>\n<p>Et en haut, Viktor Gyokeres \u00e9tait, au moins, impliqu\u00e9 contre Bournemouth malgr\u00e9 un gaspillage consid\u00e9rable dans les phases finales, mais rien dans la performance de Kai Havertz n&#39;exigeait qu&#39;il obtienne cette place \u00e0 la place. Il y a aussi Gabriel Jesus, bien s\u00fbr, mais il est moins une option que ces deux-l\u00e0 simplement parce qu&#39;il semble encore loin du niveau requis apr\u00e8s son retour. Techniquement, vous pouvez plaider sa cause, mais physiquement, il a clairement \u00e9t\u00e9 durement touch\u00e9 par ces blessures, et par ce dernier LCA en particulier. Donc, si la programmation de ce soir semble un peu \u00e9trange ou d\u00e9s\u00e9quilibr\u00e9e, je ne serais pas du tout surpris.<\/p>\n<p>Il y a eu un moment lors de sa conf\u00e9rence de presse hier o\u00f9 on a demand\u00e9 \u00e0 Arteta ce qu&#39;il attendait de son \u00e9quipe et des fans ce soir. Il a pris une longue pause, je pense, pour r\u00e9fl\u00e9chir au genre de r\u00e9ponse \u00e0 donner apr\u00e8s que le truc \u00ab apportez votre d\u00eener \u00bb n&#39;ait pas fonctionn\u00e9 le week-end dernier. Finalement, il dit :<\/p>\n<blockquote>\n<p>Aucune crainte. Du feu pur. C&#39;est \u00e7a. Moi, le premier \u2013 du feu pur. C&#39;est ce que je veux voir chez les joueurs, chez les gens, chez moi-m\u00eame \u2013 c&#39;est tout. Allez-y car l\u2019opportunit\u00e9 est incroyable. Nous sommes en avril, nous avons une opportunit\u00e9 incroyable devant nous. Affrontons-le, foncez en y mettant vraiment absolument tout.<\/p>\n<\/blockquote>\n<p>Je pense qu&#39;il a tout \u00e0 fait raison \u00e0 propos de cette opportunit\u00e9. Nous n&#39;avons jamais atteint les demi-finales au cours des ann\u00e9es cons\u00e9cutives, et je pense aussi que ce soir \u2013 si tout se passe bien \u2013 pourrait \u00eatre le coup de pouce dont nous avons besoin avant dimanche. Mais nous devons faire le pas ce soir. Les discussions sont termin\u00e9es et nous devons agir. La \u00ab r\u00e9compense \u00bb, telle qu&#39;elle est, c&#39;est l&#39;Atletico Madrid en demi-finale, et j&#39;ai regard\u00e9 leur match contre Barcelone hier soir. C&#39;\u00e9tait des choses \u00e0 couper le souffle, et je suis s\u00fbr que je n&#39;\u00e9tais pas le seul \u00e0 penser que c&#39;\u00e9tait si \u00e9loign\u00e9 de ce que nous avons vu d&#39;Arsenal ces derniers temps.<\/p>\n<p>Celui qui s&#39;en sortait pr\u00e9senterait un d\u00e9fi incroyablement difficile, et je dirai que de tr\u00e8s peu, je pr\u00e9f\u00e9rerais affronter l&#39;Atleti plut\u00f4t que le Bar\u00e7a, mais ne vous y trompez pas, ce sera difficile si nous parvenons \u00e0 nous qualifier ce soir. Et pourtant, il y a \u00e0 peine un an, ces joueurs et cette \u00e9quipe ont battu le Real Madrid, les battant \u00e0 domicile et \u00e0 l&#39;ext\u00e9rieur, puis ont attaqu\u00e9 le PSG, qui devait parfois remercier son gardien de but pour avoir tenu Arsenal \u00e0 distance. En fin de compte, leur qualit\u00e9 offensive et leur profondeur l&#39;ont emport\u00e9, mais \u00e9tant donn\u00e9 les absences que nous avons eues et un banc compos\u00e9 \u00e0 60 % d&#39;enfants de Hale End qui sont pour la plupart all\u00e9s ailleurs \u00e0 ce stade, et le fant\u00f4me de Raheem Sterling, nous avons donn\u00e9 un compte rendu d\u00e9cent de nous-m\u00eames.<\/p>\n<p>Quelle que soit la mani\u00e8re dont il le fait, c\u2019est quelque chose que Mikel Arteta doit obtenir de ce groupe. Pas seulement pour ce soir, mais pour ce qu&#39;il reste de cette saison. Nous sommes dans une sorte de funk, sans aucun doute, mais nous devons en faire un bon genre de funk. Trouvez du rythme, retrouvez un peu de fanfaronnade, bougez \u00e0 nouveau, car quoi que vous pensiez des derniers matchs, cette frustration est enracin\u00e9e dans le fait de savoir que nous sommes meilleurs que cela. Et ce soir, c&#39;est le moment de le d\u00e9montrer.<\/p>\n<p>D&#39;accord, je vais en rester l\u00e0 pour l&#39;instant. Nous avons un podcast en avant-premi\u00e8re sur Patreon si vous avez besoin de quelque chose \u00e0 \u00e9couter aujourd&#39;hui, et vous pourrez suivre le jeu plus tard sur le blog en direct avec toutes les informations d&#39;apr\u00e8s-match sur Arseblog News.<\/p>\n<p>Allez Arsenal !<\/p>\n<\/div>\n","protected":false},"excerpt":{"rendered":"<p>Matin. Cela me semble une semaine vraiment \u00e9trange car je pense au voyage de dimanche pour affronter Man City, mais ce soir, nous avons la<\/p>\n","protected":false},"author":1,"featured_media":36480,"comment_status":"closed","ping_status":"","sticky":false,"template":"","format":"standard","meta":{"footnotes":""},"categories":[3],"tags":[2835,506,1456,257,768,762,71,3150],"yoast_head":"<!-- This site is optimized with the Yoast SEO plugin v21.0 - https:\/\/yoast.com\/wordpress\/plugins\/seo\/ -->\n<title>Nous avons un gros match mercredi, pas seulement dimanche<\/title>\n<meta name=\"robots\" content=\"index, follow, max-snippet:-1, max-image-preview:large, max-video-preview:-1\" \/>\n<link rel=\"canonical\" href=\"https:\/\/footdavant.fr\/actualites\/nous-avons-un-gros-match-mercredi-pas-seulement-dimanche\/\" \/>\n<meta property=\"og:locale\" content=\"fr_FR\" \/>\n<meta property=\"og:type\" content=\"article\" \/>\n<meta property=\"og:title\" content=\"Nous avons un gros match mercredi, pas seulement dimanche\" \/>\n<meta property=\"og:description\" content=\"Matin. Cela me semble une semaine vraiment \u00e9trange car je pense au voyage de dimanche pour affronter Man City, mais ce soir, nous avons la\" \/>\n<meta property=\"og:url\" content=\"https:\/\/footdavant.fr\/actualites\/nous-avons-un-gros-match-mercredi-pas-seulement-dimanche\/\" \/>\n<meta property=\"og:site_name\" content=\"Foot d&#039;avant\" \/>\n<meta property=\"article:publisher\" content=\"https:\/\/www.facebook.com\/Footdavant\/\" \/>\n<meta property=\"article:published_time\" content=\"2026-04-15T06:48:06+00:00\" \/>\n<meta property=\"article:modified_time\" content=\"2026-04-15T06:48:08+00:00\" \/>\n<meta property=\"og:image\" content=\"https:\/\/footdavant.fr\/actualites\/wp-content\/uploads\/2026\/04\/Nous-avons-un-gros-match-mercredi-pas-seulement-dimanche.jpg\" \/>\n\t<meta property=\"og:image:width\" content=\"1500\" \/>\n\t<meta property=\"og:image:height\" content=\"750\" \/>\n\t<meta property=\"og:image:type\" content=\"image\/jpeg\" \/>\n<meta name=\"author\" content=\"Cl\u00e9ment\" \/>\n<meta name=\"twitter:card\" content=\"summary_large_image\" \/>\n<meta name=\"twitter:creator\" content=\"@FootdavantFr\" \/>\n<meta name=\"twitter:site\" content=\"@FootdavantFr\" \/>\n<meta name=\"twitter:label1\" content=\"\u00c9crit par\" \/>\n\t<meta name=\"twitter:data1\" content=\"Cl\u00e9ment\" \/>\n\t<meta name=\"twitter:label2\" content=\"Dur\u00e9e de lecture estim\u00e9e\" \/>\n\t<meta name=\"twitter:data2\" content=\"6 minutes\" \/>\n<script type=\"application\/ld+json\" class=\"yoast-schema-graph\">{\"@context\":\"https:\/\/schema.org\",\"@graph\":[{\"@type\":\"Article\",\"@id\":\"https:\/\/footdavant.fr\/actualites\/nous-avons-un-gros-match-mercredi-pas-seulement-dimanche\/#article\",\"isPartOf\":{\"@id\":\"https:\/\/footdavant.fr\/actualites\/nous-avons-un-gros-match-mercredi-pas-seulement-dimanche\/\"},\"author\":{\"name\":\"Cl\u00e9ment\",\"@id\":\"https:\/\/footdavant.fr\/actualites\/#\/schema\/person\/bc222566d95871b37e597b3ed3ba5e1d\"},\"headline\":\"Nous avons un gros match mercredi, pas seulement dimanche\",\"datePublished\":\"2026-04-15T06:48:06+00:00\",\"dateModified\":\"2026-04-15T06:48:08+00:00\",\"mainEntityOfPage\":{\"@id\":\"https:\/\/footdavant.fr\/actualites\/nous-avons-un-gros-match-mercredi-pas-seulement-dimanche\/\"},\"wordCount\":1211,\"publisher\":{\"@id\":\"https:\/\/footdavant.fr\/actualites\/#organization\"},\"keywords\":[\"avons\",\"dimanche\",\"gros\",\"match\",\"mercredi\",\"nous\",\"pas\",\"seulement\"],\"articleSection\":[\"Football\"],\"inLanguage\":\"fr-FR\"},{\"@type\":\"WebPage\",\"@id\":\"https:\/\/footdavant.fr\/actualites\/nous-avons-un-gros-match-mercredi-pas-seulement-dimanche\/\",\"url\":\"https:\/\/footdavant.fr\/actualites\/nous-avons-un-gros-match-mercredi-pas-seulement-dimanche\/\",\"name\":\"Nous avons un gros match mercredi, pas seulement dimanche\",\"isPartOf\":{\"@id\":\"https:\/\/footdavant.fr\/actualites\/#website\"},\"datePublished\":\"2026-04-15T06:48:06+00:00\",\"dateModified\":\"2026-04-15T06:48:08+00:00\",\"breadcrumb\":{\"@id\":\"https:\/\/footdavant.fr\/actualites\/nous-avons-un-gros-match-mercredi-pas-seulement-dimanche\/#breadcrumb\"},\"inLanguage\":\"fr-FR\",\"potentialAction\":[{\"@type\":\"ReadAction\",\"target\":[\"https:\/\/footdavant.fr\/actualites\/nous-avons-un-gros-match-mercredi-pas-seulement-dimanche\/\"]}]},{\"@type\":\"BreadcrumbList\",\"@id\":\"https:\/\/footdavant.fr\/actualites\/nous-avons-un-gros-match-mercredi-pas-seulement-dimanche\/#breadcrumb\",\"itemListElement\":[{\"@type\":\"ListItem\",\"position\":1,\"name\":\"Accueil\",\"item\":\"https:\/\/footdavant.fr\/actualites\/\"},{\"@type\":\"ListItem\",\"position\":2,\"name\":\"Nous avons un gros match mercredi, pas seulement dimanche\"}]},{\"@type\":\"WebSite\",\"@id\":\"https:\/\/footdavant.fr\/actualites\/#website\",\"url\":\"https:\/\/footdavant.fr\/actualites\/\",\"name\":\"Foot d'avant\",\"description\":\"\",\"publisher\":{\"@id\":\"https:\/\/footdavant.fr\/actualites\/#organization\"},\"potentialAction\":[{\"@type\":\"SearchAction\",\"target\":{\"@type\":\"EntryPoint\",\"urlTemplate\":\"https:\/\/footdavant.fr\/actualites\/?s={search_term_string}\"},\"query-input\":\"required name=search_term_string\"}],\"inLanguage\":\"fr-FR\"},{\"@type\":\"Organization\",\"@id\":\"https:\/\/footdavant.fr\/actualites\/#organization\",\"name\":\"Foot d'avant\",\"url\":\"https:\/\/footdavant.fr\/actualites\/\",\"logo\":{\"@type\":\"ImageObject\",\"inLanguage\":\"fr-FR\",\"@id\":\"https:\/\/footdavant.fr\/actualites\/#\/schema\/logo\/image\/\",\"url\":\"https:\/\/footdavant.fr\/actualites\/wp-content\/uploads\/2023\/09\/Copy-of-FootDavant-Logo.png\",\"contentUrl\":\"https:\/\/footdavant.fr\/actualites\/wp-content\/uploads\/2023\/09\/Copy-of-FootDavant-Logo.png\",\"width\":936,\"height\":549,\"caption\":\"Foot d'avant\"},\"image\":{\"@id\":\"https:\/\/footdavant.fr\/actualites\/#\/schema\/logo\/image\/\"},\"sameAs\":[\"https:\/\/www.facebook.com\/Footdavant\/\",\"https:\/\/twitter.com\/FootdavantFr\",\"https:\/\/www.instagram.com\/footdavant.fr\/\"]},{\"@type\":\"Person\",\"@id\":\"https:\/\/footdavant.fr\/actualites\/#\/schema\/person\/bc222566d95871b37e597b3ed3ba5e1d\",\"name\":\"Cl\u00e9ment\",\"image\":{\"@type\":\"ImageObject\",\"inLanguage\":\"fr-FR\",\"@id\":\"https:\/\/footdavant.fr\/actualites\/#\/schema\/person\/image\/\",\"url\":\"https:\/\/secure.gravatar.com\/avatar\/7728b29aac2719421e1a9159b2254c44?s=96&d=mm&r=g\",\"contentUrl\":\"https:\/\/secure.gravatar.com\/avatar\/7728b29aac2719421e1a9159b2254c44?s=96&d=mm&r=g\",\"caption\":\"Cl\u00e9ment\"},\"sameAs\":[\"https:\/\/footdavant.fr\/\"]}]}<\/script>\n<!-- \/ Yoast SEO plugin. -->","yoast_head_json":{"title":"Nous avons un gros match mercredi, pas seulement dimanche","robots":{"index":"index","follow":"follow","max-snippet":"max-snippet:-1","max-image-preview":"max-image-preview:large","max-video-preview":"max-video-preview:-1"},"canonical":"https:\/\/footdavant.fr\/actualites\/nous-avons-un-gros-match-mercredi-pas-seulement-dimanche\/","og_locale":"fr_FR","og_type":"article","og_title":"Nous avons un gros match mercredi, pas seulement dimanche","og_description":"Matin. Cela me semble une semaine vraiment \u00e9trange car je pense au voyage de dimanche pour affronter Man City, mais ce soir, nous avons la","og_url":"https:\/\/footdavant.fr\/actualites\/nous-avons-un-gros-match-mercredi-pas-seulement-dimanche\/","og_site_name":"Foot d&#039;avant","article_publisher":"https:\/\/www.facebook.com\/Footdavant\/","article_published_time":"2026-04-15T06:48:06+00:00","article_modified_time":"2026-04-15T06:48:08+00:00","og_image":[{"width":1500,"height":750,"url":"https:\/\/footdavant.fr\/actualites\/wp-content\/uploads\/2026\/04\/Nous-avons-un-gros-match-mercredi-pas-seulement-dimanche.jpg","type":"image\/jpeg"}],"author":"Cl\u00e9ment","twitter_card":"summary_large_image","twitter_creator":"@FootdavantFr","twitter_site":"@FootdavantFr","twitter_misc":{"\u00c9crit par":"Cl\u00e9ment","Dur\u00e9e de lecture estim\u00e9e":"6 minutes"},"schema":{"@context":"https:\/\/schema.org","@graph":[{"@type":"Article","@id":"https:\/\/footdavant.fr\/actualites\/nous-avons-un-gros-match-mercredi-pas-seulement-dimanche\/#article","isPartOf":{"@id":"https:\/\/footdavant.fr\/actualites\/nous-avons-un-gros-match-mercredi-pas-seulement-dimanche\/"},"author":{"name":"Cl\u00e9ment","@id":"https:\/\/footdavant.fr\/actualites\/#\/schema\/person\/bc222566d95871b37e597b3ed3ba5e1d"},"headline":"Nous avons un gros match mercredi, pas seulement dimanche","datePublished":"2026-04-15T06:48:06+00:00","dateModified":"2026-04-15T06:48:08+00:00","mainEntityOfPage":{"@id":"https:\/\/footdavant.fr\/actualites\/nous-avons-un-gros-match-mercredi-pas-seulement-dimanche\/"},"wordCount":1211,"publisher":{"@id":"https:\/\/footdavant.fr\/actualites\/#organization"},"keywords":["avons","dimanche","gros","match","mercredi","nous","pas","seulement"],"articleSection":["Football"],"inLanguage":"fr-FR"},{"@type":"WebPage","@id":"https:\/\/footdavant.fr\/actualites\/nous-avons-un-gros-match-mercredi-pas-seulement-dimanche\/","url":"https:\/\/footdavant.fr\/actualites\/nous-avons-un-gros-match-mercredi-pas-seulement-dimanche\/","name":"Nous avons un gros match mercredi, pas seulement dimanche","isPartOf":{"@id":"https:\/\/footdavant.fr\/actualites\/#website"},"datePublished":"2026-04-15T06:48:06+00:00","dateModified":"2026-04-15T06:48:08+00:00","breadcrumb":{"@id":"https:\/\/footdavant.fr\/actualites\/nous-avons-un-gros-match-mercredi-pas-seulement-dimanche\/#breadcrumb"},"inLanguage":"fr-FR","potentialAction":[{"@type":"ReadAction","target":["https:\/\/footdavant.fr\/actualites\/nous-avons-un-gros-match-mercredi-pas-seulement-dimanche\/"]}]},{"@type":"BreadcrumbList","@id":"https:\/\/footdavant.fr\/actualites\/nous-avons-un-gros-match-mercredi-pas-seulement-dimanche\/#breadcrumb","itemListElement":[{"@type":"ListItem","position":1,"name":"Accueil","item":"https:\/\/footdavant.fr\/actualites\/"},{"@type":"ListItem","position":2,"name":"Nous avons un gros match mercredi, pas seulement dimanche"}]},{"@type":"WebSite","@id":"https:\/\/footdavant.fr\/actualites\/#website","url":"https:\/\/footdavant.fr\/actualites\/","name":"Foot d'avant","description":"","publisher":{"@id":"https:\/\/footdavant.fr\/actualites\/#organization"},"potentialAction":[{"@type":"SearchAction","target":{"@type":"EntryPoint","urlTemplate":"https:\/\/footdavant.fr\/actualites\/?s={search_term_string}"},"query-input":"required name=search_term_string"}],"inLanguage":"fr-FR"},{"@type":"Organization","@id":"https:\/\/footdavant.fr\/actualites\/#organization","name":"Foot d'avant","url":"https:\/\/footdavant.fr\/actualites\/","logo":{"@type":"ImageObject","inLanguage":"fr-FR","@id":"https:\/\/footdavant.fr\/actualites\/#\/schema\/logo\/image\/","url":"https:\/\/footdavant.fr\/actualites\/wp-content\/uploads\/2023\/09\/Copy-of-FootDavant-Logo.png","contentUrl":"https:\/\/footdavant.fr\/actualites\/wp-content\/uploads\/2023\/09\/Copy-of-FootDavant-Logo.png","width":936,"height":549,"caption":"Foot d'avant"},"image":{"@id":"https:\/\/footdavant.fr\/actualites\/#\/schema\/logo\/image\/"},"sameAs":["https:\/\/www.facebook.com\/Footdavant\/","https:\/\/twitter.com\/FootdavantFr","https:\/\/www.instagram.com\/footdavant.fr\/"]},{"@type":"Person","@id":"https:\/\/footdavant.fr\/actualites\/#\/schema\/person\/bc222566d95871b37e597b3ed3ba5e1d","name":"Cl\u00e9ment","image":{"@type":"ImageObject","inLanguage":"fr-FR","@id":"https:\/\/footdavant.fr\/actualites\/#\/schema\/person\/image\/","url":"https:\/\/secure.gravatar.com\/avatar\/7728b29aac2719421e1a9159b2254c44?s=96&d=mm&r=g","contentUrl":"https:\/\/secure.gravatar.com\/avatar\/7728b29aac2719421e1a9159b2254c44?s=96&d=mm&r=g","caption":"Cl\u00e9ment"},"sameAs":["https:\/\/footdavant.fr\/"]}]}},"_links":{"self":[{"href":"https:\/\/footdavant.fr\/actualites\/wp-json\/wp\/v2\/posts\/36479"}],"collection":[{"href":"https:\/\/footdavant.fr\/actualites\/wp-json\/wp\/v2\/posts"}],"about":[{"href":"https:\/\/footdavant.fr\/actualites\/wp-json\/wp\/v2\/types\/post"}],"author":[{"embeddable":true,"href":"https:\/\/footdavant.fr\/actualites\/wp-json\/wp\/v2\/users\/1"}],"replies":[{"embeddable":true,"href":"https:\/\/footdavant.fr\/actualites\/wp-json\/wp\/v2\/comments?post=36479"}],"version-history":[{"count":1,"href":"https:\/\/footdavant.fr\/actualites\/wp-json\/wp\/v2\/posts\/36479\/revisions"}],"predecessor-version":[{"id":36481,"href":"https:\/\/footdavant.fr\/actualites\/wp-json\/wp\/v2\/posts\/36479\/revisions\/36481"}],"wp:featuredmedia":[{"embeddable":true,"href":"https:\/\/footdavant.fr\/actualites\/wp-json\/wp\/v2\/media\/36480"}],"wp:attachment":[{"href":"https:\/\/footdavant.fr\/actualites\/wp-json\/wp\/v2\/media?parent=36479"}],"wp:term":[{"taxonomy":"category","embeddable":true,"href":"https:\/\/footdavant.fr\/actualites\/wp-json\/wp\/v2\/categories?post=36479"},{"taxonomy":"post_tag","embeddable":true,"href":"https:\/\/footdavant.fr\/actualites\/wp-json\/wp\/v2\/tags?post=36479"}],"curies":[{"name":"wp","href":"https:\/\/api.w.org\/{rel}","templated":true}]}}