{"id":36490,"date":"2026-04-15T16:48:23","date_gmt":"2026-04-15T14:48:23","guid":{"rendered":"https:\/\/footdavant.fr\/actualites\/le-capitaine-darsenal-martin-odegaard-confirme-un-nouveau-revers-sur-blessure\/"},"modified":"2026-04-15T16:48:25","modified_gmt":"2026-04-15T14:48:25","slug":"le-capitaine-darsenal-martin-odegaard-confirme-un-nouveau-revers-sur-blessure","status":"publish","type":"post","link":"https:\/\/footdavant.fr\/actualites\/le-capitaine-darsenal-martin-odegaard-confirme-un-nouveau-revers-sur-blessure\/","title":{"rendered":"Le capitaine d&#39;Arsenal, Martin Odegaard, confirme un nouveau revers sur blessure"},"content":{"rendered":"<p>Le skipper a subi plusieurs coups bless\u00e9s.<\/p>\n<div>\n<p>Le capitaine d&#39;Arsenal, Martin Odegaard, esp\u00e8re que son dernier revers sur blessure \u00ab ne devrait pas \u00eatre trop grave \u00bb et cherche d\u00e9sesp\u00e9r\u00e9ment \u00e0 revenir le plus rapidement possible alors que les Gunners tr\u00e9buchent consid\u00e9rablement dans la course au titre en Premier League.<\/p>\n<p>Les hommes de Mikel Arteta m\u00e8nent Manchester City de six points en t\u00eate du classement, apr\u00e8s avoir vu leur avantage diminuer apr\u00e8s un terrible week-end au cours duquel ils ont perdu \u00e0 domicile contre Bournemouth et City ont remport\u00e9 une victoire 3-0 \u00e0 Chelsea.<\/p>\n<p>Arsenal se rendra \u00e0 City dimanche dans un match qui pourrait finalement d\u00e9cider de la destination du titre, les hommes de Pep Guardiola ayant un match en main.<\/p>\n<p>Odegaard \u00e9tait absent lors de la d\u00e9faite 2-1 contre les Cherries, apr\u00e8s s&#39;\u00eatre bless\u00e9 lors de la victoire 1-0 contre le Sporting CP lors du match aller des quarts de finale de la Ligue des champions. <\/p>\n<h2 class=\"wp-block-heading\"><span id=\"Arsenal_captain_confirms_new_injury\">Le capitaine d&#39;Arsenal confirme une nouvelle blessure<\/span><\/h2>\n<p>Le Norv\u00e9gien a jou\u00e9 71 minutes \u00e0 l&#39;Estadio Jose Alvalade apr\u00e8s son retour d&#39;une blessure au genou lors de la d\u00e9faite choc 2-1 d&#39;Arsenal au cinqui\u00e8me tour de la FA Cup contre Southampton le samedi pr\u00e9c\u00e9dent.<\/p>\n<p>\u00c9crivant dans ses notes de programme avant le match retour contre le Sporting \u00e0 l&#39;Emirates Stadium mercredi, Odegaard a d\u00e9clar\u00e9 : \u00ab J&#39;ai d\u00fb sortir pendant la seconde moiti\u00e9 de ce match au Portugal la semaine derni\u00e8re, sentant mon genou, c&#39;est pourquoi j&#39;ai rat\u00e9 le match de ce week-end. <\/p>\n<figure class=\"wp-block-image size-large\"><picture decoding=\"async\" class=\"wp-image-183363\"><source type=\"image\/webp\" data-lazy- \/><img loading=\"lazy\" decoding=\"async\" width=\"1024\" height=\"683\" src=\"https:\/\/footdavant.fr\/actualites\/wp-content\/uploads\/2026\/04\/Le-capitaine-d39Arsenal-Martin-Odegaard-confirme-un-nouveau-revers-sur.jpg\" alt=\"Le capitaine d&#39;Arsenal Martin Odegaard\"  \/>\n<\/picture>\n<\/figure>\n<p>\u00ab\u00a0Je l&#39;ai un peu attrap\u00e9 contre le Sporting, mais j&#39;esp\u00e8re que cela ne devrait pas \u00eatre trop grave. J&#39;ai d\u00e9sesp\u00e9r\u00e9ment envie de revenir le plus t\u00f4t possible car c&#39;est la p\u00e9riode cruciale de la saison, en Premier League et en Ligue des Champions.\u00a0\u00bb<\/p>\n<p>Odegaard a \u00e9t\u00e9 limit\u00e9 \u00e0 29 apparitions dans toutes les comp\u00e9titions pour Arsenal, effectuant 18 d\u00e9parts car il a fait face \u00e0 plusieurs probl\u00e8mes de blessures.<\/p>\n<p>Il a marqu\u00e9 deux buts et fourni six passes d\u00e9cisives cette campagne.<\/p>\n<h2 class=\"wp-block-heading\"><span id=\"Arsenal_remaining_fixtures\">Calendrier restant d&#39;Arsenal<\/span><\/h2>\n<ul class=\"wp-block-list\">\n<li>Sporting CP (H, Ligue des Champions) \u2013 15 avril<\/li>\n<li>Manchester City (A) \u2013 19 avril<\/li>\n<li>Newcastle United (H) \u2013 25 avril<\/li>\n<li>Fulham (H) \u2013 2 mai<\/li>\n<li>West Ham (A) \u2013 10 mai<\/li>\n<li>Burnley (H) \u2013 17 mai<\/li>\n<li>Crystal Palace (A) \u2013 24 mai<\/li>\n<\/ul>\n<p>Le match aller d&#39;une \u00e9ventuelle demi-finale de la Ligue des champions avec l&#39;Atletico Madrid aurait lieu les 28 et 29 avril et le match retour les 5 et 6 mai. La finale de la Ligue des champions est pr\u00e9vue le 30 mai.<\/p>\n<\/p><\/div>\n","protected":false},"excerpt":{"rendered":"<p>Le skipper a subi plusieurs coups bless\u00e9s. Le capitaine d&#39;Arsenal, Martin Odegaard, esp\u00e8re que son dernier revers sur blessure \u00ab ne devrait pas \u00eatre trop<\/p>\n","protected":false},"author":1,"featured_media":29926,"comment_status":"closed","ping_status":"","sticky":false,"template":"","format":"standard","meta":{"footnotes":""},"categories":[3],"tags":[15,141,40,4221,892,199,186,1386,103],"yoast_head":"<!-- This site is optimized with the Yoast SEO plugin v21.0 - https:\/\/yoast.com\/wordpress\/plugins\/seo\/ -->\n<title>Le capitaine d&#039;Arsenal, Martin Odegaard, confirme un nouveau revers sur blessure<\/title>\n<meta name=\"robots\" content=\"index, follow, max-snippet:-1, max-image-preview:large, max-video-preview:-1\" \/>\n<link rel=\"canonical\" href=\"https:\/\/footdavant.fr\/actualites\/le-capitaine-darsenal-martin-odegaard-confirme-un-nouveau-revers-sur-blessure\/\" \/>\n<meta property=\"og:locale\" content=\"fr_FR\" \/>\n<meta property=\"og:type\" content=\"article\" \/>\n<meta property=\"og:title\" content=\"Le capitaine d&#039;Arsenal, Martin Odegaard, confirme un nouveau revers sur blessure\" \/>\n<meta property=\"og:description\" content=\"Le skipper a subi plusieurs coups bless\u00e9s. Le capitaine d&#039;Arsenal, Martin Odegaard, esp\u00e8re que son dernier revers sur blessure \u00ab ne devrait pas \u00eatre trop\" \/>\n<meta property=\"og:url\" content=\"https:\/\/footdavant.fr\/actualites\/le-capitaine-darsenal-martin-odegaard-confirme-un-nouveau-revers-sur-blessure\/\" \/>\n<meta property=\"og:site_name\" content=\"Foot d&#039;avant\" \/>\n<meta property=\"article:publisher\" content=\"https:\/\/www.facebook.com\/Footdavant\/\" \/>\n<meta property=\"article:published_time\" content=\"2026-04-15T14:48:23+00:00\" \/>\n<meta property=\"article:modified_time\" content=\"2026-04-15T14:48:25+00:00\" \/>\n<meta property=\"og:image\" content=\"https:\/\/footdavant.fr\/actualites\/wp-content\/uploads\/2025\/10\/Le-capitaine-d39Arsenal-Odegaard-absent-pendant-des-semaines-en-raison.jpg\" \/>\n\t<meta property=\"og:image:width\" content=\"1200\" \/>\n\t<meta property=\"og:image:height\" content=\"675\" \/>\n\t<meta property=\"og:image:type\" content=\"image\/jpeg\" \/>\n<meta name=\"author\" content=\"Cl\u00e9ment\" \/>\n<meta name=\"twitter:card\" content=\"summary_large_image\" \/>\n<meta name=\"twitter:creator\" content=\"@FootdavantFr\" \/>\n<meta name=\"twitter:site\" content=\"@FootdavantFr\" \/>\n<meta name=\"twitter:label1\" content=\"\u00c9crit par\" \/>\n\t<meta name=\"twitter:data1\" content=\"Cl\u00e9ment\" \/>\n\t<meta name=\"twitter:label2\" content=\"Dur\u00e9e de lecture estim\u00e9e\" \/>\n\t<meta name=\"twitter:data2\" content=\"2 minutes\" \/>\n<script type=\"application\/ld+json\" class=\"yoast-schema-graph\">{\"@context\":\"https:\/\/schema.org\",\"@graph\":[{\"@type\":\"Article\",\"@id\":\"https:\/\/footdavant.fr\/actualites\/le-capitaine-darsenal-martin-odegaard-confirme-un-nouveau-revers-sur-blessure\/#article\",\"isPartOf\":{\"@id\":\"https:\/\/footdavant.fr\/actualites\/le-capitaine-darsenal-martin-odegaard-confirme-un-nouveau-revers-sur-blessure\/\"},\"author\":{\"name\":\"Cl\u00e9ment\",\"@id\":\"https:\/\/footdavant.fr\/actualites\/#\/schema\/person\/bc222566d95871b37e597b3ed3ba5e1d\"},\"headline\":\"Le capitaine d&#39;Arsenal, Martin Odegaard, confirme un nouveau revers sur blessure\",\"datePublished\":\"2026-04-15T14:48:23+00:00\",\"dateModified\":\"2026-04-15T14:48:25+00:00\",\"mainEntityOfPage\":{\"@id\":\"https:\/\/footdavant.fr\/actualites\/le-capitaine-darsenal-martin-odegaard-confirme-un-nouveau-revers-sur-blessure\/\"},\"wordCount\":447,\"publisher\":{\"@id\":\"https:\/\/footdavant.fr\/actualites\/#organization\"},\"keywords\":[\"Blessure\",\"capitaine\",\"confirme\",\"d39Arsenal\",\"Martin\",\"nouveau\",\"Odegaard\",\"revers\",\"sur\"],\"articleSection\":[\"Football\"],\"inLanguage\":\"fr-FR\"},{\"@type\":\"WebPage\",\"@id\":\"https:\/\/footdavant.fr\/actualites\/le-capitaine-darsenal-martin-odegaard-confirme-un-nouveau-revers-sur-blessure\/\",\"url\":\"https:\/\/footdavant.fr\/actualites\/le-capitaine-darsenal-martin-odegaard-confirme-un-nouveau-revers-sur-blessure\/\",\"name\":\"Le capitaine d&#39;Arsenal, Martin Odegaard, confirme un nouveau revers sur blessure\",\"isPartOf\":{\"@id\":\"https:\/\/footdavant.fr\/actualites\/#website\"},\"datePublished\":\"2026-04-15T14:48:23+00:00\",\"dateModified\":\"2026-04-15T14:48:25+00:00\",\"breadcrumb\":{\"@id\":\"https:\/\/footdavant.fr\/actualites\/le-capitaine-darsenal-martin-odegaard-confirme-un-nouveau-revers-sur-blessure\/#breadcrumb\"},\"inLanguage\":\"fr-FR\",\"potentialAction\":[{\"@type\":\"ReadAction\",\"target\":[\"https:\/\/footdavant.fr\/actualites\/le-capitaine-darsenal-martin-odegaard-confirme-un-nouveau-revers-sur-blessure\/\"]}]},{\"@type\":\"BreadcrumbList\",\"@id\":\"https:\/\/footdavant.fr\/actualites\/le-capitaine-darsenal-martin-odegaard-confirme-un-nouveau-revers-sur-blessure\/#breadcrumb\",\"itemListElement\":[{\"@type\":\"ListItem\",\"position\":1,\"name\":\"Accueil\",\"item\":\"https:\/\/footdavant.fr\/actualites\/\"},{\"@type\":\"ListItem\",\"position\":2,\"name\":\"Le capitaine d&#39;Arsenal, Martin Odegaard, confirme un nouveau revers sur blessure\"}]},{\"@type\":\"WebSite\",\"@id\":\"https:\/\/footdavant.fr\/actualites\/#website\",\"url\":\"https:\/\/footdavant.fr\/actualites\/\",\"name\":\"Foot d'avant\",\"description\":\"\",\"publisher\":{\"@id\":\"https:\/\/footdavant.fr\/actualites\/#organization\"},\"potentialAction\":[{\"@type\":\"SearchAction\",\"target\":{\"@type\":\"EntryPoint\",\"urlTemplate\":\"https:\/\/footdavant.fr\/actualites\/?s={search_term_string}\"},\"query-input\":\"required name=search_term_string\"}],\"inLanguage\":\"fr-FR\"},{\"@type\":\"Organization\",\"@id\":\"https:\/\/footdavant.fr\/actualites\/#organization\",\"name\":\"Foot d'avant\",\"url\":\"https:\/\/footdavant.fr\/actualites\/\",\"logo\":{\"@type\":\"ImageObject\",\"inLanguage\":\"fr-FR\",\"@id\":\"https:\/\/footdavant.fr\/actualites\/#\/schema\/logo\/image\/\",\"url\":\"https:\/\/footdavant.fr\/actualites\/wp-content\/uploads\/2023\/09\/Copy-of-FootDavant-Logo.png\",\"contentUrl\":\"https:\/\/footdavant.fr\/actualites\/wp-content\/uploads\/2023\/09\/Copy-of-FootDavant-Logo.png\",\"width\":936,\"height\":549,\"caption\":\"Foot d'avant\"},\"image\":{\"@id\":\"https:\/\/footdavant.fr\/actualites\/#\/schema\/logo\/image\/\"},\"sameAs\":[\"https:\/\/www.facebook.com\/Footdavant\/\",\"https:\/\/twitter.com\/FootdavantFr\",\"https:\/\/www.instagram.com\/footdavant.fr\/\"]},{\"@type\":\"Person\",\"@id\":\"https:\/\/footdavant.fr\/actualites\/#\/schema\/person\/bc222566d95871b37e597b3ed3ba5e1d\",\"name\":\"Cl\u00e9ment\",\"image\":{\"@type\":\"ImageObject\",\"inLanguage\":\"fr-FR\",\"@id\":\"https:\/\/footdavant.fr\/actualites\/#\/schema\/person\/image\/\",\"url\":\"https:\/\/secure.gravatar.com\/avatar\/7728b29aac2719421e1a9159b2254c44?s=96&d=mm&r=g\",\"contentUrl\":\"https:\/\/secure.gravatar.com\/avatar\/7728b29aac2719421e1a9159b2254c44?s=96&d=mm&r=g\",\"caption\":\"Cl\u00e9ment\"},\"sameAs\":[\"https:\/\/footdavant.fr\/\"]}]}<\/script>\n<!-- \/ Yoast SEO plugin. -->","yoast_head_json":{"title":"Le capitaine d&#39;Arsenal, Martin Odegaard, confirme un nouveau revers sur blessure","robots":{"index":"index","follow":"follow","max-snippet":"max-snippet:-1","max-image-preview":"max-image-preview:large","max-video-preview":"max-video-preview:-1"},"canonical":"https:\/\/footdavant.fr\/actualites\/le-capitaine-darsenal-martin-odegaard-confirme-un-nouveau-revers-sur-blessure\/","og_locale":"fr_FR","og_type":"article","og_title":"Le capitaine d&#39;Arsenal, Martin Odegaard, confirme un nouveau revers sur blessure","og_description":"Le skipper a subi plusieurs coups bless\u00e9s. Le capitaine d&#39;Arsenal, Martin Odegaard, esp\u00e8re que son dernier revers sur blessure \u00ab ne devrait pas \u00eatre trop","og_url":"https:\/\/footdavant.fr\/actualites\/le-capitaine-darsenal-martin-odegaard-confirme-un-nouveau-revers-sur-blessure\/","og_site_name":"Foot d&#039;avant","article_publisher":"https:\/\/www.facebook.com\/Footdavant\/","article_published_time":"2026-04-15T14:48:23+00:00","article_modified_time":"2026-04-15T14:48:25+00:00","og_image":[{"width":1200,"height":675,"url":"https:\/\/footdavant.fr\/actualites\/wp-content\/uploads\/2025\/10\/Le-capitaine-d39Arsenal-Odegaard-absent-pendant-des-semaines-en-raison.jpg","type":"image\/jpeg"}],"author":"Cl\u00e9ment","twitter_card":"summary_large_image","twitter_creator":"@FootdavantFr","twitter_site":"@FootdavantFr","twitter_misc":{"\u00c9crit par":"Cl\u00e9ment","Dur\u00e9e de lecture estim\u00e9e":"2 minutes"},"schema":{"@context":"https:\/\/schema.org","@graph":[{"@type":"Article","@id":"https:\/\/footdavant.fr\/actualites\/le-capitaine-darsenal-martin-odegaard-confirme-un-nouveau-revers-sur-blessure\/#article","isPartOf":{"@id":"https:\/\/footdavant.fr\/actualites\/le-capitaine-darsenal-martin-odegaard-confirme-un-nouveau-revers-sur-blessure\/"},"author":{"name":"Cl\u00e9ment","@id":"https:\/\/footdavant.fr\/actualites\/#\/schema\/person\/bc222566d95871b37e597b3ed3ba5e1d"},"headline":"Le capitaine d&#39;Arsenal, Martin Odegaard, confirme un nouveau revers sur blessure","datePublished":"2026-04-15T14:48:23+00:00","dateModified":"2026-04-15T14:48:25+00:00","mainEntityOfPage":{"@id":"https:\/\/footdavant.fr\/actualites\/le-capitaine-darsenal-martin-odegaard-confirme-un-nouveau-revers-sur-blessure\/"},"wordCount":447,"publisher":{"@id":"https:\/\/footdavant.fr\/actualites\/#organization"},"keywords":["Blessure","capitaine","confirme","d39Arsenal","Martin","nouveau","Odegaard","revers","sur"],"articleSection":["Football"],"inLanguage":"fr-FR"},{"@type":"WebPage","@id":"https:\/\/footdavant.fr\/actualites\/le-capitaine-darsenal-martin-odegaard-confirme-un-nouveau-revers-sur-blessure\/","url":"https:\/\/footdavant.fr\/actualites\/le-capitaine-darsenal-martin-odegaard-confirme-un-nouveau-revers-sur-blessure\/","name":"Le capitaine d&#39;Arsenal, Martin Odegaard, confirme un nouveau revers sur blessure","isPartOf":{"@id":"https:\/\/footdavant.fr\/actualites\/#website"},"datePublished":"2026-04-15T14:48:23+00:00","dateModified":"2026-04-15T14:48:25+00:00","breadcrumb":{"@id":"https:\/\/footdavant.fr\/actualites\/le-capitaine-darsenal-martin-odegaard-confirme-un-nouveau-revers-sur-blessure\/#breadcrumb"},"inLanguage":"fr-FR","potentialAction":[{"@type":"ReadAction","target":["https:\/\/footdavant.fr\/actualites\/le-capitaine-darsenal-martin-odegaard-confirme-un-nouveau-revers-sur-blessure\/"]}]},{"@type":"BreadcrumbList","@id":"https:\/\/footdavant.fr\/actualites\/le-capitaine-darsenal-martin-odegaard-confirme-un-nouveau-revers-sur-blessure\/#breadcrumb","itemListElement":[{"@type":"ListItem","position":1,"name":"Accueil","item":"https:\/\/footdavant.fr\/actualites\/"},{"@type":"ListItem","position":2,"name":"Le capitaine d&#39;Arsenal, Martin Odegaard, confirme un nouveau revers sur blessure"}]},{"@type":"WebSite","@id":"https:\/\/footdavant.fr\/actualites\/#website","url":"https:\/\/footdavant.fr\/actualites\/","name":"Foot d'avant","description":"","publisher":{"@id":"https:\/\/footdavant.fr\/actualites\/#organization"},"potentialAction":[{"@type":"SearchAction","target":{"@type":"EntryPoint","urlTemplate":"https:\/\/footdavant.fr\/actualites\/?s={search_term_string}"},"query-input":"required name=search_term_string"}],"inLanguage":"fr-FR"},{"@type":"Organization","@id":"https:\/\/footdavant.fr\/actualites\/#organization","name":"Foot d'avant","url":"https:\/\/footdavant.fr\/actualites\/","logo":{"@type":"ImageObject","inLanguage":"fr-FR","@id":"https:\/\/footdavant.fr\/actualites\/#\/schema\/logo\/image\/","url":"https:\/\/footdavant.fr\/actualites\/wp-content\/uploads\/2023\/09\/Copy-of-FootDavant-Logo.png","contentUrl":"https:\/\/footdavant.fr\/actualites\/wp-content\/uploads\/2023\/09\/Copy-of-FootDavant-Logo.png","width":936,"height":549,"caption":"Foot d'avant"},"image":{"@id":"https:\/\/footdavant.fr\/actualites\/#\/schema\/logo\/image\/"},"sameAs":["https:\/\/www.facebook.com\/Footdavant\/","https:\/\/twitter.com\/FootdavantFr","https:\/\/www.instagram.com\/footdavant.fr\/"]},{"@type":"Person","@id":"https:\/\/footdavant.fr\/actualites\/#\/schema\/person\/bc222566d95871b37e597b3ed3ba5e1d","name":"Cl\u00e9ment","image":{"@type":"ImageObject","inLanguage":"fr-FR","@id":"https:\/\/footdavant.fr\/actualites\/#\/schema\/person\/image\/","url":"https:\/\/secure.gravatar.com\/avatar\/7728b29aac2719421e1a9159b2254c44?s=96&d=mm&r=g","contentUrl":"https:\/\/secure.gravatar.com\/avatar\/7728b29aac2719421e1a9159b2254c44?s=96&d=mm&r=g","caption":"Cl\u00e9ment"},"sameAs":["https:\/\/footdavant.fr\/"]}]}},"_links":{"self":[{"href":"https:\/\/footdavant.fr\/actualites\/wp-json\/wp\/v2\/posts\/36490"}],"collection":[{"href":"https:\/\/footdavant.fr\/actualites\/wp-json\/wp\/v2\/posts"}],"about":[{"href":"https:\/\/footdavant.fr\/actualites\/wp-json\/wp\/v2\/types\/post"}],"author":[{"embeddable":true,"href":"https:\/\/footdavant.fr\/actualites\/wp-json\/wp\/v2\/users\/1"}],"replies":[{"embeddable":true,"href":"https:\/\/footdavant.fr\/actualites\/wp-json\/wp\/v2\/comments?post=36490"}],"version-history":[{"count":1,"href":"https:\/\/footdavant.fr\/actualites\/wp-json\/wp\/v2\/posts\/36490\/revisions"}],"predecessor-version":[{"id":36491,"href":"https:\/\/footdavant.fr\/actualites\/wp-json\/wp\/v2\/posts\/36490\/revisions\/36491"}],"wp:featuredmedia":[{"embeddable":true,"href":"https:\/\/footdavant.fr\/actualites\/wp-json\/wp\/v2\/media\/29926"}],"wp:attachment":[{"href":"https:\/\/footdavant.fr\/actualites\/wp-json\/wp\/v2\/media?parent=36490"}],"wp:term":[{"taxonomy":"category","embeddable":true,"href":"https:\/\/footdavant.fr\/actualites\/wp-json\/wp\/v2\/categories?post=36490"},{"taxonomy":"post_tag","embeddable":true,"href":"https:\/\/footdavant.fr\/actualites\/wp-json\/wp\/v2\/tags?post=36490"}],"curies":[{"name":"wp","href":"https:\/\/api.w.org\/{rel}","templated":true}]}}