{"id":36495,"date":"2026-04-15T20:48:09","date_gmt":"2026-04-15T18:48:09","guid":{"rendered":"https:\/\/footdavant.fr\/actualites\/la-fa-confirme-la-remarque-exacte-de-harry-maguire-en-huit-mots-qui-a-conduit-a-une-interdiction-supplementaire\/"},"modified":"2026-04-15T20:48:10","modified_gmt":"2026-04-15T18:48:10","slug":"la-fa-confirme-la-remarque-exacte-de-harry-maguire-en-huit-mots-qui-a-conduit-a-une-interdiction-supplementaire","status":"publish","type":"post","link":"https:\/\/footdavant.fr\/actualites\/la-fa-confirme-la-remarque-exacte-de-harry-maguire-en-huit-mots-qui-a-conduit-a-une-interdiction-supplementaire\/","title":{"rendered":"La FA confirme la remarque exacte de Harry Maguire en huit mots qui a conduit \u00e0 une interdiction suppl\u00e9mentaire &#8211;"},"content":{"rendered":"<div id=\"penci-post-entry-inner\">\n<p>\t\t\t<i class=\"penci-post-countview-number-check\" style=\"display:none\">1<\/i><\/p>\n<p><!--Article Start--><br \/>La Football Association (FA) a confirm\u00e9 la d\u00e9claration exacte de huit mots faite par Manchester United Harry Maguire, qui a d\u00e9clench\u00e9 une nouvelle interdiction.<\/p>\n<h3>Puni<\/h3>\n<p>Plus t\u00f4t mercredi, il est apparu que Maguire manquerait le d\u00e9placement de samedi en Premier League \u00e0 Chelsea apr\u00e8s s&#39;\u00eatre vu imposer une suspension suppl\u00e9mentaire d&#39;un match suite \u00e0 son carton rouge \u00e0 Bournemouth le 20 mars.<\/p>\n<p>Maguire a conc\u00e9d\u00e9 un penalty et a re\u00e7u son ordre de marche au Vitality Stadium pour un d\u00e9fi du dernier homme sur Evanilson.<\/p>\n<p>La FA l&#39;a ensuite accus\u00e9 de conduite inappropri\u00e9e pour quelque chose qu&#39;il aurait dit au quatri\u00e8me officiel Matt Donohue alors qu&#39;il quittait le terrain. United avait attendu plus de 25 jours pour conna\u00eetre le r\u00e9sultat de l&#39;accusation et a finalement obtenu un verdict, \u00e0 sa grande d\u00e9ception.<\/p>\n<p>Il est entendu qu&#39;en plus de purger une suspension d&#39;un match, l&#39;international anglais a \u00e9galement \u00e9t\u00e9 condamn\u00e9 \u00e0 une amende de 30 000 \u00a3.<\/p>\n<p>Dans sa d\u00e9claration, la FA a d\u00e9clar\u00e9 que Maguire \u00ab avait agi de mani\u00e8re inappropri\u00e9e et\/ou avait utilis\u00e9 des propos et\/ou un comportement abusifs et\/ou insultants envers le quatri\u00e8me officiel suite \u00e0 son limogeage \u00bb.<\/p>\n<p>Les mots exacts que Donohue pr\u00e9tend que Maguire lui aurait dit sont maintenant r\u00e9v\u00e9l\u00e9s.<\/p>\n<h3>La remarque de Maguire<\/h3>\n<p>Dans les motifs \u00e9crits complets, Donohue a d\u00e9clar\u00e9 : \u00ab\u00a0\u00c0 la 78e minute du match, l\u2019arbitre Stuart Attwell a expuls\u00e9 le num\u00e9ro 5 de Manchester United, Harry Maguire.\u00a0\u00bb<\/p>\n<p>\u00ab\u00a0Une fois le contr\u00f4le VAR termin\u00e9, Maguire, alors qu&#39;il quittait le terrain de jeu, s&#39;est approch\u00e9 de moi et a cri\u00e9 : &#39;Vous \u00eates une blague. Vous \u00eates tous une blague.&#39; Je signale l\u2019affaire \u00e0 la Football Association pour un examen plus approfondi.<\/p>\n<p>Dans sa d\u00e9claration, Maguire a confirm\u00e9 qu&#39;il avait admis l&#39;accusation, mais a d\u00e9clar\u00e9 qu&#39;il souhaitait \u00ab\u00a0pr\u00e9ciser que je n&#39;ai pas utilis\u00e9 de mots abusifs et\/ou insultants envers le quatri\u00e8me officiel ou tout autre officiel du match\u00a0\u00bb.<\/p>\n<p>Maguire a en outre not\u00e9 : \u00ab\u00a0En quittant le terrain de jeu apr\u00e8s mon expulsion, j&#39;ai dit quelque chose du genre &#39;c&#39;est une putain de blague&#39;. Je suis certain que je n&#39;ai pas trait\u00e9 le quatri\u00e8me officiel ou tout autre officiel du match de plaisanterie ni utilis\u00e9 toute autre forme d&#39;insulte. \u00ab\u00a0<\/p>\n<p>United a fourni une d\u00e9claration de t\u00e9moin de Joshua Zirkzee, qui s&#39;\u00e9chauffait en tant que rempla\u00e7ant et qui se trouvait \u00e0 proximit\u00e9 lorsque l&#39;incident s&#39;est produit. La d\u00e9claration du N\u00e9erlandais indiquait qu&#39;il \u00ab\u00a0ne se souvenait pas exactement de ce que Harry avait dit, mais je me souviens que c&#39;\u00e9tait quelque chose du genre\u00a0\u00bb c&#39;est une blague \u00ab\u00a0ou\u00a0\u00bb quelle blague \u00ab\u00a0.<\/p>\n<p>Zirkzee a cependant d\u00e9clar\u00e9 qu&#39;il \u00e9tait \u00ab\u00a0confiant qu&#39;Harry n&#39;avait pas trait\u00e9 le quatri\u00e8me officiel ou tout autre officiel du match de blague\u00a0\u00bb.<\/p>\n<p>Apr\u00e8s avoir re\u00e7u les observations de Maguire, Donohue a admis qu&#39;\u00ab il y a une possibilit\u00e9 \u00bb qu&#39;il ait mal entendu Maguire ou qu&#39;il se soit mal souvenu de la premi\u00e8re ligne : \u00ab Vous \u00eates une blague \u00bb. Il a expliqu\u00e9 qu&#39;il ne serait pas en mesure de r\u00e9pondre avec certitude \u00e0 cette question. Cependant, il a exprim\u00e9 la certitude que Maguire avait dit : \u00ab Vous plaisantez tous.<\/p>\n<p>United contre Chelsea d\u00e9butera \u00e0 20h00 GMT.<\/p>\n<\/p>\n<hr\/>\n<p>The Peoples Person est l&#39;un des principaux sites d&#39;information de Man United au monde depuis plus d&#39;une d\u00e9cennie. Suivez-nous sur Bluesky\u00a0: @peoplesperson.bsky.social<\/p>\n<p><!-- CONTENT END 2 --><\/p><\/div>\n","protected":false},"excerpt":{"rendered":"<p>1 La Football Association (FA) a confirm\u00e9 la d\u00e9claration exacte de huit mots faite par Manchester United Harry Maguire, qui a d\u00e9clench\u00e9 une nouvelle interdiction.<\/p>\n","protected":false},"author":1,"featured_media":36496,"comment_status":"closed","ping_status":"","sticky":false,"template":"","format":"standard","meta":{"footnotes":""},"categories":[3],"tags":[6147,40,1253,32,1242,6082,33,5988,243,5053,4670,92],"yoast_head":"<!-- This site is optimized with the Yoast SEO plugin v21.0 - https:\/\/yoast.com\/wordpress\/plugins\/seo\/ -->\n<title>La FA confirme la remarque exacte de Harry Maguire en huit mots qui a conduit \u00e0 une interdiction suppl\u00e9mentaire -<\/title>\n<meta name=\"robots\" content=\"index, follow, max-snippet:-1, max-image-preview:large, max-video-preview:-1\" \/>\n<link rel=\"canonical\" href=\"https:\/\/footdavant.fr\/actualites\/la-fa-confirme-la-remarque-exacte-de-harry-maguire-en-huit-mots-qui-a-conduit-a-une-interdiction-supplementaire\/\" \/>\n<meta property=\"og:locale\" content=\"fr_FR\" \/>\n<meta property=\"og:type\" content=\"article\" \/>\n<meta property=\"og:title\" content=\"La FA confirme la remarque exacte de Harry Maguire en huit mots qui a conduit \u00e0 une interdiction suppl\u00e9mentaire -\" \/>\n<meta property=\"og:description\" content=\"1 La Football Association (FA) a confirm\u00e9 la d\u00e9claration exacte de huit mots faite par Manchester United Harry Maguire, qui a d\u00e9clench\u00e9 une nouvelle interdiction.\" \/>\n<meta property=\"og:url\" content=\"https:\/\/footdavant.fr\/actualites\/la-fa-confirme-la-remarque-exacte-de-harry-maguire-en-huit-mots-qui-a-conduit-a-une-interdiction-supplementaire\/\" \/>\n<meta property=\"og:site_name\" content=\"Foot d&#039;avant\" \/>\n<meta property=\"article:publisher\" content=\"https:\/\/www.facebook.com\/Footdavant\/\" \/>\n<meta property=\"article:published_time\" content=\"2026-04-15T18:48:09+00:00\" \/>\n<meta property=\"article:modified_time\" content=\"2026-04-15T18:48:10+00:00\" \/>\n<meta property=\"og:image\" content=\"https:\/\/footdavant.fr\/actualites\/wp-content\/uploads\/2026\/04\/La-FA-confirme-la-remarque-exacte-de-Harry-Maguire-en.jpg\" \/>\n\t<meta property=\"og:image:width\" content=\"1200\" \/>\n\t<meta property=\"og:image:height\" content=\"675\" \/>\n\t<meta property=\"og:image:type\" content=\"image\/jpeg\" \/>\n<meta name=\"author\" content=\"Cl\u00e9ment\" \/>\n<meta name=\"twitter:card\" content=\"summary_large_image\" \/>\n<meta name=\"twitter:creator\" content=\"@FootdavantFr\" \/>\n<meta name=\"twitter:site\" content=\"@FootdavantFr\" \/>\n<meta name=\"twitter:label1\" content=\"\u00c9crit par\" \/>\n\t<meta name=\"twitter:data1\" content=\"Cl\u00e9ment\" \/>\n\t<meta name=\"twitter:label2\" content=\"Dur\u00e9e de lecture estim\u00e9e\" \/>\n\t<meta name=\"twitter:data2\" content=\"3 minutes\" \/>\n<script type=\"application\/ld+json\" class=\"yoast-schema-graph\">{\"@context\":\"https:\/\/schema.org\",\"@graph\":[{\"@type\":\"Article\",\"@id\":\"https:\/\/footdavant.fr\/actualites\/la-fa-confirme-la-remarque-exacte-de-harry-maguire-en-huit-mots-qui-a-conduit-a-une-interdiction-supplementaire\/#article\",\"isPartOf\":{\"@id\":\"https:\/\/footdavant.fr\/actualites\/la-fa-confirme-la-remarque-exacte-de-harry-maguire-en-huit-mots-qui-a-conduit-a-une-interdiction-supplementaire\/\"},\"author\":{\"name\":\"Cl\u00e9ment\",\"@id\":\"https:\/\/footdavant.fr\/actualites\/#\/schema\/person\/bc222566d95871b37e597b3ed3ba5e1d\"},\"headline\":\"La FA confirme la remarque exacte de Harry Maguire en huit mots qui a conduit \u00e0 une interdiction suppl\u00e9mentaire &#8211;\",\"datePublished\":\"2026-04-15T18:48:09+00:00\",\"dateModified\":\"2026-04-15T18:48:10+00:00\",\"mainEntityOfPage\":{\"@id\":\"https:\/\/footdavant.fr\/actualites\/la-fa-confirme-la-remarque-exacte-de-harry-maguire-en-huit-mots-qui-a-conduit-a-une-interdiction-supplementaire\/\"},\"wordCount\":626,\"publisher\":{\"@id\":\"https:\/\/footdavant.fr\/actualites\/#organization\"},\"keywords\":[\"conduit\",\"confirme\",\"exacte\",\"Harry\",\"huit\",\"interdiction\",\"Maguire\",\"mots\",\"qui\",\"remarqu\u00e9\",\"suppl\u00e9mentaire\",\"une\"],\"articleSection\":[\"Football\"],\"inLanguage\":\"fr-FR\"},{\"@type\":\"WebPage\",\"@id\":\"https:\/\/footdavant.fr\/actualites\/la-fa-confirme-la-remarque-exacte-de-harry-maguire-en-huit-mots-qui-a-conduit-a-une-interdiction-supplementaire\/\",\"url\":\"https:\/\/footdavant.fr\/actualites\/la-fa-confirme-la-remarque-exacte-de-harry-maguire-en-huit-mots-qui-a-conduit-a-une-interdiction-supplementaire\/\",\"name\":\"La FA confirme la remarque exacte de Harry Maguire en huit mots qui a conduit \u00e0 une interdiction suppl\u00e9mentaire -\",\"isPartOf\":{\"@id\":\"https:\/\/footdavant.fr\/actualites\/#website\"},\"datePublished\":\"2026-04-15T18:48:09+00:00\",\"dateModified\":\"2026-04-15T18:48:10+00:00\",\"breadcrumb\":{\"@id\":\"https:\/\/footdavant.fr\/actualites\/la-fa-confirme-la-remarque-exacte-de-harry-maguire-en-huit-mots-qui-a-conduit-a-une-interdiction-supplementaire\/#breadcrumb\"},\"inLanguage\":\"fr-FR\",\"potentialAction\":[{\"@type\":\"ReadAction\",\"target\":[\"https:\/\/footdavant.fr\/actualites\/la-fa-confirme-la-remarque-exacte-de-harry-maguire-en-huit-mots-qui-a-conduit-a-une-interdiction-supplementaire\/\"]}]},{\"@type\":\"BreadcrumbList\",\"@id\":\"https:\/\/footdavant.fr\/actualites\/la-fa-confirme-la-remarque-exacte-de-harry-maguire-en-huit-mots-qui-a-conduit-a-une-interdiction-supplementaire\/#breadcrumb\",\"itemListElement\":[{\"@type\":\"ListItem\",\"position\":1,\"name\":\"Accueil\",\"item\":\"https:\/\/footdavant.fr\/actualites\/\"},{\"@type\":\"ListItem\",\"position\":2,\"name\":\"La FA confirme la remarque exacte de Harry Maguire en huit mots qui a conduit \u00e0 une interdiction suppl\u00e9mentaire &#8211;\"}]},{\"@type\":\"WebSite\",\"@id\":\"https:\/\/footdavant.fr\/actualites\/#website\",\"url\":\"https:\/\/footdavant.fr\/actualites\/\",\"name\":\"Foot d'avant\",\"description\":\"\",\"publisher\":{\"@id\":\"https:\/\/footdavant.fr\/actualites\/#organization\"},\"potentialAction\":[{\"@type\":\"SearchAction\",\"target\":{\"@type\":\"EntryPoint\",\"urlTemplate\":\"https:\/\/footdavant.fr\/actualites\/?s={search_term_string}\"},\"query-input\":\"required name=search_term_string\"}],\"inLanguage\":\"fr-FR\"},{\"@type\":\"Organization\",\"@id\":\"https:\/\/footdavant.fr\/actualites\/#organization\",\"name\":\"Foot d'avant\",\"url\":\"https:\/\/footdavant.fr\/actualites\/\",\"logo\":{\"@type\":\"ImageObject\",\"inLanguage\":\"fr-FR\",\"@id\":\"https:\/\/footdavant.fr\/actualites\/#\/schema\/logo\/image\/\",\"url\":\"https:\/\/footdavant.fr\/actualites\/wp-content\/uploads\/2023\/09\/Copy-of-FootDavant-Logo.png\",\"contentUrl\":\"https:\/\/footdavant.fr\/actualites\/wp-content\/uploads\/2023\/09\/Copy-of-FootDavant-Logo.png\",\"width\":936,\"height\":549,\"caption\":\"Foot d'avant\"},\"image\":{\"@id\":\"https:\/\/footdavant.fr\/actualites\/#\/schema\/logo\/image\/\"},\"sameAs\":[\"https:\/\/www.facebook.com\/Footdavant\/\",\"https:\/\/twitter.com\/FootdavantFr\",\"https:\/\/www.instagram.com\/footdavant.fr\/\"]},{\"@type\":\"Person\",\"@id\":\"https:\/\/footdavant.fr\/actualites\/#\/schema\/person\/bc222566d95871b37e597b3ed3ba5e1d\",\"name\":\"Cl\u00e9ment\",\"image\":{\"@type\":\"ImageObject\",\"inLanguage\":\"fr-FR\",\"@id\":\"https:\/\/footdavant.fr\/actualites\/#\/schema\/person\/image\/\",\"url\":\"https:\/\/secure.gravatar.com\/avatar\/7728b29aac2719421e1a9159b2254c44?s=96&d=mm&r=g\",\"contentUrl\":\"https:\/\/secure.gravatar.com\/avatar\/7728b29aac2719421e1a9159b2254c44?s=96&d=mm&r=g\",\"caption\":\"Cl\u00e9ment\"},\"sameAs\":[\"https:\/\/footdavant.fr\/\"]}]}<\/script>\n<!-- \/ Yoast SEO plugin. -->","yoast_head_json":{"title":"La FA confirme la remarque exacte de Harry Maguire en huit mots qui a conduit \u00e0 une interdiction suppl\u00e9mentaire -","robots":{"index":"index","follow":"follow","max-snippet":"max-snippet:-1","max-image-preview":"max-image-preview:large","max-video-preview":"max-video-preview:-1"},"canonical":"https:\/\/footdavant.fr\/actualites\/la-fa-confirme-la-remarque-exacte-de-harry-maguire-en-huit-mots-qui-a-conduit-a-une-interdiction-supplementaire\/","og_locale":"fr_FR","og_type":"article","og_title":"La FA confirme la remarque exacte de Harry Maguire en huit mots qui a conduit \u00e0 une interdiction suppl\u00e9mentaire -","og_description":"1 La Football Association (FA) a confirm\u00e9 la d\u00e9claration exacte de huit mots faite par Manchester United Harry Maguire, qui a d\u00e9clench\u00e9 une nouvelle interdiction.","og_url":"https:\/\/footdavant.fr\/actualites\/la-fa-confirme-la-remarque-exacte-de-harry-maguire-en-huit-mots-qui-a-conduit-a-une-interdiction-supplementaire\/","og_site_name":"Foot d&#039;avant","article_publisher":"https:\/\/www.facebook.com\/Footdavant\/","article_published_time":"2026-04-15T18:48:09+00:00","article_modified_time":"2026-04-15T18:48:10+00:00","og_image":[{"width":1200,"height":675,"url":"https:\/\/footdavant.fr\/actualites\/wp-content\/uploads\/2026\/04\/La-FA-confirme-la-remarque-exacte-de-Harry-Maguire-en.jpg","type":"image\/jpeg"}],"author":"Cl\u00e9ment","twitter_card":"summary_large_image","twitter_creator":"@FootdavantFr","twitter_site":"@FootdavantFr","twitter_misc":{"\u00c9crit par":"Cl\u00e9ment","Dur\u00e9e de lecture estim\u00e9e":"3 minutes"},"schema":{"@context":"https:\/\/schema.org","@graph":[{"@type":"Article","@id":"https:\/\/footdavant.fr\/actualites\/la-fa-confirme-la-remarque-exacte-de-harry-maguire-en-huit-mots-qui-a-conduit-a-une-interdiction-supplementaire\/#article","isPartOf":{"@id":"https:\/\/footdavant.fr\/actualites\/la-fa-confirme-la-remarque-exacte-de-harry-maguire-en-huit-mots-qui-a-conduit-a-une-interdiction-supplementaire\/"},"author":{"name":"Cl\u00e9ment","@id":"https:\/\/footdavant.fr\/actualites\/#\/schema\/person\/bc222566d95871b37e597b3ed3ba5e1d"},"headline":"La FA confirme la remarque exacte de Harry Maguire en huit mots qui a conduit \u00e0 une interdiction suppl\u00e9mentaire &#8211;","datePublished":"2026-04-15T18:48:09+00:00","dateModified":"2026-04-15T18:48:10+00:00","mainEntityOfPage":{"@id":"https:\/\/footdavant.fr\/actualites\/la-fa-confirme-la-remarque-exacte-de-harry-maguire-en-huit-mots-qui-a-conduit-a-une-interdiction-supplementaire\/"},"wordCount":626,"publisher":{"@id":"https:\/\/footdavant.fr\/actualites\/#organization"},"keywords":["conduit","confirme","exacte","Harry","huit","interdiction","Maguire","mots","qui","remarqu\u00e9","suppl\u00e9mentaire","une"],"articleSection":["Football"],"inLanguage":"fr-FR"},{"@type":"WebPage","@id":"https:\/\/footdavant.fr\/actualites\/la-fa-confirme-la-remarque-exacte-de-harry-maguire-en-huit-mots-qui-a-conduit-a-une-interdiction-supplementaire\/","url":"https:\/\/footdavant.fr\/actualites\/la-fa-confirme-la-remarque-exacte-de-harry-maguire-en-huit-mots-qui-a-conduit-a-une-interdiction-supplementaire\/","name":"La FA confirme la remarque exacte de Harry Maguire en huit mots qui a conduit \u00e0 une interdiction suppl\u00e9mentaire -","isPartOf":{"@id":"https:\/\/footdavant.fr\/actualites\/#website"},"datePublished":"2026-04-15T18:48:09+00:00","dateModified":"2026-04-15T18:48:10+00:00","breadcrumb":{"@id":"https:\/\/footdavant.fr\/actualites\/la-fa-confirme-la-remarque-exacte-de-harry-maguire-en-huit-mots-qui-a-conduit-a-une-interdiction-supplementaire\/#breadcrumb"},"inLanguage":"fr-FR","potentialAction":[{"@type":"ReadAction","target":["https:\/\/footdavant.fr\/actualites\/la-fa-confirme-la-remarque-exacte-de-harry-maguire-en-huit-mots-qui-a-conduit-a-une-interdiction-supplementaire\/"]}]},{"@type":"BreadcrumbList","@id":"https:\/\/footdavant.fr\/actualites\/la-fa-confirme-la-remarque-exacte-de-harry-maguire-en-huit-mots-qui-a-conduit-a-une-interdiction-supplementaire\/#breadcrumb","itemListElement":[{"@type":"ListItem","position":1,"name":"Accueil","item":"https:\/\/footdavant.fr\/actualites\/"},{"@type":"ListItem","position":2,"name":"La FA confirme la remarque exacte de Harry Maguire en huit mots qui a conduit \u00e0 une interdiction suppl\u00e9mentaire &#8211;"}]},{"@type":"WebSite","@id":"https:\/\/footdavant.fr\/actualites\/#website","url":"https:\/\/footdavant.fr\/actualites\/","name":"Foot d'avant","description":"","publisher":{"@id":"https:\/\/footdavant.fr\/actualites\/#organization"},"potentialAction":[{"@type":"SearchAction","target":{"@type":"EntryPoint","urlTemplate":"https:\/\/footdavant.fr\/actualites\/?s={search_term_string}"},"query-input":"required name=search_term_string"}],"inLanguage":"fr-FR"},{"@type":"Organization","@id":"https:\/\/footdavant.fr\/actualites\/#organization","name":"Foot d'avant","url":"https:\/\/footdavant.fr\/actualites\/","logo":{"@type":"ImageObject","inLanguage":"fr-FR","@id":"https:\/\/footdavant.fr\/actualites\/#\/schema\/logo\/image\/","url":"https:\/\/footdavant.fr\/actualites\/wp-content\/uploads\/2023\/09\/Copy-of-FootDavant-Logo.png","contentUrl":"https:\/\/footdavant.fr\/actualites\/wp-content\/uploads\/2023\/09\/Copy-of-FootDavant-Logo.png","width":936,"height":549,"caption":"Foot d'avant"},"image":{"@id":"https:\/\/footdavant.fr\/actualites\/#\/schema\/logo\/image\/"},"sameAs":["https:\/\/www.facebook.com\/Footdavant\/","https:\/\/twitter.com\/FootdavantFr","https:\/\/www.instagram.com\/footdavant.fr\/"]},{"@type":"Person","@id":"https:\/\/footdavant.fr\/actualites\/#\/schema\/person\/bc222566d95871b37e597b3ed3ba5e1d","name":"Cl\u00e9ment","image":{"@type":"ImageObject","inLanguage":"fr-FR","@id":"https:\/\/footdavant.fr\/actualites\/#\/schema\/person\/image\/","url":"https:\/\/secure.gravatar.com\/avatar\/7728b29aac2719421e1a9159b2254c44?s=96&d=mm&r=g","contentUrl":"https:\/\/secure.gravatar.com\/avatar\/7728b29aac2719421e1a9159b2254c44?s=96&d=mm&r=g","caption":"Cl\u00e9ment"},"sameAs":["https:\/\/footdavant.fr\/"]}]}},"_links":{"self":[{"href":"https:\/\/footdavant.fr\/actualites\/wp-json\/wp\/v2\/posts\/36495"}],"collection":[{"href":"https:\/\/footdavant.fr\/actualites\/wp-json\/wp\/v2\/posts"}],"about":[{"href":"https:\/\/footdavant.fr\/actualites\/wp-json\/wp\/v2\/types\/post"}],"author":[{"embeddable":true,"href":"https:\/\/footdavant.fr\/actualites\/wp-json\/wp\/v2\/users\/1"}],"replies":[{"embeddable":true,"href":"https:\/\/footdavant.fr\/actualites\/wp-json\/wp\/v2\/comments?post=36495"}],"version-history":[{"count":1,"href":"https:\/\/footdavant.fr\/actualites\/wp-json\/wp\/v2\/posts\/36495\/revisions"}],"predecessor-version":[{"id":36497,"href":"https:\/\/footdavant.fr\/actualites\/wp-json\/wp\/v2\/posts\/36495\/revisions\/36497"}],"wp:featuredmedia":[{"embeddable":true,"href":"https:\/\/footdavant.fr\/actualites\/wp-json\/wp\/v2\/media\/36496"}],"wp:attachment":[{"href":"https:\/\/footdavant.fr\/actualites\/wp-json\/wp\/v2\/media?parent=36495"}],"wp:term":[{"taxonomy":"category","embeddable":true,"href":"https:\/\/footdavant.fr\/actualites\/wp-json\/wp\/v2\/categories?post=36495"},{"taxonomy":"post_tag","embeddable":true,"href":"https:\/\/footdavant.fr\/actualites\/wp-json\/wp\/v2\/tags?post=36495"}],"curies":[{"name":"wp","href":"https:\/\/api.w.org\/{rel}","templated":true}]}}