{"id":36501,"date":"2026-04-16T00:48:22","date_gmt":"2026-04-15T22:48:22","guid":{"rendered":"https:\/\/footdavant.fr\/actualites\/il-est-temps-detre-serieux\/"},"modified":"2026-04-16T00:48:26","modified_gmt":"2026-04-15T22:48:26","slug":"il-est-temps-detre-serieux","status":"publish","type":"post","link":"https:\/\/footdavant.fr\/actualites\/il-est-temps-detre-serieux\/","title":{"rendered":"Il est temps d&#39;\u00eatre s\u00e9rieux"},"content":{"rendered":"<div>\n<p>Bonjour.<\/p>\n<p>C&#39;est une toute nouvelle semaine, et probablement l&#39;une des semaines les plus importantes de l&#39;histoire r\u00e9cente de ce club de football. Comme pr\u00e9vu, il n\u2019y a eu rien d\u2019autre qu\u2019une victoire de Man City \u00e0 Stamford Bridge. Fair-play envers tous ceux qui se sont assis et ont endur\u00e9 cela hier. Je ne pouvais absolument pas me r\u00e9soudre \u00e0 vivre quelque chose d\u2019aussi in\u00e9vitable apr\u00e8s ce qui s\u2019\u00e9tait pass\u00e9 la veille.<\/p>\n<p>L&#39;\u00e9cart n&#39;est plus que de 6 points en t\u00eate, City a ce match en main, et tout repose d\u00e9sormais sur le d\u00e9placement de dimanche \u00e0 l&#39;Etihad. Ils peuvent avoir une bonne semaine d&#39;entra\u00eenement, nous avons un quart de finale de Ligue des Champions contre le Sporting Lisbonne \u00e0 r\u00e9gler en premier. Et pourtant, m\u00eame si cela peut nous inqui\u00e9ter en tant que fans, l\u2019\u00e9quipe ne peut pas consid\u00e9rer cela comme autre chose qu\u2019une opportunit\u00e9.<\/p>\n<p>Nous avons pass\u00e9 des ann\u00e9es dans le d\u00e9sert europ\u00e9en, depuis les habitu\u00e9s de la Ligue des Champions (bien que des d\u00e9parts r\u00e9guliers en huiti\u00e8mes de finale), jusqu&#39;\u00e0 la Ligue Europa, sans oublier la Ligue Europa, puis \u00e0 nouveau la Ligue des Champions. Les meilleurs joueurs et les meilleures \u00e9quipes veulent \u00eatre impliqu\u00e9s dans la partie commerciale de cette comp\u00e9tition, et nous avons une chance de nous qualifier pour les demi-finales plusieurs ann\u00e9es cons\u00e9cutives pour la premi\u00e8re fois dans l&#39;histoire d&#39;Arsenal. Il y aura plus \u00e0 dire sur ce match plus tard dans la semaine, et d&#39;une part, cela pourrait \u00eatre consid\u00e9r\u00e9 comme un essai de perte d&#39;\u00e9nergie avant un match \u00ab plus important \u00bb de Premier League, mais cela pourrait s&#39;av\u00e9rer \u00eatre le genre de regain de confiance dont nous avons besoin avant un match aussi important.<\/p>\n<p>C\u2019est certainement ainsi que cela doit \u00eatre structur\u00e9 en interne. Ext\u00e9rieurement, les joueurs ou les managers ne peuvent rien faire sur ce que ressentent les fans. Peu importe o\u00f9 vous vous situez sur l&#39;\u00e9chelle d&#39;inqui\u00e9tude, de \u00ab pas si inquiet \u00bb \u00e0 \u00ab oh merde, nous avons tout g\u00e2ch\u00e9 \u00bb, ces sentiments sont pleinement inform\u00e9s par ce que nous voyons sur le terrain. \u00c0 l&#39;heure actuelle, depuis la finale de la Coupe Carabao, les choses ne vont pas bien, les performances sont m\u00e9diocres et les r\u00e9sultats ne sont pas assez bons.<\/p>\n<p>Une victoire en quatre matchs est pr\u00e9occupante, surtout \u00e0 ce stade de la saison. Cela n&#39;est probablement pas aid\u00e9 par les graphismes malicieux qui circulent sur les r\u00e9seaux sociaux et qui donnent l&#39;impression que nous avons \u00e0 peine gagn\u00e9 un match en avril alors qu&#39;en fait, si vous remontez \u00e0 l&#39;ann\u00e9e derni\u00e8re, par exemple, nous avons appr\u00e9ci\u00e9 ces deux c\u00e9l\u00e8bres victoires contre le Real Madrid le m\u00eame mois. Nous avons suffisamment de soucis sans d\u00e9sinformation. Il est vrai que notre bilan en avril a \u00e9t\u00e9 fragmentaire, mais ne laissons pas une appr\u00e9hension compr\u00e9hensible prendre le pas sur le bon sens.<\/p>\n<p>Les choses peuvent changer rapidement dans le football. Il est possible que nous soyons assis ici dans une semaine avec un sentiment tr\u00e8s, tr\u00e8s diff\u00e9rent. Je sais que ce n&#39;est pas la m\u00eame chose, mais le coup de poing de l&#39;\u00e9galisation tardive des Wolves \u00e0 l&#39;ext\u00e9rieur a produit un type de r\u00e9action similaire \u00e0 la d\u00e9faite de Bournemouth, et avec un derby du nord de Londres \u00e0 l&#39;ext\u00e9rieur, suivi de matchs d\u00e9licats contre Chelsea et Brighton, je me souviens avoir regard\u00e9 le calendrier et avoir craint davantage de points perdus. Et pourtant, trois victoires plus tard, le monde se sentait beaucoup mieux.<\/p>\n<p>Je pense que nous sommes \u00e0 nouveau dans ce genre de territoire, mais cette fois, c&#39;est massivement amplifi\u00e9 par les implications du match de dimanche. Pour les fans, la seule chose qui change l\u2019ambiance, ce sont les r\u00e9sultats. L&#39;entra\u00eeneur et les joueurs peuvent trouver les mots justes lors des conf\u00e9rences de presse et des interviews d&#39;avant-match sur les diff\u00e9rentes cha\u00eenes, mais ce sont finalement eux qui doivent s&#39;exprimer sur le terrain. S\u2019ils le font, les nuages \u200b\u200b\u200b\u200bd\u2019orage se dissipent, le soleil appara\u00eet et nous nous sentons tous beaucoup mieux dans tout.<\/p>\n<p>Evidemment, pour Mikel Arteta et pour certains joueurs, les engagements m\u00e9diatiques sont obligatoires. On entend souvent des gens critiquer ce qui est dit comme s&#39;ils avaient eux-m\u00eames convoqu\u00e9 une conf\u00e9rence de presse pour monter sur leur tribune pour pontifier, mais ils sont oblig\u00e9s de le faire, et oblig\u00e9s de r\u00e9pondre aux questions que leur pose la presse. Certaines de ces questions cette semaine vont \u00eatre difficiles, comme elles devraient l&#39;\u00eatre, mais si cela est possible, je veux juste qu&#39;Arteta et quiconque donne les r\u00e9ponses qu&#39;ils sont cens\u00e9s donner et rien de plus.<\/p>\n<p>Je ne veux pas de messages sur la fa\u00e7on dont les fans doivent apporter leurs d\u00eeners \u2013 je comprends ce genre de choses et pourquoi cela est dit, mais je ne pense pas que nous en ayons besoin. Je ne veux pas voir des vid\u00e9os de terrain d&#39;entra\u00eenement montrant des gars s&#39;amusant avec des chansons idiotes ou des routines loufoques. Je ne veux pas voir des joueurs faire des conneries en arrivant au stade avec un influenceur \u00e0 la connerie. Je veux que le club et ceux qui sont charg\u00e9s d\u2019autoriser ce genre d\u2019absurdit\u00e9s reconnaissent que ce n\u2019est pas le moment. Dites non. Ce n\u2019est pas que je pense que ces choses constituent un probl\u00e8me majeur en soi ou directement li\u00e9 \u00e0 nos performances, je ne veux tout simplement pas le voir.<\/p>\n<p>Il est n\u00e9cessaire de projeter un air de s\u00e9rieux sur ce qui nous attend dans les sept prochains jours. Je ne pense pas qu&#39;il soit exag\u00e9r\u00e9 de dire que l&#39;avenir de ce projet est actuellement en jeu. Le r\u00e9sultat contre Bournemouth, \u00e0 mon avis, nous a pouss\u00e9 tr\u00e8s fortement vers le territoire du moment ou jamais. J\u2019ai quelques r\u00e9flexions sur la fa\u00e7on dont cela pourrait se d\u00e9rouler, mais ils peuvent attendre. Je ne pense pas qu&#39;il soit utile pour moi de les diffuser maintenant, notamment parce que \u2013 comme je l&#39;ai dit plus haut \u2013 nous avons encore une \u00e9norme opportunit\u00e9 devant nous.<\/p>\n<p>On peut faire les demi-finales de la Ligue des Champions. Une victoire dimanche prochain modifierait radicalement les chances de remporter la Premier League apr\u00e8s si longtemps en notre faveur. Et c\u2019est ainsi que se d\u00e9roule cette semaine en interne. C&#39;est bien pour nous de ressentir de la merde \u00e0 propos de ce qui s&#39;est pass\u00e9 samedi, et je pense qu&#39;il est tout \u00e0 fait normal d&#39;avoir des inqui\u00e9tudes quant \u00e0 notre capacit\u00e9 \u00e0 obtenir les r\u00e9sultats que nous souhaitons tous d\u00e9sesp\u00e9r\u00e9ment, mais c&#39;est notre exp\u00e9rience en tant que fans.<\/p>\n<p>Le manager, les joueurs, son \u00e9quipe d\u2019entra\u00eeneurs doivent bloquer tout cela. Ils doivent se rappeler \u00e0 quel point ils ont \u00e9t\u00e9 bons et \u00e0 quel point ils peuvent l\u2019\u00eatre. On a beaucoup parl\u00e9 du caract\u00e8re de l&#39;\u00e9quipe, c&#39;est maintenant qu&#39;ils doivent absolument le montrer, car pour eux, la r\u00e9compense est \u00e9norme. M\u00eame si j&#39;ai quelques questions sur la qualit\u00e9 dans certains domaines, je ne doute jamais de l&#39;effort ou du d\u00e9sir de ce groupe, et cela peut aller tr\u00e8s loin si vous pouvez vous y pencher correctement.<\/p>\n<p>Il y a une chance d\u2019entrer dans l\u2019histoire d\u2019Arsenal, de devenir une \u00e9quipe qui \u2013 si elle remporte la Premier League et\/ou la Ligue des Champions \u2013 restera dans les m\u00e9moires pour toujours. Malgr\u00e9 toute l&#39;angoisse qu&#39;ils ont produite, des jeux comme Bournemouth ou Wolves n&#39;auront pas d&#39;importance si nous soulevons l&#39;argenterie. On n&#39;en parlera que dans le cadre de l&#39;histoire, de la m\u00eame mani\u00e8re que les mauvais r\u00e9sultats contre Wimbledon et Derby ont permis la magie inoubliable d&#39;Anfield &#39;89.<\/p>\n<p>Il y a beaucoup de choses \u00e0 jouer. Alors inqui\u00e9tons-nous et jouons. Soyez s\u00e9rieux. Arangez-vous pour que cela arrive.<\/p>\n<p>\u2014<\/p>\n<p>D&#39;accord, je vais en rester l\u00e0, mais vous pourrez nous rejoindre avec James et Arsecast Extra un peu plus tard. Nous avons d\u00e9j\u00e0 lanc\u00e9 un appel \u00e0 questions sur @gunnerblog.bsky.social et @arseblog.com. Alors lancez-vous en utilisant le hashtag \u2013 ou si vous \u00eates membre d&#39;Arseblog sur Patreon, laissez votre question sur la cha\u00eene de notre serveur Discord. Le pod devrait \u00eatre sorti vers midi.<\/p>\n<p>Pour l\u2019instant, passez-en un bon.<\/p>\n<\/div>\n","protected":false},"excerpt":{"rendered":"<p>Bonjour. C&#39;est une toute nouvelle semaine, et probablement l&#39;une des semaines les plus importantes de l&#39;histoire r\u00e9cente de ce club de football. Comme pr\u00e9vu, il<\/p>\n","protected":false},"author":1,"featured_media":36502,"comment_status":"closed","ping_status":"","sticky":false,"template":"","format":"standard","meta":{"footnotes":""},"categories":[3],"tags":[4328,217,1261,168],"yoast_head":"<!-- This site is optimized with the Yoast SEO plugin v21.0 - https:\/\/yoast.com\/wordpress\/plugins\/seo\/ -->\n<title>Il est temps d&#039;\u00eatre s\u00e9rieux<\/title>\n<meta name=\"robots\" content=\"index, follow, max-snippet:-1, max-image-preview:large, max-video-preview:-1\" \/>\n<link rel=\"canonical\" href=\"https:\/\/footdavant.fr\/actualites\/il-est-temps-detre-serieux\/\" \/>\n<meta property=\"og:locale\" content=\"fr_FR\" \/>\n<meta property=\"og:type\" content=\"article\" \/>\n<meta property=\"og:title\" content=\"Il est temps d&#039;\u00eatre s\u00e9rieux\" \/>\n<meta property=\"og:description\" content=\"Bonjour. C&#039;est une toute nouvelle semaine, et probablement l&#039;une des semaines les plus importantes de l&#039;histoire r\u00e9cente de ce club de football. Comme pr\u00e9vu, il\" \/>\n<meta property=\"og:url\" content=\"https:\/\/footdavant.fr\/actualites\/il-est-temps-detre-serieux\/\" \/>\n<meta property=\"og:site_name\" content=\"Foot d&#039;avant\" \/>\n<meta property=\"article:publisher\" content=\"https:\/\/www.facebook.com\/Footdavant\/\" \/>\n<meta property=\"article:published_time\" content=\"2026-04-15T22:48:22+00:00\" \/>\n<meta property=\"article:modified_time\" content=\"2026-04-15T22:48:26+00:00\" \/>\n<meta property=\"og:image\" content=\"https:\/\/footdavant.fr\/actualites\/wp-content\/uploads\/2026\/04\/Il-est-temps-d39etre-serieux.jpg\" \/>\n\t<meta property=\"og:image:width\" content=\"1500\" \/>\n\t<meta property=\"og:image:height\" content=\"750\" \/>\n\t<meta property=\"og:image:type\" content=\"image\/jpeg\" \/>\n<meta name=\"author\" content=\"Cl\u00e9ment\" \/>\n<meta name=\"twitter:card\" content=\"summary_large_image\" \/>\n<meta name=\"twitter:creator\" content=\"@FootdavantFr\" \/>\n<meta name=\"twitter:site\" content=\"@FootdavantFr\" \/>\n<meta name=\"twitter:label1\" content=\"\u00c9crit par\" \/>\n\t<meta name=\"twitter:data1\" content=\"Cl\u00e9ment\" \/>\n\t<meta name=\"twitter:label2\" content=\"Dur\u00e9e de lecture estim\u00e9e\" \/>\n\t<meta name=\"twitter:data2\" content=\"7 minutes\" \/>\n<script type=\"application\/ld+json\" class=\"yoast-schema-graph\">{\"@context\":\"https:\/\/schema.org\",\"@graph\":[{\"@type\":\"Article\",\"@id\":\"https:\/\/footdavant.fr\/actualites\/il-est-temps-detre-serieux\/#article\",\"isPartOf\":{\"@id\":\"https:\/\/footdavant.fr\/actualites\/il-est-temps-detre-serieux\/\"},\"author\":{\"name\":\"Cl\u00e9ment\",\"@id\":\"https:\/\/footdavant.fr\/actualites\/#\/schema\/person\/bc222566d95871b37e597b3ed3ba5e1d\"},\"headline\":\"Il est temps d&#39;\u00eatre s\u00e9rieux\",\"datePublished\":\"2026-04-15T22:48:22+00:00\",\"dateModified\":\"2026-04-15T22:48:26+00:00\",\"mainEntityOfPage\":{\"@id\":\"https:\/\/footdavant.fr\/actualites\/il-est-temps-detre-serieux\/\"},\"wordCount\":1492,\"publisher\":{\"@id\":\"https:\/\/footdavant.fr\/actualites\/#organization\"},\"keywords\":[\"d39\u00eatre\",\"est\",\"s\u00e9rieux\",\"temps\"],\"articleSection\":[\"Football\"],\"inLanguage\":\"fr-FR\"},{\"@type\":\"WebPage\",\"@id\":\"https:\/\/footdavant.fr\/actualites\/il-est-temps-detre-serieux\/\",\"url\":\"https:\/\/footdavant.fr\/actualites\/il-est-temps-detre-serieux\/\",\"name\":\"Il est temps d&#39;\u00eatre s\u00e9rieux\",\"isPartOf\":{\"@id\":\"https:\/\/footdavant.fr\/actualites\/#website\"},\"datePublished\":\"2026-04-15T22:48:22+00:00\",\"dateModified\":\"2026-04-15T22:48:26+00:00\",\"breadcrumb\":{\"@id\":\"https:\/\/footdavant.fr\/actualites\/il-est-temps-detre-serieux\/#breadcrumb\"},\"inLanguage\":\"fr-FR\",\"potentialAction\":[{\"@type\":\"ReadAction\",\"target\":[\"https:\/\/footdavant.fr\/actualites\/il-est-temps-detre-serieux\/\"]}]},{\"@type\":\"BreadcrumbList\",\"@id\":\"https:\/\/footdavant.fr\/actualites\/il-est-temps-detre-serieux\/#breadcrumb\",\"itemListElement\":[{\"@type\":\"ListItem\",\"position\":1,\"name\":\"Accueil\",\"item\":\"https:\/\/footdavant.fr\/actualites\/\"},{\"@type\":\"ListItem\",\"position\":2,\"name\":\"Il est temps d&#39;\u00eatre s\u00e9rieux\"}]},{\"@type\":\"WebSite\",\"@id\":\"https:\/\/footdavant.fr\/actualites\/#website\",\"url\":\"https:\/\/footdavant.fr\/actualites\/\",\"name\":\"Foot d'avant\",\"description\":\"\",\"publisher\":{\"@id\":\"https:\/\/footdavant.fr\/actualites\/#organization\"},\"potentialAction\":[{\"@type\":\"SearchAction\",\"target\":{\"@type\":\"EntryPoint\",\"urlTemplate\":\"https:\/\/footdavant.fr\/actualites\/?s={search_term_string}\"},\"query-input\":\"required name=search_term_string\"}],\"inLanguage\":\"fr-FR\"},{\"@type\":\"Organization\",\"@id\":\"https:\/\/footdavant.fr\/actualites\/#organization\",\"name\":\"Foot d'avant\",\"url\":\"https:\/\/footdavant.fr\/actualites\/\",\"logo\":{\"@type\":\"ImageObject\",\"inLanguage\":\"fr-FR\",\"@id\":\"https:\/\/footdavant.fr\/actualites\/#\/schema\/logo\/image\/\",\"url\":\"https:\/\/footdavant.fr\/actualites\/wp-content\/uploads\/2023\/09\/Copy-of-FootDavant-Logo.png\",\"contentUrl\":\"https:\/\/footdavant.fr\/actualites\/wp-content\/uploads\/2023\/09\/Copy-of-FootDavant-Logo.png\",\"width\":936,\"height\":549,\"caption\":\"Foot d'avant\"},\"image\":{\"@id\":\"https:\/\/footdavant.fr\/actualites\/#\/schema\/logo\/image\/\"},\"sameAs\":[\"https:\/\/www.facebook.com\/Footdavant\/\",\"https:\/\/twitter.com\/FootdavantFr\",\"https:\/\/www.instagram.com\/footdavant.fr\/\"]},{\"@type\":\"Person\",\"@id\":\"https:\/\/footdavant.fr\/actualites\/#\/schema\/person\/bc222566d95871b37e597b3ed3ba5e1d\",\"name\":\"Cl\u00e9ment\",\"image\":{\"@type\":\"ImageObject\",\"inLanguage\":\"fr-FR\",\"@id\":\"https:\/\/footdavant.fr\/actualites\/#\/schema\/person\/image\/\",\"url\":\"https:\/\/secure.gravatar.com\/avatar\/7728b29aac2719421e1a9159b2254c44?s=96&d=mm&r=g\",\"contentUrl\":\"https:\/\/secure.gravatar.com\/avatar\/7728b29aac2719421e1a9159b2254c44?s=96&d=mm&r=g\",\"caption\":\"Cl\u00e9ment\"},\"sameAs\":[\"https:\/\/footdavant.fr\/\"]}]}<\/script>\n<!-- \/ Yoast SEO plugin. -->","yoast_head_json":{"title":"Il est temps d&#39;\u00eatre s\u00e9rieux","robots":{"index":"index","follow":"follow","max-snippet":"max-snippet:-1","max-image-preview":"max-image-preview:large","max-video-preview":"max-video-preview:-1"},"canonical":"https:\/\/footdavant.fr\/actualites\/il-est-temps-detre-serieux\/","og_locale":"fr_FR","og_type":"article","og_title":"Il est temps d&#39;\u00eatre s\u00e9rieux","og_description":"Bonjour. C&#39;est une toute nouvelle semaine, et probablement l&#39;une des semaines les plus importantes de l&#39;histoire r\u00e9cente de ce club de football. Comme pr\u00e9vu, il","og_url":"https:\/\/footdavant.fr\/actualites\/il-est-temps-detre-serieux\/","og_site_name":"Foot d&#039;avant","article_publisher":"https:\/\/www.facebook.com\/Footdavant\/","article_published_time":"2026-04-15T22:48:22+00:00","article_modified_time":"2026-04-15T22:48:26+00:00","og_image":[{"width":1500,"height":750,"url":"https:\/\/footdavant.fr\/actualites\/wp-content\/uploads\/2026\/04\/Il-est-temps-d39etre-serieux.jpg","type":"image\/jpeg"}],"author":"Cl\u00e9ment","twitter_card":"summary_large_image","twitter_creator":"@FootdavantFr","twitter_site":"@FootdavantFr","twitter_misc":{"\u00c9crit par":"Cl\u00e9ment","Dur\u00e9e de lecture estim\u00e9e":"7 minutes"},"schema":{"@context":"https:\/\/schema.org","@graph":[{"@type":"Article","@id":"https:\/\/footdavant.fr\/actualites\/il-est-temps-detre-serieux\/#article","isPartOf":{"@id":"https:\/\/footdavant.fr\/actualites\/il-est-temps-detre-serieux\/"},"author":{"name":"Cl\u00e9ment","@id":"https:\/\/footdavant.fr\/actualites\/#\/schema\/person\/bc222566d95871b37e597b3ed3ba5e1d"},"headline":"Il est temps d&#39;\u00eatre s\u00e9rieux","datePublished":"2026-04-15T22:48:22+00:00","dateModified":"2026-04-15T22:48:26+00:00","mainEntityOfPage":{"@id":"https:\/\/footdavant.fr\/actualites\/il-est-temps-detre-serieux\/"},"wordCount":1492,"publisher":{"@id":"https:\/\/footdavant.fr\/actualites\/#organization"},"keywords":["d39\u00eatre","est","s\u00e9rieux","temps"],"articleSection":["Football"],"inLanguage":"fr-FR"},{"@type":"WebPage","@id":"https:\/\/footdavant.fr\/actualites\/il-est-temps-detre-serieux\/","url":"https:\/\/footdavant.fr\/actualites\/il-est-temps-detre-serieux\/","name":"Il est temps d&#39;\u00eatre s\u00e9rieux","isPartOf":{"@id":"https:\/\/footdavant.fr\/actualites\/#website"},"datePublished":"2026-04-15T22:48:22+00:00","dateModified":"2026-04-15T22:48:26+00:00","breadcrumb":{"@id":"https:\/\/footdavant.fr\/actualites\/il-est-temps-detre-serieux\/#breadcrumb"},"inLanguage":"fr-FR","potentialAction":[{"@type":"ReadAction","target":["https:\/\/footdavant.fr\/actualites\/il-est-temps-detre-serieux\/"]}]},{"@type":"BreadcrumbList","@id":"https:\/\/footdavant.fr\/actualites\/il-est-temps-detre-serieux\/#breadcrumb","itemListElement":[{"@type":"ListItem","position":1,"name":"Accueil","item":"https:\/\/footdavant.fr\/actualites\/"},{"@type":"ListItem","position":2,"name":"Il est temps d&#39;\u00eatre s\u00e9rieux"}]},{"@type":"WebSite","@id":"https:\/\/footdavant.fr\/actualites\/#website","url":"https:\/\/footdavant.fr\/actualites\/","name":"Foot d'avant","description":"","publisher":{"@id":"https:\/\/footdavant.fr\/actualites\/#organization"},"potentialAction":[{"@type":"SearchAction","target":{"@type":"EntryPoint","urlTemplate":"https:\/\/footdavant.fr\/actualites\/?s={search_term_string}"},"query-input":"required name=search_term_string"}],"inLanguage":"fr-FR"},{"@type":"Organization","@id":"https:\/\/footdavant.fr\/actualites\/#organization","name":"Foot d'avant","url":"https:\/\/footdavant.fr\/actualites\/","logo":{"@type":"ImageObject","inLanguage":"fr-FR","@id":"https:\/\/footdavant.fr\/actualites\/#\/schema\/logo\/image\/","url":"https:\/\/footdavant.fr\/actualites\/wp-content\/uploads\/2023\/09\/Copy-of-FootDavant-Logo.png","contentUrl":"https:\/\/footdavant.fr\/actualites\/wp-content\/uploads\/2023\/09\/Copy-of-FootDavant-Logo.png","width":936,"height":549,"caption":"Foot d'avant"},"image":{"@id":"https:\/\/footdavant.fr\/actualites\/#\/schema\/logo\/image\/"},"sameAs":["https:\/\/www.facebook.com\/Footdavant\/","https:\/\/twitter.com\/FootdavantFr","https:\/\/www.instagram.com\/footdavant.fr\/"]},{"@type":"Person","@id":"https:\/\/footdavant.fr\/actualites\/#\/schema\/person\/bc222566d95871b37e597b3ed3ba5e1d","name":"Cl\u00e9ment","image":{"@type":"ImageObject","inLanguage":"fr-FR","@id":"https:\/\/footdavant.fr\/actualites\/#\/schema\/person\/image\/","url":"https:\/\/secure.gravatar.com\/avatar\/7728b29aac2719421e1a9159b2254c44?s=96&d=mm&r=g","contentUrl":"https:\/\/secure.gravatar.com\/avatar\/7728b29aac2719421e1a9159b2254c44?s=96&d=mm&r=g","caption":"Cl\u00e9ment"},"sameAs":["https:\/\/footdavant.fr\/"]}]}},"_links":{"self":[{"href":"https:\/\/footdavant.fr\/actualites\/wp-json\/wp\/v2\/posts\/36501"}],"collection":[{"href":"https:\/\/footdavant.fr\/actualites\/wp-json\/wp\/v2\/posts"}],"about":[{"href":"https:\/\/footdavant.fr\/actualites\/wp-json\/wp\/v2\/types\/post"}],"author":[{"embeddable":true,"href":"https:\/\/footdavant.fr\/actualites\/wp-json\/wp\/v2\/users\/1"}],"replies":[{"embeddable":true,"href":"https:\/\/footdavant.fr\/actualites\/wp-json\/wp\/v2\/comments?post=36501"}],"version-history":[{"count":1,"href":"https:\/\/footdavant.fr\/actualites\/wp-json\/wp\/v2\/posts\/36501\/revisions"}],"predecessor-version":[{"id":36503,"href":"https:\/\/footdavant.fr\/actualites\/wp-json\/wp\/v2\/posts\/36501\/revisions\/36503"}],"wp:featuredmedia":[{"embeddable":true,"href":"https:\/\/footdavant.fr\/actualites\/wp-json\/wp\/v2\/media\/36502"}],"wp:attachment":[{"href":"https:\/\/footdavant.fr\/actualites\/wp-json\/wp\/v2\/media?parent=36501"}],"wp:term":[{"taxonomy":"category","embeddable":true,"href":"https:\/\/footdavant.fr\/actualites\/wp-json\/wp\/v2\/categories?post=36501"},{"taxonomy":"post_tag","embeddable":true,"href":"https:\/\/footdavant.fr\/actualites\/wp-json\/wp\/v2\/tags?post=36501"}],"curies":[{"name":"wp","href":"https:\/\/api.w.org\/{rel}","templated":true}]}}