{"id":36504,"date":"2026-04-16T02:48:16","date_gmt":"2026-04-16T00:48:16","guid":{"rendered":"https:\/\/footdavant.fr\/actualites\/compositions-confirmees-de-chelsea-contre-man-city-decisions-de-caicedo-cucurella-et-donnarumma-prises-pour-la-confrontation-en-premier-league\/"},"modified":"2026-04-16T02:48:17","modified_gmt":"2026-04-16T00:48:17","slug":"compositions-confirmees-de-chelsea-contre-man-city-decisions-de-caicedo-cucurella-et-donnarumma-prises-pour-la-confrontation-en-premier-league","status":"publish","type":"post","link":"https:\/\/footdavant.fr\/actualites\/compositions-confirmees-de-chelsea-contre-man-city-decisions-de-caicedo-cucurella-et-donnarumma-prises-pour-la-confrontation-en-premier-league\/","title":{"rendered":"Compositions confirm\u00e9es de Chelsea contre Man City : d\u00e9cisions de Caicedo, Cucurella et Donnarumma prises pour la confrontation en Premier League"},"content":{"rendered":"<div itemprop=\"articleBody\">\n<p style=\"margin-bottom:11px\">Moises Caicedo et Marc Cucurella ont tous deux \u00e9t\u00e9 rappel\u00e9s dans la formation de d\u00e9part de Chelsea pour le match de Premier League de cet apr\u00e8s-midi contre Manchester City, en qu\u00eate de titre, \u00e0 Stamford Bridge.<\/p>\n<p style=\"margin-bottom:11px\">Les deux Blues n&#39;ont pas \u00e9t\u00e9 impliqu\u00e9s dans la d\u00e9faite 7-0 contre Port Vale le week-end dernier en quarts de finale de la FA Cup, mais l&#39;entra\u00eeneur-chef Liam Rosenior les a ramen\u00e9s tous les deux dans son premier XI aux d\u00e9pens des anciennes jeunes stars de Man City, Romeo Lavia et Tosin Adarabioyo.<\/p>\n<p>Cucurella d\u00e9butera \u00e0 l&#39;arri\u00e8re gauche, permettant \u00e0 Jorrel Hato de passer en d\u00e9fense centrale aux c\u00f4t\u00e9s de Wesley Fofana, tandis que Malo Gusto compl\u00e8te un arri\u00e8re-garde \u00e0 quatre protecteurs Robert Sanchez.<\/p>\n<p>Portant le brassard de capitaine, Caicedo reprendra son partenariat de milieu de terrain profond avec Andrey Santos, et en l&#39;absence du milieu de terrain suspendu Enzo Fernandez, le meneur de jeu statistique Cole Palmer d\u00e9butera contre son ancien club dans le r\u00f4le de num\u00e9ro 10.<\/p>\n<p>Pedro Neto et Estevao Willian conservent leur place de titulaire, apportant leur soutien en attaque \u00e0 l&#39;attaquant central Joao Pedro, qui a marqu\u00e9 19 buts, un record d&#39;\u00e9quipe toutes comp\u00e9titions confondues, cette saison.<\/p>\n<div>\n<div>\n<div>\n<div>\n<p>\u00a9 Iconsport<\/p>\n<\/div>\n<\/div>\n<\/div>\n<\/div>\n<h2 style=\"margin-bottom: 11px;\">Bernardo battra le record du PL alors que Donnarumma remplace Trafford \u00e0 Man City XI<\/h2>\n<p>Quant \u00e0 Man City, le manager Pep Guardiola n\u2019a apport\u00e9 qu\u2019un seul changement \u00e0 l\u2019\u00e9quipe qui a remport\u00e9 une victoire 4-0 contre Liverpool en quarts de finale de la FA Cup le week-end dernier.<\/p>\n<p>Le gardien de premier choix Gianluigi Donnarumma est rappel\u00e9 aux d\u00e9pens de James Trafford, Matheus Nunes, Abdukodir Khusanov, Marc Guehi et Nico O&#39;Reilly conservant tous leur place de titulaire dans les quatre derniers.<\/p>\n<p>Khusanov et Guehi continuent tous deux au c\u0153ur de la d\u00e9fense puisque ni Ruben Dias (ischio-jambiers) ni John Stones (mollet) n&#39;ont \u00e9t\u00e9 jug\u00e9s aptes \u00e0 figurer.<\/p>\n<p>Le capitaine Bernardo Silva deviendra le joueur portugais avec le plus de matches en Premier League (297) lorsqu&#39;il jouera aux c\u00f4t\u00e9s de Rodri au milieu de terrain de Man City.<\/p>\n<p>Le meneur de jeu Rayan Cherki continuera \u00e0 occuper un r\u00f4le central avanc\u00e9 entre les ailiers Antoine Semenyo et Jeremy Doku, tandis que le meilleur buteur Erling Haaland \u2013 qui a marqu\u00e9 un tripl\u00e9 contre Liverpool la derni\u00e8re fois \u2013 repart en t\u00eate.<\/p>\n<p>Onze de d\u00e9part de Chelsea : Sanchez ; Gusto, Fofana, Hato, Cucurella\u00a0; Santos, Caicedo; Estevao, Palmer, Neto ; Pierre<\/p>\n<p>Rempla\u00e7ants : Sharman-Lowe, Acheampong, Tosin, Sarr, Essugo, Lavia, Garnacho, Guiu, Delap<\/p>\n<p>Onze de d\u00e9part de Manchester City : Donnarumma ; Nunes, Khusanov, Guehi, O&#39;Reilly ; Rodri, Bernardo; Semenyo, Cherki, Doku, Haaland<\/p>\n<p>Rempla\u00e7ants : Trafford, Reijnders, Ake, Marmoush, Kovacic, Gonzalez, Ait-Nouri, Savinho, Foden<\/p>\n<\/div>\n","protected":false},"excerpt":{"rendered":"<p>Moises Caicedo et Marc Cucurella ont tous deux \u00e9t\u00e9 rappel\u00e9s dans la formation de d\u00e9part de Chelsea pour le match de Premier League de cet<\/p>\n","protected":false},"author":1,"featured_media":33019,"comment_status":"closed","ping_status":"","sticky":false,"template":"","format":"standard","meta":{"footnotes":""},"categories":[5],"tags":[1807,171,27,383,5481,3716,20,2357,3408,9190,202,24,51,201,6311],"yoast_head":"<!-- This site is optimized with the Yoast SEO plugin v21.0 - https:\/\/yoast.com\/wordpress\/plugins\/seo\/ -->\n<title>Compositions confirm\u00e9es de Chelsea contre Man City : d\u00e9cisions de Caicedo, Cucurella et Donnarumma prises pour la confrontation en Premier League<\/title>\n<meta name=\"robots\" content=\"index, follow, max-snippet:-1, max-image-preview:large, max-video-preview:-1\" \/>\n<link rel=\"canonical\" href=\"https:\/\/footdavant.fr\/actualites\/compositions-confirmees-de-chelsea-contre-man-city-decisions-de-caicedo-cucurella-et-donnarumma-prises-pour-la-confrontation-en-premier-league\/\" \/>\n<meta property=\"og:locale\" content=\"fr_FR\" \/>\n<meta property=\"og:type\" content=\"article\" \/>\n<meta property=\"og:title\" content=\"Compositions confirm\u00e9es de Chelsea contre Man City : d\u00e9cisions de Caicedo, Cucurella et Donnarumma prises pour la confrontation en Premier League\" \/>\n<meta property=\"og:description\" content=\"Moises Caicedo et Marc Cucurella ont tous deux \u00e9t\u00e9 rappel\u00e9s dans la formation de d\u00e9part de Chelsea pour le match de Premier League de cet\" \/>\n<meta property=\"og:url\" content=\"https:\/\/footdavant.fr\/actualites\/compositions-confirmees-de-chelsea-contre-man-city-decisions-de-caicedo-cucurella-et-donnarumma-prises-pour-la-confrontation-en-premier-league\/\" \/>\n<meta property=\"og:site_name\" content=\"Foot d&#039;avant\" \/>\n<meta property=\"article:publisher\" content=\"https:\/\/www.facebook.com\/Footdavant\/\" \/>\n<meta property=\"article:published_time\" content=\"2026-04-16T00:48:16+00:00\" \/>\n<meta property=\"article:modified_time\" content=\"2026-04-16T00:48:17+00:00\" \/>\n<meta property=\"og:image\" content=\"https:\/\/footdavant.fr\/actualites\/wp-content\/uploads\/2026\/01\/Blessure-a-Chelsea-liste-de-suspension-et-dates-de-retour.net2Fuploads2F20252F092Fchelsea-midfield.webp\" \/>\n\t<meta property=\"og:image:width\" content=\"720\" \/>\n\t<meta property=\"og:image:height\" content=\"410\" \/>\n\t<meta property=\"og:image:type\" content=\"image\/webp\" \/>\n<meta name=\"author\" content=\"Cl\u00e9ment\" \/>\n<meta name=\"twitter:card\" content=\"summary_large_image\" \/>\n<meta name=\"twitter:creator\" content=\"@FootdavantFr\" \/>\n<meta name=\"twitter:site\" content=\"@FootdavantFr\" \/>\n<meta name=\"twitter:label1\" content=\"\u00c9crit par\" \/>\n\t<meta name=\"twitter:data1\" content=\"Cl\u00e9ment\" \/>\n\t<meta name=\"twitter:label2\" content=\"Dur\u00e9e de lecture estim\u00e9e\" \/>\n\t<meta name=\"twitter:data2\" content=\"2 minutes\" \/>\n<script type=\"application\/ld+json\" class=\"yoast-schema-graph\">{\"@context\":\"https:\/\/schema.org\",\"@graph\":[{\"@type\":\"Article\",\"@id\":\"https:\/\/footdavant.fr\/actualites\/compositions-confirmees-de-chelsea-contre-man-city-decisions-de-caicedo-cucurella-et-donnarumma-prises-pour-la-confrontation-en-premier-league\/#article\",\"isPartOf\":{\"@id\":\"https:\/\/footdavant.fr\/actualites\/compositions-confirmees-de-chelsea-contre-man-city-decisions-de-caicedo-cucurella-et-donnarumma-prises-pour-la-confrontation-en-premier-league\/\"},\"author\":{\"name\":\"Cl\u00e9ment\",\"@id\":\"https:\/\/footdavant.fr\/actualites\/#\/schema\/person\/bc222566d95871b37e597b3ed3ba5e1d\"},\"headline\":\"Compositions confirm\u00e9es de Chelsea contre Man City : d\u00e9cisions de Caicedo, Cucurella et Donnarumma prises pour la confrontation en Premier League\",\"datePublished\":\"2026-04-16T00:48:16+00:00\",\"dateModified\":\"2026-04-16T00:48:17+00:00\",\"mainEntityOfPage\":{\"@id\":\"https:\/\/footdavant.fr\/actualites\/compositions-confirmees-de-chelsea-contre-man-city-decisions-de-caicedo-cucurella-et-donnarumma-prises-pour-la-confrontation-en-premier-league\/\"},\"wordCount\":486,\"publisher\":{\"@id\":\"https:\/\/footdavant.fr\/actualites\/#organization\"},\"keywords\":[\"Caicedo\",\"Chelsea\",\"City\",\"compositions\",\"confirm\u00e9es\",\"confrontation\",\"contre\",\"Cucurella\",\"d\u00e9cisions\",\"Donnarumma\",\"League\",\"Man\",\"pour\",\"Premier\",\"prises\"],\"articleSection\":[\"Premier League\"],\"inLanguage\":\"fr-FR\"},{\"@type\":\"WebPage\",\"@id\":\"https:\/\/footdavant.fr\/actualites\/compositions-confirmees-de-chelsea-contre-man-city-decisions-de-caicedo-cucurella-et-donnarumma-prises-pour-la-confrontation-en-premier-league\/\",\"url\":\"https:\/\/footdavant.fr\/actualites\/compositions-confirmees-de-chelsea-contre-man-city-decisions-de-caicedo-cucurella-et-donnarumma-prises-pour-la-confrontation-en-premier-league\/\",\"name\":\"Compositions confirm\u00e9es de Chelsea contre Man City : d\u00e9cisions de Caicedo, Cucurella et Donnarumma prises pour la confrontation en Premier League\",\"isPartOf\":{\"@id\":\"https:\/\/footdavant.fr\/actualites\/#website\"},\"datePublished\":\"2026-04-16T00:48:16+00:00\",\"dateModified\":\"2026-04-16T00:48:17+00:00\",\"breadcrumb\":{\"@id\":\"https:\/\/footdavant.fr\/actualites\/compositions-confirmees-de-chelsea-contre-man-city-decisions-de-caicedo-cucurella-et-donnarumma-prises-pour-la-confrontation-en-premier-league\/#breadcrumb\"},\"inLanguage\":\"fr-FR\",\"potentialAction\":[{\"@type\":\"ReadAction\",\"target\":[\"https:\/\/footdavant.fr\/actualites\/compositions-confirmees-de-chelsea-contre-man-city-decisions-de-caicedo-cucurella-et-donnarumma-prises-pour-la-confrontation-en-premier-league\/\"]}]},{\"@type\":\"BreadcrumbList\",\"@id\":\"https:\/\/footdavant.fr\/actualites\/compositions-confirmees-de-chelsea-contre-man-city-decisions-de-caicedo-cucurella-et-donnarumma-prises-pour-la-confrontation-en-premier-league\/#breadcrumb\",\"itemListElement\":[{\"@type\":\"ListItem\",\"position\":1,\"name\":\"Accueil\",\"item\":\"https:\/\/footdavant.fr\/actualites\/\"},{\"@type\":\"ListItem\",\"position\":2,\"name\":\"Compositions confirm\u00e9es de Chelsea contre Man City : d\u00e9cisions de Caicedo, Cucurella et Donnarumma prises pour la confrontation en Premier League\"}]},{\"@type\":\"WebSite\",\"@id\":\"https:\/\/footdavant.fr\/actualites\/#website\",\"url\":\"https:\/\/footdavant.fr\/actualites\/\",\"name\":\"Foot d'avant\",\"description\":\"\",\"publisher\":{\"@id\":\"https:\/\/footdavant.fr\/actualites\/#organization\"},\"potentialAction\":[{\"@type\":\"SearchAction\",\"target\":{\"@type\":\"EntryPoint\",\"urlTemplate\":\"https:\/\/footdavant.fr\/actualites\/?s={search_term_string}\"},\"query-input\":\"required name=search_term_string\"}],\"inLanguage\":\"fr-FR\"},{\"@type\":\"Organization\",\"@id\":\"https:\/\/footdavant.fr\/actualites\/#organization\",\"name\":\"Foot d'avant\",\"url\":\"https:\/\/footdavant.fr\/actualites\/\",\"logo\":{\"@type\":\"ImageObject\",\"inLanguage\":\"fr-FR\",\"@id\":\"https:\/\/footdavant.fr\/actualites\/#\/schema\/logo\/image\/\",\"url\":\"https:\/\/footdavant.fr\/actualites\/wp-content\/uploads\/2023\/09\/Copy-of-FootDavant-Logo.png\",\"contentUrl\":\"https:\/\/footdavant.fr\/actualites\/wp-content\/uploads\/2023\/09\/Copy-of-FootDavant-Logo.png\",\"width\":936,\"height\":549,\"caption\":\"Foot d'avant\"},\"image\":{\"@id\":\"https:\/\/footdavant.fr\/actualites\/#\/schema\/logo\/image\/\"},\"sameAs\":[\"https:\/\/www.facebook.com\/Footdavant\/\",\"https:\/\/twitter.com\/FootdavantFr\",\"https:\/\/www.instagram.com\/footdavant.fr\/\"]},{\"@type\":\"Person\",\"@id\":\"https:\/\/footdavant.fr\/actualites\/#\/schema\/person\/bc222566d95871b37e597b3ed3ba5e1d\",\"name\":\"Cl\u00e9ment\",\"image\":{\"@type\":\"ImageObject\",\"inLanguage\":\"fr-FR\",\"@id\":\"https:\/\/footdavant.fr\/actualites\/#\/schema\/person\/image\/\",\"url\":\"https:\/\/secure.gravatar.com\/avatar\/7728b29aac2719421e1a9159b2254c44?s=96&d=mm&r=g\",\"contentUrl\":\"https:\/\/secure.gravatar.com\/avatar\/7728b29aac2719421e1a9159b2254c44?s=96&d=mm&r=g\",\"caption\":\"Cl\u00e9ment\"},\"sameAs\":[\"https:\/\/footdavant.fr\/\"]}]}<\/script>\n<!-- \/ Yoast SEO plugin. -->","yoast_head_json":{"title":"Compositions confirm\u00e9es de Chelsea contre Man City : d\u00e9cisions de Caicedo, Cucurella et Donnarumma prises pour la confrontation en Premier League","robots":{"index":"index","follow":"follow","max-snippet":"max-snippet:-1","max-image-preview":"max-image-preview:large","max-video-preview":"max-video-preview:-1"},"canonical":"https:\/\/footdavant.fr\/actualites\/compositions-confirmees-de-chelsea-contre-man-city-decisions-de-caicedo-cucurella-et-donnarumma-prises-pour-la-confrontation-en-premier-league\/","og_locale":"fr_FR","og_type":"article","og_title":"Compositions confirm\u00e9es de Chelsea contre Man City : d\u00e9cisions de Caicedo, Cucurella et Donnarumma prises pour la confrontation en Premier League","og_description":"Moises Caicedo et Marc Cucurella ont tous deux \u00e9t\u00e9 rappel\u00e9s dans la formation de d\u00e9part de Chelsea pour le match de Premier League de cet","og_url":"https:\/\/footdavant.fr\/actualites\/compositions-confirmees-de-chelsea-contre-man-city-decisions-de-caicedo-cucurella-et-donnarumma-prises-pour-la-confrontation-en-premier-league\/","og_site_name":"Foot d&#039;avant","article_publisher":"https:\/\/www.facebook.com\/Footdavant\/","article_published_time":"2026-04-16T00:48:16+00:00","article_modified_time":"2026-04-16T00:48:17+00:00","og_image":[{"width":720,"height":410,"url":"https:\/\/footdavant.fr\/actualites\/wp-content\/uploads\/2026\/01\/Blessure-a-Chelsea-liste-de-suspension-et-dates-de-retour.net2Fuploads2F20252F092Fchelsea-midfield.webp","type":"image\/webp"}],"author":"Cl\u00e9ment","twitter_card":"summary_large_image","twitter_creator":"@FootdavantFr","twitter_site":"@FootdavantFr","twitter_misc":{"\u00c9crit par":"Cl\u00e9ment","Dur\u00e9e de lecture estim\u00e9e":"2 minutes"},"schema":{"@context":"https:\/\/schema.org","@graph":[{"@type":"Article","@id":"https:\/\/footdavant.fr\/actualites\/compositions-confirmees-de-chelsea-contre-man-city-decisions-de-caicedo-cucurella-et-donnarumma-prises-pour-la-confrontation-en-premier-league\/#article","isPartOf":{"@id":"https:\/\/footdavant.fr\/actualites\/compositions-confirmees-de-chelsea-contre-man-city-decisions-de-caicedo-cucurella-et-donnarumma-prises-pour-la-confrontation-en-premier-league\/"},"author":{"name":"Cl\u00e9ment","@id":"https:\/\/footdavant.fr\/actualites\/#\/schema\/person\/bc222566d95871b37e597b3ed3ba5e1d"},"headline":"Compositions confirm\u00e9es de Chelsea contre Man City : d\u00e9cisions de Caicedo, Cucurella et Donnarumma prises pour la confrontation en Premier League","datePublished":"2026-04-16T00:48:16+00:00","dateModified":"2026-04-16T00:48:17+00:00","mainEntityOfPage":{"@id":"https:\/\/footdavant.fr\/actualites\/compositions-confirmees-de-chelsea-contre-man-city-decisions-de-caicedo-cucurella-et-donnarumma-prises-pour-la-confrontation-en-premier-league\/"},"wordCount":486,"publisher":{"@id":"https:\/\/footdavant.fr\/actualites\/#organization"},"keywords":["Caicedo","Chelsea","City","compositions","confirm\u00e9es","confrontation","contre","Cucurella","d\u00e9cisions","Donnarumma","League","Man","pour","Premier","prises"],"articleSection":["Premier League"],"inLanguage":"fr-FR"},{"@type":"WebPage","@id":"https:\/\/footdavant.fr\/actualites\/compositions-confirmees-de-chelsea-contre-man-city-decisions-de-caicedo-cucurella-et-donnarumma-prises-pour-la-confrontation-en-premier-league\/","url":"https:\/\/footdavant.fr\/actualites\/compositions-confirmees-de-chelsea-contre-man-city-decisions-de-caicedo-cucurella-et-donnarumma-prises-pour-la-confrontation-en-premier-league\/","name":"Compositions confirm\u00e9es de Chelsea contre Man City : d\u00e9cisions de Caicedo, Cucurella et Donnarumma prises pour la confrontation en Premier League","isPartOf":{"@id":"https:\/\/footdavant.fr\/actualites\/#website"},"datePublished":"2026-04-16T00:48:16+00:00","dateModified":"2026-04-16T00:48:17+00:00","breadcrumb":{"@id":"https:\/\/footdavant.fr\/actualites\/compositions-confirmees-de-chelsea-contre-man-city-decisions-de-caicedo-cucurella-et-donnarumma-prises-pour-la-confrontation-en-premier-league\/#breadcrumb"},"inLanguage":"fr-FR","potentialAction":[{"@type":"ReadAction","target":["https:\/\/footdavant.fr\/actualites\/compositions-confirmees-de-chelsea-contre-man-city-decisions-de-caicedo-cucurella-et-donnarumma-prises-pour-la-confrontation-en-premier-league\/"]}]},{"@type":"BreadcrumbList","@id":"https:\/\/footdavant.fr\/actualites\/compositions-confirmees-de-chelsea-contre-man-city-decisions-de-caicedo-cucurella-et-donnarumma-prises-pour-la-confrontation-en-premier-league\/#breadcrumb","itemListElement":[{"@type":"ListItem","position":1,"name":"Accueil","item":"https:\/\/footdavant.fr\/actualites\/"},{"@type":"ListItem","position":2,"name":"Compositions confirm\u00e9es de Chelsea contre Man City : d\u00e9cisions de Caicedo, Cucurella et Donnarumma prises pour la confrontation en Premier League"}]},{"@type":"WebSite","@id":"https:\/\/footdavant.fr\/actualites\/#website","url":"https:\/\/footdavant.fr\/actualites\/","name":"Foot d'avant","description":"","publisher":{"@id":"https:\/\/footdavant.fr\/actualites\/#organization"},"potentialAction":[{"@type":"SearchAction","target":{"@type":"EntryPoint","urlTemplate":"https:\/\/footdavant.fr\/actualites\/?s={search_term_string}"},"query-input":"required name=search_term_string"}],"inLanguage":"fr-FR"},{"@type":"Organization","@id":"https:\/\/footdavant.fr\/actualites\/#organization","name":"Foot d'avant","url":"https:\/\/footdavant.fr\/actualites\/","logo":{"@type":"ImageObject","inLanguage":"fr-FR","@id":"https:\/\/footdavant.fr\/actualites\/#\/schema\/logo\/image\/","url":"https:\/\/footdavant.fr\/actualites\/wp-content\/uploads\/2023\/09\/Copy-of-FootDavant-Logo.png","contentUrl":"https:\/\/footdavant.fr\/actualites\/wp-content\/uploads\/2023\/09\/Copy-of-FootDavant-Logo.png","width":936,"height":549,"caption":"Foot d'avant"},"image":{"@id":"https:\/\/footdavant.fr\/actualites\/#\/schema\/logo\/image\/"},"sameAs":["https:\/\/www.facebook.com\/Footdavant\/","https:\/\/twitter.com\/FootdavantFr","https:\/\/www.instagram.com\/footdavant.fr\/"]},{"@type":"Person","@id":"https:\/\/footdavant.fr\/actualites\/#\/schema\/person\/bc222566d95871b37e597b3ed3ba5e1d","name":"Cl\u00e9ment","image":{"@type":"ImageObject","inLanguage":"fr-FR","@id":"https:\/\/footdavant.fr\/actualites\/#\/schema\/person\/image\/","url":"https:\/\/secure.gravatar.com\/avatar\/7728b29aac2719421e1a9159b2254c44?s=96&d=mm&r=g","contentUrl":"https:\/\/secure.gravatar.com\/avatar\/7728b29aac2719421e1a9159b2254c44?s=96&d=mm&r=g","caption":"Cl\u00e9ment"},"sameAs":["https:\/\/footdavant.fr\/"]}]}},"_links":{"self":[{"href":"https:\/\/footdavant.fr\/actualites\/wp-json\/wp\/v2\/posts\/36504"}],"collection":[{"href":"https:\/\/footdavant.fr\/actualites\/wp-json\/wp\/v2\/posts"}],"about":[{"href":"https:\/\/footdavant.fr\/actualites\/wp-json\/wp\/v2\/types\/post"}],"author":[{"embeddable":true,"href":"https:\/\/footdavant.fr\/actualites\/wp-json\/wp\/v2\/users\/1"}],"replies":[{"embeddable":true,"href":"https:\/\/footdavant.fr\/actualites\/wp-json\/wp\/v2\/comments?post=36504"}],"version-history":[{"count":1,"href":"https:\/\/footdavant.fr\/actualites\/wp-json\/wp\/v2\/posts\/36504\/revisions"}],"predecessor-version":[{"id":36505,"href":"https:\/\/footdavant.fr\/actualites\/wp-json\/wp\/v2\/posts\/36504\/revisions\/36505"}],"wp:featuredmedia":[{"embeddable":true,"href":"https:\/\/footdavant.fr\/actualites\/wp-json\/wp\/v2\/media\/33019"}],"wp:attachment":[{"href":"https:\/\/footdavant.fr\/actualites\/wp-json\/wp\/v2\/media?parent=36504"}],"wp:term":[{"taxonomy":"category","embeddable":true,"href":"https:\/\/footdavant.fr\/actualites\/wp-json\/wp\/v2\/categories?post=36504"},{"taxonomy":"post_tag","embeddable":true,"href":"https:\/\/footdavant.fr\/actualites\/wp-json\/wp\/v2\/tags?post=36504"}],"curies":[{"name":"wp","href":"https:\/\/api.w.org\/{rel}","templated":true}]}}