{"id":36509,"date":"2026-04-16T06:48:07","date_gmt":"2026-04-16T04:48:07","guid":{"rendered":"https:\/\/footdavant.fr\/actualites\/pourquoi-tottenham-a-vu-son-penalty-annule-contre-sunderland-lors-de-la-publication-du-communique-du-var\/"},"modified":"2026-04-16T06:48:09","modified_gmt":"2026-04-16T04:48:09","slug":"pourquoi-tottenham-a-vu-son-penalty-annule-contre-sunderland-lors-de-la-publication-du-communique-du-var","status":"publish","type":"post","link":"https:\/\/footdavant.fr\/actualites\/pourquoi-tottenham-a-vu-son-penalty-annule-contre-sunderland-lors-de-la-publication-du-communique-du-var\/","title":{"rendered":"Pourquoi Tottenham a vu son penalty annul\u00e9 contre Sunderland lors de la publication du communiqu\u00e9 du VAR"},"content":{"rendered":"<div itemprop=\"articleBody\">\n<p>La Premier League a expliqu\u00e9 pourquoi Tottenham Hotspur a vu un penalty annul\u00e9 lors de sa confrontation en Premier League avec Sunderland au Stadium of Light.<\/p>\n<p>Les Lilywhites ont fait un d\u00e9but positif pour leur premier match sous la direction du nouveau patron Roberto De Zerbi, qui a s\u00e9lectionn\u00e9 Randal Kolo Muani, Dominic Solanke et Richarlison dans le dernier tiers.<\/p>\n<p>Le premier s&#39;est vu accorder un penalty &#8211; qui aurait \u00e9t\u00e9 le premier des Spurs de la saison de Premier League &#8211; par l&#39;arbitre Rob Jones au milieu de la premi\u00e8re mi-temps, apr\u00e8s avoir chut\u00e9 sous la pression d&#39;Omar Alderete et Luke O&#39;Nien.<\/p>\n<p>Les Black Cats \u00e9taient naturellement furieux de la d\u00e9cision du responsable, et suite \u00e0 une conversation avec la salle VAR, Jones a \u00e9t\u00e9 envoy\u00e9 au moniteur pour un examen sur le terrain.<\/p>\n<p>Les rediffusions ont montr\u00e9 le d\u00e9fenseur de Sunderland, Alderete, mettant le pied sur le ballon en premier avant que Kolo Muani ne tombe sur O&#39;Nien, et Jones a finalement annul\u00e9 sa d\u00e9cision de donner un coup de pied \u00e0 Tottenham.<\/p>\n<h2>La Premier League publie une d\u00e9claration apr\u00e8s l&#39;annulation du penalty de Tottenham<\/h2>\n<div>\n<div>\n<div>\n<p>\u00a9 Imago \/ Images de sports professionnels<\/p>\n<\/div>\n<\/div>\n<\/div>\n<p>Le Match Center de Premier League a expliqu\u00e9 la d\u00e9cision r\u00e9vis\u00e9e de l&#39;arbitre dans une d\u00e9claration X, en publiant\u00a0: \u00ab\u00a0Apr\u00e8s l&#39;examen du VAR, l&#39;arbitre a annul\u00e9 la d\u00e9cision initiale de penalty contre Tottenham Hotspur.<\/p>\n<p>\u00ab\u00a0Annonce de l&#39;arbitre : &#39;Apr\u00e8s examen, le 15 joue clairement le ballon en premier, avant tout contact ult\u00e9rieur. La d\u00e9cision finale est de laisser tomber le ballon au gardien de but. Pas de p\u00e9nalit\u00e9.&#39;\u00a0\u00bb<\/p>\n<p>L&#39;annulation du penalty de Kolo Muani a \u00e9t\u00e9 le premier v\u00e9ritable point chaud de la premi\u00e8re mi-temps au Stadium of Light, o\u00f9 les joueurs des Spurs et de Sunderland sont devenus de plus en plus nerveux \u00e0 l&#39;approche du coup de sifflet.<\/p>\n<p>Cristian Romero, Micky van de Ven et Pedro Porro ont tous \u00e9t\u00e9 avertis par l&#39;arbitre Jones, tout comme Brian Brobbey, enflamm\u00e9, qui a balanc\u00e9 un bras en direction de Porro lors d&#39;une bagarre.<\/p>\n<h2>Incident de p\u00e9nalit\u00e9 de Sunderland-Tottenham, une utilisation rafra\u00eechissante et correcte du VAR<\/h2>\n<blockquote class=\"twitter-tweet\"><p>&#13;<\/p>\n<p dir=\"ltr\" lang=\"en\"><a rel=\"nofollow\" href=\"https:\/\/twitter.com\/hashtag\/SUNTOT?src=hash&amp;ref_src=twsrc%5Etfw\">#SUNTOT<\/a> \u2013 RENVERSEMENT DU VAR \u200b\u200b22&#39;<\/p>\n<p>Apr\u00e8s examen du VAR, l&#39;arbitre a annul\u00e9 la d\u00e9cision initiale de penalty contre Tottenham Hotspur.<\/p>\n<p>Annonce de l&#39;arbitre : \u00ab\u00a0Apr\u00e8s examen, la maison 15 joue clairement le ballon en premier, avant tout contact ult\u00e9rieur. La d\u00e9cision finale est de laisser tomber le ballon au\u2026<\/p>\n<p>\u2013 Centre de matchs de Premier League (@PLMatchCentre) <a rel=\"nofollow\" href=\"https:\/\/twitter.com\/PLMatchCentre\/status\/2043320817589649476?ref_src=twsrc%5Etfw\">12 avril 2026<\/a><\/p><\/blockquote>\n<p>\u00c0 chaque d\u00e9cision du VAR prise en Premier League, il est important de se rappeler que la technologie ne doit \u00eatre utilis\u00e9e que pour annuler des erreurs \u00ab\u00a0claires et \u00e9videntes\u00a0\u00bb.<\/p>\n<p>Depuis sa mise en \u0153uvre, nous avons trop souvent vu des buts annul\u00e9s, des p\u00e9nalit\u00e9s prononc\u00e9es \u2013 ou non \u2013 pour des infractions mineures, ce que ni les arbitres ni les juges de touche n&#39;auraient pu constater de mani\u00e8re r\u00e9aliste en temps r\u00e9el.<\/p>\n<p>Il y a aussi l&#39;argument selon lequel les arbitres ne sifflent pas assez souvent en raison du \u00ab filet de s\u00e9curit\u00e9 \u00bb du VAR, bien que l&#39;inverse soit vrai dans le cas de Jones, dont l&#39;appel initial \u00e9tait compr\u00e9hensible compte tenu de sa vision de l&#39;incident.<\/p>\n<p>Cependant, les rediffusions ont clairement montr\u00e9 qu&#39;aucune faute n&#39;avait \u00e9t\u00e9 commise, et Jones a pu prendre une d\u00e9cision relativement rapide en regardant les preuves, dans un bon exemple de la fa\u00e7on dont VAR <em>devrait<\/em> \u00eatre utilis\u00e9.<\/p>\n<\/div>\n<p><script async src=\"https:\/\/platform.twitter.com\/widgets.js\" charset=\"utf-8\"><\/script><\/p>\n","protected":false},"excerpt":{"rendered":"<p>La Premier League a expliqu\u00e9 pourquoi Tottenham Hotspur a vu un penalty annul\u00e9 lors de sa confrontation en Premier League avec Sunderland au Stadium of<\/p>\n","protected":false},"author":1,"featured_media":36510,"comment_status":"closed","ping_status":"","sticky":false,"template":"","format":"standard","meta":{"footnotes":""},"categories":[5],"tags":[4039,5272,20,64,255,610,6956,86,1955,68,748],"yoast_head":"<!-- This site is optimized with the Yoast SEO plugin v21.0 - https:\/\/yoast.com\/wordpress\/plugins\/seo\/ -->\n<title>Pourquoi Tottenham a vu son penalty annul\u00e9 contre Sunderland lors de la publication du communiqu\u00e9 du VAR<\/title>\n<meta name=\"robots\" content=\"index, follow, max-snippet:-1, max-image-preview:large, max-video-preview:-1\" \/>\n<link rel=\"canonical\" href=\"https:\/\/footdavant.fr\/actualites\/pourquoi-tottenham-a-vu-son-penalty-annule-contre-sunderland-lors-de-la-publication-du-communique-du-var\/\" \/>\n<meta property=\"og:locale\" content=\"fr_FR\" \/>\n<meta property=\"og:type\" content=\"article\" \/>\n<meta property=\"og:title\" content=\"Pourquoi Tottenham a vu son penalty annul\u00e9 contre Sunderland lors de la publication du communiqu\u00e9 du VAR\" \/>\n<meta property=\"og:description\" content=\"La Premier League a expliqu\u00e9 pourquoi Tottenham Hotspur a vu un penalty annul\u00e9 lors de sa confrontation en Premier League avec Sunderland au Stadium of\" \/>\n<meta property=\"og:url\" content=\"https:\/\/footdavant.fr\/actualites\/pourquoi-tottenham-a-vu-son-penalty-annule-contre-sunderland-lors-de-la-publication-du-communique-du-var\/\" \/>\n<meta property=\"og:site_name\" content=\"Foot d&#039;avant\" \/>\n<meta property=\"article:publisher\" content=\"https:\/\/www.facebook.com\/Footdavant\/\" \/>\n<meta property=\"article:published_time\" content=\"2026-04-16T04:48:07+00:00\" \/>\n<meta property=\"article:modified_time\" content=\"2026-04-16T04:48:09+00:00\" \/>\n<meta property=\"og:image\" content=\"https:\/\/footdavant.fr\/actualites\/wp-content\/uploads\/2026\/04\/Pourquoi-Tottenham-a-vu-son-penalty-annule-contre-Sunderland-lors.net2Fuploads2F20262F042Ficonsport-364148.webp\" \/>\n\t<meta property=\"og:image:width\" content=\"720\" \/>\n\t<meta property=\"og:image:height\" content=\"410\" \/>\n\t<meta property=\"og:image:type\" content=\"image\/webp\" \/>\n<meta name=\"author\" content=\"Cl\u00e9ment\" \/>\n<meta name=\"twitter:card\" content=\"summary_large_image\" \/>\n<meta name=\"twitter:creator\" content=\"@FootdavantFr\" \/>\n<meta name=\"twitter:site\" content=\"@FootdavantFr\" \/>\n<meta name=\"twitter:label1\" content=\"\u00c9crit par\" \/>\n\t<meta name=\"twitter:data1\" content=\"Cl\u00e9ment\" \/>\n\t<meta name=\"twitter:label2\" content=\"Dur\u00e9e de lecture estim\u00e9e\" \/>\n\t<meta name=\"twitter:data2\" content=\"3 minutes\" \/>\n<script type=\"application\/ld+json\" class=\"yoast-schema-graph\">{\"@context\":\"https:\/\/schema.org\",\"@graph\":[{\"@type\":\"Article\",\"@id\":\"https:\/\/footdavant.fr\/actualites\/pourquoi-tottenham-a-vu-son-penalty-annule-contre-sunderland-lors-de-la-publication-du-communique-du-var\/#article\",\"isPartOf\":{\"@id\":\"https:\/\/footdavant.fr\/actualites\/pourquoi-tottenham-a-vu-son-penalty-annule-contre-sunderland-lors-de-la-publication-du-communique-du-var\/\"},\"author\":{\"name\":\"Cl\u00e9ment\",\"@id\":\"https:\/\/footdavant.fr\/actualites\/#\/schema\/person\/bc222566d95871b37e597b3ed3ba5e1d\"},\"headline\":\"Pourquoi Tottenham a vu son penalty annul\u00e9 contre Sunderland lors de la publication du communiqu\u00e9 du VAR\",\"datePublished\":\"2026-04-16T04:48:07+00:00\",\"dateModified\":\"2026-04-16T04:48:09+00:00\",\"mainEntityOfPage\":{\"@id\":\"https:\/\/footdavant.fr\/actualites\/pourquoi-tottenham-a-vu-son-penalty-annule-contre-sunderland-lors-de-la-publication-du-communique-du-var\/\"},\"wordCount\":627,\"publisher\":{\"@id\":\"https:\/\/footdavant.fr\/actualites\/#organization\"},\"keywords\":[\"annul\u00e9\",\"communiqu\u00e9\",\"contre\",\"lors\",\"penalty\",\"Pourquoi\",\"publication\",\"son\",\"Sunderland\",\"Tottenham\",\"VAR\"],\"articleSection\":[\"Premier League\"],\"inLanguage\":\"fr-FR\"},{\"@type\":\"WebPage\",\"@id\":\"https:\/\/footdavant.fr\/actualites\/pourquoi-tottenham-a-vu-son-penalty-annule-contre-sunderland-lors-de-la-publication-du-communique-du-var\/\",\"url\":\"https:\/\/footdavant.fr\/actualites\/pourquoi-tottenham-a-vu-son-penalty-annule-contre-sunderland-lors-de-la-publication-du-communique-du-var\/\",\"name\":\"Pourquoi Tottenham a vu son penalty annul\u00e9 contre Sunderland lors de la publication du communiqu\u00e9 du VAR\",\"isPartOf\":{\"@id\":\"https:\/\/footdavant.fr\/actualites\/#website\"},\"datePublished\":\"2026-04-16T04:48:07+00:00\",\"dateModified\":\"2026-04-16T04:48:09+00:00\",\"breadcrumb\":{\"@id\":\"https:\/\/footdavant.fr\/actualites\/pourquoi-tottenham-a-vu-son-penalty-annule-contre-sunderland-lors-de-la-publication-du-communique-du-var\/#breadcrumb\"},\"inLanguage\":\"fr-FR\",\"potentialAction\":[{\"@type\":\"ReadAction\",\"target\":[\"https:\/\/footdavant.fr\/actualites\/pourquoi-tottenham-a-vu-son-penalty-annule-contre-sunderland-lors-de-la-publication-du-communique-du-var\/\"]}]},{\"@type\":\"BreadcrumbList\",\"@id\":\"https:\/\/footdavant.fr\/actualites\/pourquoi-tottenham-a-vu-son-penalty-annule-contre-sunderland-lors-de-la-publication-du-communique-du-var\/#breadcrumb\",\"itemListElement\":[{\"@type\":\"ListItem\",\"position\":1,\"name\":\"Accueil\",\"item\":\"https:\/\/footdavant.fr\/actualites\/\"},{\"@type\":\"ListItem\",\"position\":2,\"name\":\"Pourquoi Tottenham a vu son penalty annul\u00e9 contre Sunderland lors de la publication du communiqu\u00e9 du VAR\"}]},{\"@type\":\"WebSite\",\"@id\":\"https:\/\/footdavant.fr\/actualites\/#website\",\"url\":\"https:\/\/footdavant.fr\/actualites\/\",\"name\":\"Foot d'avant\",\"description\":\"\",\"publisher\":{\"@id\":\"https:\/\/footdavant.fr\/actualites\/#organization\"},\"potentialAction\":[{\"@type\":\"SearchAction\",\"target\":{\"@type\":\"EntryPoint\",\"urlTemplate\":\"https:\/\/footdavant.fr\/actualites\/?s={search_term_string}\"},\"query-input\":\"required name=search_term_string\"}],\"inLanguage\":\"fr-FR\"},{\"@type\":\"Organization\",\"@id\":\"https:\/\/footdavant.fr\/actualites\/#organization\",\"name\":\"Foot d'avant\",\"url\":\"https:\/\/footdavant.fr\/actualites\/\",\"logo\":{\"@type\":\"ImageObject\",\"inLanguage\":\"fr-FR\",\"@id\":\"https:\/\/footdavant.fr\/actualites\/#\/schema\/logo\/image\/\",\"url\":\"https:\/\/footdavant.fr\/actualites\/wp-content\/uploads\/2023\/09\/Copy-of-FootDavant-Logo.png\",\"contentUrl\":\"https:\/\/footdavant.fr\/actualites\/wp-content\/uploads\/2023\/09\/Copy-of-FootDavant-Logo.png\",\"width\":936,\"height\":549,\"caption\":\"Foot d'avant\"},\"image\":{\"@id\":\"https:\/\/footdavant.fr\/actualites\/#\/schema\/logo\/image\/\"},\"sameAs\":[\"https:\/\/www.facebook.com\/Footdavant\/\",\"https:\/\/twitter.com\/FootdavantFr\",\"https:\/\/www.instagram.com\/footdavant.fr\/\"]},{\"@type\":\"Person\",\"@id\":\"https:\/\/footdavant.fr\/actualites\/#\/schema\/person\/bc222566d95871b37e597b3ed3ba5e1d\",\"name\":\"Cl\u00e9ment\",\"image\":{\"@type\":\"ImageObject\",\"inLanguage\":\"fr-FR\",\"@id\":\"https:\/\/footdavant.fr\/actualites\/#\/schema\/person\/image\/\",\"url\":\"https:\/\/secure.gravatar.com\/avatar\/7728b29aac2719421e1a9159b2254c44?s=96&d=mm&r=g\",\"contentUrl\":\"https:\/\/secure.gravatar.com\/avatar\/7728b29aac2719421e1a9159b2254c44?s=96&d=mm&r=g\",\"caption\":\"Cl\u00e9ment\"},\"sameAs\":[\"https:\/\/footdavant.fr\/\"]}]}<\/script>\n<!-- \/ Yoast SEO plugin. -->","yoast_head_json":{"title":"Pourquoi Tottenham a vu son penalty annul\u00e9 contre Sunderland lors de la publication du communiqu\u00e9 du VAR","robots":{"index":"index","follow":"follow","max-snippet":"max-snippet:-1","max-image-preview":"max-image-preview:large","max-video-preview":"max-video-preview:-1"},"canonical":"https:\/\/footdavant.fr\/actualites\/pourquoi-tottenham-a-vu-son-penalty-annule-contre-sunderland-lors-de-la-publication-du-communique-du-var\/","og_locale":"fr_FR","og_type":"article","og_title":"Pourquoi Tottenham a vu son penalty annul\u00e9 contre Sunderland lors de la publication du communiqu\u00e9 du VAR","og_description":"La Premier League a expliqu\u00e9 pourquoi Tottenham Hotspur a vu un penalty annul\u00e9 lors de sa confrontation en Premier League avec Sunderland au Stadium of","og_url":"https:\/\/footdavant.fr\/actualites\/pourquoi-tottenham-a-vu-son-penalty-annule-contre-sunderland-lors-de-la-publication-du-communique-du-var\/","og_site_name":"Foot d&#039;avant","article_publisher":"https:\/\/www.facebook.com\/Footdavant\/","article_published_time":"2026-04-16T04:48:07+00:00","article_modified_time":"2026-04-16T04:48:09+00:00","og_image":[{"width":720,"height":410,"url":"https:\/\/footdavant.fr\/actualites\/wp-content\/uploads\/2026\/04\/Pourquoi-Tottenham-a-vu-son-penalty-annule-contre-Sunderland-lors.net2Fuploads2F20262F042Ficonsport-364148.webp","type":"image\/webp"}],"author":"Cl\u00e9ment","twitter_card":"summary_large_image","twitter_creator":"@FootdavantFr","twitter_site":"@FootdavantFr","twitter_misc":{"\u00c9crit par":"Cl\u00e9ment","Dur\u00e9e de lecture estim\u00e9e":"3 minutes"},"schema":{"@context":"https:\/\/schema.org","@graph":[{"@type":"Article","@id":"https:\/\/footdavant.fr\/actualites\/pourquoi-tottenham-a-vu-son-penalty-annule-contre-sunderland-lors-de-la-publication-du-communique-du-var\/#article","isPartOf":{"@id":"https:\/\/footdavant.fr\/actualites\/pourquoi-tottenham-a-vu-son-penalty-annule-contre-sunderland-lors-de-la-publication-du-communique-du-var\/"},"author":{"name":"Cl\u00e9ment","@id":"https:\/\/footdavant.fr\/actualites\/#\/schema\/person\/bc222566d95871b37e597b3ed3ba5e1d"},"headline":"Pourquoi Tottenham a vu son penalty annul\u00e9 contre Sunderland lors de la publication du communiqu\u00e9 du VAR","datePublished":"2026-04-16T04:48:07+00:00","dateModified":"2026-04-16T04:48:09+00:00","mainEntityOfPage":{"@id":"https:\/\/footdavant.fr\/actualites\/pourquoi-tottenham-a-vu-son-penalty-annule-contre-sunderland-lors-de-la-publication-du-communique-du-var\/"},"wordCount":627,"publisher":{"@id":"https:\/\/footdavant.fr\/actualites\/#organization"},"keywords":["annul\u00e9","communiqu\u00e9","contre","lors","penalty","Pourquoi","publication","son","Sunderland","Tottenham","VAR"],"articleSection":["Premier League"],"inLanguage":"fr-FR"},{"@type":"WebPage","@id":"https:\/\/footdavant.fr\/actualites\/pourquoi-tottenham-a-vu-son-penalty-annule-contre-sunderland-lors-de-la-publication-du-communique-du-var\/","url":"https:\/\/footdavant.fr\/actualites\/pourquoi-tottenham-a-vu-son-penalty-annule-contre-sunderland-lors-de-la-publication-du-communique-du-var\/","name":"Pourquoi Tottenham a vu son penalty annul\u00e9 contre Sunderland lors de la publication du communiqu\u00e9 du VAR","isPartOf":{"@id":"https:\/\/footdavant.fr\/actualites\/#website"},"datePublished":"2026-04-16T04:48:07+00:00","dateModified":"2026-04-16T04:48:09+00:00","breadcrumb":{"@id":"https:\/\/footdavant.fr\/actualites\/pourquoi-tottenham-a-vu-son-penalty-annule-contre-sunderland-lors-de-la-publication-du-communique-du-var\/#breadcrumb"},"inLanguage":"fr-FR","potentialAction":[{"@type":"ReadAction","target":["https:\/\/footdavant.fr\/actualites\/pourquoi-tottenham-a-vu-son-penalty-annule-contre-sunderland-lors-de-la-publication-du-communique-du-var\/"]}]},{"@type":"BreadcrumbList","@id":"https:\/\/footdavant.fr\/actualites\/pourquoi-tottenham-a-vu-son-penalty-annule-contre-sunderland-lors-de-la-publication-du-communique-du-var\/#breadcrumb","itemListElement":[{"@type":"ListItem","position":1,"name":"Accueil","item":"https:\/\/footdavant.fr\/actualites\/"},{"@type":"ListItem","position":2,"name":"Pourquoi Tottenham a vu son penalty annul\u00e9 contre Sunderland lors de la publication du communiqu\u00e9 du VAR"}]},{"@type":"WebSite","@id":"https:\/\/footdavant.fr\/actualites\/#website","url":"https:\/\/footdavant.fr\/actualites\/","name":"Foot d'avant","description":"","publisher":{"@id":"https:\/\/footdavant.fr\/actualites\/#organization"},"potentialAction":[{"@type":"SearchAction","target":{"@type":"EntryPoint","urlTemplate":"https:\/\/footdavant.fr\/actualites\/?s={search_term_string}"},"query-input":"required name=search_term_string"}],"inLanguage":"fr-FR"},{"@type":"Organization","@id":"https:\/\/footdavant.fr\/actualites\/#organization","name":"Foot d'avant","url":"https:\/\/footdavant.fr\/actualites\/","logo":{"@type":"ImageObject","inLanguage":"fr-FR","@id":"https:\/\/footdavant.fr\/actualites\/#\/schema\/logo\/image\/","url":"https:\/\/footdavant.fr\/actualites\/wp-content\/uploads\/2023\/09\/Copy-of-FootDavant-Logo.png","contentUrl":"https:\/\/footdavant.fr\/actualites\/wp-content\/uploads\/2023\/09\/Copy-of-FootDavant-Logo.png","width":936,"height":549,"caption":"Foot d'avant"},"image":{"@id":"https:\/\/footdavant.fr\/actualites\/#\/schema\/logo\/image\/"},"sameAs":["https:\/\/www.facebook.com\/Footdavant\/","https:\/\/twitter.com\/FootdavantFr","https:\/\/www.instagram.com\/footdavant.fr\/"]},{"@type":"Person","@id":"https:\/\/footdavant.fr\/actualites\/#\/schema\/person\/bc222566d95871b37e597b3ed3ba5e1d","name":"Cl\u00e9ment","image":{"@type":"ImageObject","inLanguage":"fr-FR","@id":"https:\/\/footdavant.fr\/actualites\/#\/schema\/person\/image\/","url":"https:\/\/secure.gravatar.com\/avatar\/7728b29aac2719421e1a9159b2254c44?s=96&d=mm&r=g","contentUrl":"https:\/\/secure.gravatar.com\/avatar\/7728b29aac2719421e1a9159b2254c44?s=96&d=mm&r=g","caption":"Cl\u00e9ment"},"sameAs":["https:\/\/footdavant.fr\/"]}]}},"_links":{"self":[{"href":"https:\/\/footdavant.fr\/actualites\/wp-json\/wp\/v2\/posts\/36509"}],"collection":[{"href":"https:\/\/footdavant.fr\/actualites\/wp-json\/wp\/v2\/posts"}],"about":[{"href":"https:\/\/footdavant.fr\/actualites\/wp-json\/wp\/v2\/types\/post"}],"author":[{"embeddable":true,"href":"https:\/\/footdavant.fr\/actualites\/wp-json\/wp\/v2\/users\/1"}],"replies":[{"embeddable":true,"href":"https:\/\/footdavant.fr\/actualites\/wp-json\/wp\/v2\/comments?post=36509"}],"version-history":[{"count":1,"href":"https:\/\/footdavant.fr\/actualites\/wp-json\/wp\/v2\/posts\/36509\/revisions"}],"predecessor-version":[{"id":36511,"href":"https:\/\/footdavant.fr\/actualites\/wp-json\/wp\/v2\/posts\/36509\/revisions\/36511"}],"wp:featuredmedia":[{"embeddable":true,"href":"https:\/\/footdavant.fr\/actualites\/wp-json\/wp\/v2\/media\/36510"}],"wp:attachment":[{"href":"https:\/\/footdavant.fr\/actualites\/wp-json\/wp\/v2\/media?parent=36509"}],"wp:term":[{"taxonomy":"category","embeddable":true,"href":"https:\/\/footdavant.fr\/actualites\/wp-json\/wp\/v2\/categories?post=36509"},{"taxonomy":"post_tag","embeddable":true,"href":"https:\/\/footdavant.fr\/actualites\/wp-json\/wp\/v2\/tags?post=36509"}],"curies":[{"name":"wp","href":"https:\/\/api.w.org\/{rel}","templated":true}]}}