{"id":36512,"date":"2026-04-16T08:48:16","date_gmt":"2026-04-16T06:48:16","guid":{"rendered":"https:\/\/footdavant.fr\/actualites\/peu-importe-ce-que-les-gens-pensent\/"},"modified":"2026-04-16T08:48:19","modified_gmt":"2026-04-16T06:48:19","slug":"peu-importe-ce-que-les-gens-pensent","status":"publish","type":"post","link":"https:\/\/footdavant.fr\/actualites\/peu-importe-ce-que-les-gens-pensent\/","title":{"rendered":"\u00ab\u00a0Peu importe ce que les gens pensent\u00a0?\u00a0\u00bb"},"content":{"rendered":"<p>Arsenal affrontera l&#39;Atletico Madrid en demi-finale de la Ligue des champions apr\u00e8s avoir \u00e9limin\u00e9 le Sporting<\/p>\n<div>\n<p>Arsenal est qualifi\u00e9 pour les demi-finales de la Ligue des champions pour la deuxi\u00e8me saison cons\u00e9cutive apr\u00e8s un match nul et vierge contre le Sporting CP aux Emirats qui les a vu avancer 1-0 au total, et l&#39;ambiance dans le vestiaire n&#39;aurait gu\u00e8re pu \u00eatre plus diff\u00e9rente de l&#39;anxi\u00e9t\u00e9 qui s&#39;est gliss\u00e9e dans leur campagne en Premier League ces derni\u00e8res semaines.<\/p>\n<p>Gabriel Martinelli, Declan Rice et Mikel Arteta se sont tous entretenus avec TNT Sports apr\u00e8s le coup de sifflet final, et le message des trois \u00e9tait le m\u00eame : profitez de ce soir, puis recommencez dimanche contre Manchester City.<\/p>\n<p>Arsenal affrontera l&#39;Atletico Madrid en demi-finale apr\u00e8s que l&#39;\u00e9quipe de Diego Simeone ait battu Barcelone 3-2 au total.<\/p>\n<h2 class=\"wp-block-heading\"><span id=\"8216We_Deserve_That8217\">\u00ab\u00a0Nous m\u00e9ritons cela\u00a0\u00bb<\/span><\/h2>\n<p>Martinelli \u00e9tait de bonne humeur alors qu&#39;il r\u00e9fl\u00e9chissait \u00e0 sa deuxi\u00e8me place cons\u00e9cutive dans le dernier carr\u00e9, la premi\u00e8re fois en 140 ans d&#39;histoire d&#39;Arsenal qu&#39;ils atteignaient deux demi-finales cons\u00e9cutives de la Ligue des champions.<\/p>\n<p>\u00ab\u00a0Ouais, tout le monde bourdonne dans le vestiaire\u00a0\u00bb, a d\u00e9clar\u00e9 le Br\u00e9silien \u00e0 TNT Sports. \u00ab\u00a0Deux fois de suite en demi-finale de la Ligue des Champions. Tout le monde est content. Je pense que nous le m\u00e9ritons. Nous avons bien jou\u00e9 et nous le m\u00e9ritons. Maintenant, profitez-en ce soir et nous en aurons un grand dimanche aussi.<\/p>\n<p>\u00ab\u00a0Quand nous jouons la Ligue des Champions, c&#39;est toujours difficile. Il n&#39;y a pas une seule \u00e9quipe qui ne soit pas forte. Nous savions qu&#39;ils viendraient pour essayer de marquer. Leur fa\u00e7on de jouer est vraiment bonne. Nous avons bien jou\u00e9 et nous n&#39;avons pas encaiss\u00e9. Nous n&#39;avons pas aussi bien marqu\u00e9 mais nous avons obtenu le nul et nous sommes qualifi\u00e9s.\u00a0\u00bb<\/p>\n<figure class=\"wp-block-image size-large\"><picture decoding=\"async\" class=\"wp-image-171826\"><source type=\"image\/webp\" data-lazy- \/><img loading=\"lazy\" decoding=\"async\" width=\"1024\" height=\"683\" src=\"https:\/\/footdavant.fr\/actualites\/wp-content\/uploads\/2026\/04\/Peu-importe-ce-que-les-gens-pensent.jpg\" alt=\"Kai Havertz d&#39;Arsenal r\u00e9agit apr\u00e8s avoir obtenu une p\u00e9nalit\u00e9\"  \/>\n<\/picture>\n<\/figure>\n<p>Face \u00e0 l&#39;Atletico dans le dernier carr\u00e9, Martinelli a ajout\u00e9 \u00ab\u00a0Nous les avons jou\u00e9s en phase de groupes mais ce sera un match compl\u00e8tement diff\u00e9rent. Nous devons gagner le droit, nous devons \u00e9galement faire les choses correctement dans le jeu. Continuons comme \u00e7a et essayons de gagner les deux matchs.<\/p>\n<p>\u00ab\u00a0Quand vous jouez pour Arsenal, vous devez savoir g\u00e9rer la pression. Nous aussi, nous aimons beaucoup la pression. Nous jouons pour Arsenal, nous y sommes habitu\u00e9s. C&#39;est une demi-finale et nous nous battons pour la Premier League. Profitons de ce soir et voyons le week-end.\u00a0\u00bb<\/p>\n<h2 class=\"wp-block-heading\"><span id=\"Arteta_8216Steps_That_Haven8217t_Been_Done_for_140_Years8217\">Arteta : \u00ab Des mesures qui n&#39;ont pas \u00e9t\u00e9 prises depuis 140 ans \u00bb<\/span><\/h2>\n<p>Arteta a gard\u00e9 ses paroles d&#39;apr\u00e8s-match br\u00e8ves. Pour un manager qui a subi une pression importante apr\u00e8s des d\u00e9faites cons\u00e9cutives en Premier League, cette \u00e9tape a offert un moment de v\u00e9ritable satisfaction.<\/p>\n<p>\u00ab\u00a0C&#39;est un grand moment\u00a0\u00bb, a d\u00e9clar\u00e9 l&#39;entra\u00eeneur d&#39;Arsenal. \u00ab\u00a0Faire partie de ces quatre \u00e9quipes est un excellent travail. C&#39;est une grande soir\u00e9e. Je suis tr\u00e8s heureux pour tout notre peuple. Nous franchissons des \u00e9tapes qui n&#39;ont pas \u00e9t\u00e9 faites dans ce club depuis 140 ans &#8211; demi-finales cons\u00e9cutives de la Ligue des Champions.\u00a0\u00bb<\/p>\n<h2 class=\"wp-block-heading\"><span id=\"Rice_Refuses_to_Entertain_Any_Negativity\">Rice refuse d\u2019entretenir toute n\u00e9gativit\u00e9<\/span><\/h2>\n<p>S\u2019il y avait une voix qui capturait l\u2019\u00e9tat d\u2019esprit collectif de cette \u00e9quipe d\u2019Arsenal dans la foul\u00e9e, c\u2019\u00e9tait bien Rice. Le milieu de terrain anglais est devenu l&#39;un des leaders les plus virulents du vestiaire depuis son transfert de West Ham, et il n&#39;\u00e9tait pas d&#39;humeur \u00e0 laisser un sentiment d&#39;anti-climax s&#39;infiltrer dans l&#39;occasion.<\/p>\n<figure class=\"wp-block-embed is-type-rich is-provider-twitter wp-block-embed-twitter\">\n<div class=\"wp-block-embed__wrapper\">\n<blockquote class=\"twitter-tweet\" data-width=\"500\" data-dnt=\"true\">\n<p lang=\"en\" dir=\"ltr\">Mikel Arteta r\u00e9agit \u00e0 l&#39;arriv\u00e9e d&#39;Arsenal en demi-finale de la Ligue des champions et parle de la confiance au sein de l&#39;\u00e9quipe \ud83d\udcaa\ud83d\udde3\ufe0f<\/p>\n<p>Diffusez avec TNT Sports sur HBO Max <a rel=\"nofollow\" href=\"https:\/\/t.co\/A7JspinOd8\" rel=\"nofollow\">pic.twitter.com\/A7JspinOd8<\/a><\/p>\n<p>\u2013 Football sur TNT Sports (@footballontnt) <a rel=\"nofollow\" href=\"https:\/\/twitter.com\/footballontnt\/status\/2044529693672472949?ref_src=twsrc%5Etfw\" rel=\"nofollow noopener\">15 avril 2026<\/a><\/p><\/blockquote>\n<\/div>\n<\/figure>\n<p>\u00ab\u00a0Ravi. Tellement, tellement heureux\u00a0\u00bb, a-t-il d\u00e9clar\u00e9. \u00ab\u00a0Cela a \u00e9t\u00e9 un test tr\u00e8s difficile sur deux matches, mais disputer deux demi-finales cons\u00e9cutives est un exploit incroyable pour ce groupe et nous voulons maintenant aller plus loin et atteindre la finale. Nous avons d\u00e9j\u00e0 jou\u00e9 contre l&#39;Atletico Madrid cette saison et nous savons \u00e0 quoi nous attendre, alors continuez ces derni\u00e8res semaines.\u00a0\u00bb<\/p>\n<p>Lorsqu&#39;on lui a dit que certains pourraient trouver la soir\u00e9e frustrante compte tenu du manque de buts, Rice a ripost\u00e9. \u00ab\u00a0Frustrant ? Non, nous venons d&#39;arriver \u00e0 une demi-finale, positive jusqu&#39;au bout. Peu importe ce que pensent les gens ? Tout ce qui compte, c&#39;est ce que pense ce groupe, ce que pense l&#39;entra\u00eeneur et nous sommes dans une autre demi-finale. Je suis ravi.<\/p>\n<p>\u00ab\u00a0Comme dans n&#39;importe quel autre grand club, il y a du bruit partout. Ici, c&#39;est le club de football d&#39;Arsenal, il y a du bruit \u00e0 chaque match. Si vous ne jouez pas bien, si vous ne jouez pas bien, prenez-le avec une pinc\u00e9e de sel et continuez \u00e0 avancer. Profitez des derni\u00e8res semaines. C&#39;est des montagnes russes. Personne ne vous donnera rien dans ce match. Continuons et ce qui sera sera. Continuons fort.\u00a0\u00bb<\/p>\n<p>Alors que la course au titre en Premier League devrait reprendre \u00e0 l&#39;Etihad dimanche, on a demand\u00e9 \u00e0 Rice si gagner \u00e0 Manchester City \u00e9tait d\u00e9sormais essentiel. Il a ajout\u00e9 : \u00ab\u00a0Bien s\u00fbr, vous devez gagner chaque match. Nous voulons gagner chaque match en Premier League. <\/p>\n<p>\u00ab\u00a0Notre bilan cette ann\u00e9e a \u00e9t\u00e9 incroyable dans toutes les comp\u00e9titions. C&#39;est pourquoi nous jouons ce jeu. C&#39;est un match de football en fin de compte. Combien vous le voulez, je sais que je serai pr\u00eat, je sais que les gar\u00e7ons seront pr\u00eats, alors allons-y.\u00a0\u00bb<\/p>\n<p>Les demi-finales de la Ligue des champions d&#39;Arsenal, contre l&#39;Atletico Madrid, devraient avoir lieu les 28 et 29 avril et les 5 et 6 mai. La finale aura lieu \u00e0 Budapest le 30 mai.<\/p>\n<figure class=\"wp-block-image size-large\"><picture decoding=\"async\" class=\"wp-image-183453\"><source type=\"image\/webp\" data-lazy- \/><img loading=\"lazy\" decoding=\"async\" width=\"1024\" height=\"576\" http:=\"\" alt=\"Arsenal se bat contre le Sporting CP\"  data-lazy- src=\"https:\/\/footdavant.fr\/actualites\/wp-content\/uploads\/2026\/04\/1776322096_768_Peu-importe-ce-que-les-gens-pensent.jpg\"\/><img loading=\"lazy\" decoding=\"async\" width=\"1024\" height=\"576\" src=\"https:\/\/footdavant.fr\/actualites\/wp-content\/uploads\/2026\/04\/1776322096_768_Peu-importe-ce-que-les-gens-pensent.jpg\" alt=\"Arsenal se bat contre le Sporting CP\"  \/>\n<\/picture>\n<\/figure>\n<\/p><\/div>\n<p><script async src=\"https:\/\/platform.twitter.com\/widgets.js\" charset=\"utf-8\"><\/script><\/p>\n","protected":false},"excerpt":{"rendered":"<p>Arsenal affrontera l&#39;Atletico Madrid en demi-finale de la Ligue des champions apr\u00e8s avoir \u00e9limin\u00e9 le Sporting Arsenal est qualifi\u00e9 pour les demi-finales de la Ligue<\/p>\n","protected":false},"author":1,"featured_media":36513,"comment_status":"closed","ping_status":"","sticky":false,"template":"","format":"standard","meta":{"footnotes":""},"categories":[3],"tags":[9689,6877,93,3956,1776],"yoast_head":"<!-- This site is optimized with the Yoast SEO plugin v21.0 - https:\/\/yoast.com\/wordpress\/plugins\/seo\/ -->\n<title>\u00ab\u00a0Peu importe ce que les gens pensent\u00a0?\u00a0\u00bb<\/title>\n<meta name=\"robots\" content=\"index, follow, max-snippet:-1, max-image-preview:large, max-video-preview:-1\" \/>\n<link rel=\"canonical\" href=\"https:\/\/footdavant.fr\/actualites\/peu-importe-ce-que-les-gens-pensent\/\" \/>\n<meta property=\"og:locale\" content=\"fr_FR\" \/>\n<meta property=\"og:type\" content=\"article\" \/>\n<meta property=\"og:title\" content=\"\u00ab\u00a0Peu importe ce que les gens pensent\u00a0?\u00a0\u00bb\" \/>\n<meta property=\"og:description\" content=\"Arsenal affrontera l&#039;Atletico Madrid en demi-finale de la Ligue des champions apr\u00e8s avoir \u00e9limin\u00e9 le Sporting Arsenal est qualifi\u00e9 pour les demi-finales de la Ligue\" \/>\n<meta property=\"og:url\" content=\"https:\/\/footdavant.fr\/actualites\/peu-importe-ce-que-les-gens-pensent\/\" \/>\n<meta property=\"og:site_name\" content=\"Foot d&#039;avant\" \/>\n<meta property=\"article:publisher\" content=\"https:\/\/www.facebook.com\/Footdavant\/\" \/>\n<meta property=\"article:published_time\" content=\"2026-04-16T06:48:16+00:00\" \/>\n<meta property=\"article:modified_time\" content=\"2026-04-16T06:48:19+00:00\" \/>\n<meta property=\"og:image\" content=\"https:\/\/footdavant.fr\/actualites\/wp-content\/uploads\/2026\/04\/1776322098_Peu-importe-ce-que-les-gens-pensent.jpg\" \/>\n\t<meta property=\"og:image:width\" content=\"1200\" \/>\n\t<meta property=\"og:image:height\" content=\"800\" \/>\n\t<meta property=\"og:image:type\" content=\"image\/jpeg\" \/>\n<meta name=\"author\" content=\"Cl\u00e9ment\" \/>\n<meta name=\"twitter:card\" content=\"summary_large_image\" \/>\n<meta name=\"twitter:creator\" content=\"@FootdavantFr\" \/>\n<meta name=\"twitter:site\" content=\"@FootdavantFr\" \/>\n<meta name=\"twitter:label1\" content=\"\u00c9crit par\" \/>\n\t<meta name=\"twitter:data1\" content=\"Cl\u00e9ment\" \/>\n\t<meta name=\"twitter:label2\" content=\"Dur\u00e9e de lecture estim\u00e9e\" \/>\n\t<meta name=\"twitter:data2\" content=\"5 minutes\" \/>\n<script type=\"application\/ld+json\" class=\"yoast-schema-graph\">{\"@context\":\"https:\/\/schema.org\",\"@graph\":[{\"@type\":\"Article\",\"@id\":\"https:\/\/footdavant.fr\/actualites\/peu-importe-ce-que-les-gens-pensent\/#article\",\"isPartOf\":{\"@id\":\"https:\/\/footdavant.fr\/actualites\/peu-importe-ce-que-les-gens-pensent\/\"},\"author\":{\"name\":\"Cl\u00e9ment\",\"@id\":\"https:\/\/footdavant.fr\/actualites\/#\/schema\/person\/bc222566d95871b37e597b3ed3ba5e1d\"},\"headline\":\"\u00ab\u00a0Peu importe ce que les gens pensent\u00a0?\u00a0\u00bb\",\"datePublished\":\"2026-04-16T06:48:16+00:00\",\"dateModified\":\"2026-04-16T06:48:19+00:00\",\"mainEntityOfPage\":{\"@id\":\"https:\/\/footdavant.fr\/actualites\/peu-importe-ce-que-les-gens-pensent\/\"},\"wordCount\":1002,\"publisher\":{\"@id\":\"https:\/\/footdavant.fr\/actualites\/#organization\"},\"keywords\":[\"gens\",\"importe\",\"les\",\"pensent\",\"peu\"],\"articleSection\":[\"Football\"],\"inLanguage\":\"fr-FR\"},{\"@type\":\"WebPage\",\"@id\":\"https:\/\/footdavant.fr\/actualites\/peu-importe-ce-que-les-gens-pensent\/\",\"url\":\"https:\/\/footdavant.fr\/actualites\/peu-importe-ce-que-les-gens-pensent\/\",\"name\":\"\u00ab\u00a0Peu importe ce que les gens pensent\u00a0?\u00a0\u00bb\",\"isPartOf\":{\"@id\":\"https:\/\/footdavant.fr\/actualites\/#website\"},\"datePublished\":\"2026-04-16T06:48:16+00:00\",\"dateModified\":\"2026-04-16T06:48:19+00:00\",\"breadcrumb\":{\"@id\":\"https:\/\/footdavant.fr\/actualites\/peu-importe-ce-que-les-gens-pensent\/#breadcrumb\"},\"inLanguage\":\"fr-FR\",\"potentialAction\":[{\"@type\":\"ReadAction\",\"target\":[\"https:\/\/footdavant.fr\/actualites\/peu-importe-ce-que-les-gens-pensent\/\"]}]},{\"@type\":\"BreadcrumbList\",\"@id\":\"https:\/\/footdavant.fr\/actualites\/peu-importe-ce-que-les-gens-pensent\/#breadcrumb\",\"itemListElement\":[{\"@type\":\"ListItem\",\"position\":1,\"name\":\"Accueil\",\"item\":\"https:\/\/footdavant.fr\/actualites\/\"},{\"@type\":\"ListItem\",\"position\":2,\"name\":\"\u00ab\u00a0Peu importe ce que les gens pensent\u00a0?\u00a0\u00bb\"}]},{\"@type\":\"WebSite\",\"@id\":\"https:\/\/footdavant.fr\/actualites\/#website\",\"url\":\"https:\/\/footdavant.fr\/actualites\/\",\"name\":\"Foot d'avant\",\"description\":\"\",\"publisher\":{\"@id\":\"https:\/\/footdavant.fr\/actualites\/#organization\"},\"potentialAction\":[{\"@type\":\"SearchAction\",\"target\":{\"@type\":\"EntryPoint\",\"urlTemplate\":\"https:\/\/footdavant.fr\/actualites\/?s={search_term_string}\"},\"query-input\":\"required name=search_term_string\"}],\"inLanguage\":\"fr-FR\"},{\"@type\":\"Organization\",\"@id\":\"https:\/\/footdavant.fr\/actualites\/#organization\",\"name\":\"Foot d'avant\",\"url\":\"https:\/\/footdavant.fr\/actualites\/\",\"logo\":{\"@type\":\"ImageObject\",\"inLanguage\":\"fr-FR\",\"@id\":\"https:\/\/footdavant.fr\/actualites\/#\/schema\/logo\/image\/\",\"url\":\"https:\/\/footdavant.fr\/actualites\/wp-content\/uploads\/2023\/09\/Copy-of-FootDavant-Logo.png\",\"contentUrl\":\"https:\/\/footdavant.fr\/actualites\/wp-content\/uploads\/2023\/09\/Copy-of-FootDavant-Logo.png\",\"width\":936,\"height\":549,\"caption\":\"Foot d'avant\"},\"image\":{\"@id\":\"https:\/\/footdavant.fr\/actualites\/#\/schema\/logo\/image\/\"},\"sameAs\":[\"https:\/\/www.facebook.com\/Footdavant\/\",\"https:\/\/twitter.com\/FootdavantFr\",\"https:\/\/www.instagram.com\/footdavant.fr\/\"]},{\"@type\":\"Person\",\"@id\":\"https:\/\/footdavant.fr\/actualites\/#\/schema\/person\/bc222566d95871b37e597b3ed3ba5e1d\",\"name\":\"Cl\u00e9ment\",\"image\":{\"@type\":\"ImageObject\",\"inLanguage\":\"fr-FR\",\"@id\":\"https:\/\/footdavant.fr\/actualites\/#\/schema\/person\/image\/\",\"url\":\"https:\/\/secure.gravatar.com\/avatar\/7728b29aac2719421e1a9159b2254c44?s=96&d=mm&r=g\",\"contentUrl\":\"https:\/\/secure.gravatar.com\/avatar\/7728b29aac2719421e1a9159b2254c44?s=96&d=mm&r=g\",\"caption\":\"Cl\u00e9ment\"},\"sameAs\":[\"https:\/\/footdavant.fr\/\"]}]}<\/script>\n<!-- \/ Yoast SEO plugin. -->","yoast_head_json":{"title":"\u00ab\u00a0Peu importe ce que les gens pensent\u00a0?\u00a0\u00bb","robots":{"index":"index","follow":"follow","max-snippet":"max-snippet:-1","max-image-preview":"max-image-preview:large","max-video-preview":"max-video-preview:-1"},"canonical":"https:\/\/footdavant.fr\/actualites\/peu-importe-ce-que-les-gens-pensent\/","og_locale":"fr_FR","og_type":"article","og_title":"\u00ab\u00a0Peu importe ce que les gens pensent\u00a0?\u00a0\u00bb","og_description":"Arsenal affrontera l&#39;Atletico Madrid en demi-finale de la Ligue des champions apr\u00e8s avoir \u00e9limin\u00e9 le Sporting Arsenal est qualifi\u00e9 pour les demi-finales de la Ligue","og_url":"https:\/\/footdavant.fr\/actualites\/peu-importe-ce-que-les-gens-pensent\/","og_site_name":"Foot d&#039;avant","article_publisher":"https:\/\/www.facebook.com\/Footdavant\/","article_published_time":"2026-04-16T06:48:16+00:00","article_modified_time":"2026-04-16T06:48:19+00:00","og_image":[{"width":1200,"height":800,"url":"https:\/\/footdavant.fr\/actualites\/wp-content\/uploads\/2026\/04\/1776322098_Peu-importe-ce-que-les-gens-pensent.jpg","type":"image\/jpeg"}],"author":"Cl\u00e9ment","twitter_card":"summary_large_image","twitter_creator":"@FootdavantFr","twitter_site":"@FootdavantFr","twitter_misc":{"\u00c9crit par":"Cl\u00e9ment","Dur\u00e9e de lecture estim\u00e9e":"5 minutes"},"schema":{"@context":"https:\/\/schema.org","@graph":[{"@type":"Article","@id":"https:\/\/footdavant.fr\/actualites\/peu-importe-ce-que-les-gens-pensent\/#article","isPartOf":{"@id":"https:\/\/footdavant.fr\/actualites\/peu-importe-ce-que-les-gens-pensent\/"},"author":{"name":"Cl\u00e9ment","@id":"https:\/\/footdavant.fr\/actualites\/#\/schema\/person\/bc222566d95871b37e597b3ed3ba5e1d"},"headline":"\u00ab\u00a0Peu importe ce que les gens pensent\u00a0?\u00a0\u00bb","datePublished":"2026-04-16T06:48:16+00:00","dateModified":"2026-04-16T06:48:19+00:00","mainEntityOfPage":{"@id":"https:\/\/footdavant.fr\/actualites\/peu-importe-ce-que-les-gens-pensent\/"},"wordCount":1002,"publisher":{"@id":"https:\/\/footdavant.fr\/actualites\/#organization"},"keywords":["gens","importe","les","pensent","peu"],"articleSection":["Football"],"inLanguage":"fr-FR"},{"@type":"WebPage","@id":"https:\/\/footdavant.fr\/actualites\/peu-importe-ce-que-les-gens-pensent\/","url":"https:\/\/footdavant.fr\/actualites\/peu-importe-ce-que-les-gens-pensent\/","name":"\u00ab\u00a0Peu importe ce que les gens pensent\u00a0?\u00a0\u00bb","isPartOf":{"@id":"https:\/\/footdavant.fr\/actualites\/#website"},"datePublished":"2026-04-16T06:48:16+00:00","dateModified":"2026-04-16T06:48:19+00:00","breadcrumb":{"@id":"https:\/\/footdavant.fr\/actualites\/peu-importe-ce-que-les-gens-pensent\/#breadcrumb"},"inLanguage":"fr-FR","potentialAction":[{"@type":"ReadAction","target":["https:\/\/footdavant.fr\/actualites\/peu-importe-ce-que-les-gens-pensent\/"]}]},{"@type":"BreadcrumbList","@id":"https:\/\/footdavant.fr\/actualites\/peu-importe-ce-que-les-gens-pensent\/#breadcrumb","itemListElement":[{"@type":"ListItem","position":1,"name":"Accueil","item":"https:\/\/footdavant.fr\/actualites\/"},{"@type":"ListItem","position":2,"name":"\u00ab\u00a0Peu importe ce que les gens pensent\u00a0?\u00a0\u00bb"}]},{"@type":"WebSite","@id":"https:\/\/footdavant.fr\/actualites\/#website","url":"https:\/\/footdavant.fr\/actualites\/","name":"Foot d'avant","description":"","publisher":{"@id":"https:\/\/footdavant.fr\/actualites\/#organization"},"potentialAction":[{"@type":"SearchAction","target":{"@type":"EntryPoint","urlTemplate":"https:\/\/footdavant.fr\/actualites\/?s={search_term_string}"},"query-input":"required name=search_term_string"}],"inLanguage":"fr-FR"},{"@type":"Organization","@id":"https:\/\/footdavant.fr\/actualites\/#organization","name":"Foot d'avant","url":"https:\/\/footdavant.fr\/actualites\/","logo":{"@type":"ImageObject","inLanguage":"fr-FR","@id":"https:\/\/footdavant.fr\/actualites\/#\/schema\/logo\/image\/","url":"https:\/\/footdavant.fr\/actualites\/wp-content\/uploads\/2023\/09\/Copy-of-FootDavant-Logo.png","contentUrl":"https:\/\/footdavant.fr\/actualites\/wp-content\/uploads\/2023\/09\/Copy-of-FootDavant-Logo.png","width":936,"height":549,"caption":"Foot d'avant"},"image":{"@id":"https:\/\/footdavant.fr\/actualites\/#\/schema\/logo\/image\/"},"sameAs":["https:\/\/www.facebook.com\/Footdavant\/","https:\/\/twitter.com\/FootdavantFr","https:\/\/www.instagram.com\/footdavant.fr\/"]},{"@type":"Person","@id":"https:\/\/footdavant.fr\/actualites\/#\/schema\/person\/bc222566d95871b37e597b3ed3ba5e1d","name":"Cl\u00e9ment","image":{"@type":"ImageObject","inLanguage":"fr-FR","@id":"https:\/\/footdavant.fr\/actualites\/#\/schema\/person\/image\/","url":"https:\/\/secure.gravatar.com\/avatar\/7728b29aac2719421e1a9159b2254c44?s=96&d=mm&r=g","contentUrl":"https:\/\/secure.gravatar.com\/avatar\/7728b29aac2719421e1a9159b2254c44?s=96&d=mm&r=g","caption":"Cl\u00e9ment"},"sameAs":["https:\/\/footdavant.fr\/"]}]}},"_links":{"self":[{"href":"https:\/\/footdavant.fr\/actualites\/wp-json\/wp\/v2\/posts\/36512"}],"collection":[{"href":"https:\/\/footdavant.fr\/actualites\/wp-json\/wp\/v2\/posts"}],"about":[{"href":"https:\/\/footdavant.fr\/actualites\/wp-json\/wp\/v2\/types\/post"}],"author":[{"embeddable":true,"href":"https:\/\/footdavant.fr\/actualites\/wp-json\/wp\/v2\/users\/1"}],"replies":[{"embeddable":true,"href":"https:\/\/footdavant.fr\/actualites\/wp-json\/wp\/v2\/comments?post=36512"}],"version-history":[{"count":1,"href":"https:\/\/footdavant.fr\/actualites\/wp-json\/wp\/v2\/posts\/36512\/revisions"}],"predecessor-version":[{"id":36514,"href":"https:\/\/footdavant.fr\/actualites\/wp-json\/wp\/v2\/posts\/36512\/revisions\/36514"}],"wp:featuredmedia":[{"embeddable":true,"href":"https:\/\/footdavant.fr\/actualites\/wp-json\/wp\/v2\/media\/36513"}],"wp:attachment":[{"href":"https:\/\/footdavant.fr\/actualites\/wp-json\/wp\/v2\/media?parent=36512"}],"wp:term":[{"taxonomy":"category","embeddable":true,"href":"https:\/\/footdavant.fr\/actualites\/wp-json\/wp\/v2\/categories?post=36512"},{"taxonomy":"post_tag","embeddable":true,"href":"https:\/\/footdavant.fr\/actualites\/wp-json\/wp\/v2\/tags?post=36512"}],"curies":[{"name":"wp","href":"https:\/\/api.w.org\/{rel}","templated":true}]}}