{"id":36515,"date":"2026-04-16T10:48:03","date_gmt":"2026-04-16T08:48:03","guid":{"rendered":"https:\/\/footdavant.fr\/actualites\/nouvelles-du-transfert-de-man-utd-les-red-devils-subissent-un-coup-dur-dans-la-course-pour-recruter-le-milieu-de-terrain-du-bayern-munich\/"},"modified":"2026-04-16T10:48:05","modified_gmt":"2026-04-16T08:48:05","slug":"nouvelles-du-transfert-de-man-utd-les-red-devils-subissent-un-coup-dur-dans-la-course-pour-recruter-le-milieu-de-terrain-du-bayern-munich","status":"publish","type":"post","link":"https:\/\/footdavant.fr\/actualites\/nouvelles-du-transfert-de-man-utd-les-red-devils-subissent-un-coup-dur-dans-la-course-pour-recruter-le-milieu-de-terrain-du-bayern-munich\/","title":{"rendered":"Nouvelles du transfert de Man Utd: les Red Devils \u00ab subissent un coup dur \u00bb dans la course pour recruter le milieu de terrain du Bayern Munich"},"content":{"rendered":"<div itemprop=\"articleBody\">\n<p>Manchester United aurait subi un revers majeur dans sa poursuite du milieu de terrain du Bayern Munich Aleksandar Pavlovic avant le mercato estival.<\/p>\n<p><meta charset=\"UTF-8\"\/>Produit de la c\u00e9l\u00e8bre acad\u00e9mie de jeunesse du Bayern, Pavlovic a fait son entr\u00e9e dans l&#39;\u00e9quipe premi\u00e8re en 2023 et a depuis fait 92 apparitions pour les g\u00e9ants bavarois dans toutes les comp\u00e9titions.<\/p>\n<p>Le joueur de 21 ans a jou\u00e9 un r\u00f4le important cette saison, effectuant 11 titularisations en Ligue des champions et 22 apparitions en Bundesliga, tout en contribuant \u00e9galement \u00e0 trois buts.<\/p>\n<p>Le milieu de terrain techniquement dou\u00e9 s&#39;est impos\u00e9 comme un titulaire r\u00e9gulier aux c\u00f4t\u00e9s de Joshua Kimmich, et il devrait jouer un r\u00f4le encore plus important la saison prochaine, notamment avec le d\u00e9part de Leon Goretzka cet \u00e9t\u00e9.<\/p>\n<h2>Le Bayern Munich envoie un message fort aux pr\u00e9tendants potentiels <\/h2>\n<div>\n<div>\n<p>\u00a9 Imago \/ Moritz M\u00fcller<\/p>\n<\/div>\n<\/div>\n<p>Manchester United souhaite renforcer son milieu de terrain cet \u00e9t\u00e9 et a \u00e9t\u00e9 li\u00e9 \u00e0 Pavlovic ces derniers mois dans le cadre de ses plans \u00e0 long terme.<\/p>\n<p>Casemiro devrait partir \u00e0 la fin de la saison apr\u00e8s l&#39;expiration de son contrat, tandis que Manuel Ugarte pourrait \u00e9galement \u00eatre transf\u00e9r\u00e9 apr\u00e8s avoir \u00e9chou\u00e9 \u00e0 convaincre pleinement.<\/p>\n<p><meta charset=\"UTF-8\"\/>Selon <em>Discussion en \u00e9quipe<\/em>Des enqu\u00eates ont \u00e9t\u00e9 effectu\u00e9es aupr\u00e8s des repr\u00e9sentants de Pavlovic, mais le Bayern a clairement indiqu\u00e9 qu&#39;il n&#39;avait pas l&#39;intention de vendre l&#39;un de ses actifs les plus prometteurs.<\/p>\n<p><meta charset=\"UTF-8\"\/>Le milieu de terrain allemand lui-m\u00eame n&#39;aurait \u00e9galement aucune envie de quitter son club d&#39;enfance, car il reste concentr\u00e9 sur le renforcement de son statut de pierre angulaire du milieu de terrain du Bayern pour les ann\u00e9es \u00e0 venir.<\/p>\n<p>Outre Man Utd, des clubs tels que Chelsea et Manchester City ont \u00e9galement fait des d\u00e9marches, tandis que les g\u00e9ants de la Liga, le Real Madrid et Barcelone, auraient v\u00e9rifi\u00e9 sa situation \u2013 pour recevoir la m\u00eame r\u00e9ponse ferme du Bayern.<\/p>\n<h2>Man Utd devrait se concentrer sur d&#39;autres cibles <\/h2>\n<div>\n<div><img decoding=\"async\" data-img-id=\"158901\" class=\"lazy\" loading=\"lazy\" src=\"https:\/\/footdavant.fr\/actualites\/wp-content\/uploads\/2026\/04\/Nouvelles-du-transfert-de-Man-United-Elliot-Anderson-est.webp\"\/><\/p>\n<p>\u00a9 Imago \/ SOPA Images<\/p>\n<\/div>\n<\/div>\n<p data-end=\"2007\" data-start=\"1816\">Pavlovic est largement consid\u00e9r\u00e9 comme l&#39;un des milieux de terrain les plus prometteurs d&#39;Europe, et la position du Bayern rend tr\u00e8s improbable qu&#39;un club puisse le r\u00e9cup\u00e9rer dans un avenir proche.<\/p>\n<p data-end=\"2212\" data-start=\"2009\">Compte tenu de cette r\u00e9alit\u00e9, Manchester United serait mieux servi en se concentrant sur des cibles alternatives, telles qu\u2019Elliot Anderson et Morgan Rogers, m\u00eame si s\u00e9curiser l\u2019un ou l\u2019autre joueur pr\u00e9sentera ses propres d\u00e9fis.<\/p>\n<p data-end=\"2409\" data-is-last-node=\"\" data-is-only-node=\"\" data-start=\"2214\">On pense que Nottingham Forest valorise Anderson \u00e0 environ 100 millions de livres sterling, mais les chances de United de recruter le milieu de terrain anglais pourraient s&#39;am\u00e9liorer consid\u00e9rablement s&#39;ils obtiennent la qualification pour la Ligue des champions.<\/p>\n<\/div>\n","protected":false},"excerpt":{"rendered":"<p>Manchester United aurait subi un revers majeur dans sa poursuite du milieu de terrain du Bayern Munich Aleksandar Pavlovic avant le mercato estival. Produit de<\/p>\n","protected":false},"author":1,"featured_media":36394,"comment_status":"closed","ping_status":"","sticky":false,"template":"","format":"standard","meta":{"footnotes":""},"categories":[5],"tags":[340,489,19,265,2630,93,24,441,341,461,51,1284,536,4831,442,700,296],"yoast_head":"<!-- This site is optimized with the Yoast SEO plugin v21.0 - https:\/\/yoast.com\/wordpress\/plugins\/seo\/ -->\n<title>Nouvelles du transfert de Man Utd: les Red Devils \u00ab subissent un coup dur \u00bb dans la course pour recruter le milieu de terrain du Bayern Munich<\/title>\n<meta name=\"robots\" content=\"index, follow, max-snippet:-1, max-image-preview:large, max-video-preview:-1\" \/>\n<link rel=\"canonical\" href=\"https:\/\/footdavant.fr\/actualites\/nouvelles-du-transfert-de-man-utd-les-red-devils-subissent-un-coup-dur-dans-la-course-pour-recruter-le-milieu-de-terrain-du-bayern-munich\/\" \/>\n<meta property=\"og:locale\" content=\"fr_FR\" \/>\n<meta property=\"og:type\" content=\"article\" \/>\n<meta property=\"og:title\" content=\"Nouvelles du transfert de Man Utd: les Red Devils \u00ab subissent un coup dur \u00bb dans la course pour recruter le milieu de terrain du Bayern Munich\" \/>\n<meta property=\"og:description\" content=\"Manchester United aurait subi un revers majeur dans sa poursuite du milieu de terrain du Bayern Munich Aleksandar Pavlovic avant le mercato estival. Produit de\" \/>\n<meta property=\"og:url\" content=\"https:\/\/footdavant.fr\/actualites\/nouvelles-du-transfert-de-man-utd-les-red-devils-subissent-un-coup-dur-dans-la-course-pour-recruter-le-milieu-de-terrain-du-bayern-munich\/\" \/>\n<meta property=\"og:site_name\" content=\"Foot d&#039;avant\" \/>\n<meta property=\"article:publisher\" content=\"https:\/\/www.facebook.com\/Footdavant\/\" \/>\n<meta property=\"article:published_time\" content=\"2026-04-16T08:48:03+00:00\" \/>\n<meta property=\"article:modified_time\" content=\"2026-04-16T08:48:05+00:00\" \/>\n<meta property=\"og:image\" content=\"https:\/\/footdavant.fr\/actualites\/wp-content\/uploads\/2026\/04\/Nouvelles-du-transfert-de-Man-United-les-Red-Devils.net2Fuploads2F20262F042Farne-slot-mo-sal.webp\" \/>\n\t<meta property=\"og:image:width\" content=\"720\" \/>\n\t<meta property=\"og:image:height\" content=\"410\" \/>\n\t<meta property=\"og:image:type\" content=\"image\/webp\" \/>\n<meta name=\"author\" content=\"Cl\u00e9ment\" \/>\n<meta name=\"twitter:card\" content=\"summary_large_image\" \/>\n<meta name=\"twitter:creator\" content=\"@FootdavantFr\" \/>\n<meta name=\"twitter:site\" content=\"@FootdavantFr\" \/>\n<meta name=\"twitter:label1\" content=\"\u00c9crit par\" \/>\n\t<meta name=\"twitter:data1\" content=\"Cl\u00e9ment\" \/>\n\t<meta name=\"twitter:label2\" content=\"Dur\u00e9e de lecture estim\u00e9e\" \/>\n\t<meta name=\"twitter:data2\" content=\"2 minutes\" \/>\n<script type=\"application\/ld+json\" class=\"yoast-schema-graph\">{\"@context\":\"https:\/\/schema.org\",\"@graph\":[{\"@type\":\"Article\",\"@id\":\"https:\/\/footdavant.fr\/actualites\/nouvelles-du-transfert-de-man-utd-les-red-devils-subissent-un-coup-dur-dans-la-course-pour-recruter-le-milieu-de-terrain-du-bayern-munich\/#article\",\"isPartOf\":{\"@id\":\"https:\/\/footdavant.fr\/actualites\/nouvelles-du-transfert-de-man-utd-les-red-devils-subissent-un-coup-dur-dans-la-course-pour-recruter-le-milieu-de-terrain-du-bayern-munich\/\"},\"author\":{\"name\":\"Cl\u00e9ment\",\"@id\":\"https:\/\/footdavant.fr\/actualites\/#\/schema\/person\/bc222566d95871b37e597b3ed3ba5e1d\"},\"headline\":\"Nouvelles du transfert de Man Utd: les Red Devils \u00ab subissent un coup dur \u00bb dans la course pour recruter le milieu de terrain du Bayern Munich\",\"datePublished\":\"2026-04-16T08:48:03+00:00\",\"dateModified\":\"2026-04-16T08:48:05+00:00\",\"mainEntityOfPage\":{\"@id\":\"https:\/\/footdavant.fr\/actualites\/nouvelles-du-transfert-de-man-utd-les-red-devils-subissent-un-coup-dur-dans-la-course-pour-recruter-le-milieu-de-terrain-du-bayern-munich\/\"},\"wordCount\":489,\"publisher\":{\"@id\":\"https:\/\/footdavant.fr\/actualites\/#organization\"},\"keywords\":[\"Bayern\",\"coup\",\"dans\",\"Devils\",\"dur\",\"les\",\"Man\",\"milieu\",\"Munich\",\"Nouvelles\",\"pour\",\"recruter\",\"Red\",\"subissent\",\"terrain\",\"transfert\",\"Utd\"],\"articleSection\":[\"Premier League\"],\"inLanguage\":\"fr-FR\"},{\"@type\":\"WebPage\",\"@id\":\"https:\/\/footdavant.fr\/actualites\/nouvelles-du-transfert-de-man-utd-les-red-devils-subissent-un-coup-dur-dans-la-course-pour-recruter-le-milieu-de-terrain-du-bayern-munich\/\",\"url\":\"https:\/\/footdavant.fr\/actualites\/nouvelles-du-transfert-de-man-utd-les-red-devils-subissent-un-coup-dur-dans-la-course-pour-recruter-le-milieu-de-terrain-du-bayern-munich\/\",\"name\":\"Nouvelles du transfert de Man Utd: les Red Devils \u00ab subissent un coup dur \u00bb dans la course pour recruter le milieu de terrain du Bayern Munich\",\"isPartOf\":{\"@id\":\"https:\/\/footdavant.fr\/actualites\/#website\"},\"datePublished\":\"2026-04-16T08:48:03+00:00\",\"dateModified\":\"2026-04-16T08:48:05+00:00\",\"breadcrumb\":{\"@id\":\"https:\/\/footdavant.fr\/actualites\/nouvelles-du-transfert-de-man-utd-les-red-devils-subissent-un-coup-dur-dans-la-course-pour-recruter-le-milieu-de-terrain-du-bayern-munich\/#breadcrumb\"},\"inLanguage\":\"fr-FR\",\"potentialAction\":[{\"@type\":\"ReadAction\",\"target\":[\"https:\/\/footdavant.fr\/actualites\/nouvelles-du-transfert-de-man-utd-les-red-devils-subissent-un-coup-dur-dans-la-course-pour-recruter-le-milieu-de-terrain-du-bayern-munich\/\"]}]},{\"@type\":\"BreadcrumbList\",\"@id\":\"https:\/\/footdavant.fr\/actualites\/nouvelles-du-transfert-de-man-utd-les-red-devils-subissent-un-coup-dur-dans-la-course-pour-recruter-le-milieu-de-terrain-du-bayern-munich\/#breadcrumb\",\"itemListElement\":[{\"@type\":\"ListItem\",\"position\":1,\"name\":\"Accueil\",\"item\":\"https:\/\/footdavant.fr\/actualites\/\"},{\"@type\":\"ListItem\",\"position\":2,\"name\":\"Nouvelles du transfert de Man Utd: les Red Devils \u00ab subissent un coup dur \u00bb dans la course pour recruter le milieu de terrain du Bayern Munich\"}]},{\"@type\":\"WebSite\",\"@id\":\"https:\/\/footdavant.fr\/actualites\/#website\",\"url\":\"https:\/\/footdavant.fr\/actualites\/\",\"name\":\"Foot d'avant\",\"description\":\"\",\"publisher\":{\"@id\":\"https:\/\/footdavant.fr\/actualites\/#organization\"},\"potentialAction\":[{\"@type\":\"SearchAction\",\"target\":{\"@type\":\"EntryPoint\",\"urlTemplate\":\"https:\/\/footdavant.fr\/actualites\/?s={search_term_string}\"},\"query-input\":\"required name=search_term_string\"}],\"inLanguage\":\"fr-FR\"},{\"@type\":\"Organization\",\"@id\":\"https:\/\/footdavant.fr\/actualites\/#organization\",\"name\":\"Foot d'avant\",\"url\":\"https:\/\/footdavant.fr\/actualites\/\",\"logo\":{\"@type\":\"ImageObject\",\"inLanguage\":\"fr-FR\",\"@id\":\"https:\/\/footdavant.fr\/actualites\/#\/schema\/logo\/image\/\",\"url\":\"https:\/\/footdavant.fr\/actualites\/wp-content\/uploads\/2023\/09\/Copy-of-FootDavant-Logo.png\",\"contentUrl\":\"https:\/\/footdavant.fr\/actualites\/wp-content\/uploads\/2023\/09\/Copy-of-FootDavant-Logo.png\",\"width\":936,\"height\":549,\"caption\":\"Foot d'avant\"},\"image\":{\"@id\":\"https:\/\/footdavant.fr\/actualites\/#\/schema\/logo\/image\/\"},\"sameAs\":[\"https:\/\/www.facebook.com\/Footdavant\/\",\"https:\/\/twitter.com\/FootdavantFr\",\"https:\/\/www.instagram.com\/footdavant.fr\/\"]},{\"@type\":\"Person\",\"@id\":\"https:\/\/footdavant.fr\/actualites\/#\/schema\/person\/bc222566d95871b37e597b3ed3ba5e1d\",\"name\":\"Cl\u00e9ment\",\"image\":{\"@type\":\"ImageObject\",\"inLanguage\":\"fr-FR\",\"@id\":\"https:\/\/footdavant.fr\/actualites\/#\/schema\/person\/image\/\",\"url\":\"https:\/\/secure.gravatar.com\/avatar\/7728b29aac2719421e1a9159b2254c44?s=96&d=mm&r=g\",\"contentUrl\":\"https:\/\/secure.gravatar.com\/avatar\/7728b29aac2719421e1a9159b2254c44?s=96&d=mm&r=g\",\"caption\":\"Cl\u00e9ment\"},\"sameAs\":[\"https:\/\/footdavant.fr\/\"]}]}<\/script>\n<!-- \/ Yoast SEO plugin. -->","yoast_head_json":{"title":"Nouvelles du transfert de Man Utd: les Red Devils \u00ab subissent un coup dur \u00bb dans la course pour recruter le milieu de terrain du Bayern Munich","robots":{"index":"index","follow":"follow","max-snippet":"max-snippet:-1","max-image-preview":"max-image-preview:large","max-video-preview":"max-video-preview:-1"},"canonical":"https:\/\/footdavant.fr\/actualites\/nouvelles-du-transfert-de-man-utd-les-red-devils-subissent-un-coup-dur-dans-la-course-pour-recruter-le-milieu-de-terrain-du-bayern-munich\/","og_locale":"fr_FR","og_type":"article","og_title":"Nouvelles du transfert de Man Utd: les Red Devils \u00ab subissent un coup dur \u00bb dans la course pour recruter le milieu de terrain du Bayern Munich","og_description":"Manchester United aurait subi un revers majeur dans sa poursuite du milieu de terrain du Bayern Munich Aleksandar Pavlovic avant le mercato estival. Produit de","og_url":"https:\/\/footdavant.fr\/actualites\/nouvelles-du-transfert-de-man-utd-les-red-devils-subissent-un-coup-dur-dans-la-course-pour-recruter-le-milieu-de-terrain-du-bayern-munich\/","og_site_name":"Foot d&#039;avant","article_publisher":"https:\/\/www.facebook.com\/Footdavant\/","article_published_time":"2026-04-16T08:48:03+00:00","article_modified_time":"2026-04-16T08:48:05+00:00","og_image":[{"width":720,"height":410,"url":"https:\/\/footdavant.fr\/actualites\/wp-content\/uploads\/2026\/04\/Nouvelles-du-transfert-de-Man-United-les-Red-Devils.net2Fuploads2F20262F042Farne-slot-mo-sal.webp","type":"image\/webp"}],"author":"Cl\u00e9ment","twitter_card":"summary_large_image","twitter_creator":"@FootdavantFr","twitter_site":"@FootdavantFr","twitter_misc":{"\u00c9crit par":"Cl\u00e9ment","Dur\u00e9e de lecture estim\u00e9e":"2 minutes"},"schema":{"@context":"https:\/\/schema.org","@graph":[{"@type":"Article","@id":"https:\/\/footdavant.fr\/actualites\/nouvelles-du-transfert-de-man-utd-les-red-devils-subissent-un-coup-dur-dans-la-course-pour-recruter-le-milieu-de-terrain-du-bayern-munich\/#article","isPartOf":{"@id":"https:\/\/footdavant.fr\/actualites\/nouvelles-du-transfert-de-man-utd-les-red-devils-subissent-un-coup-dur-dans-la-course-pour-recruter-le-milieu-de-terrain-du-bayern-munich\/"},"author":{"name":"Cl\u00e9ment","@id":"https:\/\/footdavant.fr\/actualites\/#\/schema\/person\/bc222566d95871b37e597b3ed3ba5e1d"},"headline":"Nouvelles du transfert de Man Utd: les Red Devils \u00ab subissent un coup dur \u00bb dans la course pour recruter le milieu de terrain du Bayern Munich","datePublished":"2026-04-16T08:48:03+00:00","dateModified":"2026-04-16T08:48:05+00:00","mainEntityOfPage":{"@id":"https:\/\/footdavant.fr\/actualites\/nouvelles-du-transfert-de-man-utd-les-red-devils-subissent-un-coup-dur-dans-la-course-pour-recruter-le-milieu-de-terrain-du-bayern-munich\/"},"wordCount":489,"publisher":{"@id":"https:\/\/footdavant.fr\/actualites\/#organization"},"keywords":["Bayern","coup","dans","Devils","dur","les","Man","milieu","Munich","Nouvelles","pour","recruter","Red","subissent","terrain","transfert","Utd"],"articleSection":["Premier League"],"inLanguage":"fr-FR"},{"@type":"WebPage","@id":"https:\/\/footdavant.fr\/actualites\/nouvelles-du-transfert-de-man-utd-les-red-devils-subissent-un-coup-dur-dans-la-course-pour-recruter-le-milieu-de-terrain-du-bayern-munich\/","url":"https:\/\/footdavant.fr\/actualites\/nouvelles-du-transfert-de-man-utd-les-red-devils-subissent-un-coup-dur-dans-la-course-pour-recruter-le-milieu-de-terrain-du-bayern-munich\/","name":"Nouvelles du transfert de Man Utd: les Red Devils \u00ab subissent un coup dur \u00bb dans la course pour recruter le milieu de terrain du Bayern Munich","isPartOf":{"@id":"https:\/\/footdavant.fr\/actualites\/#website"},"datePublished":"2026-04-16T08:48:03+00:00","dateModified":"2026-04-16T08:48:05+00:00","breadcrumb":{"@id":"https:\/\/footdavant.fr\/actualites\/nouvelles-du-transfert-de-man-utd-les-red-devils-subissent-un-coup-dur-dans-la-course-pour-recruter-le-milieu-de-terrain-du-bayern-munich\/#breadcrumb"},"inLanguage":"fr-FR","potentialAction":[{"@type":"ReadAction","target":["https:\/\/footdavant.fr\/actualites\/nouvelles-du-transfert-de-man-utd-les-red-devils-subissent-un-coup-dur-dans-la-course-pour-recruter-le-milieu-de-terrain-du-bayern-munich\/"]}]},{"@type":"BreadcrumbList","@id":"https:\/\/footdavant.fr\/actualites\/nouvelles-du-transfert-de-man-utd-les-red-devils-subissent-un-coup-dur-dans-la-course-pour-recruter-le-milieu-de-terrain-du-bayern-munich\/#breadcrumb","itemListElement":[{"@type":"ListItem","position":1,"name":"Accueil","item":"https:\/\/footdavant.fr\/actualites\/"},{"@type":"ListItem","position":2,"name":"Nouvelles du transfert de Man Utd: les Red Devils \u00ab subissent un coup dur \u00bb dans la course pour recruter le milieu de terrain du Bayern Munich"}]},{"@type":"WebSite","@id":"https:\/\/footdavant.fr\/actualites\/#website","url":"https:\/\/footdavant.fr\/actualites\/","name":"Foot d'avant","description":"","publisher":{"@id":"https:\/\/footdavant.fr\/actualites\/#organization"},"potentialAction":[{"@type":"SearchAction","target":{"@type":"EntryPoint","urlTemplate":"https:\/\/footdavant.fr\/actualites\/?s={search_term_string}"},"query-input":"required name=search_term_string"}],"inLanguage":"fr-FR"},{"@type":"Organization","@id":"https:\/\/footdavant.fr\/actualites\/#organization","name":"Foot d'avant","url":"https:\/\/footdavant.fr\/actualites\/","logo":{"@type":"ImageObject","inLanguage":"fr-FR","@id":"https:\/\/footdavant.fr\/actualites\/#\/schema\/logo\/image\/","url":"https:\/\/footdavant.fr\/actualites\/wp-content\/uploads\/2023\/09\/Copy-of-FootDavant-Logo.png","contentUrl":"https:\/\/footdavant.fr\/actualites\/wp-content\/uploads\/2023\/09\/Copy-of-FootDavant-Logo.png","width":936,"height":549,"caption":"Foot d'avant"},"image":{"@id":"https:\/\/footdavant.fr\/actualites\/#\/schema\/logo\/image\/"},"sameAs":["https:\/\/www.facebook.com\/Footdavant\/","https:\/\/twitter.com\/FootdavantFr","https:\/\/www.instagram.com\/footdavant.fr\/"]},{"@type":"Person","@id":"https:\/\/footdavant.fr\/actualites\/#\/schema\/person\/bc222566d95871b37e597b3ed3ba5e1d","name":"Cl\u00e9ment","image":{"@type":"ImageObject","inLanguage":"fr-FR","@id":"https:\/\/footdavant.fr\/actualites\/#\/schema\/person\/image\/","url":"https:\/\/secure.gravatar.com\/avatar\/7728b29aac2719421e1a9159b2254c44?s=96&d=mm&r=g","contentUrl":"https:\/\/secure.gravatar.com\/avatar\/7728b29aac2719421e1a9159b2254c44?s=96&d=mm&r=g","caption":"Cl\u00e9ment"},"sameAs":["https:\/\/footdavant.fr\/"]}]}},"_links":{"self":[{"href":"https:\/\/footdavant.fr\/actualites\/wp-json\/wp\/v2\/posts\/36515"}],"collection":[{"href":"https:\/\/footdavant.fr\/actualites\/wp-json\/wp\/v2\/posts"}],"about":[{"href":"https:\/\/footdavant.fr\/actualites\/wp-json\/wp\/v2\/types\/post"}],"author":[{"embeddable":true,"href":"https:\/\/footdavant.fr\/actualites\/wp-json\/wp\/v2\/users\/1"}],"replies":[{"embeddable":true,"href":"https:\/\/footdavant.fr\/actualites\/wp-json\/wp\/v2\/comments?post=36515"}],"version-history":[{"count":1,"href":"https:\/\/footdavant.fr\/actualites\/wp-json\/wp\/v2\/posts\/36515\/revisions"}],"predecessor-version":[{"id":36516,"href":"https:\/\/footdavant.fr\/actualites\/wp-json\/wp\/v2\/posts\/36515\/revisions\/36516"}],"wp:featuredmedia":[{"embeddable":true,"href":"https:\/\/footdavant.fr\/actualites\/wp-json\/wp\/v2\/media\/36394"}],"wp:attachment":[{"href":"https:\/\/footdavant.fr\/actualites\/wp-json\/wp\/v2\/media?parent=36515"}],"wp:term":[{"taxonomy":"category","embeddable":true,"href":"https:\/\/footdavant.fr\/actualites\/wp-json\/wp\/v2\/categories?post=36515"},{"taxonomy":"post_tag","embeddable":true,"href":"https:\/\/footdavant.fr\/actualites\/wp-json\/wp\/v2\/tags?post=36515"}],"curies":[{"name":"wp","href":"https:\/\/api.w.org\/{rel}","templated":true}]}}