{"id":36517,"date":"2026-04-16T12:48:02","date_gmt":"2026-04-16T10:48:02","guid":{"rendered":"https:\/\/footdavant.fr\/actualites\/richard-rios-manchester-united-se-lance-dans-la-course-pour-recruter-le-milieu-de-terrain-de-benfica\/"},"modified":"2026-04-16T12:48:04","modified_gmt":"2026-04-16T10:48:04","slug":"richard-rios-manchester-united-se-lance-dans-la-course-pour-recruter-le-milieu-de-terrain-de-benfica","status":"publish","type":"post","link":"https:\/\/footdavant.fr\/actualites\/richard-rios-manchester-united-se-lance-dans-la-course-pour-recruter-le-milieu-de-terrain-de-benfica\/","title":{"rendered":"Richard Rios: Manchester United se lance dans la course pour recruter le milieu de terrain de Benfica &#8211;"},"content":{"rendered":"<div id=\"penci-post-entry-inner\">\n<p>\t\t\t<i class=\"penci-post-countview-number-check\" style=\"display:none\">3<\/i><\/p>\n<p>Manchester United a raviv\u00e9 son int\u00e9r\u00eat pour le magicien du milieu de terrain colombien Richard Rios.<\/p>\n<p>L&#39;\u00e9t\u00e9 dernier, les Diables Rouges \u00e9taient fortement li\u00e9s \u00e0 Rios gr\u00e2ce \u00e0 ses performances impressionnantes pour Palmeiras. Cependant, Benfica a remport\u00e9 la course \u00e0 sa signature apr\u00e8s avoir conclu un accord sur un accord d&#39;une valeur d&#39;environ 30 millions d&#39;euros.<\/p>\n<p>Un an plus tard, Rios pourrait \u00eatre de nouveau en mouvement apr\u00e8s avoir connu une p\u00e9riode mitig\u00e9e sous la direction de Jose Mourinho \u00e0 Lisbonne.<\/p>\n<h3>Manchester United lorgne Richard Rios<\/h3>\n<p>Selon l&#39;AS Colombie, Manchester United et Fulham font partie des clubs de Premier League qui ont manifest\u00e9 leur int\u00e9r\u00eat pour Richard Rios. On pense \u00e9galement que les clubs de Serie A surveillent sa situation \u00e0 Benfica.<\/p>\n<p>Il est sugg\u00e9r\u00e9 que United ait pris contact pour exprimer son int\u00e9r\u00eat pour le transfert.<\/p>\n<p>Cependant, Benfica h\u00e9site \u00e0 se s\u00e9parer si h\u00e2tivement de Rios. L&#39;international colombien est sous contrat jusqu&#39;en 2030, avec une clause lib\u00e9ratoire de 100 millions d&#39;euros (87 millions de livres sterling).<\/p>\n<p>En tant que tel, il faudrait une offre irr\u00e9sistible pour amener les Eagles \u00e0 la table. <\/p>\n<p>Certains pensent que sa r\u00e9putation pourrait \u00eatre consid\u00e9rablement renforc\u00e9e s\u2019il brillait \u00e0 la Coupe du monde 2026.<\/p>\n<h3>Les comp\u00e9tences uniques de Richard Rios continuent d&#39;attirer Manchester United<\/h3>\n<p>De plus, Rios serait install\u00e9 \u00e0 Lisbonne, appr\u00e9ciant son r\u00f4le sous Mourinho, qui l&#39;a d\u00e9crit comme un \u00ab grand joueur \u00bb l&#39;ann\u00e9e derni\u00e8re.<\/p>\n<p>Le joueur de 25 ans a disput\u00e9 41 matches toutes comp\u00e9titions confondues cette saison et a \u00e9t\u00e9 directement impliqu\u00e9 dans 10 buts depuis le milieu de terrain d\u00e9fensif. <\/p>\n<p>La combinaison de flair, de s\u00e9curit\u00e9 technique et d&#39;intensit\u00e9 hors de possession du milieu de terrain polyvalent fait de lui un profil unique et explique pourquoi il est sur le radar de United depuis son passage au Br\u00e9sil avec Palmeiras.<\/p>\n<p>Avec le d\u00e9part de Casemiro cet \u00e9t\u00e9, United pourrait b\u00e9n\u00e9ficier d&#39;un autre Sud-Am\u00e9ricain tenace qui aime avoir un impact des deux c\u00f4t\u00e9s du terrain.<\/p>\n<hr\/>\n<p>The Peoples Person est l&#39;un des principaux sites d&#39;information de Man United au monde depuis plus d&#39;une d\u00e9cennie. Suivez-nous sur Bluesky\u00a0: @peoplesperson.bsky.social<\/p>\n<p><!-- CONTENT END 2 --><\/p><\/div>\n","protected":false},"excerpt":{"rendered":"<p>3 Manchester United a raviv\u00e9 son int\u00e9r\u00eat pour le magicien du milieu de terrain colombien Richard Rios. L&#39;\u00e9t\u00e9 dernier, les Diables Rouges \u00e9taient fortement li\u00e9s<\/p>\n","protected":false},"author":1,"featured_media":36518,"comment_status":"closed","ping_status":"","sticky":false,"template":"","format":"standard","meta":{"footnotes":""},"categories":[3],"tags":[528,19,4464,11,441,51,1284,3489,9660,442,13],"yoast_head":"<!-- This site is optimized with the Yoast SEO plugin v21.0 - https:\/\/yoast.com\/wordpress\/plugins\/seo\/ -->\n<title>Richard Rios: Manchester United se lance dans la course pour recruter le milieu de terrain de Benfica -<\/title>\n<meta name=\"robots\" content=\"index, follow, max-snippet:-1, max-image-preview:large, max-video-preview:-1\" \/>\n<link rel=\"canonical\" href=\"https:\/\/footdavant.fr\/actualites\/richard-rios-manchester-united-se-lance-dans-la-course-pour-recruter-le-milieu-de-terrain-de-benfica\/\" \/>\n<meta property=\"og:locale\" content=\"fr_FR\" \/>\n<meta property=\"og:type\" content=\"article\" \/>\n<meta property=\"og:title\" content=\"Richard Rios: Manchester United se lance dans la course pour recruter le milieu de terrain de Benfica -\" \/>\n<meta property=\"og:description\" content=\"3 Manchester United a raviv\u00e9 son int\u00e9r\u00eat pour le magicien du milieu de terrain colombien Richard Rios. L&#039;\u00e9t\u00e9 dernier, les Diables Rouges \u00e9taient fortement li\u00e9s\" \/>\n<meta property=\"og:url\" content=\"https:\/\/footdavant.fr\/actualites\/richard-rios-manchester-united-se-lance-dans-la-course-pour-recruter-le-milieu-de-terrain-de-benfica\/\" \/>\n<meta property=\"og:site_name\" content=\"Foot d&#039;avant\" \/>\n<meta property=\"article:publisher\" content=\"https:\/\/www.facebook.com\/Footdavant\/\" \/>\n<meta property=\"article:published_time\" content=\"2026-04-16T10:48:02+00:00\" \/>\n<meta property=\"article:modified_time\" content=\"2026-04-16T10:48:04+00:00\" \/>\n<meta property=\"og:image\" content=\"https:\/\/footdavant.fr\/actualites\/wp-content\/uploads\/2026\/04\/Richard-Rios-Manchester-United-se-lance-dans-la-course-pour.jpg\" \/>\n\t<meta property=\"og:image:width\" content=\"1600\" \/>\n\t<meta property=\"og:image:height\" content=\"703\" \/>\n\t<meta property=\"og:image:type\" content=\"image\/jpeg\" \/>\n<meta name=\"author\" content=\"Cl\u00e9ment\" \/>\n<meta name=\"twitter:card\" content=\"summary_large_image\" \/>\n<meta name=\"twitter:creator\" content=\"@FootdavantFr\" \/>\n<meta name=\"twitter:site\" content=\"@FootdavantFr\" \/>\n<meta name=\"twitter:label1\" content=\"\u00c9crit par\" \/>\n\t<meta name=\"twitter:data1\" content=\"Cl\u00e9ment\" \/>\n\t<meta name=\"twitter:label2\" content=\"Dur\u00e9e de lecture estim\u00e9e\" \/>\n\t<meta name=\"twitter:data2\" content=\"2 minutes\" \/>\n<script type=\"application\/ld+json\" class=\"yoast-schema-graph\">{\"@context\":\"https:\/\/schema.org\",\"@graph\":[{\"@type\":\"Article\",\"@id\":\"https:\/\/footdavant.fr\/actualites\/richard-rios-manchester-united-se-lance-dans-la-course-pour-recruter-le-milieu-de-terrain-de-benfica\/#article\",\"isPartOf\":{\"@id\":\"https:\/\/footdavant.fr\/actualites\/richard-rios-manchester-united-se-lance-dans-la-course-pour-recruter-le-milieu-de-terrain-de-benfica\/\"},\"author\":{\"name\":\"Cl\u00e9ment\",\"@id\":\"https:\/\/footdavant.fr\/actualites\/#\/schema\/person\/bc222566d95871b37e597b3ed3ba5e1d\"},\"headline\":\"Richard Rios: Manchester United se lance dans la course pour recruter le milieu de terrain de Benfica &#8211;\",\"datePublished\":\"2026-04-16T10:48:02+00:00\",\"dateModified\":\"2026-04-16T10:48:04+00:00\",\"mainEntityOfPage\":{\"@id\":\"https:\/\/footdavant.fr\/actualites\/richard-rios-manchester-united-se-lance-dans-la-course-pour-recruter-le-milieu-de-terrain-de-benfica\/\"},\"wordCount\":403,\"publisher\":{\"@id\":\"https:\/\/footdavant.fr\/actualites\/#organization\"},\"keywords\":[\"Benfica\",\"dans\",\"lance\",\"Manchester\",\"milieu\",\"pour\",\"recruter\",\"Richard\",\"Rios\",\"terrain\",\"United\"],\"articleSection\":[\"Football\"],\"inLanguage\":\"fr-FR\"},{\"@type\":\"WebPage\",\"@id\":\"https:\/\/footdavant.fr\/actualites\/richard-rios-manchester-united-se-lance-dans-la-course-pour-recruter-le-milieu-de-terrain-de-benfica\/\",\"url\":\"https:\/\/footdavant.fr\/actualites\/richard-rios-manchester-united-se-lance-dans-la-course-pour-recruter-le-milieu-de-terrain-de-benfica\/\",\"name\":\"Richard Rios: Manchester United se lance dans la course pour recruter le milieu de terrain de Benfica -\",\"isPartOf\":{\"@id\":\"https:\/\/footdavant.fr\/actualites\/#website\"},\"datePublished\":\"2026-04-16T10:48:02+00:00\",\"dateModified\":\"2026-04-16T10:48:04+00:00\",\"breadcrumb\":{\"@id\":\"https:\/\/footdavant.fr\/actualites\/richard-rios-manchester-united-se-lance-dans-la-course-pour-recruter-le-milieu-de-terrain-de-benfica\/#breadcrumb\"},\"inLanguage\":\"fr-FR\",\"potentialAction\":[{\"@type\":\"ReadAction\",\"target\":[\"https:\/\/footdavant.fr\/actualites\/richard-rios-manchester-united-se-lance-dans-la-course-pour-recruter-le-milieu-de-terrain-de-benfica\/\"]}]},{\"@type\":\"BreadcrumbList\",\"@id\":\"https:\/\/footdavant.fr\/actualites\/richard-rios-manchester-united-se-lance-dans-la-course-pour-recruter-le-milieu-de-terrain-de-benfica\/#breadcrumb\",\"itemListElement\":[{\"@type\":\"ListItem\",\"position\":1,\"name\":\"Accueil\",\"item\":\"https:\/\/footdavant.fr\/actualites\/\"},{\"@type\":\"ListItem\",\"position\":2,\"name\":\"Richard Rios: Manchester United se lance dans la course pour recruter le milieu de terrain de Benfica &#8211;\"}]},{\"@type\":\"WebSite\",\"@id\":\"https:\/\/footdavant.fr\/actualites\/#website\",\"url\":\"https:\/\/footdavant.fr\/actualites\/\",\"name\":\"Foot d'avant\",\"description\":\"\",\"publisher\":{\"@id\":\"https:\/\/footdavant.fr\/actualites\/#organization\"},\"potentialAction\":[{\"@type\":\"SearchAction\",\"target\":{\"@type\":\"EntryPoint\",\"urlTemplate\":\"https:\/\/footdavant.fr\/actualites\/?s={search_term_string}\"},\"query-input\":\"required name=search_term_string\"}],\"inLanguage\":\"fr-FR\"},{\"@type\":\"Organization\",\"@id\":\"https:\/\/footdavant.fr\/actualites\/#organization\",\"name\":\"Foot d'avant\",\"url\":\"https:\/\/footdavant.fr\/actualites\/\",\"logo\":{\"@type\":\"ImageObject\",\"inLanguage\":\"fr-FR\",\"@id\":\"https:\/\/footdavant.fr\/actualites\/#\/schema\/logo\/image\/\",\"url\":\"https:\/\/footdavant.fr\/actualites\/wp-content\/uploads\/2023\/09\/Copy-of-FootDavant-Logo.png\",\"contentUrl\":\"https:\/\/footdavant.fr\/actualites\/wp-content\/uploads\/2023\/09\/Copy-of-FootDavant-Logo.png\",\"width\":936,\"height\":549,\"caption\":\"Foot d'avant\"},\"image\":{\"@id\":\"https:\/\/footdavant.fr\/actualites\/#\/schema\/logo\/image\/\"},\"sameAs\":[\"https:\/\/www.facebook.com\/Footdavant\/\",\"https:\/\/twitter.com\/FootdavantFr\",\"https:\/\/www.instagram.com\/footdavant.fr\/\"]},{\"@type\":\"Person\",\"@id\":\"https:\/\/footdavant.fr\/actualites\/#\/schema\/person\/bc222566d95871b37e597b3ed3ba5e1d\",\"name\":\"Cl\u00e9ment\",\"image\":{\"@type\":\"ImageObject\",\"inLanguage\":\"fr-FR\",\"@id\":\"https:\/\/footdavant.fr\/actualites\/#\/schema\/person\/image\/\",\"url\":\"https:\/\/secure.gravatar.com\/avatar\/7728b29aac2719421e1a9159b2254c44?s=96&d=mm&r=g\",\"contentUrl\":\"https:\/\/secure.gravatar.com\/avatar\/7728b29aac2719421e1a9159b2254c44?s=96&d=mm&r=g\",\"caption\":\"Cl\u00e9ment\"},\"sameAs\":[\"https:\/\/footdavant.fr\/\"]}]}<\/script>\n<!-- \/ Yoast SEO plugin. -->","yoast_head_json":{"title":"Richard Rios: Manchester United se lance dans la course pour recruter le milieu de terrain de Benfica -","robots":{"index":"index","follow":"follow","max-snippet":"max-snippet:-1","max-image-preview":"max-image-preview:large","max-video-preview":"max-video-preview:-1"},"canonical":"https:\/\/footdavant.fr\/actualites\/richard-rios-manchester-united-se-lance-dans-la-course-pour-recruter-le-milieu-de-terrain-de-benfica\/","og_locale":"fr_FR","og_type":"article","og_title":"Richard Rios: Manchester United se lance dans la course pour recruter le milieu de terrain de Benfica -","og_description":"3 Manchester United a raviv\u00e9 son int\u00e9r\u00eat pour le magicien du milieu de terrain colombien Richard Rios. L&#39;\u00e9t\u00e9 dernier, les Diables Rouges \u00e9taient fortement li\u00e9s","og_url":"https:\/\/footdavant.fr\/actualites\/richard-rios-manchester-united-se-lance-dans-la-course-pour-recruter-le-milieu-de-terrain-de-benfica\/","og_site_name":"Foot d&#039;avant","article_publisher":"https:\/\/www.facebook.com\/Footdavant\/","article_published_time":"2026-04-16T10:48:02+00:00","article_modified_time":"2026-04-16T10:48:04+00:00","og_image":[{"width":1600,"height":703,"url":"https:\/\/footdavant.fr\/actualites\/wp-content\/uploads\/2026\/04\/Richard-Rios-Manchester-United-se-lance-dans-la-course-pour.jpg","type":"image\/jpeg"}],"author":"Cl\u00e9ment","twitter_card":"summary_large_image","twitter_creator":"@FootdavantFr","twitter_site":"@FootdavantFr","twitter_misc":{"\u00c9crit par":"Cl\u00e9ment","Dur\u00e9e de lecture estim\u00e9e":"2 minutes"},"schema":{"@context":"https:\/\/schema.org","@graph":[{"@type":"Article","@id":"https:\/\/footdavant.fr\/actualites\/richard-rios-manchester-united-se-lance-dans-la-course-pour-recruter-le-milieu-de-terrain-de-benfica\/#article","isPartOf":{"@id":"https:\/\/footdavant.fr\/actualites\/richard-rios-manchester-united-se-lance-dans-la-course-pour-recruter-le-milieu-de-terrain-de-benfica\/"},"author":{"name":"Cl\u00e9ment","@id":"https:\/\/footdavant.fr\/actualites\/#\/schema\/person\/bc222566d95871b37e597b3ed3ba5e1d"},"headline":"Richard Rios: Manchester United se lance dans la course pour recruter le milieu de terrain de Benfica &#8211;","datePublished":"2026-04-16T10:48:02+00:00","dateModified":"2026-04-16T10:48:04+00:00","mainEntityOfPage":{"@id":"https:\/\/footdavant.fr\/actualites\/richard-rios-manchester-united-se-lance-dans-la-course-pour-recruter-le-milieu-de-terrain-de-benfica\/"},"wordCount":403,"publisher":{"@id":"https:\/\/footdavant.fr\/actualites\/#organization"},"keywords":["Benfica","dans","lance","Manchester","milieu","pour","recruter","Richard","Rios","terrain","United"],"articleSection":["Football"],"inLanguage":"fr-FR"},{"@type":"WebPage","@id":"https:\/\/footdavant.fr\/actualites\/richard-rios-manchester-united-se-lance-dans-la-course-pour-recruter-le-milieu-de-terrain-de-benfica\/","url":"https:\/\/footdavant.fr\/actualites\/richard-rios-manchester-united-se-lance-dans-la-course-pour-recruter-le-milieu-de-terrain-de-benfica\/","name":"Richard Rios: Manchester United se lance dans la course pour recruter le milieu de terrain de Benfica -","isPartOf":{"@id":"https:\/\/footdavant.fr\/actualites\/#website"},"datePublished":"2026-04-16T10:48:02+00:00","dateModified":"2026-04-16T10:48:04+00:00","breadcrumb":{"@id":"https:\/\/footdavant.fr\/actualites\/richard-rios-manchester-united-se-lance-dans-la-course-pour-recruter-le-milieu-de-terrain-de-benfica\/#breadcrumb"},"inLanguage":"fr-FR","potentialAction":[{"@type":"ReadAction","target":["https:\/\/footdavant.fr\/actualites\/richard-rios-manchester-united-se-lance-dans-la-course-pour-recruter-le-milieu-de-terrain-de-benfica\/"]}]},{"@type":"BreadcrumbList","@id":"https:\/\/footdavant.fr\/actualites\/richard-rios-manchester-united-se-lance-dans-la-course-pour-recruter-le-milieu-de-terrain-de-benfica\/#breadcrumb","itemListElement":[{"@type":"ListItem","position":1,"name":"Accueil","item":"https:\/\/footdavant.fr\/actualites\/"},{"@type":"ListItem","position":2,"name":"Richard Rios: Manchester United se lance dans la course pour recruter le milieu de terrain de Benfica &#8211;"}]},{"@type":"WebSite","@id":"https:\/\/footdavant.fr\/actualites\/#website","url":"https:\/\/footdavant.fr\/actualites\/","name":"Foot d'avant","description":"","publisher":{"@id":"https:\/\/footdavant.fr\/actualites\/#organization"},"potentialAction":[{"@type":"SearchAction","target":{"@type":"EntryPoint","urlTemplate":"https:\/\/footdavant.fr\/actualites\/?s={search_term_string}"},"query-input":"required name=search_term_string"}],"inLanguage":"fr-FR"},{"@type":"Organization","@id":"https:\/\/footdavant.fr\/actualites\/#organization","name":"Foot d'avant","url":"https:\/\/footdavant.fr\/actualites\/","logo":{"@type":"ImageObject","inLanguage":"fr-FR","@id":"https:\/\/footdavant.fr\/actualites\/#\/schema\/logo\/image\/","url":"https:\/\/footdavant.fr\/actualites\/wp-content\/uploads\/2023\/09\/Copy-of-FootDavant-Logo.png","contentUrl":"https:\/\/footdavant.fr\/actualites\/wp-content\/uploads\/2023\/09\/Copy-of-FootDavant-Logo.png","width":936,"height":549,"caption":"Foot d'avant"},"image":{"@id":"https:\/\/footdavant.fr\/actualites\/#\/schema\/logo\/image\/"},"sameAs":["https:\/\/www.facebook.com\/Footdavant\/","https:\/\/twitter.com\/FootdavantFr","https:\/\/www.instagram.com\/footdavant.fr\/"]},{"@type":"Person","@id":"https:\/\/footdavant.fr\/actualites\/#\/schema\/person\/bc222566d95871b37e597b3ed3ba5e1d","name":"Cl\u00e9ment","image":{"@type":"ImageObject","inLanguage":"fr-FR","@id":"https:\/\/footdavant.fr\/actualites\/#\/schema\/person\/image\/","url":"https:\/\/secure.gravatar.com\/avatar\/7728b29aac2719421e1a9159b2254c44?s=96&d=mm&r=g","contentUrl":"https:\/\/secure.gravatar.com\/avatar\/7728b29aac2719421e1a9159b2254c44?s=96&d=mm&r=g","caption":"Cl\u00e9ment"},"sameAs":["https:\/\/footdavant.fr\/"]}]}},"_links":{"self":[{"href":"https:\/\/footdavant.fr\/actualites\/wp-json\/wp\/v2\/posts\/36517"}],"collection":[{"href":"https:\/\/footdavant.fr\/actualites\/wp-json\/wp\/v2\/posts"}],"about":[{"href":"https:\/\/footdavant.fr\/actualites\/wp-json\/wp\/v2\/types\/post"}],"author":[{"embeddable":true,"href":"https:\/\/footdavant.fr\/actualites\/wp-json\/wp\/v2\/users\/1"}],"replies":[{"embeddable":true,"href":"https:\/\/footdavant.fr\/actualites\/wp-json\/wp\/v2\/comments?post=36517"}],"version-history":[{"count":1,"href":"https:\/\/footdavant.fr\/actualites\/wp-json\/wp\/v2\/posts\/36517\/revisions"}],"predecessor-version":[{"id":36519,"href":"https:\/\/footdavant.fr\/actualites\/wp-json\/wp\/v2\/posts\/36517\/revisions\/36519"}],"wp:featuredmedia":[{"embeddable":true,"href":"https:\/\/footdavant.fr\/actualites\/wp-json\/wp\/v2\/media\/36518"}],"wp:attachment":[{"href":"https:\/\/footdavant.fr\/actualites\/wp-json\/wp\/v2\/media?parent=36517"}],"wp:term":[{"taxonomy":"category","embeddable":true,"href":"https:\/\/footdavant.fr\/actualites\/wp-json\/wp\/v2\/categories?post=36517"},{"taxonomy":"post_tag","embeddable":true,"href":"https:\/\/footdavant.fr\/actualites\/wp-json\/wp\/v2\/tags?post=36517"}],"curies":[{"name":"wp","href":"https:\/\/api.w.org\/{rel}","templated":true}]}}