{"id":36520,"date":"2026-04-16T14:48:05","date_gmt":"2026-04-16T12:48:05","guid":{"rendered":"https:\/\/footdavant.fr\/actualites\/aston-villa-a-desormais-un-probleme-majeur-avec-emi-martinez-alors-que-le-gardien-de-but-subit-une-troisieme-blessure-a-lechauffement-avant-nottingham-forest\/"},"modified":"2026-04-16T14:48:06","modified_gmt":"2026-04-16T12:48:06","slug":"aston-villa-a-desormais-un-probleme-majeur-avec-emi-martinez-alors-que-le-gardien-de-but-subit-une-troisieme-blessure-a-lechauffement-avant-nottingham-forest","status":"publish","type":"post","link":"https:\/\/footdavant.fr\/actualites\/aston-villa-a-desormais-un-probleme-majeur-avec-emi-martinez-alors-que-le-gardien-de-but-subit-une-troisieme-blessure-a-lechauffement-avant-nottingham-forest\/","title":{"rendered":"Aston Villa a d\u00e9sormais un probl\u00e8me majeur avec Emi Martinez alors que le gardien de but subit une troisi\u00e8me blessure \u00e0 l&#39;\u00e9chauffement avant Nottingham Forest"},"content":{"rendered":"<div itemprop=\"articleBody\">\n<p>Aston Villa a \u00e9t\u00e9 contrainte \u00e0 un changement tardif avant le coup d&#39;envoi contre Nottingham Forest en Premier League, Emiliano Martinez ayant subi une blessure \u00e0 l&#39;\u00e9chauffement de plus en plus famili\u00e8re.<\/p>\n<p>L&#39;ancien gardien d&#39;Arsenal devait faire son 28e d\u00e9but de saison en Premier League contre les Tricky Trees, peu de temps apr\u00e8s avoir disput\u00e9 les 90 matchs lors du triomphe 3-1 de la Ligue Europa contre Bologne jeudi.<\/p>\n<p>Cependant, Martinez a \u00e9t\u00e9 un retrait tardif inattendu de la formation de d\u00e9part au City Ground, alors que Marco Bizot est venu remplacer l&#39;international argentin.<\/p>\n<p>Martinez aurait subi une blessure lors de l&#39;\u00e9chauffement, mais aucun autre d\u00e9tail sur le probl\u00e8me du gardien de but n&#39;a \u00e9t\u00e9 annonc\u00e9, et Unai Emery sera probablement invit\u00e9 \u00e0 faire le point apr\u00e8s le match.<\/p>\n<p>N\u00e9anmoins, le vainqueur de la Coupe du monde est apparu comme un doute pr\u00e9coce pour le match retour du quart de finale retour de Villa contre Bologne jeudi, ainsi que pour le choc de Premier League contre Sunderland dimanche prochain.<\/p>\n<h2>Combien de fois Emiliano Martinez s\u2019est-il retir\u00e9 de la formation de d\u00e9part d\u2019Aston Villa ?<\/h2>\n<div>\n<div>\n<div>\n<div>\n<p>\u00a9 Imago \/ Images de sports professionnels<\/p>\n<\/div>\n<\/div>\n<\/div>\n<\/div>\n<p>Martinez se retire du onze de d\u00e9part d&#39;Aston Villa avant le coup d&#39;envoi n&#39;a rien de nouveau au cours de la saison 2025-26, car il a maintenant \u00e9t\u00e9 contraint de se retirer avant le coup d&#39;envoi \u00e0 trois reprises.<\/p>\n<p>Le joueur de 33 ans a \u00e9galement \u00e9t\u00e9 exclu de la victoire de la Ligue Europa en octobre contre Feyenoord peu avant le coup d&#39;envoi en raison d&#39;un coup, bien qu&#39;il soit de retour dans le but contre Burnley trois jours plus tard.<\/p>\n<p>Martinez a ensuite d\u00fb se retirer de l&#39;alignement d&#39;Emery contre Brighton &#038; Hove Albion en d\u00e9cembre en raison d&#39;une autre pr\u00e9tendue blessure \u00e0 l&#39;\u00e9chauffement, avant de revenir affronter Arsenal 72 heures plus tard.<\/p>\n<p>L&#39;Argentin s&#39;est toujours montr\u00e9 disponible depuis, mais ses forfaits r\u00e9p\u00e9t\u00e9s de derni\u00e8re minute deviennent un probl\u00e8me majeur pour Villa, m\u00eame si Bizot est un adjoint plus que comp\u00e9tent.<\/p>\n<p>Martinez est toujours sous contrat avec Aston Villa jusqu&#39;\u00e0 l&#39;\u00e9t\u00e9 2029, il serait donc surprenant de voir le joueur de 33 ans partir cet \u00e9t\u00e9 sans frais de transfert importants.<\/p>\n<h2>Combien d\u2019autres joueurs d\u2019Aston Villa sont bless\u00e9s ?<\/h2>\n<div>\n<div>\n<div>\n<div><img decoding=\"async\" data-img-id=\"153723\" class=\"lazy\" loading=\"lazy\" src=\"https:\/\/footdavant.fr\/actualites\/wp-content\/uploads\/2026\/04\/1776343685_152_Aston-Villa-a-desormais-un-probleme-majeur-avec-Emi-Martinez.webp\"\/><\/p>\n<p>\u00a9 Imago \/ Andrew Yates Sportimage<\/p>\n<\/div>\n<\/div>\n<\/div>\n<\/div>\n<p>Seul le temps nous dira si Martinez aura le feu vert pour affronter Bologne ou Sunderland, mais Boubacar Kamara est d\u00e9finitivement absent des deux matches alors que le Fran\u00e7ais se remet de sa blessure au genou qui a mis fin \u00e0 la saison.<\/p>\n<p>La nouvelle recrue Alysson est maintenant de retour \u00e0 l&#39;entra\u00eenement en \u00e9quipe apr\u00e8s un mois d&#39;absence en raison d&#39;une blessure musculaire, mais le Br\u00e9silien devrait toujours rester \u00e0 l&#39;\u00e9cart pendant encore quelques semaines.<\/p>\n<p>Jadon Sancho (\u00e9paule) n&#39;a pas non plus r\u00e9ussi \u00e0 faire partie de l&#39;\u00e9quipe de la journ\u00e9e contre Forest, mais l&#39;ailier est sur le point de revenir et pourrait \u00eatre impliqu\u00e9 contre Bologne en milieu de semaine.<\/p>\n<\/div>\n","protected":false},"excerpt":{"rendered":"<p>Aston Villa a \u00e9t\u00e9 contrainte \u00e0 un changement tardif avant le coup d&#39;envoi contre Nottingham Forest en Premier League, Emiliano Martinez ayant subi une blessure<\/p>\n","protected":false},"author":1,"featured_media":36521,"comment_status":"closed","ping_status":"","sticky":false,"template":"","format":"standard","meta":{"footnotes":""},"categories":[5],"tags":[318,369,491,91,15,1564,11838,358,1488,11839,246,949,357,2243,366,2584,92,370],"yoast_head":"<!-- This site is optimized with the Yoast SEO plugin v21.0 - https:\/\/yoast.com\/wordpress\/plugins\/seo\/ -->\n<title>Aston Villa a d\u00e9sormais un probl\u00e8me majeur avec Emi Martinez alors que le gardien de but subit une troisi\u00e8me blessure \u00e0 l&#039;\u00e9chauffement avant Nottingham Forest<\/title>\n<meta name=\"robots\" content=\"index, follow, max-snippet:-1, max-image-preview:large, max-video-preview:-1\" \/>\n<link rel=\"canonical\" href=\"https:\/\/footdavant.fr\/actualites\/aston-villa-a-desormais-un-probleme-majeur-avec-emi-martinez-alors-que-le-gardien-de-but-subit-une-troisieme-blessure-a-lechauffement-avant-nottingham-forest\/\" \/>\n<meta property=\"og:locale\" content=\"fr_FR\" \/>\n<meta property=\"og:type\" content=\"article\" \/>\n<meta property=\"og:title\" content=\"Aston Villa a d\u00e9sormais un probl\u00e8me majeur avec Emi Martinez alors que le gardien de but subit une troisi\u00e8me blessure \u00e0 l&#039;\u00e9chauffement avant Nottingham Forest\" \/>\n<meta property=\"og:description\" content=\"Aston Villa a \u00e9t\u00e9 contrainte \u00e0 un changement tardif avant le coup d&#039;envoi contre Nottingham Forest en Premier League, Emiliano Martinez ayant subi une blessure\" \/>\n<meta property=\"og:url\" content=\"https:\/\/footdavant.fr\/actualites\/aston-villa-a-desormais-un-probleme-majeur-avec-emi-martinez-alors-que-le-gardien-de-but-subit-une-troisieme-blessure-a-lechauffement-avant-nottingham-forest\/\" \/>\n<meta property=\"og:site_name\" content=\"Foot d&#039;avant\" \/>\n<meta property=\"article:publisher\" content=\"https:\/\/www.facebook.com\/Footdavant\/\" \/>\n<meta property=\"article:published_time\" content=\"2026-04-16T12:48:05+00:00\" \/>\n<meta property=\"article:modified_time\" content=\"2026-04-16T12:48:06+00:00\" \/>\n<meta property=\"og:image\" content=\"https:\/\/footdavant.fr\/actualites\/wp-content\/uploads\/2026\/04\/Aston-Villa-a-desormais-un-probleme-majeur-avec-Emi-Martinez.net2Fuploads2F20262F042Ficonsport-361717.webp\" \/>\n\t<meta property=\"og:image:width\" content=\"720\" \/>\n\t<meta property=\"og:image:height\" content=\"410\" \/>\n\t<meta property=\"og:image:type\" content=\"image\/webp\" \/>\n<meta name=\"author\" content=\"Cl\u00e9ment\" \/>\n<meta name=\"twitter:card\" content=\"summary_large_image\" \/>\n<meta name=\"twitter:creator\" content=\"@FootdavantFr\" \/>\n<meta name=\"twitter:site\" content=\"@FootdavantFr\" \/>\n<meta name=\"twitter:label1\" content=\"\u00c9crit par\" \/>\n\t<meta name=\"twitter:data1\" content=\"Cl\u00e9ment\" \/>\n\t<meta name=\"twitter:label2\" content=\"Dur\u00e9e de lecture estim\u00e9e\" \/>\n\t<meta name=\"twitter:data2\" content=\"3 minutes\" \/>\n<script type=\"application\/ld+json\" class=\"yoast-schema-graph\">{\"@context\":\"https:\/\/schema.org\",\"@graph\":[{\"@type\":\"Article\",\"@id\":\"https:\/\/footdavant.fr\/actualites\/aston-villa-a-desormais-un-probleme-majeur-avec-emi-martinez-alors-que-le-gardien-de-but-subit-une-troisieme-blessure-a-lechauffement-avant-nottingham-forest\/#article\",\"isPartOf\":{\"@id\":\"https:\/\/footdavant.fr\/actualites\/aston-villa-a-desormais-un-probleme-majeur-avec-emi-martinez-alors-que-le-gardien-de-but-subit-une-troisieme-blessure-a-lechauffement-avant-nottingham-forest\/\"},\"author\":{\"name\":\"Cl\u00e9ment\",\"@id\":\"https:\/\/footdavant.fr\/actualites\/#\/schema\/person\/bc222566d95871b37e597b3ed3ba5e1d\"},\"headline\":\"Aston Villa a d\u00e9sormais un probl\u00e8me majeur avec Emi Martinez alors que le gardien de but subit une troisi\u00e8me blessure \u00e0 l&#39;\u00e9chauffement avant Nottingham Forest\",\"datePublished\":\"2026-04-16T12:48:05+00:00\",\"dateModified\":\"2026-04-16T12:48:06+00:00\",\"mainEntityOfPage\":{\"@id\":\"https:\/\/footdavant.fr\/actualites\/aston-villa-a-desormais-un-probleme-majeur-avec-emi-martinez-alors-que-le-gardien-de-but-subit-une-troisieme-blessure-a-lechauffement-avant-nottingham-forest\/\"},\"wordCount\":557,\"publisher\":{\"@id\":\"https:\/\/footdavant.fr\/actualites\/#organization\"},\"keywords\":[\"alors\",\"Aston\",\"avant\",\"avec\",\"Blessure\",\"d\u00e9sormais\",\"Emi\",\"Forest\",\"gardien\",\"l39\u00e9chauffement\",\"majeur\",\"Martinez\",\"Nottingham\",\"probl\u00e8me\",\"subit\",\"Troisi\u00e8me\",\"une\",\"Villa\"],\"articleSection\":[\"Premier League\"],\"inLanguage\":\"fr-FR\"},{\"@type\":\"WebPage\",\"@id\":\"https:\/\/footdavant.fr\/actualites\/aston-villa-a-desormais-un-probleme-majeur-avec-emi-martinez-alors-que-le-gardien-de-but-subit-une-troisieme-blessure-a-lechauffement-avant-nottingham-forest\/\",\"url\":\"https:\/\/footdavant.fr\/actualites\/aston-villa-a-desormais-un-probleme-majeur-avec-emi-martinez-alors-que-le-gardien-de-but-subit-une-troisieme-blessure-a-lechauffement-avant-nottingham-forest\/\",\"name\":\"Aston Villa a d\u00e9sormais un probl\u00e8me majeur avec Emi Martinez alors que le gardien de but subit une troisi\u00e8me blessure \u00e0 l&#39;\u00e9chauffement avant Nottingham Forest\",\"isPartOf\":{\"@id\":\"https:\/\/footdavant.fr\/actualites\/#website\"},\"datePublished\":\"2026-04-16T12:48:05+00:00\",\"dateModified\":\"2026-04-16T12:48:06+00:00\",\"breadcrumb\":{\"@id\":\"https:\/\/footdavant.fr\/actualites\/aston-villa-a-desormais-un-probleme-majeur-avec-emi-martinez-alors-que-le-gardien-de-but-subit-une-troisieme-blessure-a-lechauffement-avant-nottingham-forest\/#breadcrumb\"},\"inLanguage\":\"fr-FR\",\"potentialAction\":[{\"@type\":\"ReadAction\",\"target\":[\"https:\/\/footdavant.fr\/actualites\/aston-villa-a-desormais-un-probleme-majeur-avec-emi-martinez-alors-que-le-gardien-de-but-subit-une-troisieme-blessure-a-lechauffement-avant-nottingham-forest\/\"]}]},{\"@type\":\"BreadcrumbList\",\"@id\":\"https:\/\/footdavant.fr\/actualites\/aston-villa-a-desormais-un-probleme-majeur-avec-emi-martinez-alors-que-le-gardien-de-but-subit-une-troisieme-blessure-a-lechauffement-avant-nottingham-forest\/#breadcrumb\",\"itemListElement\":[{\"@type\":\"ListItem\",\"position\":1,\"name\":\"Accueil\",\"item\":\"https:\/\/footdavant.fr\/actualites\/\"},{\"@type\":\"ListItem\",\"position\":2,\"name\":\"Aston Villa a d\u00e9sormais un probl\u00e8me majeur avec Emi Martinez alors que le gardien de but subit une troisi\u00e8me blessure \u00e0 l&#39;\u00e9chauffement avant Nottingham Forest\"}]},{\"@type\":\"WebSite\",\"@id\":\"https:\/\/footdavant.fr\/actualites\/#website\",\"url\":\"https:\/\/footdavant.fr\/actualites\/\",\"name\":\"Foot d'avant\",\"description\":\"\",\"publisher\":{\"@id\":\"https:\/\/footdavant.fr\/actualites\/#organization\"},\"potentialAction\":[{\"@type\":\"SearchAction\",\"target\":{\"@type\":\"EntryPoint\",\"urlTemplate\":\"https:\/\/footdavant.fr\/actualites\/?s={search_term_string}\"},\"query-input\":\"required name=search_term_string\"}],\"inLanguage\":\"fr-FR\"},{\"@type\":\"Organization\",\"@id\":\"https:\/\/footdavant.fr\/actualites\/#organization\",\"name\":\"Foot d'avant\",\"url\":\"https:\/\/footdavant.fr\/actualites\/\",\"logo\":{\"@type\":\"ImageObject\",\"inLanguage\":\"fr-FR\",\"@id\":\"https:\/\/footdavant.fr\/actualites\/#\/schema\/logo\/image\/\",\"url\":\"https:\/\/footdavant.fr\/actualites\/wp-content\/uploads\/2023\/09\/Copy-of-FootDavant-Logo.png\",\"contentUrl\":\"https:\/\/footdavant.fr\/actualites\/wp-content\/uploads\/2023\/09\/Copy-of-FootDavant-Logo.png\",\"width\":936,\"height\":549,\"caption\":\"Foot d'avant\"},\"image\":{\"@id\":\"https:\/\/footdavant.fr\/actualites\/#\/schema\/logo\/image\/\"},\"sameAs\":[\"https:\/\/www.facebook.com\/Footdavant\/\",\"https:\/\/twitter.com\/FootdavantFr\",\"https:\/\/www.instagram.com\/footdavant.fr\/\"]},{\"@type\":\"Person\",\"@id\":\"https:\/\/footdavant.fr\/actualites\/#\/schema\/person\/bc222566d95871b37e597b3ed3ba5e1d\",\"name\":\"Cl\u00e9ment\",\"image\":{\"@type\":\"ImageObject\",\"inLanguage\":\"fr-FR\",\"@id\":\"https:\/\/footdavant.fr\/actualites\/#\/schema\/person\/image\/\",\"url\":\"https:\/\/secure.gravatar.com\/avatar\/7728b29aac2719421e1a9159b2254c44?s=96&d=mm&r=g\",\"contentUrl\":\"https:\/\/secure.gravatar.com\/avatar\/7728b29aac2719421e1a9159b2254c44?s=96&d=mm&r=g\",\"caption\":\"Cl\u00e9ment\"},\"sameAs\":[\"https:\/\/footdavant.fr\/\"]}]}<\/script>\n<!-- \/ Yoast SEO plugin. -->","yoast_head_json":{"title":"Aston Villa a d\u00e9sormais un probl\u00e8me majeur avec Emi Martinez alors que le gardien de but subit une troisi\u00e8me blessure \u00e0 l&#39;\u00e9chauffement avant Nottingham Forest","robots":{"index":"index","follow":"follow","max-snippet":"max-snippet:-1","max-image-preview":"max-image-preview:large","max-video-preview":"max-video-preview:-1"},"canonical":"https:\/\/footdavant.fr\/actualites\/aston-villa-a-desormais-un-probleme-majeur-avec-emi-martinez-alors-que-le-gardien-de-but-subit-une-troisieme-blessure-a-lechauffement-avant-nottingham-forest\/","og_locale":"fr_FR","og_type":"article","og_title":"Aston Villa a d\u00e9sormais un probl\u00e8me majeur avec Emi Martinez alors que le gardien de but subit une troisi\u00e8me blessure \u00e0 l&#39;\u00e9chauffement avant Nottingham Forest","og_description":"Aston Villa a \u00e9t\u00e9 contrainte \u00e0 un changement tardif avant le coup d&#39;envoi contre Nottingham Forest en Premier League, Emiliano Martinez ayant subi une blessure","og_url":"https:\/\/footdavant.fr\/actualites\/aston-villa-a-desormais-un-probleme-majeur-avec-emi-martinez-alors-que-le-gardien-de-but-subit-une-troisieme-blessure-a-lechauffement-avant-nottingham-forest\/","og_site_name":"Foot d&#039;avant","article_publisher":"https:\/\/www.facebook.com\/Footdavant\/","article_published_time":"2026-04-16T12:48:05+00:00","article_modified_time":"2026-04-16T12:48:06+00:00","og_image":[{"width":720,"height":410,"url":"https:\/\/footdavant.fr\/actualites\/wp-content\/uploads\/2026\/04\/Aston-Villa-a-desormais-un-probleme-majeur-avec-Emi-Martinez.net2Fuploads2F20262F042Ficonsport-361717.webp","type":"image\/webp"}],"author":"Cl\u00e9ment","twitter_card":"summary_large_image","twitter_creator":"@FootdavantFr","twitter_site":"@FootdavantFr","twitter_misc":{"\u00c9crit par":"Cl\u00e9ment","Dur\u00e9e de lecture estim\u00e9e":"3 minutes"},"schema":{"@context":"https:\/\/schema.org","@graph":[{"@type":"Article","@id":"https:\/\/footdavant.fr\/actualites\/aston-villa-a-desormais-un-probleme-majeur-avec-emi-martinez-alors-que-le-gardien-de-but-subit-une-troisieme-blessure-a-lechauffement-avant-nottingham-forest\/#article","isPartOf":{"@id":"https:\/\/footdavant.fr\/actualites\/aston-villa-a-desormais-un-probleme-majeur-avec-emi-martinez-alors-que-le-gardien-de-but-subit-une-troisieme-blessure-a-lechauffement-avant-nottingham-forest\/"},"author":{"name":"Cl\u00e9ment","@id":"https:\/\/footdavant.fr\/actualites\/#\/schema\/person\/bc222566d95871b37e597b3ed3ba5e1d"},"headline":"Aston Villa a d\u00e9sormais un probl\u00e8me majeur avec Emi Martinez alors que le gardien de but subit une troisi\u00e8me blessure \u00e0 l&#39;\u00e9chauffement avant Nottingham Forest","datePublished":"2026-04-16T12:48:05+00:00","dateModified":"2026-04-16T12:48:06+00:00","mainEntityOfPage":{"@id":"https:\/\/footdavant.fr\/actualites\/aston-villa-a-desormais-un-probleme-majeur-avec-emi-martinez-alors-que-le-gardien-de-but-subit-une-troisieme-blessure-a-lechauffement-avant-nottingham-forest\/"},"wordCount":557,"publisher":{"@id":"https:\/\/footdavant.fr\/actualites\/#organization"},"keywords":["alors","Aston","avant","avec","Blessure","d\u00e9sormais","Emi","Forest","gardien","l39\u00e9chauffement","majeur","Martinez","Nottingham","probl\u00e8me","subit","Troisi\u00e8me","une","Villa"],"articleSection":["Premier League"],"inLanguage":"fr-FR"},{"@type":"WebPage","@id":"https:\/\/footdavant.fr\/actualites\/aston-villa-a-desormais-un-probleme-majeur-avec-emi-martinez-alors-que-le-gardien-de-but-subit-une-troisieme-blessure-a-lechauffement-avant-nottingham-forest\/","url":"https:\/\/footdavant.fr\/actualites\/aston-villa-a-desormais-un-probleme-majeur-avec-emi-martinez-alors-que-le-gardien-de-but-subit-une-troisieme-blessure-a-lechauffement-avant-nottingham-forest\/","name":"Aston Villa a d\u00e9sormais un probl\u00e8me majeur avec Emi Martinez alors que le gardien de but subit une troisi\u00e8me blessure \u00e0 l&#39;\u00e9chauffement avant Nottingham Forest","isPartOf":{"@id":"https:\/\/footdavant.fr\/actualites\/#website"},"datePublished":"2026-04-16T12:48:05+00:00","dateModified":"2026-04-16T12:48:06+00:00","breadcrumb":{"@id":"https:\/\/footdavant.fr\/actualites\/aston-villa-a-desormais-un-probleme-majeur-avec-emi-martinez-alors-que-le-gardien-de-but-subit-une-troisieme-blessure-a-lechauffement-avant-nottingham-forest\/#breadcrumb"},"inLanguage":"fr-FR","potentialAction":[{"@type":"ReadAction","target":["https:\/\/footdavant.fr\/actualites\/aston-villa-a-desormais-un-probleme-majeur-avec-emi-martinez-alors-que-le-gardien-de-but-subit-une-troisieme-blessure-a-lechauffement-avant-nottingham-forest\/"]}]},{"@type":"BreadcrumbList","@id":"https:\/\/footdavant.fr\/actualites\/aston-villa-a-desormais-un-probleme-majeur-avec-emi-martinez-alors-que-le-gardien-de-but-subit-une-troisieme-blessure-a-lechauffement-avant-nottingham-forest\/#breadcrumb","itemListElement":[{"@type":"ListItem","position":1,"name":"Accueil","item":"https:\/\/footdavant.fr\/actualites\/"},{"@type":"ListItem","position":2,"name":"Aston Villa a d\u00e9sormais un probl\u00e8me majeur avec Emi Martinez alors que le gardien de but subit une troisi\u00e8me blessure \u00e0 l&#39;\u00e9chauffement avant Nottingham Forest"}]},{"@type":"WebSite","@id":"https:\/\/footdavant.fr\/actualites\/#website","url":"https:\/\/footdavant.fr\/actualites\/","name":"Foot d'avant","description":"","publisher":{"@id":"https:\/\/footdavant.fr\/actualites\/#organization"},"potentialAction":[{"@type":"SearchAction","target":{"@type":"EntryPoint","urlTemplate":"https:\/\/footdavant.fr\/actualites\/?s={search_term_string}"},"query-input":"required name=search_term_string"}],"inLanguage":"fr-FR"},{"@type":"Organization","@id":"https:\/\/footdavant.fr\/actualites\/#organization","name":"Foot d'avant","url":"https:\/\/footdavant.fr\/actualites\/","logo":{"@type":"ImageObject","inLanguage":"fr-FR","@id":"https:\/\/footdavant.fr\/actualites\/#\/schema\/logo\/image\/","url":"https:\/\/footdavant.fr\/actualites\/wp-content\/uploads\/2023\/09\/Copy-of-FootDavant-Logo.png","contentUrl":"https:\/\/footdavant.fr\/actualites\/wp-content\/uploads\/2023\/09\/Copy-of-FootDavant-Logo.png","width":936,"height":549,"caption":"Foot d'avant"},"image":{"@id":"https:\/\/footdavant.fr\/actualites\/#\/schema\/logo\/image\/"},"sameAs":["https:\/\/www.facebook.com\/Footdavant\/","https:\/\/twitter.com\/FootdavantFr","https:\/\/www.instagram.com\/footdavant.fr\/"]},{"@type":"Person","@id":"https:\/\/footdavant.fr\/actualites\/#\/schema\/person\/bc222566d95871b37e597b3ed3ba5e1d","name":"Cl\u00e9ment","image":{"@type":"ImageObject","inLanguage":"fr-FR","@id":"https:\/\/footdavant.fr\/actualites\/#\/schema\/person\/image\/","url":"https:\/\/secure.gravatar.com\/avatar\/7728b29aac2719421e1a9159b2254c44?s=96&d=mm&r=g","contentUrl":"https:\/\/secure.gravatar.com\/avatar\/7728b29aac2719421e1a9159b2254c44?s=96&d=mm&r=g","caption":"Cl\u00e9ment"},"sameAs":["https:\/\/footdavant.fr\/"]}]}},"_links":{"self":[{"href":"https:\/\/footdavant.fr\/actualites\/wp-json\/wp\/v2\/posts\/36520"}],"collection":[{"href":"https:\/\/footdavant.fr\/actualites\/wp-json\/wp\/v2\/posts"}],"about":[{"href":"https:\/\/footdavant.fr\/actualites\/wp-json\/wp\/v2\/types\/post"}],"author":[{"embeddable":true,"href":"https:\/\/footdavant.fr\/actualites\/wp-json\/wp\/v2\/users\/1"}],"replies":[{"embeddable":true,"href":"https:\/\/footdavant.fr\/actualites\/wp-json\/wp\/v2\/comments?post=36520"}],"version-history":[{"count":1,"href":"https:\/\/footdavant.fr\/actualites\/wp-json\/wp\/v2\/posts\/36520\/revisions"}],"predecessor-version":[{"id":36522,"href":"https:\/\/footdavant.fr\/actualites\/wp-json\/wp\/v2\/posts\/36520\/revisions\/36522"}],"wp:featuredmedia":[{"embeddable":true,"href":"https:\/\/footdavant.fr\/actualites\/wp-json\/wp\/v2\/media\/36521"}],"wp:attachment":[{"href":"https:\/\/footdavant.fr\/actualites\/wp-json\/wp\/v2\/media?parent=36520"}],"wp:term":[{"taxonomy":"category","embeddable":true,"href":"https:\/\/footdavant.fr\/actualites\/wp-json\/wp\/v2\/categories?post=36520"},{"taxonomy":"post_tag","embeddable":true,"href":"https:\/\/footdavant.fr\/actualites\/wp-json\/wp\/v2\/tags?post=36520"}],"curies":[{"name":"wp","href":"https:\/\/api.w.org\/{rel}","templated":true}]}}