{"id":36523,"date":"2026-04-16T16:48:02","date_gmt":"2026-04-16T14:48:02","guid":{"rendered":"https:\/\/footdavant.fr\/actualites\/si-matt-law-est-si-en-colere-contre-blueco-imaginez-a-quel-point-les-fans-de-chelsea-sont-fous\/"},"modified":"2026-04-16T16:48:03","modified_gmt":"2026-04-16T14:48:03","slug":"si-matt-law-est-si-en-colere-contre-blueco-imaginez-a-quel-point-les-fans-de-chelsea-sont-fous","status":"publish","type":"post","link":"https:\/\/footdavant.fr\/actualites\/si-matt-law-est-si-en-colere-contre-blueco-imaginez-a-quel-point-les-fans-de-chelsea-sont-fous\/","title":{"rendered":"Si Matt Law est si en col\u00e8re contre BlueCo, imaginez \u00e0 quel point les fans de Chelsea sont fous"},"content":{"rendered":"<div>\n<p data-pm-slice=\"1 1 []\">Si Matt Law, un fan connu d&#39;Aston Villa, dit qu&#39;il est foutu de ce qui se passe \u00e0 Chelsea en ce moment, alors quel espoir ont les vrais fans de Chelsea ?<\/p>\n<p>Je pense que c\u2019est le signe le plus profond que j\u2019ai rencontr\u00e9 de la situation actuelle de notre club.<\/p>\n<p>Law est \u00e9videmment un journaliste de Chelsea, il finit donc par s&#39;investir dans ce qui se passe dans le club dont il rend compte. Mais le fait qu\u2019il dise qu\u2019il est en col\u00e8re contre ce qui se passe en ce moment signifie vraiment tout.<\/p>\n<div class=\"callout-block\" data-callout=\"true\">\n<p>Loi Matt\u00a0:<\/p>\n<p>\u00ab\u00a0Cela me fait vraiment chier en ce moment que chaque match semble se terminer avec tout le monde abandonnant\u2026 Ce n&#39;est pas le club de football que j&#39;ai l&#39;habitude et le privil\u00e8ge de couvrir.<\/p>\n<p>\u00ab\u00a0Chelsea n&#39;a pas encore eu 40 000 spectateurs cette saison. Les derniers 40 000 spectateurs \u00e9taient le jour d&#39;ouverture de la saison 2023-24 contre Liverpool. Ils n&#39;ont pas eu 40 000 spectateurs depuis lors. Je ne pouvais pas y croire.\u00a0\u00bb<\/p>\n<\/div>\n<p>Des propos tr\u00e8s accablants de la part d\u2019un fan de Villa.<\/p>\n<p>Et croyez-moi Matt, nous, fans de Chelsea, ne reconnaissons pas non plus notre club en ce moment.<\/p>\n<p>Ce qui est inqui\u00e9tant, c\u2019est non plus de ne pas savoir ce qui nous attend.<\/p>\n<p>Clearlake n\u2019a aucune intention de vendre sa participation dans Chelsea et est partant \u00e0 long terme. Ils ne conserveront que leur investissement.<\/p>\n<p>Les fans de Chelsea ont parfaitement le droit d\u2019\u00eatre tr\u00e8s pr\u00e9occup\u00e9s par le Chelsea Football Club que nous avons connu et aim\u00e9.<\/p>\n<p>J&#39;aimerais vraiment vous donner un peu d&#39;espoir positif, mais j&#39;ai entendu beaucoup de choses de tr\u00e8s bonnes sources cette semaine, et je ne me sens tout simplement pas positif du tout en ce moment.<\/p>\n<p>M\u00eame avec tout cela dit, il est temps, ce week-end, de faire votre truc. Faisons tout ce que nous pouvons\u2026..<\/p>\n<div class=\"captioned-image-container\">\n<figure>\n<div class=\"image2-inset\">\n<\/div>\n<\/figure>\n<\/div>\n<\/p>\n<\/p><\/div>\n","protected":false},"excerpt":{"rendered":"<p>Si Matt Law, un fan connu d&#39;Aston Villa, dit qu&#39;il est foutu de ce qui se passe \u00e0 Chelsea en ce moment, alors quel espoir<\/p>\n","protected":false},"author":1,"featured_media":32150,"comment_status":"closed","ping_status":"","sticky":false,"template":"","format":"standard","meta":{"footnotes":""},"categories":[3],"tags":[10941,171,932,20,217,512,11078,11840,2889,93,5950,153,779,45],"yoast_head":"<!-- This site is optimized with the Yoast SEO plugin v21.0 - https:\/\/yoast.com\/wordpress\/plugins\/seo\/ -->\n<title>Si Matt Law est si en col\u00e8re contre BlueCo, imaginez \u00e0 quel point les fans de Chelsea sont fous<\/title>\n<meta name=\"robots\" content=\"index, follow, max-snippet:-1, max-image-preview:large, max-video-preview:-1\" \/>\n<link rel=\"canonical\" href=\"https:\/\/footdavant.fr\/actualites\/si-matt-law-est-si-en-colere-contre-blueco-imaginez-a-quel-point-les-fans-de-chelsea-sont-fous\/\" \/>\n<meta property=\"og:locale\" content=\"fr_FR\" \/>\n<meta property=\"og:type\" content=\"article\" \/>\n<meta property=\"og:title\" content=\"Si Matt Law est si en col\u00e8re contre BlueCo, imaginez \u00e0 quel point les fans de Chelsea sont fous\" \/>\n<meta property=\"og:description\" content=\"Si Matt Law, un fan connu d&#039;Aston Villa, dit qu&#039;il est foutu de ce qui se passe \u00e0 Chelsea en ce moment, alors quel espoir\" \/>\n<meta property=\"og:url\" content=\"https:\/\/footdavant.fr\/actualites\/si-matt-law-est-si-en-colere-contre-blueco-imaginez-a-quel-point-les-fans-de-chelsea-sont-fous\/\" \/>\n<meta property=\"og:site_name\" content=\"Foot d&#039;avant\" \/>\n<meta property=\"article:publisher\" content=\"https:\/\/www.facebook.com\/Footdavant\/\" \/>\n<meta property=\"article:published_time\" content=\"2026-04-16T14:48:02+00:00\" \/>\n<meta property=\"article:modified_time\" content=\"2026-04-16T14:48:03+00:00\" \/>\n<meta property=\"og:image\" content=\"https:\/\/footdavant.fr\/actualites\/wp-content\/uploads\/2025\/12\/Les-avantages-de-constituer-une-equipe-equilibree-sont-un-element.jpg\" \/>\n\t<meta property=\"og:image:width\" content=\"2560\" \/>\n\t<meta property=\"og:image:height\" content=\"1588\" \/>\n\t<meta property=\"og:image:type\" content=\"image\/jpeg\" \/>\n<meta name=\"author\" content=\"Cl\u00e9ment\" \/>\n<meta name=\"twitter:card\" content=\"summary_large_image\" \/>\n<meta name=\"twitter:creator\" content=\"@FootdavantFr\" \/>\n<meta name=\"twitter:site\" content=\"@FootdavantFr\" \/>\n<meta name=\"twitter:label1\" content=\"\u00c9crit par\" \/>\n\t<meta name=\"twitter:data1\" content=\"Cl\u00e9ment\" \/>\n\t<meta name=\"twitter:label2\" content=\"Dur\u00e9e de lecture estim\u00e9e\" \/>\n\t<meta name=\"twitter:data2\" content=\"2 minutes\" \/>\n<script type=\"application\/ld+json\" class=\"yoast-schema-graph\">{\"@context\":\"https:\/\/schema.org\",\"@graph\":[{\"@type\":\"Article\",\"@id\":\"https:\/\/footdavant.fr\/actualites\/si-matt-law-est-si-en-colere-contre-blueco-imaginez-a-quel-point-les-fans-de-chelsea-sont-fous\/#article\",\"isPartOf\":{\"@id\":\"https:\/\/footdavant.fr\/actualites\/si-matt-law-est-si-en-colere-contre-blueco-imaginez-a-quel-point-les-fans-de-chelsea-sont-fous\/\"},\"author\":{\"name\":\"Cl\u00e9ment\",\"@id\":\"https:\/\/footdavant.fr\/actualites\/#\/schema\/person\/bc222566d95871b37e597b3ed3ba5e1d\"},\"headline\":\"Si Matt Law est si en col\u00e8re contre BlueCo, imaginez \u00e0 quel point les fans de Chelsea sont fous\",\"datePublished\":\"2026-04-16T14:48:02+00:00\",\"dateModified\":\"2026-04-16T14:48:03+00:00\",\"mainEntityOfPage\":{\"@id\":\"https:\/\/footdavant.fr\/actualites\/si-matt-law-est-si-en-colere-contre-blueco-imaginez-a-quel-point-les-fans-de-chelsea-sont-fous\/\"},\"wordCount\":351,\"publisher\":{\"@id\":\"https:\/\/footdavant.fr\/actualites\/#organization\"},\"keywords\":[\"BlueCo\",\"Chelsea\",\"col\u00e8re\",\"contre\",\"est\",\"fans\",\"fous\",\"imaginez\",\"Law\",\"les\",\"Matt\",\"point\",\"quel\",\"sont\"],\"articleSection\":[\"Football\"],\"inLanguage\":\"fr-FR\"},{\"@type\":\"WebPage\",\"@id\":\"https:\/\/footdavant.fr\/actualites\/si-matt-law-est-si-en-colere-contre-blueco-imaginez-a-quel-point-les-fans-de-chelsea-sont-fous\/\",\"url\":\"https:\/\/footdavant.fr\/actualites\/si-matt-law-est-si-en-colere-contre-blueco-imaginez-a-quel-point-les-fans-de-chelsea-sont-fous\/\",\"name\":\"Si Matt Law est si en col\u00e8re contre BlueCo, imaginez \u00e0 quel point les fans de Chelsea sont fous\",\"isPartOf\":{\"@id\":\"https:\/\/footdavant.fr\/actualites\/#website\"},\"datePublished\":\"2026-04-16T14:48:02+00:00\",\"dateModified\":\"2026-04-16T14:48:03+00:00\",\"breadcrumb\":{\"@id\":\"https:\/\/footdavant.fr\/actualites\/si-matt-law-est-si-en-colere-contre-blueco-imaginez-a-quel-point-les-fans-de-chelsea-sont-fous\/#breadcrumb\"},\"inLanguage\":\"fr-FR\",\"potentialAction\":[{\"@type\":\"ReadAction\",\"target\":[\"https:\/\/footdavant.fr\/actualites\/si-matt-law-est-si-en-colere-contre-blueco-imaginez-a-quel-point-les-fans-de-chelsea-sont-fous\/\"]}]},{\"@type\":\"BreadcrumbList\",\"@id\":\"https:\/\/footdavant.fr\/actualites\/si-matt-law-est-si-en-colere-contre-blueco-imaginez-a-quel-point-les-fans-de-chelsea-sont-fous\/#breadcrumb\",\"itemListElement\":[{\"@type\":\"ListItem\",\"position\":1,\"name\":\"Accueil\",\"item\":\"https:\/\/footdavant.fr\/actualites\/\"},{\"@type\":\"ListItem\",\"position\":2,\"name\":\"Si Matt Law est si en col\u00e8re contre BlueCo, imaginez \u00e0 quel point les fans de Chelsea sont fous\"}]},{\"@type\":\"WebSite\",\"@id\":\"https:\/\/footdavant.fr\/actualites\/#website\",\"url\":\"https:\/\/footdavant.fr\/actualites\/\",\"name\":\"Foot d'avant\",\"description\":\"\",\"publisher\":{\"@id\":\"https:\/\/footdavant.fr\/actualites\/#organization\"},\"potentialAction\":[{\"@type\":\"SearchAction\",\"target\":{\"@type\":\"EntryPoint\",\"urlTemplate\":\"https:\/\/footdavant.fr\/actualites\/?s={search_term_string}\"},\"query-input\":\"required name=search_term_string\"}],\"inLanguage\":\"fr-FR\"},{\"@type\":\"Organization\",\"@id\":\"https:\/\/footdavant.fr\/actualites\/#organization\",\"name\":\"Foot d'avant\",\"url\":\"https:\/\/footdavant.fr\/actualites\/\",\"logo\":{\"@type\":\"ImageObject\",\"inLanguage\":\"fr-FR\",\"@id\":\"https:\/\/footdavant.fr\/actualites\/#\/schema\/logo\/image\/\",\"url\":\"https:\/\/footdavant.fr\/actualites\/wp-content\/uploads\/2023\/09\/Copy-of-FootDavant-Logo.png\",\"contentUrl\":\"https:\/\/footdavant.fr\/actualites\/wp-content\/uploads\/2023\/09\/Copy-of-FootDavant-Logo.png\",\"width\":936,\"height\":549,\"caption\":\"Foot d'avant\"},\"image\":{\"@id\":\"https:\/\/footdavant.fr\/actualites\/#\/schema\/logo\/image\/\"},\"sameAs\":[\"https:\/\/www.facebook.com\/Footdavant\/\",\"https:\/\/twitter.com\/FootdavantFr\",\"https:\/\/www.instagram.com\/footdavant.fr\/\"]},{\"@type\":\"Person\",\"@id\":\"https:\/\/footdavant.fr\/actualites\/#\/schema\/person\/bc222566d95871b37e597b3ed3ba5e1d\",\"name\":\"Cl\u00e9ment\",\"image\":{\"@type\":\"ImageObject\",\"inLanguage\":\"fr-FR\",\"@id\":\"https:\/\/footdavant.fr\/actualites\/#\/schema\/person\/image\/\",\"url\":\"https:\/\/secure.gravatar.com\/avatar\/7728b29aac2719421e1a9159b2254c44?s=96&d=mm&r=g\",\"contentUrl\":\"https:\/\/secure.gravatar.com\/avatar\/7728b29aac2719421e1a9159b2254c44?s=96&d=mm&r=g\",\"caption\":\"Cl\u00e9ment\"},\"sameAs\":[\"https:\/\/footdavant.fr\/\"]}]}<\/script>\n<!-- \/ Yoast SEO plugin. -->","yoast_head_json":{"title":"Si Matt Law est si en col\u00e8re contre BlueCo, imaginez \u00e0 quel point les fans de Chelsea sont fous","robots":{"index":"index","follow":"follow","max-snippet":"max-snippet:-1","max-image-preview":"max-image-preview:large","max-video-preview":"max-video-preview:-1"},"canonical":"https:\/\/footdavant.fr\/actualites\/si-matt-law-est-si-en-colere-contre-blueco-imaginez-a-quel-point-les-fans-de-chelsea-sont-fous\/","og_locale":"fr_FR","og_type":"article","og_title":"Si Matt Law est si en col\u00e8re contre BlueCo, imaginez \u00e0 quel point les fans de Chelsea sont fous","og_description":"Si Matt Law, un fan connu d&#39;Aston Villa, dit qu&#39;il est foutu de ce qui se passe \u00e0 Chelsea en ce moment, alors quel espoir","og_url":"https:\/\/footdavant.fr\/actualites\/si-matt-law-est-si-en-colere-contre-blueco-imaginez-a-quel-point-les-fans-de-chelsea-sont-fous\/","og_site_name":"Foot d&#039;avant","article_publisher":"https:\/\/www.facebook.com\/Footdavant\/","article_published_time":"2026-04-16T14:48:02+00:00","article_modified_time":"2026-04-16T14:48:03+00:00","og_image":[{"width":2560,"height":1588,"url":"https:\/\/footdavant.fr\/actualites\/wp-content\/uploads\/2025\/12\/Les-avantages-de-constituer-une-equipe-equilibree-sont-un-element.jpg","type":"image\/jpeg"}],"author":"Cl\u00e9ment","twitter_card":"summary_large_image","twitter_creator":"@FootdavantFr","twitter_site":"@FootdavantFr","twitter_misc":{"\u00c9crit par":"Cl\u00e9ment","Dur\u00e9e de lecture estim\u00e9e":"2 minutes"},"schema":{"@context":"https:\/\/schema.org","@graph":[{"@type":"Article","@id":"https:\/\/footdavant.fr\/actualites\/si-matt-law-est-si-en-colere-contre-blueco-imaginez-a-quel-point-les-fans-de-chelsea-sont-fous\/#article","isPartOf":{"@id":"https:\/\/footdavant.fr\/actualites\/si-matt-law-est-si-en-colere-contre-blueco-imaginez-a-quel-point-les-fans-de-chelsea-sont-fous\/"},"author":{"name":"Cl\u00e9ment","@id":"https:\/\/footdavant.fr\/actualites\/#\/schema\/person\/bc222566d95871b37e597b3ed3ba5e1d"},"headline":"Si Matt Law est si en col\u00e8re contre BlueCo, imaginez \u00e0 quel point les fans de Chelsea sont fous","datePublished":"2026-04-16T14:48:02+00:00","dateModified":"2026-04-16T14:48:03+00:00","mainEntityOfPage":{"@id":"https:\/\/footdavant.fr\/actualites\/si-matt-law-est-si-en-colere-contre-blueco-imaginez-a-quel-point-les-fans-de-chelsea-sont-fous\/"},"wordCount":351,"publisher":{"@id":"https:\/\/footdavant.fr\/actualites\/#organization"},"keywords":["BlueCo","Chelsea","col\u00e8re","contre","est","fans","fous","imaginez","Law","les","Matt","point","quel","sont"],"articleSection":["Football"],"inLanguage":"fr-FR"},{"@type":"WebPage","@id":"https:\/\/footdavant.fr\/actualites\/si-matt-law-est-si-en-colere-contre-blueco-imaginez-a-quel-point-les-fans-de-chelsea-sont-fous\/","url":"https:\/\/footdavant.fr\/actualites\/si-matt-law-est-si-en-colere-contre-blueco-imaginez-a-quel-point-les-fans-de-chelsea-sont-fous\/","name":"Si Matt Law est si en col\u00e8re contre BlueCo, imaginez \u00e0 quel point les fans de Chelsea sont fous","isPartOf":{"@id":"https:\/\/footdavant.fr\/actualites\/#website"},"datePublished":"2026-04-16T14:48:02+00:00","dateModified":"2026-04-16T14:48:03+00:00","breadcrumb":{"@id":"https:\/\/footdavant.fr\/actualites\/si-matt-law-est-si-en-colere-contre-blueco-imaginez-a-quel-point-les-fans-de-chelsea-sont-fous\/#breadcrumb"},"inLanguage":"fr-FR","potentialAction":[{"@type":"ReadAction","target":["https:\/\/footdavant.fr\/actualites\/si-matt-law-est-si-en-colere-contre-blueco-imaginez-a-quel-point-les-fans-de-chelsea-sont-fous\/"]}]},{"@type":"BreadcrumbList","@id":"https:\/\/footdavant.fr\/actualites\/si-matt-law-est-si-en-colere-contre-blueco-imaginez-a-quel-point-les-fans-de-chelsea-sont-fous\/#breadcrumb","itemListElement":[{"@type":"ListItem","position":1,"name":"Accueil","item":"https:\/\/footdavant.fr\/actualites\/"},{"@type":"ListItem","position":2,"name":"Si Matt Law est si en col\u00e8re contre BlueCo, imaginez \u00e0 quel point les fans de Chelsea sont fous"}]},{"@type":"WebSite","@id":"https:\/\/footdavant.fr\/actualites\/#website","url":"https:\/\/footdavant.fr\/actualites\/","name":"Foot d'avant","description":"","publisher":{"@id":"https:\/\/footdavant.fr\/actualites\/#organization"},"potentialAction":[{"@type":"SearchAction","target":{"@type":"EntryPoint","urlTemplate":"https:\/\/footdavant.fr\/actualites\/?s={search_term_string}"},"query-input":"required name=search_term_string"}],"inLanguage":"fr-FR"},{"@type":"Organization","@id":"https:\/\/footdavant.fr\/actualites\/#organization","name":"Foot d'avant","url":"https:\/\/footdavant.fr\/actualites\/","logo":{"@type":"ImageObject","inLanguage":"fr-FR","@id":"https:\/\/footdavant.fr\/actualites\/#\/schema\/logo\/image\/","url":"https:\/\/footdavant.fr\/actualites\/wp-content\/uploads\/2023\/09\/Copy-of-FootDavant-Logo.png","contentUrl":"https:\/\/footdavant.fr\/actualites\/wp-content\/uploads\/2023\/09\/Copy-of-FootDavant-Logo.png","width":936,"height":549,"caption":"Foot d'avant"},"image":{"@id":"https:\/\/footdavant.fr\/actualites\/#\/schema\/logo\/image\/"},"sameAs":["https:\/\/www.facebook.com\/Footdavant\/","https:\/\/twitter.com\/FootdavantFr","https:\/\/www.instagram.com\/footdavant.fr\/"]},{"@type":"Person","@id":"https:\/\/footdavant.fr\/actualites\/#\/schema\/person\/bc222566d95871b37e597b3ed3ba5e1d","name":"Cl\u00e9ment","image":{"@type":"ImageObject","inLanguage":"fr-FR","@id":"https:\/\/footdavant.fr\/actualites\/#\/schema\/person\/image\/","url":"https:\/\/secure.gravatar.com\/avatar\/7728b29aac2719421e1a9159b2254c44?s=96&d=mm&r=g","contentUrl":"https:\/\/secure.gravatar.com\/avatar\/7728b29aac2719421e1a9159b2254c44?s=96&d=mm&r=g","caption":"Cl\u00e9ment"},"sameAs":["https:\/\/footdavant.fr\/"]}]}},"_links":{"self":[{"href":"https:\/\/footdavant.fr\/actualites\/wp-json\/wp\/v2\/posts\/36523"}],"collection":[{"href":"https:\/\/footdavant.fr\/actualites\/wp-json\/wp\/v2\/posts"}],"about":[{"href":"https:\/\/footdavant.fr\/actualites\/wp-json\/wp\/v2\/types\/post"}],"author":[{"embeddable":true,"href":"https:\/\/footdavant.fr\/actualites\/wp-json\/wp\/v2\/users\/1"}],"replies":[{"embeddable":true,"href":"https:\/\/footdavant.fr\/actualites\/wp-json\/wp\/v2\/comments?post=36523"}],"version-history":[{"count":1,"href":"https:\/\/footdavant.fr\/actualites\/wp-json\/wp\/v2\/posts\/36523\/revisions"}],"predecessor-version":[{"id":36524,"href":"https:\/\/footdavant.fr\/actualites\/wp-json\/wp\/v2\/posts\/36523\/revisions\/36524"}],"wp:featuredmedia":[{"embeddable":true,"href":"https:\/\/footdavant.fr\/actualites\/wp-json\/wp\/v2\/media\/32150"}],"wp:attachment":[{"href":"https:\/\/footdavant.fr\/actualites\/wp-json\/wp\/v2\/media?parent=36523"}],"wp:term":[{"taxonomy":"category","embeddable":true,"href":"https:\/\/footdavant.fr\/actualites\/wp-json\/wp\/v2\/categories?post=36523"},{"taxonomy":"post_tag","embeddable":true,"href":"https:\/\/footdavant.fr\/actualites\/wp-json\/wp\/v2\/tags?post=36523"}],"curies":[{"name":"wp","href":"https:\/\/api.w.org\/{rel}","templated":true}]}}