{"id":36538,"date":"2026-04-17T04:48:08","date_gmt":"2026-04-17T02:48:08","guid":{"rendered":"https:\/\/footdavant.fr\/actualites\/fiorentina-2-1-crystal-palace-2-4-total-glasner-salue-la-resilience-des-eagles\/"},"modified":"2026-04-17T04:48:10","modified_gmt":"2026-04-17T02:48:10","slug":"fiorentina-2-1-crystal-palace-2-4-total-glasner-salue-la-resilience-des-eagles","status":"publish","type":"post","link":"https:\/\/footdavant.fr\/actualites\/fiorentina-2-1-crystal-palace-2-4-total-glasner-salue-la-resilience-des-eagles\/","title":{"rendered":"Fiorentina 2-1 Crystal Palace (2-4 total) : Glasner salue la r\u00e9silience des Eagles"},"content":{"rendered":"<p>Palace affrontera le Shakhtar Donetsk dans le dernier carr\u00e9.<\/p>\n<div>\n<p>Oliver Glasner a salu\u00e9 la r\u00e9silience de Crystal Palace apr\u00e8s avoir assur\u00e9 sa place en demi-finale de la Conference League malgr\u00e9 sa d\u00e9faite 2-1 \u00e0 la Fiorentina lors du match retour des quarts de finale.<\/p>\n<p>Palace s&#39;est rendu \u00e0 Florence avec une avance de 3-0 d\u00e8s le match aller et l&#39;\u00e9galit\u00e9 semblait termin\u00e9e apr\u00e8s qu&#39;Ismaila Sarr les ait dirig\u00e9s devant dans la nuit pour porter le score \u00e0 4-0 au total \u00e0 la 17e minute.<\/p>\n<p>Mais Albert Gudmundsson a \u00e9galis\u00e9 sur penalty apr\u00e8s une faute de Jaydee Canvot, le retrait d&#39;Adam Wharton sur blessure posant encore plus de probl\u00e8mes \u00e0 Palace.<\/p>\n<p>Le d\u00e9fenseur Maxence Lacroix a ensuite quitt\u00e9 le terrain six minutes plus tard, et la Fiorentina avait l&#39;espoir d&#39;un revirement lorsque Cher Ndour a tir\u00e9 dans le coin inf\u00e9rieur gauche depuis une longue distance huit minutes apr\u00e8s le d\u00e9but de la seconde p\u00e9riode. <\/p>\n<p>Mais Palace a bien d\u00e9fendu pour conserver son avantage dans le match nul, organisant un affrontement en demi-finale avec le Shakhtar Donetsk.<\/p>\n<p>\u00ab\u00a0Un quart de finale n&#39;est jamais facile et cela a rendu les choses un peu plus difficiles qu&#39;elles n&#39;auraient pu l&#39;\u00eatre avec un bon d\u00e9but de match et en prenant l&#39;avantage\u00a0\u00bb, a d\u00e9clar\u00e9 Glasner \u00e0 TNT Sports.<\/p>\n<p>\u00ab La Fiorentina a repris confiance [after the penalty] et puis, oui, c&#39;\u00e9tait vraiment un match tr\u00e8s difficile \u00e0 g\u00e9rer, pour \u00eatre honn\u00eate, aussi pour les joueurs. faire deux remplacements en premi\u00e8re mi-temps r\u00e9duit les options dont nous disposions pour r\u00e9agir. <\/p>\n<p>\u00ab\u00a0C&#39;est pourquoi nous avons remplac\u00e9 JP [Mateta] d\u00e9j\u00e0 \u00e0 la mi-temps, car nous savions qu&#39;il ne pourrait pas jouer peut-\u00eatre 90 minutes. Et oui, en seconde p\u00e9riode, ce fut un superbe but. Tout d\u2019un coup, nous \u00e9tions men\u00e9s 2-1, et c\u2019\u00e9tait assez t\u00f4t en seconde p\u00e9riode. Et la r\u00e9action a encore \u00e9t\u00e9 formidable, je pense. <\/p>\n<p>\u00ab\u00a0Nous n&#39;avons pas jou\u00e9 un football vraiment offensif, mais nous avons tr\u00e8s bien d\u00e9fendu. Et l&#39;\u00e9quipe a fait preuve d&#39;une grande r\u00e9silience aujourd&#39;hui. Et dans les huiti\u00e8mes de finale, parfois, ce n&#39;est pas toujours le meilleur football. C&#39;est unique, des comp\u00e9tences diff\u00e9rentes. Et aujourd&#39;hui, il s&#39;agissait vraiment d&#39;\u00eatre r\u00e9silient et de travailler dur, de se serrer les coudes, et l&#39;\u00e9quipe l&#39;a fait. Donc je pense qu&#39;apr\u00e8s, nous ne leur avons pas donn\u00e9 une grande chance. C&#39;est pourquoi sur les deux matches, je pense que nous m\u00e9ritions de jouer la demi-finale.\u00a0\u00bb<\/p>\n<h2 class=\"wp-block-heading\">Crystal Palace surmonte ses blessures en premi\u00e8re mi-temps<\/h2>\n<p>Interrog\u00e9 sur les blessures, Glasner a adopt\u00e9 un ton optimiste \u00e0 propos de Wharton.<\/p>\n<p>\u00ab\u00a0Adam est son adducteur. Cela n&#39;a pas l&#39;air si grave mais bien s\u00fbr, nous devons l&#39;\u00e9valuer davantage\u00a0\u00bb, a ajout\u00e9 Glasner. <\/p>\n<p>\u00ab\u00a0Max, il a touch\u00e9 pied contre pied, euh, puis il a senti qu&#39;il sentait son genou. Je pense au ligament m\u00e9dial. Alors voyons. C&#39;est douloureux. Malheureusement, nous jouons encore dans quatre jours. Mais aussi du m\u00e9rite \u00e0 tous les joueurs qui sont entr\u00e9s. <\/p>\n<p>\u00ab\u00a0Je pense que la d\u00e9fense avec Chadi Riyad, Chris Richards et Jaydee Canvot a tr\u00e8s bien fait. Jeff Lerma et Will aussi. [Hughes] au milieu de terrain. Alors oui, nous avons suffisamment d\u2019options. C&#39;est bien. Mais aujourd&#39;hui, nous c\u00e9l\u00e9brons la possibilit\u00e9 d&#39;aller en demi-finale. C&#39;est vraiment un exploit \u00e9norme pour les joueurs. C&#39;est un \u00e9norme exploit pour Crystal Palace, et nous en profitons ce soir.<\/p>\n<p>Interrog\u00e9 sur le Shakhtar, qui a r\u00e9serv\u00e9 sa place avant le coup d&#39;envoi de Palace en remportant une victoire cumul\u00e9e de 5-2 contre l&#39;AZ Alkmaar, Glasner a r\u00e9pondu : \u00ab\u00a0Je ne les ai pas regard\u00e9s, mais j&#39;ai vu leur composition. Je pense qu&#39;aujourd&#39;hui, ils ont commenc\u00e9 avec six joueurs br\u00e9siliens. La derni\u00e8re fois, ils ont commenc\u00e9 avec sept et quatre Ukrainiens. <\/p>\n<p>\u00ab\u00a0Je les ai affront\u00e9s une fois. Il y a quelques ann\u00e9es avec Wolfsburg, juste avant le COVID au match aller et au match retour, je pense que six mois plus tard, nous avons perdu. \u00c0 cette \u00e9poque, ils avaient beaucoup de joueurs br\u00e9siliens, donc je m&#39;attends \u00e0 ce qu&#39;ils soient une \u00e9quipe tr\u00e8s technique. <\/p>\n<p>\u00ab\u00a0Nous avons de l&#39;exp\u00e9rience avec le Dynamo Kiev, le Shakhtar est num\u00e9ro un en Ukraine. Mais maintenant nous allons commencer \u00e0 nous pr\u00e9parer, en regardant les matchs qu&#39;ils ont jou\u00e9. Et donc nous serons bien pr\u00e9par\u00e9s. <\/p>\n<p>\u00ab\u00a0Mais bien s\u00fbr, entre les deux, nous jouons contre West Ham et Liverpool, et nous voulons aussi bien r\u00e9ussir en Premier League.\u00a0\u00bb<\/p>\n<\/p><\/div>\n","protected":false},"excerpt":{"rendered":"<p>Palace affrontera le Shakhtar Donetsk dans le dernier carr\u00e9. Oliver Glasner a salu\u00e9 la r\u00e9silience de Crystal Palace apr\u00e8s avoir assur\u00e9 sa place en demi-finale<\/p>\n","protected":false},"author":1,"featured_media":36539,"comment_status":"closed","ping_status":"","sticky":false,"template":"","format":"standard","meta":{"footnotes":""},"categories":[3],"tags":[1008,12,2062,4809,3830,815,4739,193,3995],"yoast_head":"<!-- This site is optimized with the Yoast SEO plugin v21.0 - https:\/\/yoast.com\/wordpress\/plugins\/seo\/ -->\n<title>Fiorentina 2-1 Crystal Palace (2-4 total) : Glasner salue la r\u00e9silience des Eagles<\/title>\n<meta name=\"robots\" content=\"index, follow, max-snippet:-1, max-image-preview:large, max-video-preview:-1\" \/>\n<link rel=\"canonical\" href=\"https:\/\/footdavant.fr\/actualites\/fiorentina-2-1-crystal-palace-2-4-total-glasner-salue-la-resilience-des-eagles\/\" \/>\n<meta property=\"og:locale\" content=\"fr_FR\" \/>\n<meta property=\"og:type\" content=\"article\" \/>\n<meta property=\"og:title\" content=\"Fiorentina 2-1 Crystal Palace (2-4 total) : Glasner salue la r\u00e9silience des Eagles\" \/>\n<meta property=\"og:description\" content=\"Palace affrontera le Shakhtar Donetsk dans le dernier carr\u00e9. Oliver Glasner a salu\u00e9 la r\u00e9silience de Crystal Palace apr\u00e8s avoir assur\u00e9 sa place en demi-finale\" \/>\n<meta property=\"og:url\" content=\"https:\/\/footdavant.fr\/actualites\/fiorentina-2-1-crystal-palace-2-4-total-glasner-salue-la-resilience-des-eagles\/\" \/>\n<meta property=\"og:site_name\" content=\"Foot d&#039;avant\" \/>\n<meta property=\"article:publisher\" content=\"https:\/\/www.facebook.com\/Footdavant\/\" \/>\n<meta property=\"article:published_time\" content=\"2026-04-17T02:48:08+00:00\" \/>\n<meta property=\"article:modified_time\" content=\"2026-04-17T02:48:10+00:00\" \/>\n<meta property=\"og:image\" content=\"https:\/\/footdavant.fr\/actualites\/wp-content\/uploads\/2026\/04\/Fiorentina-2-1-Crystal-Palace-2-4-total-Glasner-salue-la.jpg\" \/>\n\t<meta property=\"og:image:width\" content=\"1200\" \/>\n\t<meta property=\"og:image:height\" content=\"800\" \/>\n\t<meta property=\"og:image:type\" content=\"image\/jpeg\" \/>\n<meta name=\"author\" content=\"Cl\u00e9ment\" \/>\n<meta name=\"twitter:card\" content=\"summary_large_image\" \/>\n<meta name=\"twitter:creator\" content=\"@FootdavantFr\" \/>\n<meta name=\"twitter:site\" content=\"@FootdavantFr\" \/>\n<meta name=\"twitter:label1\" content=\"\u00c9crit par\" \/>\n\t<meta name=\"twitter:data1\" content=\"Cl\u00e9ment\" \/>\n\t<meta name=\"twitter:label2\" content=\"Dur\u00e9e de lecture estim\u00e9e\" \/>\n\t<meta name=\"twitter:data2\" content=\"4 minutes\" \/>\n<script type=\"application\/ld+json\" class=\"yoast-schema-graph\">{\"@context\":\"https:\/\/schema.org\",\"@graph\":[{\"@type\":\"Article\",\"@id\":\"https:\/\/footdavant.fr\/actualites\/fiorentina-2-1-crystal-palace-2-4-total-glasner-salue-la-resilience-des-eagles\/#article\",\"isPartOf\":{\"@id\":\"https:\/\/footdavant.fr\/actualites\/fiorentina-2-1-crystal-palace-2-4-total-glasner-salue-la-resilience-des-eagles\/\"},\"author\":{\"name\":\"Cl\u00e9ment\",\"@id\":\"https:\/\/footdavant.fr\/actualites\/#\/schema\/person\/bc222566d95871b37e597b3ed3ba5e1d\"},\"headline\":\"Fiorentina 2-1 Crystal Palace (2-4 total) : Glasner salue la r\u00e9silience des Eagles\",\"datePublished\":\"2026-04-17T02:48:08+00:00\",\"dateModified\":\"2026-04-17T02:48:10+00:00\",\"mainEntityOfPage\":{\"@id\":\"https:\/\/footdavant.fr\/actualites\/fiorentina-2-1-crystal-palace-2-4-total-glasner-salue-la-resilience-des-eagles\/\"},\"wordCount\":832,\"publisher\":{\"@id\":\"https:\/\/footdavant.fr\/actualites\/#organization\"},\"keywords\":[\"Crystal\",\"des\",\"Eagles\",\"Fiorentina\",\"Glasner\",\"Palace\",\"r\u00e9silience\",\"salue\",\"total\"],\"articleSection\":[\"Football\"],\"inLanguage\":\"fr-FR\"},{\"@type\":\"WebPage\",\"@id\":\"https:\/\/footdavant.fr\/actualites\/fiorentina-2-1-crystal-palace-2-4-total-glasner-salue-la-resilience-des-eagles\/\",\"url\":\"https:\/\/footdavant.fr\/actualites\/fiorentina-2-1-crystal-palace-2-4-total-glasner-salue-la-resilience-des-eagles\/\",\"name\":\"Fiorentina 2-1 Crystal Palace (2-4 total) : Glasner salue la r\u00e9silience des Eagles\",\"isPartOf\":{\"@id\":\"https:\/\/footdavant.fr\/actualites\/#website\"},\"datePublished\":\"2026-04-17T02:48:08+00:00\",\"dateModified\":\"2026-04-17T02:48:10+00:00\",\"breadcrumb\":{\"@id\":\"https:\/\/footdavant.fr\/actualites\/fiorentina-2-1-crystal-palace-2-4-total-glasner-salue-la-resilience-des-eagles\/#breadcrumb\"},\"inLanguage\":\"fr-FR\",\"potentialAction\":[{\"@type\":\"ReadAction\",\"target\":[\"https:\/\/footdavant.fr\/actualites\/fiorentina-2-1-crystal-palace-2-4-total-glasner-salue-la-resilience-des-eagles\/\"]}]},{\"@type\":\"BreadcrumbList\",\"@id\":\"https:\/\/footdavant.fr\/actualites\/fiorentina-2-1-crystal-palace-2-4-total-glasner-salue-la-resilience-des-eagles\/#breadcrumb\",\"itemListElement\":[{\"@type\":\"ListItem\",\"position\":1,\"name\":\"Accueil\",\"item\":\"https:\/\/footdavant.fr\/actualites\/\"},{\"@type\":\"ListItem\",\"position\":2,\"name\":\"Fiorentina 2-1 Crystal Palace (2-4 total) : Glasner salue la r\u00e9silience des Eagles\"}]},{\"@type\":\"WebSite\",\"@id\":\"https:\/\/footdavant.fr\/actualites\/#website\",\"url\":\"https:\/\/footdavant.fr\/actualites\/\",\"name\":\"Foot d'avant\",\"description\":\"\",\"publisher\":{\"@id\":\"https:\/\/footdavant.fr\/actualites\/#organization\"},\"potentialAction\":[{\"@type\":\"SearchAction\",\"target\":{\"@type\":\"EntryPoint\",\"urlTemplate\":\"https:\/\/footdavant.fr\/actualites\/?s={search_term_string}\"},\"query-input\":\"required name=search_term_string\"}],\"inLanguage\":\"fr-FR\"},{\"@type\":\"Organization\",\"@id\":\"https:\/\/footdavant.fr\/actualites\/#organization\",\"name\":\"Foot d'avant\",\"url\":\"https:\/\/footdavant.fr\/actualites\/\",\"logo\":{\"@type\":\"ImageObject\",\"inLanguage\":\"fr-FR\",\"@id\":\"https:\/\/footdavant.fr\/actualites\/#\/schema\/logo\/image\/\",\"url\":\"https:\/\/footdavant.fr\/actualites\/wp-content\/uploads\/2023\/09\/Copy-of-FootDavant-Logo.png\",\"contentUrl\":\"https:\/\/footdavant.fr\/actualites\/wp-content\/uploads\/2023\/09\/Copy-of-FootDavant-Logo.png\",\"width\":936,\"height\":549,\"caption\":\"Foot d'avant\"},\"image\":{\"@id\":\"https:\/\/footdavant.fr\/actualites\/#\/schema\/logo\/image\/\"},\"sameAs\":[\"https:\/\/www.facebook.com\/Footdavant\/\",\"https:\/\/twitter.com\/FootdavantFr\",\"https:\/\/www.instagram.com\/footdavant.fr\/\"]},{\"@type\":\"Person\",\"@id\":\"https:\/\/footdavant.fr\/actualites\/#\/schema\/person\/bc222566d95871b37e597b3ed3ba5e1d\",\"name\":\"Cl\u00e9ment\",\"image\":{\"@type\":\"ImageObject\",\"inLanguage\":\"fr-FR\",\"@id\":\"https:\/\/footdavant.fr\/actualites\/#\/schema\/person\/image\/\",\"url\":\"https:\/\/secure.gravatar.com\/avatar\/7728b29aac2719421e1a9159b2254c44?s=96&d=mm&r=g\",\"contentUrl\":\"https:\/\/secure.gravatar.com\/avatar\/7728b29aac2719421e1a9159b2254c44?s=96&d=mm&r=g\",\"caption\":\"Cl\u00e9ment\"},\"sameAs\":[\"https:\/\/footdavant.fr\/\"]}]}<\/script>\n<!-- \/ Yoast SEO plugin. -->","yoast_head_json":{"title":"Fiorentina 2-1 Crystal Palace (2-4 total) : Glasner salue la r\u00e9silience des Eagles","robots":{"index":"index","follow":"follow","max-snippet":"max-snippet:-1","max-image-preview":"max-image-preview:large","max-video-preview":"max-video-preview:-1"},"canonical":"https:\/\/footdavant.fr\/actualites\/fiorentina-2-1-crystal-palace-2-4-total-glasner-salue-la-resilience-des-eagles\/","og_locale":"fr_FR","og_type":"article","og_title":"Fiorentina 2-1 Crystal Palace (2-4 total) : Glasner salue la r\u00e9silience des Eagles","og_description":"Palace affrontera le Shakhtar Donetsk dans le dernier carr\u00e9. Oliver Glasner a salu\u00e9 la r\u00e9silience de Crystal Palace apr\u00e8s avoir assur\u00e9 sa place en demi-finale","og_url":"https:\/\/footdavant.fr\/actualites\/fiorentina-2-1-crystal-palace-2-4-total-glasner-salue-la-resilience-des-eagles\/","og_site_name":"Foot d&#039;avant","article_publisher":"https:\/\/www.facebook.com\/Footdavant\/","article_published_time":"2026-04-17T02:48:08+00:00","article_modified_time":"2026-04-17T02:48:10+00:00","og_image":[{"width":1200,"height":800,"url":"https:\/\/footdavant.fr\/actualites\/wp-content\/uploads\/2026\/04\/Fiorentina-2-1-Crystal-Palace-2-4-total-Glasner-salue-la.jpg","type":"image\/jpeg"}],"author":"Cl\u00e9ment","twitter_card":"summary_large_image","twitter_creator":"@FootdavantFr","twitter_site":"@FootdavantFr","twitter_misc":{"\u00c9crit par":"Cl\u00e9ment","Dur\u00e9e de lecture estim\u00e9e":"4 minutes"},"schema":{"@context":"https:\/\/schema.org","@graph":[{"@type":"Article","@id":"https:\/\/footdavant.fr\/actualites\/fiorentina-2-1-crystal-palace-2-4-total-glasner-salue-la-resilience-des-eagles\/#article","isPartOf":{"@id":"https:\/\/footdavant.fr\/actualites\/fiorentina-2-1-crystal-palace-2-4-total-glasner-salue-la-resilience-des-eagles\/"},"author":{"name":"Cl\u00e9ment","@id":"https:\/\/footdavant.fr\/actualites\/#\/schema\/person\/bc222566d95871b37e597b3ed3ba5e1d"},"headline":"Fiorentina 2-1 Crystal Palace (2-4 total) : Glasner salue la r\u00e9silience des Eagles","datePublished":"2026-04-17T02:48:08+00:00","dateModified":"2026-04-17T02:48:10+00:00","mainEntityOfPage":{"@id":"https:\/\/footdavant.fr\/actualites\/fiorentina-2-1-crystal-palace-2-4-total-glasner-salue-la-resilience-des-eagles\/"},"wordCount":832,"publisher":{"@id":"https:\/\/footdavant.fr\/actualites\/#organization"},"keywords":["Crystal","des","Eagles","Fiorentina","Glasner","Palace","r\u00e9silience","salue","total"],"articleSection":["Football"],"inLanguage":"fr-FR"},{"@type":"WebPage","@id":"https:\/\/footdavant.fr\/actualites\/fiorentina-2-1-crystal-palace-2-4-total-glasner-salue-la-resilience-des-eagles\/","url":"https:\/\/footdavant.fr\/actualites\/fiorentina-2-1-crystal-palace-2-4-total-glasner-salue-la-resilience-des-eagles\/","name":"Fiorentina 2-1 Crystal Palace (2-4 total) : Glasner salue la r\u00e9silience des Eagles","isPartOf":{"@id":"https:\/\/footdavant.fr\/actualites\/#website"},"datePublished":"2026-04-17T02:48:08+00:00","dateModified":"2026-04-17T02:48:10+00:00","breadcrumb":{"@id":"https:\/\/footdavant.fr\/actualites\/fiorentina-2-1-crystal-palace-2-4-total-glasner-salue-la-resilience-des-eagles\/#breadcrumb"},"inLanguage":"fr-FR","potentialAction":[{"@type":"ReadAction","target":["https:\/\/footdavant.fr\/actualites\/fiorentina-2-1-crystal-palace-2-4-total-glasner-salue-la-resilience-des-eagles\/"]}]},{"@type":"BreadcrumbList","@id":"https:\/\/footdavant.fr\/actualites\/fiorentina-2-1-crystal-palace-2-4-total-glasner-salue-la-resilience-des-eagles\/#breadcrumb","itemListElement":[{"@type":"ListItem","position":1,"name":"Accueil","item":"https:\/\/footdavant.fr\/actualites\/"},{"@type":"ListItem","position":2,"name":"Fiorentina 2-1 Crystal Palace (2-4 total) : Glasner salue la r\u00e9silience des Eagles"}]},{"@type":"WebSite","@id":"https:\/\/footdavant.fr\/actualites\/#website","url":"https:\/\/footdavant.fr\/actualites\/","name":"Foot d'avant","description":"","publisher":{"@id":"https:\/\/footdavant.fr\/actualites\/#organization"},"potentialAction":[{"@type":"SearchAction","target":{"@type":"EntryPoint","urlTemplate":"https:\/\/footdavant.fr\/actualites\/?s={search_term_string}"},"query-input":"required name=search_term_string"}],"inLanguage":"fr-FR"},{"@type":"Organization","@id":"https:\/\/footdavant.fr\/actualites\/#organization","name":"Foot d'avant","url":"https:\/\/footdavant.fr\/actualites\/","logo":{"@type":"ImageObject","inLanguage":"fr-FR","@id":"https:\/\/footdavant.fr\/actualites\/#\/schema\/logo\/image\/","url":"https:\/\/footdavant.fr\/actualites\/wp-content\/uploads\/2023\/09\/Copy-of-FootDavant-Logo.png","contentUrl":"https:\/\/footdavant.fr\/actualites\/wp-content\/uploads\/2023\/09\/Copy-of-FootDavant-Logo.png","width":936,"height":549,"caption":"Foot d'avant"},"image":{"@id":"https:\/\/footdavant.fr\/actualites\/#\/schema\/logo\/image\/"},"sameAs":["https:\/\/www.facebook.com\/Footdavant\/","https:\/\/twitter.com\/FootdavantFr","https:\/\/www.instagram.com\/footdavant.fr\/"]},{"@type":"Person","@id":"https:\/\/footdavant.fr\/actualites\/#\/schema\/person\/bc222566d95871b37e597b3ed3ba5e1d","name":"Cl\u00e9ment","image":{"@type":"ImageObject","inLanguage":"fr-FR","@id":"https:\/\/footdavant.fr\/actualites\/#\/schema\/person\/image\/","url":"https:\/\/secure.gravatar.com\/avatar\/7728b29aac2719421e1a9159b2254c44?s=96&d=mm&r=g","contentUrl":"https:\/\/secure.gravatar.com\/avatar\/7728b29aac2719421e1a9159b2254c44?s=96&d=mm&r=g","caption":"Cl\u00e9ment"},"sameAs":["https:\/\/footdavant.fr\/"]}]}},"_links":{"self":[{"href":"https:\/\/footdavant.fr\/actualites\/wp-json\/wp\/v2\/posts\/36538"}],"collection":[{"href":"https:\/\/footdavant.fr\/actualites\/wp-json\/wp\/v2\/posts"}],"about":[{"href":"https:\/\/footdavant.fr\/actualites\/wp-json\/wp\/v2\/types\/post"}],"author":[{"embeddable":true,"href":"https:\/\/footdavant.fr\/actualites\/wp-json\/wp\/v2\/users\/1"}],"replies":[{"embeddable":true,"href":"https:\/\/footdavant.fr\/actualites\/wp-json\/wp\/v2\/comments?post=36538"}],"version-history":[{"count":1,"href":"https:\/\/footdavant.fr\/actualites\/wp-json\/wp\/v2\/posts\/36538\/revisions"}],"predecessor-version":[{"id":36540,"href":"https:\/\/footdavant.fr\/actualites\/wp-json\/wp\/v2\/posts\/36538\/revisions\/36540"}],"wp:featuredmedia":[{"embeddable":true,"href":"https:\/\/footdavant.fr\/actualites\/wp-json\/wp\/v2\/media\/36539"}],"wp:attachment":[{"href":"https:\/\/footdavant.fr\/actualites\/wp-json\/wp\/v2\/media?parent=36538"}],"wp:term":[{"taxonomy":"category","embeddable":true,"href":"https:\/\/footdavant.fr\/actualites\/wp-json\/wp\/v2\/categories?post=36538"},{"taxonomy":"post_tag","embeddable":true,"href":"https:\/\/footdavant.fr\/actualites\/wp-json\/wp\/v2\/tags?post=36538"}],"curies":[{"name":"wp","href":"https:\/\/api.w.org\/{rel}","templated":true}]}}