{"id":36541,"date":"2026-04-17T06:48:03","date_gmt":"2026-04-17T04:48:03","guid":{"rendered":"https:\/\/footdavant.fr\/actualites\/nouvelles-de-lequipe-nottingham-forest-contre-aston-villa-unai-emery-fait-un-changement-defensif-surprise-pour-la-confrontation-avec-city-ground\/"},"modified":"2026-04-17T06:48:05","modified_gmt":"2026-04-17T04:48:05","slug":"nouvelles-de-lequipe-nottingham-forest-contre-aston-villa-unai-emery-fait-un-changement-defensif-surprise-pour-la-confrontation-avec-city-ground","status":"publish","type":"post","link":"https:\/\/footdavant.fr\/actualites\/nouvelles-de-lequipe-nottingham-forest-contre-aston-villa-unai-emery-fait-un-changement-defensif-surprise-pour-la-confrontation-avec-city-ground\/","title":{"rendered":"Nouvelles de l\u2019\u00e9quipe Nottingham Forest contre Aston Villa : Unai Emery fait un changement d\u00e9fensif surprise pour la confrontation avec City Ground"},"content":{"rendered":"<div itemprop=\"articleBody\">\n<p>Le manager d&#39;Aston Villa, Unai Emery, a apport\u00e9 deux changements \u00e0 son onze de d\u00e9part pour le match de Premier League de dimanche contre Nottingham Forest.<\/p>\n<p>Ayant jou\u00e9 au complet lors de la victoire 3-1 de jeudi \u00e0 Bologne, Emery \u00e9tait toujours susceptible d&#39;apporter des modifications pour le d\u00e9placement au City Ground.<\/p>\n<p>Cependant, l&#39;Espagnol a apport\u00e9 moins de modifications que pr\u00e9vu et a choisi de garder Ollie Watkins au centre de l&#39;attaque.<\/p>\n<p>Victor Lindelof a \u00e9t\u00e9 rappel\u00e9 \u00e0 la place d&#39;Ezri Konsa, qui ne parvient pas \u00e0 d\u00e9buter un match de Premier League pour la deuxi\u00e8me fois seulement en 2025-26.<\/p>\n<p>Pendant ce temps, Ross Barkley d\u00e9bute au milieu de terrain central. Cette d\u00e9cision est moins surprenante car l&#39;Anglais n&#39;est pas \u00e9ligible pour jouer en Ligue Europa.<\/p>\n<p>Plut\u00f4t que Youri Tielemans se reposant apr\u00e8s son r\u00e9cent retour de blessure, c&#39;est Emiliano Buendia qui descend sur le banc des rempla\u00e7ants.<\/p>\n<div>\n<div>\n<p>\u00a9 Iconsport \/ SUSA<\/p>\n<\/div>\n<\/div>\n<h2>Pereira revient au Nottingham Forest XI \u00e0 pleine puissance contre Aston Villa<\/h2>\n<p>Quant \u00e0 Nottingham Forest, Vitor Pereira est revenu \u00e0 son onze de premier choix apr\u00e8s avoir effectu\u00e9 des changements importants pour le match nul 1-1 \u00e0 Porto jeudi.<\/p>\n<p>Elliot Anderson est disponible pour revenir au milieu de terrain apr\u00e8s avoir purg\u00e9 une suspension d&#39;un match en Ligue Europa plus t\u00f4t cette semaine.<\/p>\n<p>Apr\u00e8s avoir fait son retour d&#39;une blessure au genou au Portugal, Chris Wood est retenu parmi les rempla\u00e7ants.<\/p>\n<p>Omari Hutchinson et Callum Hudson-Odoi obtiennent le feu vert devant Dan Ndoye et Dilane Bakwa sur les flancs.<\/p>\n<p>For\u00eat de Nottingham XI\u00a0: Sels\u00a0; A\u00efna, Milenkovic, Murillo, Williams\u00a0; Sangar\u00e9, Anderson ; Hutchinson, Gibbs-White, Hudson-Odoi\u00a0; J\u00e9sus<\/p>\n<p>Rempla\u00e7ants : Ortega, Morato, Wood, Ndoye, Dominguez, Yates, McAtee, Netz, Bakwa<\/p>\n<p>Aston Villa XI\u00a0: Martinez\u00a0; Cash, Lindelof, Torres, Digne ; Barkley, Onana, Tielemans\u00a0; McGinn, Rogers; Watkins<\/p>\n<p>Rempla\u00e7ants: Bizot, Konsa, Buendia, Garcia, Abraham, Luiz, Maatsen, Bogarde, Bailey<\/p>\n<\/div>\n","protected":false},"excerpt":{"rendered":"<p>Le manager d&#39;Aston Villa, Unai Emery, a apport\u00e9 deux changements \u00e0 son onze de d\u00e9part pour le match de Premier League de dimanche contre Nottingham<\/p>\n","protected":false},"author":1,"featured_media":32043,"comment_status":"closed","ping_status":"","sticky":false,"template":"","format":"standard","meta":{"footnotes":""},"categories":[5],"tags":[369,91,710,27,3716,20,2285,641,152,358,6594,9,357,461,51,2666,640,370],"yoast_head":"<!-- This site is optimized with the Yoast SEO plugin v21.0 - https:\/\/yoast.com\/wordpress\/plugins\/seo\/ -->\n<title>Nouvelles de l\u2019\u00e9quipe Nottingham Forest contre Aston Villa : Unai Emery fait un changement d\u00e9fensif surprise pour la confrontation avec City Ground<\/title>\n<meta name=\"robots\" content=\"index, follow, max-snippet:-1, max-image-preview:large, max-video-preview:-1\" \/>\n<link rel=\"canonical\" href=\"https:\/\/footdavant.fr\/actualites\/nouvelles-de-lequipe-nottingham-forest-contre-aston-villa-unai-emery-fait-un-changement-defensif-surprise-pour-la-confrontation-avec-city-ground\/\" \/>\n<meta property=\"og:locale\" content=\"fr_FR\" \/>\n<meta property=\"og:type\" content=\"article\" \/>\n<meta property=\"og:title\" content=\"Nouvelles de l\u2019\u00e9quipe Nottingham Forest contre Aston Villa : Unai Emery fait un changement d\u00e9fensif surprise pour la confrontation avec City Ground\" \/>\n<meta property=\"og:description\" content=\"Le manager d&#039;Aston Villa, Unai Emery, a apport\u00e9 deux changements \u00e0 son onze de d\u00e9part pour le match de Premier League de dimanche contre Nottingham\" \/>\n<meta property=\"og:url\" content=\"https:\/\/footdavant.fr\/actualites\/nouvelles-de-lequipe-nottingham-forest-contre-aston-villa-unai-emery-fait-un-changement-defensif-surprise-pour-la-confrontation-avec-city-ground\/\" \/>\n<meta property=\"og:site_name\" content=\"Foot d&#039;avant\" \/>\n<meta property=\"article:publisher\" content=\"https:\/\/www.facebook.com\/Footdavant\/\" \/>\n<meta property=\"article:published_time\" content=\"2026-04-17T04:48:03+00:00\" \/>\n<meta property=\"article:modified_time\" content=\"2026-04-17T04:48:05+00:00\" \/>\n<meta property=\"og:image\" content=\"https:\/\/footdavant.fr\/actualites\/wp-content\/uploads\/2025\/12\/Apercu-Brighton-Hove-Albion-vs-Aston-Villa-\u2013.net2Fuploads2F20252F122Funai-emery-692db.webp\" \/>\n\t<meta property=\"og:image:width\" content=\"720\" \/>\n\t<meta property=\"og:image:height\" content=\"410\" \/>\n\t<meta property=\"og:image:type\" content=\"image\/webp\" \/>\n<meta name=\"author\" content=\"Cl\u00e9ment\" \/>\n<meta name=\"twitter:card\" content=\"summary_large_image\" \/>\n<meta name=\"twitter:creator\" content=\"@FootdavantFr\" \/>\n<meta name=\"twitter:site\" content=\"@FootdavantFr\" \/>\n<meta name=\"twitter:label1\" content=\"\u00c9crit par\" \/>\n\t<meta name=\"twitter:data1\" content=\"Cl\u00e9ment\" \/>\n\t<meta name=\"twitter:label2\" content=\"Dur\u00e9e de lecture estim\u00e9e\" \/>\n\t<meta name=\"twitter:data2\" content=\"2 minutes\" \/>\n<script type=\"application\/ld+json\" class=\"yoast-schema-graph\">{\"@context\":\"https:\/\/schema.org\",\"@graph\":[{\"@type\":\"Article\",\"@id\":\"https:\/\/footdavant.fr\/actualites\/nouvelles-de-lequipe-nottingham-forest-contre-aston-villa-unai-emery-fait-un-changement-defensif-surprise-pour-la-confrontation-avec-city-ground\/#article\",\"isPartOf\":{\"@id\":\"https:\/\/footdavant.fr\/actualites\/nouvelles-de-lequipe-nottingham-forest-contre-aston-villa-unai-emery-fait-un-changement-defensif-surprise-pour-la-confrontation-avec-city-ground\/\"},\"author\":{\"name\":\"Cl\u00e9ment\",\"@id\":\"https:\/\/footdavant.fr\/actualites\/#\/schema\/person\/bc222566d95871b37e597b3ed3ba5e1d\"},\"headline\":\"Nouvelles de l\u2019\u00e9quipe Nottingham Forest contre Aston Villa : Unai Emery fait un changement d\u00e9fensif surprise pour la confrontation avec City Ground\",\"datePublished\":\"2026-04-17T04:48:03+00:00\",\"dateModified\":\"2026-04-17T04:48:05+00:00\",\"mainEntityOfPage\":{\"@id\":\"https:\/\/footdavant.fr\/actualites\/nouvelles-de-lequipe-nottingham-forest-contre-aston-villa-unai-emery-fait-un-changement-defensif-surprise-pour-la-confrontation-avec-city-ground\/\"},\"wordCount\":345,\"publisher\":{\"@id\":\"https:\/\/footdavant.fr\/actualites\/#organization\"},\"keywords\":[\"Aston\",\"avec\",\"changement\",\"City\",\"confrontation\",\"contre\",\"d\u00e9fensif\",\"Emery\",\"fait\",\"Forest\",\"Ground\",\"l\u00e9quipe\",\"Nottingham\",\"Nouvelles\",\"pour\",\"surprise\",\"Unai\",\"Villa\"],\"articleSection\":[\"Premier League\"],\"inLanguage\":\"fr-FR\"},{\"@type\":\"WebPage\",\"@id\":\"https:\/\/footdavant.fr\/actualites\/nouvelles-de-lequipe-nottingham-forest-contre-aston-villa-unai-emery-fait-un-changement-defensif-surprise-pour-la-confrontation-avec-city-ground\/\",\"url\":\"https:\/\/footdavant.fr\/actualites\/nouvelles-de-lequipe-nottingham-forest-contre-aston-villa-unai-emery-fait-un-changement-defensif-surprise-pour-la-confrontation-avec-city-ground\/\",\"name\":\"Nouvelles de l\u2019\u00e9quipe Nottingham Forest contre Aston Villa : Unai Emery fait un changement d\u00e9fensif surprise pour la confrontation avec City Ground\",\"isPartOf\":{\"@id\":\"https:\/\/footdavant.fr\/actualites\/#website\"},\"datePublished\":\"2026-04-17T04:48:03+00:00\",\"dateModified\":\"2026-04-17T04:48:05+00:00\",\"breadcrumb\":{\"@id\":\"https:\/\/footdavant.fr\/actualites\/nouvelles-de-lequipe-nottingham-forest-contre-aston-villa-unai-emery-fait-un-changement-defensif-surprise-pour-la-confrontation-avec-city-ground\/#breadcrumb\"},\"inLanguage\":\"fr-FR\",\"potentialAction\":[{\"@type\":\"ReadAction\",\"target\":[\"https:\/\/footdavant.fr\/actualites\/nouvelles-de-lequipe-nottingham-forest-contre-aston-villa-unai-emery-fait-un-changement-defensif-surprise-pour-la-confrontation-avec-city-ground\/\"]}]},{\"@type\":\"BreadcrumbList\",\"@id\":\"https:\/\/footdavant.fr\/actualites\/nouvelles-de-lequipe-nottingham-forest-contre-aston-villa-unai-emery-fait-un-changement-defensif-surprise-pour-la-confrontation-avec-city-ground\/#breadcrumb\",\"itemListElement\":[{\"@type\":\"ListItem\",\"position\":1,\"name\":\"Accueil\",\"item\":\"https:\/\/footdavant.fr\/actualites\/\"},{\"@type\":\"ListItem\",\"position\":2,\"name\":\"Nouvelles de l\u2019\u00e9quipe Nottingham Forest contre Aston Villa : Unai Emery fait un changement d\u00e9fensif surprise pour la confrontation avec City Ground\"}]},{\"@type\":\"WebSite\",\"@id\":\"https:\/\/footdavant.fr\/actualites\/#website\",\"url\":\"https:\/\/footdavant.fr\/actualites\/\",\"name\":\"Foot d'avant\",\"description\":\"\",\"publisher\":{\"@id\":\"https:\/\/footdavant.fr\/actualites\/#organization\"},\"potentialAction\":[{\"@type\":\"SearchAction\",\"target\":{\"@type\":\"EntryPoint\",\"urlTemplate\":\"https:\/\/footdavant.fr\/actualites\/?s={search_term_string}\"},\"query-input\":\"required name=search_term_string\"}],\"inLanguage\":\"fr-FR\"},{\"@type\":\"Organization\",\"@id\":\"https:\/\/footdavant.fr\/actualites\/#organization\",\"name\":\"Foot d'avant\",\"url\":\"https:\/\/footdavant.fr\/actualites\/\",\"logo\":{\"@type\":\"ImageObject\",\"inLanguage\":\"fr-FR\",\"@id\":\"https:\/\/footdavant.fr\/actualites\/#\/schema\/logo\/image\/\",\"url\":\"https:\/\/footdavant.fr\/actualites\/wp-content\/uploads\/2023\/09\/Copy-of-FootDavant-Logo.png\",\"contentUrl\":\"https:\/\/footdavant.fr\/actualites\/wp-content\/uploads\/2023\/09\/Copy-of-FootDavant-Logo.png\",\"width\":936,\"height\":549,\"caption\":\"Foot d'avant\"},\"image\":{\"@id\":\"https:\/\/footdavant.fr\/actualites\/#\/schema\/logo\/image\/\"},\"sameAs\":[\"https:\/\/www.facebook.com\/Footdavant\/\",\"https:\/\/twitter.com\/FootdavantFr\",\"https:\/\/www.instagram.com\/footdavant.fr\/\"]},{\"@type\":\"Person\",\"@id\":\"https:\/\/footdavant.fr\/actualites\/#\/schema\/person\/bc222566d95871b37e597b3ed3ba5e1d\",\"name\":\"Cl\u00e9ment\",\"image\":{\"@type\":\"ImageObject\",\"inLanguage\":\"fr-FR\",\"@id\":\"https:\/\/footdavant.fr\/actualites\/#\/schema\/person\/image\/\",\"url\":\"https:\/\/secure.gravatar.com\/avatar\/7728b29aac2719421e1a9159b2254c44?s=96&d=mm&r=g\",\"contentUrl\":\"https:\/\/secure.gravatar.com\/avatar\/7728b29aac2719421e1a9159b2254c44?s=96&d=mm&r=g\",\"caption\":\"Cl\u00e9ment\"},\"sameAs\":[\"https:\/\/footdavant.fr\/\"]}]}<\/script>\n<!-- \/ Yoast SEO plugin. -->","yoast_head_json":{"title":"Nouvelles de l\u2019\u00e9quipe Nottingham Forest contre Aston Villa : Unai Emery fait un changement d\u00e9fensif surprise pour la confrontation avec City Ground","robots":{"index":"index","follow":"follow","max-snippet":"max-snippet:-1","max-image-preview":"max-image-preview:large","max-video-preview":"max-video-preview:-1"},"canonical":"https:\/\/footdavant.fr\/actualites\/nouvelles-de-lequipe-nottingham-forest-contre-aston-villa-unai-emery-fait-un-changement-defensif-surprise-pour-la-confrontation-avec-city-ground\/","og_locale":"fr_FR","og_type":"article","og_title":"Nouvelles de l\u2019\u00e9quipe Nottingham Forest contre Aston Villa : Unai Emery fait un changement d\u00e9fensif surprise pour la confrontation avec City Ground","og_description":"Le manager d&#39;Aston Villa, Unai Emery, a apport\u00e9 deux changements \u00e0 son onze de d\u00e9part pour le match de Premier League de dimanche contre Nottingham","og_url":"https:\/\/footdavant.fr\/actualites\/nouvelles-de-lequipe-nottingham-forest-contre-aston-villa-unai-emery-fait-un-changement-defensif-surprise-pour-la-confrontation-avec-city-ground\/","og_site_name":"Foot d&#039;avant","article_publisher":"https:\/\/www.facebook.com\/Footdavant\/","article_published_time":"2026-04-17T04:48:03+00:00","article_modified_time":"2026-04-17T04:48:05+00:00","og_image":[{"width":720,"height":410,"url":"https:\/\/footdavant.fr\/actualites\/wp-content\/uploads\/2025\/12\/Apercu-Brighton-Hove-Albion-vs-Aston-Villa-\u2013.net2Fuploads2F20252F122Funai-emery-692db.webp","type":"image\/webp"}],"author":"Cl\u00e9ment","twitter_card":"summary_large_image","twitter_creator":"@FootdavantFr","twitter_site":"@FootdavantFr","twitter_misc":{"\u00c9crit par":"Cl\u00e9ment","Dur\u00e9e de lecture estim\u00e9e":"2 minutes"},"schema":{"@context":"https:\/\/schema.org","@graph":[{"@type":"Article","@id":"https:\/\/footdavant.fr\/actualites\/nouvelles-de-lequipe-nottingham-forest-contre-aston-villa-unai-emery-fait-un-changement-defensif-surprise-pour-la-confrontation-avec-city-ground\/#article","isPartOf":{"@id":"https:\/\/footdavant.fr\/actualites\/nouvelles-de-lequipe-nottingham-forest-contre-aston-villa-unai-emery-fait-un-changement-defensif-surprise-pour-la-confrontation-avec-city-ground\/"},"author":{"name":"Cl\u00e9ment","@id":"https:\/\/footdavant.fr\/actualites\/#\/schema\/person\/bc222566d95871b37e597b3ed3ba5e1d"},"headline":"Nouvelles de l\u2019\u00e9quipe Nottingham Forest contre Aston Villa : Unai Emery fait un changement d\u00e9fensif surprise pour la confrontation avec City Ground","datePublished":"2026-04-17T04:48:03+00:00","dateModified":"2026-04-17T04:48:05+00:00","mainEntityOfPage":{"@id":"https:\/\/footdavant.fr\/actualites\/nouvelles-de-lequipe-nottingham-forest-contre-aston-villa-unai-emery-fait-un-changement-defensif-surprise-pour-la-confrontation-avec-city-ground\/"},"wordCount":345,"publisher":{"@id":"https:\/\/footdavant.fr\/actualites\/#organization"},"keywords":["Aston","avec","changement","City","confrontation","contre","d\u00e9fensif","Emery","fait","Forest","Ground","l\u00e9quipe","Nottingham","Nouvelles","pour","surprise","Unai","Villa"],"articleSection":["Premier League"],"inLanguage":"fr-FR"},{"@type":"WebPage","@id":"https:\/\/footdavant.fr\/actualites\/nouvelles-de-lequipe-nottingham-forest-contre-aston-villa-unai-emery-fait-un-changement-defensif-surprise-pour-la-confrontation-avec-city-ground\/","url":"https:\/\/footdavant.fr\/actualites\/nouvelles-de-lequipe-nottingham-forest-contre-aston-villa-unai-emery-fait-un-changement-defensif-surprise-pour-la-confrontation-avec-city-ground\/","name":"Nouvelles de l\u2019\u00e9quipe Nottingham Forest contre Aston Villa : Unai Emery fait un changement d\u00e9fensif surprise pour la confrontation avec City Ground","isPartOf":{"@id":"https:\/\/footdavant.fr\/actualites\/#website"},"datePublished":"2026-04-17T04:48:03+00:00","dateModified":"2026-04-17T04:48:05+00:00","breadcrumb":{"@id":"https:\/\/footdavant.fr\/actualites\/nouvelles-de-lequipe-nottingham-forest-contre-aston-villa-unai-emery-fait-un-changement-defensif-surprise-pour-la-confrontation-avec-city-ground\/#breadcrumb"},"inLanguage":"fr-FR","potentialAction":[{"@type":"ReadAction","target":["https:\/\/footdavant.fr\/actualites\/nouvelles-de-lequipe-nottingham-forest-contre-aston-villa-unai-emery-fait-un-changement-defensif-surprise-pour-la-confrontation-avec-city-ground\/"]}]},{"@type":"BreadcrumbList","@id":"https:\/\/footdavant.fr\/actualites\/nouvelles-de-lequipe-nottingham-forest-contre-aston-villa-unai-emery-fait-un-changement-defensif-surprise-pour-la-confrontation-avec-city-ground\/#breadcrumb","itemListElement":[{"@type":"ListItem","position":1,"name":"Accueil","item":"https:\/\/footdavant.fr\/actualites\/"},{"@type":"ListItem","position":2,"name":"Nouvelles de l\u2019\u00e9quipe Nottingham Forest contre Aston Villa : Unai Emery fait un changement d\u00e9fensif surprise pour la confrontation avec City Ground"}]},{"@type":"WebSite","@id":"https:\/\/footdavant.fr\/actualites\/#website","url":"https:\/\/footdavant.fr\/actualites\/","name":"Foot d'avant","description":"","publisher":{"@id":"https:\/\/footdavant.fr\/actualites\/#organization"},"potentialAction":[{"@type":"SearchAction","target":{"@type":"EntryPoint","urlTemplate":"https:\/\/footdavant.fr\/actualites\/?s={search_term_string}"},"query-input":"required name=search_term_string"}],"inLanguage":"fr-FR"},{"@type":"Organization","@id":"https:\/\/footdavant.fr\/actualites\/#organization","name":"Foot d'avant","url":"https:\/\/footdavant.fr\/actualites\/","logo":{"@type":"ImageObject","inLanguage":"fr-FR","@id":"https:\/\/footdavant.fr\/actualites\/#\/schema\/logo\/image\/","url":"https:\/\/footdavant.fr\/actualites\/wp-content\/uploads\/2023\/09\/Copy-of-FootDavant-Logo.png","contentUrl":"https:\/\/footdavant.fr\/actualites\/wp-content\/uploads\/2023\/09\/Copy-of-FootDavant-Logo.png","width":936,"height":549,"caption":"Foot d'avant"},"image":{"@id":"https:\/\/footdavant.fr\/actualites\/#\/schema\/logo\/image\/"},"sameAs":["https:\/\/www.facebook.com\/Footdavant\/","https:\/\/twitter.com\/FootdavantFr","https:\/\/www.instagram.com\/footdavant.fr\/"]},{"@type":"Person","@id":"https:\/\/footdavant.fr\/actualites\/#\/schema\/person\/bc222566d95871b37e597b3ed3ba5e1d","name":"Cl\u00e9ment","image":{"@type":"ImageObject","inLanguage":"fr-FR","@id":"https:\/\/footdavant.fr\/actualites\/#\/schema\/person\/image\/","url":"https:\/\/secure.gravatar.com\/avatar\/7728b29aac2719421e1a9159b2254c44?s=96&d=mm&r=g","contentUrl":"https:\/\/secure.gravatar.com\/avatar\/7728b29aac2719421e1a9159b2254c44?s=96&d=mm&r=g","caption":"Cl\u00e9ment"},"sameAs":["https:\/\/footdavant.fr\/"]}]}},"_links":{"self":[{"href":"https:\/\/footdavant.fr\/actualites\/wp-json\/wp\/v2\/posts\/36541"}],"collection":[{"href":"https:\/\/footdavant.fr\/actualites\/wp-json\/wp\/v2\/posts"}],"about":[{"href":"https:\/\/footdavant.fr\/actualites\/wp-json\/wp\/v2\/types\/post"}],"author":[{"embeddable":true,"href":"https:\/\/footdavant.fr\/actualites\/wp-json\/wp\/v2\/users\/1"}],"replies":[{"embeddable":true,"href":"https:\/\/footdavant.fr\/actualites\/wp-json\/wp\/v2\/comments?post=36541"}],"version-history":[{"count":1,"href":"https:\/\/footdavant.fr\/actualites\/wp-json\/wp\/v2\/posts\/36541\/revisions"}],"predecessor-version":[{"id":36542,"href":"https:\/\/footdavant.fr\/actualites\/wp-json\/wp\/v2\/posts\/36541\/revisions\/36542"}],"wp:featuredmedia":[{"embeddable":true,"href":"https:\/\/footdavant.fr\/actualites\/wp-json\/wp\/v2\/media\/32043"}],"wp:attachment":[{"href":"https:\/\/footdavant.fr\/actualites\/wp-json\/wp\/v2\/media?parent=36541"}],"wp:term":[{"taxonomy":"category","embeddable":true,"href":"https:\/\/footdavant.fr\/actualites\/wp-json\/wp\/v2\/categories?post=36541"},{"taxonomy":"post_tag","embeddable":true,"href":"https:\/\/footdavant.fr\/actualites\/wp-json\/wp\/v2\/tags?post=36541"}],"curies":[{"name":"wp","href":"https:\/\/api.w.org\/{rel}","templated":true}]}}