{"id":36546,"date":"2026-04-17T10:48:02","date_gmt":"2026-04-17T08:48:02","guid":{"rendered":"https:\/\/footdavant.fr\/actualites\/tottenham-a-confirme-sa-composition-contre-sunderland-le-premier-xi-de-roberto-de-zerbi-revele-alors-que-lucas-bergvall-debute\/"},"modified":"2026-04-17T10:48:03","modified_gmt":"2026-04-17T08:48:03","slug":"tottenham-a-confirme-sa-composition-contre-sunderland-le-premier-xi-de-roberto-de-zerbi-revele-alors-que-lucas-bergvall-debute","status":"publish","type":"post","link":"https:\/\/footdavant.fr\/actualites\/tottenham-a-confirme-sa-composition-contre-sunderland-le-premier-xi-de-roberto-de-zerbi-revele-alors-que-lucas-bergvall-debute\/","title":{"rendered":"Tottenham a confirm\u00e9 sa composition contre Sunderland\u00a0: le premier XI de Roberto De Zerbi r\u00e9v\u00e9l\u00e9 alors que Lucas Bergvall d\u00e9bute"},"content":{"rendered":"<div itemprop=\"articleBody\">\n<p>Roberto De Zerbi a nomm\u00e9 sa premi\u00e8re \u00e9quipe de Tottenham Hotspur pour affronter Sunderland lors du choc de Premier League dimanche au Stadium of Light.<\/p>\n<p>L&#39;Italien a apport\u00e9 un total de cinq changements au onze final d&#39;Igor Tudor lors de la d\u00e9faite 3-0 contre Nottingham Forest avant la tr\u00eave internationale, et sa s\u00e9lection offensive est particuli\u00e8rement intrigante.<\/p>\n<p>En effet, De Zerbi a opt\u00e9 pour trois avant-centres reconnus \u00e0 Richarlison, Randal Kolo Muani et Dominic Solanke, dont les deux premiers figureront probablement \u00e0 l&#39;ext\u00e9rieur.<\/p>\n<p>Kolo Muani entre dans le XI aux d\u00e9pens de Mathys Tel, qui tombe sur le banc apr\u00e8s une blessure en mission internationale, tandis que Xavi Simons doit \u00e9galement se contenter d&#39;une place parmi les rempla\u00e7ants.<\/p>\n<p>Djed Spence, Kevin Danso, Pape Sarr et Guglielmo Vicario &#8211; absents suite \u00e0 une op\u00e9ration \u00e0 une hernie &#8211; ont \u00e9galement perdu leur place dans le XI, avec l&#39;arriv\u00e9e de Destiny Udogie, Lucas Bergvall, Conor Gallagher et Antonin Kinsky.<\/p>\n<p>Gallagher et Bergvall pourraient faire partie d&#39;un milieu de terrain \u00e0 trois avec Archie Gray dans un 4-3-3, ou ce dernier pourrait fonctionner \u00e0 l&#39;arri\u00e8re droit, Porro jouant un r\u00f4le plus avanc\u00e9 dans un 4-4-2.<\/p>\n<h2>Sunderland effectue quatre changements pour le choc de Tottenham en Premier League<\/h2>\n<div>\n<div>\n<div>\n<p>\u00a9 Iconsport \/ SUSA<\/p>\n<\/div>\n<\/div>\n<\/div>\n<p>L&#39;entra\u00eeneur-chef de Sunderland, R\u00e9gis Le Bris, a \u00e9galement annonc\u00e9 les changements malgr\u00e9 la victoire 2-1 du derby de Tyne-Wear contre Newcastle United la derni\u00e8re fois, effectuant quatre modifications au total.<\/p>\n<p>Enzo Le Fee a \u00e9t\u00e9 promu dans le premier XI, mais \u00e0 la place de Chemsdine Talbi plut\u00f4t que de Chris Rigg, puisque le joueur de 18 ans d\u00e9bute \u00e0 nouveau aux c\u00f4t\u00e9s de Brian Brobbey en attaque.<\/p>\n<p>Le Bris a proc\u00e9d\u00e9 \u00e0 trois autres changements en d\u00e9fense, alors que le gardien de premier choix Robin Roefs &#8211; de retour d&#39;une blessure aux ischio-jambiers &#8211; revient sur Melker Ellborg comme derni\u00e8re ligne de d\u00e9fense.<\/p>\n<p>Nordi Mukiele et Reinildo Mandava sont \u00e9galement pr\u00e9f\u00e9r\u00e9s \u00e0 Trai Hume et Lutsharel Geertruida, mais Daniel Ballard (ischio-jambiers) ne fait pas partie de l&#39;\u00e9quipe.<\/p>\n<p>Les Spurs d\u00e9passeront West Ham United et sortiront de la zone de rel\u00e9gation de la Premier League avec les trois points contre Sunderland, qui \u00e0 son tour pourrait d\u00e9passer Fulham et Bournemouth pour entrer dans la moiti\u00e9 sup\u00e9rieure avec une victoire.<\/p>\n<p>Composition de Tottenham : Kinsky ; Porro, Romero, Van de Ven, Udogie\u00a0; Gray, Bergvall, Gallagher\u00a0; Kolo Muani, Solanke, Richarlison<\/p>\n<p>Rempla\u00e7ants: Austin, Dragusin, Danso, Palhinha, Simons, Bissouma, Tel, Spence, Sarr<\/p>\n<p>Composition de Sunderland\u00a0: Roefs\u00a0; Mukiele, Alderete, O&#39;Nien, Reinildo; Sadiki, Xhaka, Diarra ; Le F\u00e9e, Brobbey, Rigg<\/p>\n<p>Rempla\u00e7ants: Ellborg, Hume, Geertruida, Cirkin, J. Jones, H. Jones, Talbi, Mayenda, Isidor<\/p>\n<\/div>\n","protected":false},"excerpt":{"rendered":"<p>Roberto De Zerbi a nomm\u00e9 sa premi\u00e8re \u00e9quipe de Tottenham Hotspur pour affronter Sunderland lors du choc de Premier League dimanche au Stadium of Light.<\/p>\n","protected":false},"author":1,"featured_media":33370,"comment_status":"closed","ping_status":"","sticky":false,"template":"","format":"standard","meta":{"footnotes":""},"categories":[5],"tags":[318,2350,2291,40,20,2993,1030,201,415,2810,1955,68,844],"yoast_head":"<!-- This site is optimized with the Yoast SEO plugin v21.0 - https:\/\/yoast.com\/wordpress\/plugins\/seo\/ -->\n<title>Tottenham a confirm\u00e9 sa composition contre Sunderland\u00a0: le premier XI de Roberto De Zerbi r\u00e9v\u00e9l\u00e9 alors que Lucas Bergvall d\u00e9bute<\/title>\n<meta name=\"robots\" content=\"index, follow, max-snippet:-1, max-image-preview:large, max-video-preview:-1\" \/>\n<link rel=\"canonical\" href=\"https:\/\/footdavant.fr\/actualites\/tottenham-a-confirme-sa-composition-contre-sunderland-le-premier-xi-de-roberto-de-zerbi-revele-alors-que-lucas-bergvall-debute\/\" \/>\n<meta property=\"og:locale\" content=\"fr_FR\" \/>\n<meta property=\"og:type\" content=\"article\" \/>\n<meta property=\"og:title\" content=\"Tottenham a confirm\u00e9 sa composition contre Sunderland\u00a0: le premier XI de Roberto De Zerbi r\u00e9v\u00e9l\u00e9 alors que Lucas Bergvall d\u00e9bute\" \/>\n<meta property=\"og:description\" content=\"Roberto De Zerbi a nomm\u00e9 sa premi\u00e8re \u00e9quipe de Tottenham Hotspur pour affronter Sunderland lors du choc de Premier League dimanche au Stadium of Light.\" \/>\n<meta property=\"og:url\" content=\"https:\/\/footdavant.fr\/actualites\/tottenham-a-confirme-sa-composition-contre-sunderland-le-premier-xi-de-roberto-de-zerbi-revele-alors-que-lucas-bergvall-debute\/\" \/>\n<meta property=\"og:site_name\" content=\"Foot d&#039;avant\" \/>\n<meta property=\"article:publisher\" content=\"https:\/\/www.facebook.com\/Footdavant\/\" \/>\n<meta property=\"article:published_time\" content=\"2026-04-17T08:48:02+00:00\" \/>\n<meta property=\"article:modified_time\" content=\"2026-04-17T08:48:03+00:00\" \/>\n<meta property=\"og:image\" content=\"https:\/\/footdavant.fr\/actualites\/wp-content\/uploads\/2026\/01\/Tottenham-Hotspur-contre-Aston-Villa-comment-regarder-date-heure.net2Fuploads2F20262F012Fimago1070771681.webp\" \/>\n\t<meta property=\"og:image:width\" content=\"720\" \/>\n\t<meta property=\"og:image:height\" content=\"410\" \/>\n\t<meta property=\"og:image:type\" content=\"image\/webp\" \/>\n<meta name=\"author\" content=\"Cl\u00e9ment\" \/>\n<meta name=\"twitter:card\" content=\"summary_large_image\" \/>\n<meta name=\"twitter:creator\" content=\"@FootdavantFr\" \/>\n<meta name=\"twitter:site\" content=\"@FootdavantFr\" \/>\n<meta name=\"twitter:label1\" content=\"\u00c9crit par\" \/>\n\t<meta name=\"twitter:data1\" content=\"Cl\u00e9ment\" \/>\n\t<meta name=\"twitter:label2\" content=\"Dur\u00e9e de lecture estim\u00e9e\" \/>\n\t<meta name=\"twitter:data2\" content=\"2 minutes\" \/>\n<script type=\"application\/ld+json\" class=\"yoast-schema-graph\">{\"@context\":\"https:\/\/schema.org\",\"@graph\":[{\"@type\":\"Article\",\"@id\":\"https:\/\/footdavant.fr\/actualites\/tottenham-a-confirme-sa-composition-contre-sunderland-le-premier-xi-de-roberto-de-zerbi-revele-alors-que-lucas-bergvall-debute\/#article\",\"isPartOf\":{\"@id\":\"https:\/\/footdavant.fr\/actualites\/tottenham-a-confirme-sa-composition-contre-sunderland-le-premier-xi-de-roberto-de-zerbi-revele-alors-que-lucas-bergvall-debute\/\"},\"author\":{\"name\":\"Cl\u00e9ment\",\"@id\":\"https:\/\/footdavant.fr\/actualites\/#\/schema\/person\/bc222566d95871b37e597b3ed3ba5e1d\"},\"headline\":\"Tottenham a confirm\u00e9 sa composition contre Sunderland\u00a0: le premier XI de Roberto De Zerbi r\u00e9v\u00e9l\u00e9 alors que Lucas Bergvall d\u00e9bute\",\"datePublished\":\"2026-04-17T08:48:02+00:00\",\"dateModified\":\"2026-04-17T08:48:03+00:00\",\"mainEntityOfPage\":{\"@id\":\"https:\/\/footdavant.fr\/actualites\/tottenham-a-confirme-sa-composition-contre-sunderland-le-premier-xi-de-roberto-de-zerbi-revele-alors-que-lucas-bergvall-debute\/\"},\"wordCount\":487,\"publisher\":{\"@id\":\"https:\/\/footdavant.fr\/actualites\/#organization\"},\"keywords\":[\"alors\",\"Bergvall\",\"composition\",\"confirme\",\"contre\",\"d\u00e9bute\",\"Lucas\",\"Premier\",\"r\u00e9v\u00e8le\",\"Roberto\",\"Sunderland\",\"Tottenham\",\"Zerbi\"],\"articleSection\":[\"Premier League\"],\"inLanguage\":\"fr-FR\"},{\"@type\":\"WebPage\",\"@id\":\"https:\/\/footdavant.fr\/actualites\/tottenham-a-confirme-sa-composition-contre-sunderland-le-premier-xi-de-roberto-de-zerbi-revele-alors-que-lucas-bergvall-debute\/\",\"url\":\"https:\/\/footdavant.fr\/actualites\/tottenham-a-confirme-sa-composition-contre-sunderland-le-premier-xi-de-roberto-de-zerbi-revele-alors-que-lucas-bergvall-debute\/\",\"name\":\"Tottenham a confirm\u00e9 sa composition contre Sunderland\u00a0: le premier XI de Roberto De Zerbi r\u00e9v\u00e9l\u00e9 alors que Lucas Bergvall d\u00e9bute\",\"isPartOf\":{\"@id\":\"https:\/\/footdavant.fr\/actualites\/#website\"},\"datePublished\":\"2026-04-17T08:48:02+00:00\",\"dateModified\":\"2026-04-17T08:48:03+00:00\",\"breadcrumb\":{\"@id\":\"https:\/\/footdavant.fr\/actualites\/tottenham-a-confirme-sa-composition-contre-sunderland-le-premier-xi-de-roberto-de-zerbi-revele-alors-que-lucas-bergvall-debute\/#breadcrumb\"},\"inLanguage\":\"fr-FR\",\"potentialAction\":[{\"@type\":\"ReadAction\",\"target\":[\"https:\/\/footdavant.fr\/actualites\/tottenham-a-confirme-sa-composition-contre-sunderland-le-premier-xi-de-roberto-de-zerbi-revele-alors-que-lucas-bergvall-debute\/\"]}]},{\"@type\":\"BreadcrumbList\",\"@id\":\"https:\/\/footdavant.fr\/actualites\/tottenham-a-confirme-sa-composition-contre-sunderland-le-premier-xi-de-roberto-de-zerbi-revele-alors-que-lucas-bergvall-debute\/#breadcrumb\",\"itemListElement\":[{\"@type\":\"ListItem\",\"position\":1,\"name\":\"Accueil\",\"item\":\"https:\/\/footdavant.fr\/actualites\/\"},{\"@type\":\"ListItem\",\"position\":2,\"name\":\"Tottenham a confirm\u00e9 sa composition contre Sunderland\u00a0: le premier XI de Roberto De Zerbi r\u00e9v\u00e9l\u00e9 alors que Lucas Bergvall d\u00e9bute\"}]},{\"@type\":\"WebSite\",\"@id\":\"https:\/\/footdavant.fr\/actualites\/#website\",\"url\":\"https:\/\/footdavant.fr\/actualites\/\",\"name\":\"Foot d'avant\",\"description\":\"\",\"publisher\":{\"@id\":\"https:\/\/footdavant.fr\/actualites\/#organization\"},\"potentialAction\":[{\"@type\":\"SearchAction\",\"target\":{\"@type\":\"EntryPoint\",\"urlTemplate\":\"https:\/\/footdavant.fr\/actualites\/?s={search_term_string}\"},\"query-input\":\"required name=search_term_string\"}],\"inLanguage\":\"fr-FR\"},{\"@type\":\"Organization\",\"@id\":\"https:\/\/footdavant.fr\/actualites\/#organization\",\"name\":\"Foot d'avant\",\"url\":\"https:\/\/footdavant.fr\/actualites\/\",\"logo\":{\"@type\":\"ImageObject\",\"inLanguage\":\"fr-FR\",\"@id\":\"https:\/\/footdavant.fr\/actualites\/#\/schema\/logo\/image\/\",\"url\":\"https:\/\/footdavant.fr\/actualites\/wp-content\/uploads\/2023\/09\/Copy-of-FootDavant-Logo.png\",\"contentUrl\":\"https:\/\/footdavant.fr\/actualites\/wp-content\/uploads\/2023\/09\/Copy-of-FootDavant-Logo.png\",\"width\":936,\"height\":549,\"caption\":\"Foot d'avant\"},\"image\":{\"@id\":\"https:\/\/footdavant.fr\/actualites\/#\/schema\/logo\/image\/\"},\"sameAs\":[\"https:\/\/www.facebook.com\/Footdavant\/\",\"https:\/\/twitter.com\/FootdavantFr\",\"https:\/\/www.instagram.com\/footdavant.fr\/\"]},{\"@type\":\"Person\",\"@id\":\"https:\/\/footdavant.fr\/actualites\/#\/schema\/person\/bc222566d95871b37e597b3ed3ba5e1d\",\"name\":\"Cl\u00e9ment\",\"image\":{\"@type\":\"ImageObject\",\"inLanguage\":\"fr-FR\",\"@id\":\"https:\/\/footdavant.fr\/actualites\/#\/schema\/person\/image\/\",\"url\":\"https:\/\/secure.gravatar.com\/avatar\/7728b29aac2719421e1a9159b2254c44?s=96&d=mm&r=g\",\"contentUrl\":\"https:\/\/secure.gravatar.com\/avatar\/7728b29aac2719421e1a9159b2254c44?s=96&d=mm&r=g\",\"caption\":\"Cl\u00e9ment\"},\"sameAs\":[\"https:\/\/footdavant.fr\/\"]}]}<\/script>\n<!-- \/ Yoast SEO plugin. -->","yoast_head_json":{"title":"Tottenham a confirm\u00e9 sa composition contre Sunderland\u00a0: le premier XI de Roberto De Zerbi r\u00e9v\u00e9l\u00e9 alors que Lucas Bergvall d\u00e9bute","robots":{"index":"index","follow":"follow","max-snippet":"max-snippet:-1","max-image-preview":"max-image-preview:large","max-video-preview":"max-video-preview:-1"},"canonical":"https:\/\/footdavant.fr\/actualites\/tottenham-a-confirme-sa-composition-contre-sunderland-le-premier-xi-de-roberto-de-zerbi-revele-alors-que-lucas-bergvall-debute\/","og_locale":"fr_FR","og_type":"article","og_title":"Tottenham a confirm\u00e9 sa composition contre Sunderland\u00a0: le premier XI de Roberto De Zerbi r\u00e9v\u00e9l\u00e9 alors que Lucas Bergvall d\u00e9bute","og_description":"Roberto De Zerbi a nomm\u00e9 sa premi\u00e8re \u00e9quipe de Tottenham Hotspur pour affronter Sunderland lors du choc de Premier League dimanche au Stadium of Light.","og_url":"https:\/\/footdavant.fr\/actualites\/tottenham-a-confirme-sa-composition-contre-sunderland-le-premier-xi-de-roberto-de-zerbi-revele-alors-que-lucas-bergvall-debute\/","og_site_name":"Foot d&#039;avant","article_publisher":"https:\/\/www.facebook.com\/Footdavant\/","article_published_time":"2026-04-17T08:48:02+00:00","article_modified_time":"2026-04-17T08:48:03+00:00","og_image":[{"width":720,"height":410,"url":"https:\/\/footdavant.fr\/actualites\/wp-content\/uploads\/2026\/01\/Tottenham-Hotspur-contre-Aston-Villa-comment-regarder-date-heure.net2Fuploads2F20262F012Fimago1070771681.webp","type":"image\/webp"}],"author":"Cl\u00e9ment","twitter_card":"summary_large_image","twitter_creator":"@FootdavantFr","twitter_site":"@FootdavantFr","twitter_misc":{"\u00c9crit par":"Cl\u00e9ment","Dur\u00e9e de lecture estim\u00e9e":"2 minutes"},"schema":{"@context":"https:\/\/schema.org","@graph":[{"@type":"Article","@id":"https:\/\/footdavant.fr\/actualites\/tottenham-a-confirme-sa-composition-contre-sunderland-le-premier-xi-de-roberto-de-zerbi-revele-alors-que-lucas-bergvall-debute\/#article","isPartOf":{"@id":"https:\/\/footdavant.fr\/actualites\/tottenham-a-confirme-sa-composition-contre-sunderland-le-premier-xi-de-roberto-de-zerbi-revele-alors-que-lucas-bergvall-debute\/"},"author":{"name":"Cl\u00e9ment","@id":"https:\/\/footdavant.fr\/actualites\/#\/schema\/person\/bc222566d95871b37e597b3ed3ba5e1d"},"headline":"Tottenham a confirm\u00e9 sa composition contre Sunderland\u00a0: le premier XI de Roberto De Zerbi r\u00e9v\u00e9l\u00e9 alors que Lucas Bergvall d\u00e9bute","datePublished":"2026-04-17T08:48:02+00:00","dateModified":"2026-04-17T08:48:03+00:00","mainEntityOfPage":{"@id":"https:\/\/footdavant.fr\/actualites\/tottenham-a-confirme-sa-composition-contre-sunderland-le-premier-xi-de-roberto-de-zerbi-revele-alors-que-lucas-bergvall-debute\/"},"wordCount":487,"publisher":{"@id":"https:\/\/footdavant.fr\/actualites\/#organization"},"keywords":["alors","Bergvall","composition","confirme","contre","d\u00e9bute","Lucas","Premier","r\u00e9v\u00e8le","Roberto","Sunderland","Tottenham","Zerbi"],"articleSection":["Premier League"],"inLanguage":"fr-FR"},{"@type":"WebPage","@id":"https:\/\/footdavant.fr\/actualites\/tottenham-a-confirme-sa-composition-contre-sunderland-le-premier-xi-de-roberto-de-zerbi-revele-alors-que-lucas-bergvall-debute\/","url":"https:\/\/footdavant.fr\/actualites\/tottenham-a-confirme-sa-composition-contre-sunderland-le-premier-xi-de-roberto-de-zerbi-revele-alors-que-lucas-bergvall-debute\/","name":"Tottenham a confirm\u00e9 sa composition contre Sunderland\u00a0: le premier XI de Roberto De Zerbi r\u00e9v\u00e9l\u00e9 alors que Lucas Bergvall d\u00e9bute","isPartOf":{"@id":"https:\/\/footdavant.fr\/actualites\/#website"},"datePublished":"2026-04-17T08:48:02+00:00","dateModified":"2026-04-17T08:48:03+00:00","breadcrumb":{"@id":"https:\/\/footdavant.fr\/actualites\/tottenham-a-confirme-sa-composition-contre-sunderland-le-premier-xi-de-roberto-de-zerbi-revele-alors-que-lucas-bergvall-debute\/#breadcrumb"},"inLanguage":"fr-FR","potentialAction":[{"@type":"ReadAction","target":["https:\/\/footdavant.fr\/actualites\/tottenham-a-confirme-sa-composition-contre-sunderland-le-premier-xi-de-roberto-de-zerbi-revele-alors-que-lucas-bergvall-debute\/"]}]},{"@type":"BreadcrumbList","@id":"https:\/\/footdavant.fr\/actualites\/tottenham-a-confirme-sa-composition-contre-sunderland-le-premier-xi-de-roberto-de-zerbi-revele-alors-que-lucas-bergvall-debute\/#breadcrumb","itemListElement":[{"@type":"ListItem","position":1,"name":"Accueil","item":"https:\/\/footdavant.fr\/actualites\/"},{"@type":"ListItem","position":2,"name":"Tottenham a confirm\u00e9 sa composition contre Sunderland\u00a0: le premier XI de Roberto De Zerbi r\u00e9v\u00e9l\u00e9 alors que Lucas Bergvall d\u00e9bute"}]},{"@type":"WebSite","@id":"https:\/\/footdavant.fr\/actualites\/#website","url":"https:\/\/footdavant.fr\/actualites\/","name":"Foot d'avant","description":"","publisher":{"@id":"https:\/\/footdavant.fr\/actualites\/#organization"},"potentialAction":[{"@type":"SearchAction","target":{"@type":"EntryPoint","urlTemplate":"https:\/\/footdavant.fr\/actualites\/?s={search_term_string}"},"query-input":"required name=search_term_string"}],"inLanguage":"fr-FR"},{"@type":"Organization","@id":"https:\/\/footdavant.fr\/actualites\/#organization","name":"Foot d'avant","url":"https:\/\/footdavant.fr\/actualites\/","logo":{"@type":"ImageObject","inLanguage":"fr-FR","@id":"https:\/\/footdavant.fr\/actualites\/#\/schema\/logo\/image\/","url":"https:\/\/footdavant.fr\/actualites\/wp-content\/uploads\/2023\/09\/Copy-of-FootDavant-Logo.png","contentUrl":"https:\/\/footdavant.fr\/actualites\/wp-content\/uploads\/2023\/09\/Copy-of-FootDavant-Logo.png","width":936,"height":549,"caption":"Foot d'avant"},"image":{"@id":"https:\/\/footdavant.fr\/actualites\/#\/schema\/logo\/image\/"},"sameAs":["https:\/\/www.facebook.com\/Footdavant\/","https:\/\/twitter.com\/FootdavantFr","https:\/\/www.instagram.com\/footdavant.fr\/"]},{"@type":"Person","@id":"https:\/\/footdavant.fr\/actualites\/#\/schema\/person\/bc222566d95871b37e597b3ed3ba5e1d","name":"Cl\u00e9ment","image":{"@type":"ImageObject","inLanguage":"fr-FR","@id":"https:\/\/footdavant.fr\/actualites\/#\/schema\/person\/image\/","url":"https:\/\/secure.gravatar.com\/avatar\/7728b29aac2719421e1a9159b2254c44?s=96&d=mm&r=g","contentUrl":"https:\/\/secure.gravatar.com\/avatar\/7728b29aac2719421e1a9159b2254c44?s=96&d=mm&r=g","caption":"Cl\u00e9ment"},"sameAs":["https:\/\/footdavant.fr\/"]}]}},"_links":{"self":[{"href":"https:\/\/footdavant.fr\/actualites\/wp-json\/wp\/v2\/posts\/36546"}],"collection":[{"href":"https:\/\/footdavant.fr\/actualites\/wp-json\/wp\/v2\/posts"}],"about":[{"href":"https:\/\/footdavant.fr\/actualites\/wp-json\/wp\/v2\/types\/post"}],"author":[{"embeddable":true,"href":"https:\/\/footdavant.fr\/actualites\/wp-json\/wp\/v2\/users\/1"}],"replies":[{"embeddable":true,"href":"https:\/\/footdavant.fr\/actualites\/wp-json\/wp\/v2\/comments?post=36546"}],"version-history":[{"count":1,"href":"https:\/\/footdavant.fr\/actualites\/wp-json\/wp\/v2\/posts\/36546\/revisions"}],"predecessor-version":[{"id":36547,"href":"https:\/\/footdavant.fr\/actualites\/wp-json\/wp\/v2\/posts\/36546\/revisions\/36547"}],"wp:featuredmedia":[{"embeddable":true,"href":"https:\/\/footdavant.fr\/actualites\/wp-json\/wp\/v2\/media\/33370"}],"wp:attachment":[{"href":"https:\/\/footdavant.fr\/actualites\/wp-json\/wp\/v2\/media?parent=36546"}],"wp:term":[{"taxonomy":"category","embeddable":true,"href":"https:\/\/footdavant.fr\/actualites\/wp-json\/wp\/v2\/categories?post=36546"},{"taxonomy":"post_tag","embeddable":true,"href":"https:\/\/footdavant.fr\/actualites\/wp-json\/wp\/v2\/tags?post=36546"}],"curies":[{"name":"wp","href":"https:\/\/api.w.org\/{rel}","templated":true}]}}