{"id":36548,"date":"2026-04-17T12:48:06","date_gmt":"2026-04-17T10:48:06","guid":{"rendered":"https:\/\/footdavant.fr\/actualites\/lavenir-de-chelsea-semble-sombre-apres-le-badinage-de-madrid\/"},"modified":"2026-04-17T12:48:09","modified_gmt":"2026-04-17T10:48:09","slug":"lavenir-de-chelsea-semble-sombre-apres-le-badinage-de-madrid","status":"publish","type":"post","link":"https:\/\/footdavant.fr\/actualites\/lavenir-de-chelsea-semble-sombre-apres-le-badinage-de-madrid\/","title":{"rendered":"L\u2019avenir de Chelsea semble sombre apr\u00e8s le badinage de Madrid \u2013"},"content":{"rendered":"<div>\n<p><span style=\"font-weight: 400\">La r\u00e9cente fureur autour d&#39;Enzo Fernandez \u00e9tait sans aucun doute une distraction malvenue \u00e0 une \u00e9tape critique de la saison 2025\/26 de Chelsea.<\/span><\/p>\n<p><span style=\"font-weight: 400\">Au milieu de quoi <\/span><span style=\"font-weight: 400\">a \u00e9t\u00e9 <\/span><span style=\"font-weight: 400\">d\u00e9crit comme un <\/span><span style=\"font-weight: 400\">Une ann\u00e9e \u00ab d\u00e9cisive \u00bb pour Chelsea<\/span><span style=\"font-weight: 400\">la controverse inutile aurait facilement pu \u00eatre \u00e9vit\u00e9e.<\/span><\/p>\n<p><span style=\"font-weight: 400\">Le club a suspendu le milieu de terrain argentin pour deux matches apr\u00e8s avoir d\u00e9clar\u00e9 qu&#39;il appr\u00e9cierait l&#39;opportunit\u00e9 de vivre \u00e0 Madrid \u00e0 l&#39;avenir.<\/span><\/p>\n<p><span style=\"font-weight: 400\">Les commentaires de Fernandez ont d\u00e9clench\u00e9 des rumeurs selon lesquelles il envisageait un transfert estival au Real Madrid, et le manager de Chelsea, Liam Rosenior, a b\u00eatement d\u00e9cid\u00e9 qu&#39;il devait prendre position.<\/span><\/p>\n<p><span style=\"font-weight: 400\">Son agent Javier Pastore a ensuite qualifi\u00e9 la sanction de \u00ab compl\u00e8tement injuste \u00bb. Il a affirm\u00e9 que Fernandez r\u00e9pondait simplement \u00e0 une question sur l&#39;endroit o\u00f9 il aimerait vivre.<\/span><\/p>\n<p><span style=\"font-weight: 400\">La nouvelle que <\/span><span style=\"font-weight: 400\">Fernadez et son agent se sont excus\u00e9s aupr\u00e8s de Chelsea<\/span><span style=\"font-weight: 400\">  n\u2019a pas fait grand-chose pour d\u00e9samorcer une situation qui risque de r\u00e9appara\u00eetre \u00e0 la fin de la saison.<\/span><\/p>\n<p><span style=\"font-weight: 400\">Continuez \u00e0 lire pendant que nous examinons les retomb\u00e9es des commentaires de Fernandez et \u00e9valuons ce que cela signifie pour son avenir \u00e0 long terme \u00e0 Stamford Bridge.<\/span><\/p>\n<p><b>Le patron de Chelsea fait une montagne d&#39;une taupini\u00e8re<\/b><\/p>\n<p><span style=\"font-weight: 400\">Chelsea a pris l\u2019habitude de se tirer une balle dans le pied ces derni\u00e8res ann\u00e9es. La nomination de Liam Rosenior comme manager en est un parfait exemple.<\/span><\/p>\n<p><span style=\"font-weight: 400\">Il n&#39;y avait rien dans son CV de manager qui sugg\u00e9rait qu&#39;il \u00e9tait l&#39;homme id\u00e9al pour remplacer Enzo Maresca et les performances sous ses ordres l&#39;ont martel\u00e9.<\/span><\/p>\n<p><span style=\"font-weight: 400\">Sa d\u00e9cision de suspendre Fernandez pour deux matchs portait toutes les caract\u00e9ristiques de quelqu\u2019un qui cherchait d\u00e9sesp\u00e9r\u00e9ment \u00e0 prouver son point de vue au reste de l\u2019\u00e9quipe et au monde du football au sens large.<\/span><\/p>\n<p><span style=\"font-weight: 400\">Cependant, en faisant une montagne d&#39;une taupini\u00e8re, l&#39;entra\u00eeneur de Chelsea a attir\u00e9 une attention ind\u00e9sirable sur le club et a potentiellement entrav\u00e9 ses espoirs de qualification en Ligue des champions. <\/span><\/p>\n<p><span style=\"font-weight: 400\">Les tentatives de Rosenior pour justifier la suspension donnent l&#39;impression d&#39;\u00eatre un individu qui a pass\u00e9 beaucoup trop de temps \u00e0 lire les manuels de gestion de l&#39;entreprise.<\/span><\/p>\n<p><span style=\"font-weight: 400\">\u00ab J&#39;ai h\u00e2te de le revoir la semaine prochaine. \u00bb <\/span><span style=\"font-weight: 400\">il a dit<\/span><span style=\"font-weight: 400\">. \u00ab Parfois, vous prenez des d\u00e9cisions non pas en fonction du court terme, mais en fonction de ce que vous souhaitez voir \u00e0 long terme.<\/span><\/p>\n<p><span style=\"font-weight: 400\">\u00ab\u00a0C&#39;\u00e9tait une d\u00e9cision \u00e0 long terme prise par moi-m\u00eame, les dirigeants et le club, aux c\u00f4t\u00e9s du groupe de dirigeants des joueurs, pour nous assurer que nos valeurs et notre culture sont au bon endroit pour l&#39;avenir.\u00a0\u00bb<\/span><\/p>\n<p><b>Les commentaires \u00ab \u00e0 long terme \u00bb sont risibles<\/b><\/p>\n<p><span style=\"font-weight: 400\">Les commentaires du manager de Chelsea sur la prise d&#39;une \u00ab\u00a0d\u00e9cision \u00e0 long terme\u00a0\u00bb bas\u00e9e sur \u00ab\u00a0nos valeurs et notre culture\u00a0\u00bb ne peuvent \u00eatre d\u00e9crits que comme risibles.<\/span><\/p>\n<p><span style=\"font-weight: 400\">Les Blues ont entam\u00e9 leur match \u00e0 domicile contre Manchester City dimanche sixi\u00e8me du classement. Une victoire les aurait rapproch\u00e9s \u00e0 un point de la cinqui\u00e8me place.<\/span><\/p>\n<p><span style=\"font-weight: 400\">Apr\u00e8s avoir perdu ses deux pr\u00e9c\u00e9dents matches de championnat, Chelsea avait d\u00e9sesp\u00e9r\u00e9ment besoin de rebondir sur le chemin de la victoire. Sur cette base, interdire Fernandez n\u2019\u00e9tait pas la meilleure id\u00e9e que l\u2019on ait jamais eue.<\/span><\/p>\n<p><span style=\"font-weight: 400\">Rosenior aurait d\u00fb se concentrer fermement sur le pr\u00e9sent plut\u00f4t que sur les questions \u00ab \u00e0 long terme \u00bb. Axer Fernandez pourrait finalement an\u00e9antir les espoirs de Chelsea de se qualifier pour la Ligue des champions.<\/span><\/p>\n<p><span style=\"font-weight: 400\">Du point de vue de l&#39;entra\u00eeneur, il est peu probable qu&#39;il ait un avenir \u00e0 long terme au club si les Bleus ratent la Ligue des champions.<\/span><\/p>\n<p><span style=\"font-weight: 400\">Compte tenu des performances de l&#39;\u00e9quipe depuis qu&#39;il a pris les commandes, il ne pouvait pas se permettre de laisser Fernandez sur la touche contre Man City.<\/span><\/p>\n<p><span style=\"font-weight: 400\">\u00c0 une \u00e9poque o\u00f9 le bon sens aurait d\u00fb pr\u00e9valoir, Rosenior n\u2019en a fait preuve aucun. Les cons\u00e9quences de cette d\u00e9cision extr\u00eamement discutable pourraient \u00eatre sismiques.<\/span><\/p>\n<p><b>Rosenior a commenc\u00e9 un combat qu&#39;il ne peut pas gagner<\/b><\/p>\n<p><span style=\"font-weight: 400\">Fernandez sera disponible pour la s\u00e9lection lorsque Chelsea affrontera Manchester United \u00e0 Stamford Bridge samedi.<\/span><\/p>\n<p><span style=\"font-weight: 400\">Ce serait une surprise majeure s&#39;il n&#39;\u00e9tait pas r\u00e9int\u00e9gr\u00e9 dans le onze de d\u00e9part, d&#39;autant plus que le milieu de terrain de Chelsea avait l&#39;air absolument lamentable sans lui contre Man City.<\/span><\/p>\n<p><span style=\"font-weight: 400\">Fernandez aura h\u00e2te de prouver quelque chose ce week-end, ce qui pourrait aider les Blues \u00e0 mettre fin \u00e0 leur r\u00e9cente s\u00e9quence de d\u00e9faites en Premier League.<\/span><\/p>\n<p><span style=\"font-weight: 400\">Cependant, il se sentira sans aucun doute l\u00e9s\u00e9 par la suspension du club. Les excuses qu\u2019il a pr\u00e9sent\u00e9es auront probablement \u00e9t\u00e9 pr\u00e9sent\u00e9es en serrant les dents.<\/span><\/p>\n<p><span style=\"font-weight: 400\">Rosenior a effectivement entam\u00e9 un combat qu\u2019il ne peut pas gagner. Il a <\/span><span style=\"font-weight: 400\">puni publiquement un acteur cl\u00e9<\/span><span style=\"font-weight: 400\">  pour des commentaires plut\u00f4t que de traiter la question \u00e0 huis clos.<\/span><\/p>\n<p><span style=\"font-weight: 400\">Fernandez a clairement indiqu\u00e9 qu&#39;il aimerait vivre \u00e0 Madrid, et ce d\u00e9sir aura \u00e9t\u00e9 acc\u00e9l\u00e9r\u00e9 par les d\u00e9veloppements de ces derni\u00e8res semaines.<\/span><\/p>\n<p><span style=\"font-weight: 400\">Chelsea est d\u00e9sormais confront\u00e9 \u00e0 la r\u00e9elle perspective de perdre l\u2019un de ses meilleurs joueurs \u00e0 un moment o\u00f9 ils ne peuvent pas se permettre que cela se produise.  <\/span><\/p>\n<p><span style=\"font-weight: 400\">En ce qui concerne la r\u00e9flexion \u00e0 \u00ab long terme \u00bb, Rosenior et la hi\u00e9rarchie du club font preuve d\u2019une vision assez myope.<\/span><\/p>\n<\/p><\/div>\n","protected":false},"excerpt":{"rendered":"<p>La r\u00e9cente fureur autour d&#39;Enzo Fernandez \u00e9tait sans aucun doute une distraction malvenue \u00e0 une \u00e9tape critique de la saison 2025\/26 de Chelsea. Au milieu<\/p>\n","protected":false},"author":1,"featured_media":36549,"comment_status":"closed","ping_status":"","sticky":false,"template":"","format":"standard","meta":{"footnotes":""},"categories":[3],"tags":[25,11843,171,307,303,2862,7018],"yoast_head":"<!-- This site is optimized with the Yoast SEO plugin v21.0 - https:\/\/yoast.com\/wordpress\/plugins\/seo\/ -->\n<title>L\u2019avenir de Chelsea semble sombre apr\u00e8s le badinage de Madrid \u2013<\/title>\n<meta name=\"robots\" content=\"index, follow, max-snippet:-1, max-image-preview:large, max-video-preview:-1\" \/>\n<link rel=\"canonical\" href=\"https:\/\/footdavant.fr\/actualites\/lavenir-de-chelsea-semble-sombre-apres-le-badinage-de-madrid\/\" \/>\n<meta property=\"og:locale\" content=\"fr_FR\" \/>\n<meta property=\"og:type\" content=\"article\" \/>\n<meta property=\"og:title\" content=\"L\u2019avenir de Chelsea semble sombre apr\u00e8s le badinage de Madrid \u2013\" \/>\n<meta property=\"og:description\" content=\"La r\u00e9cente fureur autour d&#039;Enzo Fernandez \u00e9tait sans aucun doute une distraction malvenue \u00e0 une \u00e9tape critique de la saison 2025\/26 de Chelsea. Au milieu\" \/>\n<meta property=\"og:url\" content=\"https:\/\/footdavant.fr\/actualites\/lavenir-de-chelsea-semble-sombre-apres-le-badinage-de-madrid\/\" \/>\n<meta property=\"og:site_name\" content=\"Foot d&#039;avant\" \/>\n<meta property=\"article:publisher\" content=\"https:\/\/www.facebook.com\/Footdavant\/\" \/>\n<meta property=\"article:published_time\" content=\"2026-04-17T10:48:06+00:00\" \/>\n<meta property=\"article:modified_time\" content=\"2026-04-17T10:48:09+00:00\" \/>\n<meta property=\"og:image\" content=\"https:\/\/footdavant.fr\/actualites\/wp-content\/uploads\/2026\/04\/Lavenir-de-Chelsea-semble-sombre-apres-le-badinage-de-Madrid.jpg\" \/>\n\t<meta property=\"og:image:width\" content=\"2560\" \/>\n\t<meta property=\"og:image:height\" content=\"1706\" \/>\n\t<meta property=\"og:image:type\" content=\"image\/jpeg\" \/>\n<meta name=\"author\" content=\"Cl\u00e9ment\" \/>\n<meta name=\"twitter:card\" content=\"summary_large_image\" \/>\n<meta name=\"twitter:creator\" content=\"@FootdavantFr\" \/>\n<meta name=\"twitter:site\" content=\"@FootdavantFr\" \/>\n<meta name=\"twitter:label1\" content=\"\u00c9crit par\" \/>\n\t<meta name=\"twitter:data1\" content=\"Cl\u00e9ment\" \/>\n\t<meta name=\"twitter:label2\" content=\"Dur\u00e9e de lecture estim\u00e9e\" \/>\n\t<meta name=\"twitter:data2\" content=\"5 minutes\" \/>\n<script type=\"application\/ld+json\" class=\"yoast-schema-graph\">{\"@context\":\"https:\/\/schema.org\",\"@graph\":[{\"@type\":\"Article\",\"@id\":\"https:\/\/footdavant.fr\/actualites\/lavenir-de-chelsea-semble-sombre-apres-le-badinage-de-madrid\/#article\",\"isPartOf\":{\"@id\":\"https:\/\/footdavant.fr\/actualites\/lavenir-de-chelsea-semble-sombre-apres-le-badinage-de-madrid\/\"},\"author\":{\"name\":\"Cl\u00e9ment\",\"@id\":\"https:\/\/footdavant.fr\/actualites\/#\/schema\/person\/bc222566d95871b37e597b3ed3ba5e1d\"},\"headline\":\"L\u2019avenir de Chelsea semble sombre apr\u00e8s le badinage de Madrid \u2013\",\"datePublished\":\"2026-04-17T10:48:06+00:00\",\"dateModified\":\"2026-04-17T10:48:09+00:00\",\"mainEntityOfPage\":{\"@id\":\"https:\/\/footdavant.fr\/actualites\/lavenir-de-chelsea-semble-sombre-apres-le-badinage-de-madrid\/\"},\"wordCount\":947,\"publisher\":{\"@id\":\"https:\/\/footdavant.fr\/actualites\/#organization\"},\"keywords\":[\"apr\u00e8s\",\"badinage\",\"Chelsea\",\"lavenir\",\"Madrid\",\"semble\",\"sombre\"],\"articleSection\":[\"Football\"],\"inLanguage\":\"fr-FR\"},{\"@type\":\"WebPage\",\"@id\":\"https:\/\/footdavant.fr\/actualites\/lavenir-de-chelsea-semble-sombre-apres-le-badinage-de-madrid\/\",\"url\":\"https:\/\/footdavant.fr\/actualites\/lavenir-de-chelsea-semble-sombre-apres-le-badinage-de-madrid\/\",\"name\":\"L\u2019avenir de Chelsea semble sombre apr\u00e8s le badinage de Madrid \u2013\",\"isPartOf\":{\"@id\":\"https:\/\/footdavant.fr\/actualites\/#website\"},\"datePublished\":\"2026-04-17T10:48:06+00:00\",\"dateModified\":\"2026-04-17T10:48:09+00:00\",\"breadcrumb\":{\"@id\":\"https:\/\/footdavant.fr\/actualites\/lavenir-de-chelsea-semble-sombre-apres-le-badinage-de-madrid\/#breadcrumb\"},\"inLanguage\":\"fr-FR\",\"potentialAction\":[{\"@type\":\"ReadAction\",\"target\":[\"https:\/\/footdavant.fr\/actualites\/lavenir-de-chelsea-semble-sombre-apres-le-badinage-de-madrid\/\"]}]},{\"@type\":\"BreadcrumbList\",\"@id\":\"https:\/\/footdavant.fr\/actualites\/lavenir-de-chelsea-semble-sombre-apres-le-badinage-de-madrid\/#breadcrumb\",\"itemListElement\":[{\"@type\":\"ListItem\",\"position\":1,\"name\":\"Accueil\",\"item\":\"https:\/\/footdavant.fr\/actualites\/\"},{\"@type\":\"ListItem\",\"position\":2,\"name\":\"L\u2019avenir de Chelsea semble sombre apr\u00e8s le badinage de Madrid \u2013\"}]},{\"@type\":\"WebSite\",\"@id\":\"https:\/\/footdavant.fr\/actualites\/#website\",\"url\":\"https:\/\/footdavant.fr\/actualites\/\",\"name\":\"Foot d'avant\",\"description\":\"\",\"publisher\":{\"@id\":\"https:\/\/footdavant.fr\/actualites\/#organization\"},\"potentialAction\":[{\"@type\":\"SearchAction\",\"target\":{\"@type\":\"EntryPoint\",\"urlTemplate\":\"https:\/\/footdavant.fr\/actualites\/?s={search_term_string}\"},\"query-input\":\"required name=search_term_string\"}],\"inLanguage\":\"fr-FR\"},{\"@type\":\"Organization\",\"@id\":\"https:\/\/footdavant.fr\/actualites\/#organization\",\"name\":\"Foot d'avant\",\"url\":\"https:\/\/footdavant.fr\/actualites\/\",\"logo\":{\"@type\":\"ImageObject\",\"inLanguage\":\"fr-FR\",\"@id\":\"https:\/\/footdavant.fr\/actualites\/#\/schema\/logo\/image\/\",\"url\":\"https:\/\/footdavant.fr\/actualites\/wp-content\/uploads\/2023\/09\/Copy-of-FootDavant-Logo.png\",\"contentUrl\":\"https:\/\/footdavant.fr\/actualites\/wp-content\/uploads\/2023\/09\/Copy-of-FootDavant-Logo.png\",\"width\":936,\"height\":549,\"caption\":\"Foot d'avant\"},\"image\":{\"@id\":\"https:\/\/footdavant.fr\/actualites\/#\/schema\/logo\/image\/\"},\"sameAs\":[\"https:\/\/www.facebook.com\/Footdavant\/\",\"https:\/\/twitter.com\/FootdavantFr\",\"https:\/\/www.instagram.com\/footdavant.fr\/\"]},{\"@type\":\"Person\",\"@id\":\"https:\/\/footdavant.fr\/actualites\/#\/schema\/person\/bc222566d95871b37e597b3ed3ba5e1d\",\"name\":\"Cl\u00e9ment\",\"image\":{\"@type\":\"ImageObject\",\"inLanguage\":\"fr-FR\",\"@id\":\"https:\/\/footdavant.fr\/actualites\/#\/schema\/person\/image\/\",\"url\":\"https:\/\/secure.gravatar.com\/avatar\/7728b29aac2719421e1a9159b2254c44?s=96&d=mm&r=g\",\"contentUrl\":\"https:\/\/secure.gravatar.com\/avatar\/7728b29aac2719421e1a9159b2254c44?s=96&d=mm&r=g\",\"caption\":\"Cl\u00e9ment\"},\"sameAs\":[\"https:\/\/footdavant.fr\/\"]}]}<\/script>\n<!-- \/ Yoast SEO plugin. -->","yoast_head_json":{"title":"L\u2019avenir de Chelsea semble sombre apr\u00e8s le badinage de Madrid \u2013","robots":{"index":"index","follow":"follow","max-snippet":"max-snippet:-1","max-image-preview":"max-image-preview:large","max-video-preview":"max-video-preview:-1"},"canonical":"https:\/\/footdavant.fr\/actualites\/lavenir-de-chelsea-semble-sombre-apres-le-badinage-de-madrid\/","og_locale":"fr_FR","og_type":"article","og_title":"L\u2019avenir de Chelsea semble sombre apr\u00e8s le badinage de Madrid \u2013","og_description":"La r\u00e9cente fureur autour d&#39;Enzo Fernandez \u00e9tait sans aucun doute une distraction malvenue \u00e0 une \u00e9tape critique de la saison 2025\/26 de Chelsea. Au milieu","og_url":"https:\/\/footdavant.fr\/actualites\/lavenir-de-chelsea-semble-sombre-apres-le-badinage-de-madrid\/","og_site_name":"Foot d&#039;avant","article_publisher":"https:\/\/www.facebook.com\/Footdavant\/","article_published_time":"2026-04-17T10:48:06+00:00","article_modified_time":"2026-04-17T10:48:09+00:00","og_image":[{"width":2560,"height":1706,"url":"https:\/\/footdavant.fr\/actualites\/wp-content\/uploads\/2026\/04\/Lavenir-de-Chelsea-semble-sombre-apres-le-badinage-de-Madrid.jpg","type":"image\/jpeg"}],"author":"Cl\u00e9ment","twitter_card":"summary_large_image","twitter_creator":"@FootdavantFr","twitter_site":"@FootdavantFr","twitter_misc":{"\u00c9crit par":"Cl\u00e9ment","Dur\u00e9e de lecture estim\u00e9e":"5 minutes"},"schema":{"@context":"https:\/\/schema.org","@graph":[{"@type":"Article","@id":"https:\/\/footdavant.fr\/actualites\/lavenir-de-chelsea-semble-sombre-apres-le-badinage-de-madrid\/#article","isPartOf":{"@id":"https:\/\/footdavant.fr\/actualites\/lavenir-de-chelsea-semble-sombre-apres-le-badinage-de-madrid\/"},"author":{"name":"Cl\u00e9ment","@id":"https:\/\/footdavant.fr\/actualites\/#\/schema\/person\/bc222566d95871b37e597b3ed3ba5e1d"},"headline":"L\u2019avenir de Chelsea semble sombre apr\u00e8s le badinage de Madrid \u2013","datePublished":"2026-04-17T10:48:06+00:00","dateModified":"2026-04-17T10:48:09+00:00","mainEntityOfPage":{"@id":"https:\/\/footdavant.fr\/actualites\/lavenir-de-chelsea-semble-sombre-apres-le-badinage-de-madrid\/"},"wordCount":947,"publisher":{"@id":"https:\/\/footdavant.fr\/actualites\/#organization"},"keywords":["apr\u00e8s","badinage","Chelsea","lavenir","Madrid","semble","sombre"],"articleSection":["Football"],"inLanguage":"fr-FR"},{"@type":"WebPage","@id":"https:\/\/footdavant.fr\/actualites\/lavenir-de-chelsea-semble-sombre-apres-le-badinage-de-madrid\/","url":"https:\/\/footdavant.fr\/actualites\/lavenir-de-chelsea-semble-sombre-apres-le-badinage-de-madrid\/","name":"L\u2019avenir de Chelsea semble sombre apr\u00e8s le badinage de Madrid \u2013","isPartOf":{"@id":"https:\/\/footdavant.fr\/actualites\/#website"},"datePublished":"2026-04-17T10:48:06+00:00","dateModified":"2026-04-17T10:48:09+00:00","breadcrumb":{"@id":"https:\/\/footdavant.fr\/actualites\/lavenir-de-chelsea-semble-sombre-apres-le-badinage-de-madrid\/#breadcrumb"},"inLanguage":"fr-FR","potentialAction":[{"@type":"ReadAction","target":["https:\/\/footdavant.fr\/actualites\/lavenir-de-chelsea-semble-sombre-apres-le-badinage-de-madrid\/"]}]},{"@type":"BreadcrumbList","@id":"https:\/\/footdavant.fr\/actualites\/lavenir-de-chelsea-semble-sombre-apres-le-badinage-de-madrid\/#breadcrumb","itemListElement":[{"@type":"ListItem","position":1,"name":"Accueil","item":"https:\/\/footdavant.fr\/actualites\/"},{"@type":"ListItem","position":2,"name":"L\u2019avenir de Chelsea semble sombre apr\u00e8s le badinage de Madrid \u2013"}]},{"@type":"WebSite","@id":"https:\/\/footdavant.fr\/actualites\/#website","url":"https:\/\/footdavant.fr\/actualites\/","name":"Foot d'avant","description":"","publisher":{"@id":"https:\/\/footdavant.fr\/actualites\/#organization"},"potentialAction":[{"@type":"SearchAction","target":{"@type":"EntryPoint","urlTemplate":"https:\/\/footdavant.fr\/actualites\/?s={search_term_string}"},"query-input":"required name=search_term_string"}],"inLanguage":"fr-FR"},{"@type":"Organization","@id":"https:\/\/footdavant.fr\/actualites\/#organization","name":"Foot d'avant","url":"https:\/\/footdavant.fr\/actualites\/","logo":{"@type":"ImageObject","inLanguage":"fr-FR","@id":"https:\/\/footdavant.fr\/actualites\/#\/schema\/logo\/image\/","url":"https:\/\/footdavant.fr\/actualites\/wp-content\/uploads\/2023\/09\/Copy-of-FootDavant-Logo.png","contentUrl":"https:\/\/footdavant.fr\/actualites\/wp-content\/uploads\/2023\/09\/Copy-of-FootDavant-Logo.png","width":936,"height":549,"caption":"Foot d'avant"},"image":{"@id":"https:\/\/footdavant.fr\/actualites\/#\/schema\/logo\/image\/"},"sameAs":["https:\/\/www.facebook.com\/Footdavant\/","https:\/\/twitter.com\/FootdavantFr","https:\/\/www.instagram.com\/footdavant.fr\/"]},{"@type":"Person","@id":"https:\/\/footdavant.fr\/actualites\/#\/schema\/person\/bc222566d95871b37e597b3ed3ba5e1d","name":"Cl\u00e9ment","image":{"@type":"ImageObject","inLanguage":"fr-FR","@id":"https:\/\/footdavant.fr\/actualites\/#\/schema\/person\/image\/","url":"https:\/\/secure.gravatar.com\/avatar\/7728b29aac2719421e1a9159b2254c44?s=96&d=mm&r=g","contentUrl":"https:\/\/secure.gravatar.com\/avatar\/7728b29aac2719421e1a9159b2254c44?s=96&d=mm&r=g","caption":"Cl\u00e9ment"},"sameAs":["https:\/\/footdavant.fr\/"]}]}},"_links":{"self":[{"href":"https:\/\/footdavant.fr\/actualites\/wp-json\/wp\/v2\/posts\/36548"}],"collection":[{"href":"https:\/\/footdavant.fr\/actualites\/wp-json\/wp\/v2\/posts"}],"about":[{"href":"https:\/\/footdavant.fr\/actualites\/wp-json\/wp\/v2\/types\/post"}],"author":[{"embeddable":true,"href":"https:\/\/footdavant.fr\/actualites\/wp-json\/wp\/v2\/users\/1"}],"replies":[{"embeddable":true,"href":"https:\/\/footdavant.fr\/actualites\/wp-json\/wp\/v2\/comments?post=36548"}],"version-history":[{"count":1,"href":"https:\/\/footdavant.fr\/actualites\/wp-json\/wp\/v2\/posts\/36548\/revisions"}],"predecessor-version":[{"id":36550,"href":"https:\/\/footdavant.fr\/actualites\/wp-json\/wp\/v2\/posts\/36548\/revisions\/36550"}],"wp:featuredmedia":[{"embeddable":true,"href":"https:\/\/footdavant.fr\/actualites\/wp-json\/wp\/v2\/media\/36549"}],"wp:attachment":[{"href":"https:\/\/footdavant.fr\/actualites\/wp-json\/wp\/v2\/media?parent=36548"}],"wp:term":[{"taxonomy":"category","embeddable":true,"href":"https:\/\/footdavant.fr\/actualites\/wp-json\/wp\/v2\/categories?post=36548"},{"taxonomy":"post_tag","embeddable":true,"href":"https:\/\/footdavant.fr\/actualites\/wp-json\/wp\/v2\/tags?post=36548"}],"curies":[{"name":"wp","href":"https:\/\/api.w.org\/{rel}","templated":true}]}}