{"id":36554,"date":"2026-04-17T16:48:17","date_gmt":"2026-04-17T14:48:17","guid":{"rendered":"https:\/\/footdavant.fr\/actualites\/sur-alex-manninger-un-blog-darsenal\/"},"modified":"2026-04-17T16:48:19","modified_gmt":"2026-04-17T14:48:19","slug":"sur-alex-manninger-un-blog-darsenal","status":"publish","type":"post","link":"https:\/\/footdavant.fr\/actualites\/sur-alex-manninger-un-blog-darsenal\/","title":{"rendered":"Sur Alex Manninger |  &#8230;un blog d&#39;Arsenal"},"content":{"rendered":"<div>\n<p>Matin.<\/p>\n<p>J&#39;esp\u00e8re que vous allez bien ce vendredi. Je ne sais pas vraiment par o\u00f9 commencer, pour \u00eatre honn\u00eate. J&#39;ai fait autant d&#39;introspection que possible sur le jeu du Sporting. Nous avons gagn\u00e9. Nous avons fini. C&#39;est la chose la plus importante. Et je ne peux tout simplement pas me r\u00e9soudre \u00e0 \u00e9crire davantage sur la fa\u00e7on dont nous jouons et ce que je ressens \u00e0 ce sujet. Et puis parfois, l\u2019univers vous donne une grosse claque de perspective. C&#39;est ce que nous avons appris hier avec la nouvelle du d\u00e9c\u00e8s d&#39;Alex Manninger.<\/p>\n<p>Pour ceux d\u2019un certain mill\u00e9sime, cela r\u00e9sonnera. Sa contribution \u00e0 cette double saison 1997-98 a \u00e9t\u00e9 incroyable. Arsenal avait connu des difficult\u00e9s tout au long de l&#39;hiver, la forme \u00e9tait in\u00e9gale et c&#39;est en d\u00e9cembre, apr\u00e8s la d\u00e9faite contre Blackburn, qu&#39;a eu lieu la fameuse\/inf\u00e2me r\u00e9union d&#39;\u00e9quipe. Des mots forts et des v\u00e9rit\u00e9s locales ont \u00e9t\u00e9 prononc\u00e9s, et le seul match que nous avons perdu apr\u00e8s ce moment et d\u00e9croch\u00e9 le titre d\u00e9but mai a \u00e9t\u00e9 un match nul en Coupe de la Ligue \u00e0 Stamford Bridge o\u00f9 Patrick Vieira a \u00e9t\u00e9 expuls\u00e9 et nous avons d\u00fb jouer avec 10 hommes.<\/p>\n<p>Cette question : \u00ab Si vous aviez une machine \u00e0 voyager dans le temps et que vous pouviez revenir en arri\u00e8re pour \u00eatre t\u00e9moin de n&#39;importe quel moment de l&#39;histoire, que serait-ce ? \u00bb, m&#39;a souvent fait penser \u00e0 cette r\u00e9union et \u00e0 la question de savoir si je pourrais \u00eatre une mouche sur le mur pendant qu&#39;ils y participaient tous. Maintenant, quand on pense aux forces de personnalit\u00e9 dans ce vestiaire, avec ce contingent anglais, Dennis Bergkamp, \u200b\u200bVieira et autres, \u00e7a a d\u00fb \u00eatre fougueux.<\/p>\n<p>Mais en janvier, David Seaman s&#39;est bless\u00e9 et Ars\u00e8ne Wenger a d\u00fb se tourner vers son gardien num\u00e9ro deux, un Autrichien de 20 ans qui avait sign\u00e9 en provenance du Grazer AK l&#39;\u00e9t\u00e9 pr\u00e9c\u00e9dent. C&#39;est assez dr\u00f4le comme les choses changent dans le football. Maintenant, nous nous inqui\u00e9tons d\u2019avoir un rempla\u00e7ant comp\u00e9tent pour notre gardien num\u00e9ro 1, et certains s\u2019inqui\u00e9teront de ce qui se passera si le rempla\u00e7ant et le premier choix sont \u00e9limin\u00e9s. \u00ab\u00a0Nous avons besoin d&#39;un num\u00e9ro 3 d\u00e9cent!\u00a0\u00bb.<\/p>\n<p>\u00c0 l\u2019\u00e9poque, c\u2019\u00e9tait une \u00e9poque plus simple. Tu viens d&#39;avoir un gar\u00e7on. Pensez \u00e0 la saison des Invincibles lorsque Graham Stack s&#39;est assis sur le banc 38 fois dans la ligue \u2013 il a continu\u00e9 \u00e0 avoir une solide carri\u00e8re de compagnon, mais la diff\u00e9rence entre lui et Jens a \u00e9t\u00e9 consid\u00e9rable. Et en Alex Manninger, Arsenal a eu un gar\u00e7on autrichien, qui a ensuite laiss\u00e9 une marque ind\u00e9l\u00e9bile dans l\u2019histoire de ce club.<\/p>\n<p>La blessure de Seaman, malgr\u00e9 une forme incertaine cette saison-l\u00e0, a \u00e9t\u00e9 un coup dur. Ce serait comme si David Raya se blessait maintenant et plut\u00f4t que de faire appel au gardien international extr\u00eamement exp\u00e9riment\u00e9 Kepa Arrizabalaga (pour le meilleur ou pour le pire !), Mikel Arteta devait se tourner vers Tommy Setford, un jeune joueur prometteur avec peu d&#39;exp\u00e9rience de haut niveau. Manninger avait disput\u00e9 quelques matchs de Coupe de la Ligue fin 1997, mais il s&#39;agissait d&#39;une \u00e9quipe qui cherchait Manchester United pour le titre, un prix que le club n&#39;avait pas remport\u00e9 depuis 1991. Parlez de pression.<\/p>\n<p>Il a gard\u00e9 sa cage inviol\u00e9e lors de sa premi\u00e8re apparition en Premier League, une victoire 3-0 \u00e0 domicile contre Southampton. \u00c0 ce moment-l\u00e0, nous avions 8 points de retard sur United avec un match en moins. Il y a eu une autre cage inviol\u00e9e \u00e0 domicile contre Chelsea, une autre \u00e0 domicile lors d&#39;une victoire 1-0 contre Crystal Palace, une autre \u00e0 l&#39;ext\u00e9rieur contre West Ham, puis le match r\u00e9organis\u00e9 contre Wimbledon apr\u00e8s le match abandonn\u00e9 en d\u00e9cembre parce que les projecteurs avaient \u00e9t\u00e9 falsifi\u00e9s par un \u00ab syndicat de paris d&#39;Extr\u00eame-Orient \u00bb. C&#39;est fou quand tu y penses maintenant, hein ?<\/p>\n<p>La victoire ce jour-l\u00e0 a de nouveau r\u00e9duit un \u00e9cart de 11 points \u00e0 8, qui est revenu \u00e0 9 apr\u00e8s que United ait fait match nul 1-1 contre West Ham. Cela a mis en place le d\u00e9sormais c\u00e9l\u00e8bre match d\u2019Old Trafford, les Gunners ayant encore beaucoup de terrain \u00e0 rattraper, mais avec trois matchs en main. Ce jour-l\u00e0 restera surtout dans les m\u00e9moires du but de Marc Overmars, de l&#39;ischio-jambier de Peter Schmeichel, du supporter d&#39;Arsenal devenu fou dans les tribunes alors qu&#39;il c\u00e9l\u00e9brait, et d&#39;une victoire qui signifiait qu&#39;il \u00e9tait entre nos mains de continuer et de remporter le championnat apr\u00e8s si longtemps.<\/p>\n<p>N&#39;oublions pas cependant notre gardien de but, qui a r\u00e9alis\u00e9 un tr\u00e8s bon arr\u00eat apr\u00e8s une erreur de Lee Dixon, qui a donn\u00e9 une tr\u00e8s bonne occasion \u00e0 Teddy Sheringham, entre autres, et il y en a eu une autre d&#39;Andy Cole qui a \u00e9galement \u00e9t\u00e9 vitale. Pour moi, il y avait juste quelque chose chez Manninger qui facilitait la connexion avec lui. Il \u00e9tait \u00e0 l&#39;oppos\u00e9 de David Seaman \u2013 \u00ab Safe Hands \u00bb, cool, calme, serein, exp\u00e9riment\u00e9.<\/p>\n<p>C&#39;\u00e9tait presque \u2013 et je le dis avec la plus sinc\u00e8re affection \u2013 comme jouer un chiot dans un but. Il y avait un enthousiasme contagieux quant \u00e0 la mani\u00e8re dont il accomplissait son travail. Il y avait des moments o\u00f9 vous le voyiez et pensiez : \u00ab Qu&#39;est-ce que vous faites l\u00e0-bas ?! \u00bb, mais vous ne pouviez pas vous emp\u00eacher de l&#39;aimer en m\u00eame temps. Il \u00e9tait difficile de r\u00e9sister \u00e0 son exub\u00e9rance juv\u00e9nile, \u00e0 sa volont\u00e9 de faire tout ce qu\u2019il fallait pour tenter d\u2019arr\u00eater un but, aussi peu conventionnel soit-il. Il a jou\u00e9 comme si l&#39;un de nous avait \u00e9t\u00e9 appel\u00e9 dans la foule et avait re\u00e7u le maillot (mais en bien mieux, \u00e9videmment).<\/p>\n<p>Finalement, Seaman est revenu alors que nous poursuivions notre qu\u00eate incessante vers le titre, et malgr\u00e9 les exploits de Manninger en quart de finale de la FA Cup contre West Ham, sauvant un penalty cl\u00e9 lors des tirs au but, c&#39;est le gardien num\u00e9ro un qui a jou\u00e9 la finale de la coupe. Il n\u2019y avait rien de tout cela : \u00ab Soyez gentil avec le num\u00e9ro 2 \u00bb \u00e0 l\u2019\u00e9poque. Nous avons gagn\u00e9 ce match 2-0, d\u00e9croch\u00e9 le doubl\u00e9, et bien que nous n&#39;ayons pas jou\u00e9 autant de matchs de Premier League que n\u00e9cessaire pour se qualifier pour une m\u00e9daille en raison des r\u00e8gles de l&#39;\u00e9poque, une dispense sp\u00e9ciale a \u00e9t\u00e9 re\u00e7ue pour qu&#39;il en re\u00e7oive \u00e0 juste titre une.<\/p>\n<p>Bien qu&#39;Alex ait fait une grande perc\u00e9e cette saison-l\u00e0, il n&#39;a jamais pu en faire assez pour d\u00e9loger Seaman. Au total, il a jou\u00e9 64 fois pour Arsenal, avant de poursuivre sa carri\u00e8re dans des villes comme Sienne, Augsbourg, la Fiorentina, la Juventus, Salzbourg et d&#39;autres, ainsi que 33 s\u00e9lections pour l&#39;Autriche. Peut-\u00eatre que sa carri\u00e8re n&#39;a pas atteint les sommets que vous auriez pu imaginer lorsqu&#39;il a fait son apparition sur la sc\u00e8ne en 1998, mais autant que quiconque, il a jou\u00e9 un r\u00f4le central dans un succ\u00e8s qui \u00e9tait \u00e0 la fois attendu pour Arsenal et fondamental pour ce que l&#39;\u00e9quipe d&#39;Ars\u00e8ne Wenger allait r\u00e9aliser dans les ann\u00e9es \u00e0 venir.<\/p>\n<p>Son d\u00e9c\u00e8s hier, \u00e0 l&#39;\u00e2ge de 48 ans, nous rappelle \u00e0 tous que chaque instant que nous vivons est pr\u00e9cieux. \u00c0 une \u00e9poque o\u00f9 nous sommes tous tr\u00e8s inquiets de l&#39;avenir et de ce qui pourrait arriver dimanche, n&#39;oublions pas le pr\u00e9sent et permettons-nous de nous rappeler qu&#39;Arsenal a d\u00e9j\u00e0 surmont\u00e9 de plus gros obstacles pour tenir la distance.<\/p>\n<p>Alex Manninger en a jou\u00e9 un r\u00f4le cl\u00e9. Nous pr\u00e9sentons nos condol\u00e9ances \u00e0 sa famille et \u00e0 ses amis et qu&#39;il repose en paix.<\/p>\n<p>\u2764\ufe0f<\/p>\n<\/div>\n","protected":false},"excerpt":{"rendered":"<p>Matin. J&#39;esp\u00e8re que vous allez bien ce vendredi. Je ne sais pas vraiment par o\u00f9 commencer, pour \u00eatre honn\u00eate. J&#39;ai fait autant d&#39;introspection que possible<\/p>\n","protected":false},"author":1,"featured_media":36555,"comment_status":"closed","ping_status":"","sticky":false,"template":"","format":"standard","meta":{"footnotes":""},"categories":[3],"tags":[57,1914,58,4221,11844,103],"yoast_head":"<!-- This site is optimized with the Yoast SEO plugin v21.0 - https:\/\/yoast.com\/wordpress\/plugins\/seo\/ -->\n<title>Sur Alex Manninger | ...un blog d&#039;Arsenal<\/title>\n<meta name=\"robots\" content=\"index, follow, max-snippet:-1, max-image-preview:large, max-video-preview:-1\" \/>\n<link rel=\"canonical\" href=\"https:\/\/footdavant.fr\/actualites\/sur-alex-manninger-un-blog-darsenal\/\" \/>\n<meta property=\"og:locale\" content=\"fr_FR\" \/>\n<meta property=\"og:type\" content=\"article\" \/>\n<meta property=\"og:title\" content=\"Sur Alex Manninger | ...un blog d&#039;Arsenal\" \/>\n<meta property=\"og:description\" content=\"Matin. J&#039;esp\u00e8re que vous allez bien ce vendredi. Je ne sais pas vraiment par o\u00f9 commencer, pour \u00eatre honn\u00eate. J&#039;ai fait autant d&#039;introspection que possible\" \/>\n<meta property=\"og:url\" content=\"https:\/\/footdavant.fr\/actualites\/sur-alex-manninger-un-blog-darsenal\/\" \/>\n<meta property=\"og:site_name\" content=\"Foot d&#039;avant\" \/>\n<meta property=\"article:publisher\" content=\"https:\/\/www.facebook.com\/Footdavant\/\" \/>\n<meta property=\"article:published_time\" content=\"2026-04-17T14:48:17+00:00\" \/>\n<meta property=\"article:modified_time\" content=\"2026-04-17T14:48:19+00:00\" \/>\n<meta property=\"og:image\" content=\"https:\/\/footdavant.fr\/actualites\/wp-content\/uploads\/2026\/04\/Sur-Alex-Manninger-un-blog-d39Arsenal.jpg\" \/>\n\t<meta property=\"og:image:width\" content=\"1500\" \/>\n\t<meta property=\"og:image:height\" content=\"750\" \/>\n\t<meta property=\"og:image:type\" content=\"image\/jpeg\" \/>\n<meta name=\"author\" content=\"Cl\u00e9ment\" \/>\n<meta name=\"twitter:card\" content=\"summary_large_image\" \/>\n<meta name=\"twitter:creator\" content=\"@FootdavantFr\" \/>\n<meta name=\"twitter:site\" content=\"@FootdavantFr\" \/>\n<meta name=\"twitter:label1\" content=\"\u00c9crit par\" \/>\n\t<meta name=\"twitter:data1\" content=\"Cl\u00e9ment\" \/>\n\t<meta name=\"twitter:label2\" content=\"Dur\u00e9e de lecture estim\u00e9e\" \/>\n\t<meta name=\"twitter:data2\" content=\"7 minutes\" \/>\n<script type=\"application\/ld+json\" class=\"yoast-schema-graph\">{\"@context\":\"https:\/\/schema.org\",\"@graph\":[{\"@type\":\"Article\",\"@id\":\"https:\/\/footdavant.fr\/actualites\/sur-alex-manninger-un-blog-darsenal\/#article\",\"isPartOf\":{\"@id\":\"https:\/\/footdavant.fr\/actualites\/sur-alex-manninger-un-blog-darsenal\/\"},\"author\":{\"name\":\"Cl\u00e9ment\",\"@id\":\"https:\/\/footdavant.fr\/actualites\/#\/schema\/person\/bc222566d95871b37e597b3ed3ba5e1d\"},\"headline\":\"Sur Alex Manninger | &#8230;un blog d&#39;Arsenal\",\"datePublished\":\"2026-04-17T14:48:17+00:00\",\"dateModified\":\"2026-04-17T14:48:19+00:00\",\"mainEntityOfPage\":{\"@id\":\"https:\/\/footdavant.fr\/actualites\/sur-alex-manninger-un-blog-darsenal\/\"},\"wordCount\":1378,\"publisher\":{\"@id\":\"https:\/\/footdavant.fr\/actualites\/#organization\"},\"keywords\":[\"...un\",\"Alex\",\"blog\",\"d39Arsenal\",\"Manninger\",\"sur\"],\"articleSection\":[\"Football\"],\"inLanguage\":\"fr-FR\"},{\"@type\":\"WebPage\",\"@id\":\"https:\/\/footdavant.fr\/actualites\/sur-alex-manninger-un-blog-darsenal\/\",\"url\":\"https:\/\/footdavant.fr\/actualites\/sur-alex-manninger-un-blog-darsenal\/\",\"name\":\"Sur Alex Manninger | ...un blog d&#39;Arsenal\",\"isPartOf\":{\"@id\":\"https:\/\/footdavant.fr\/actualites\/#website\"},\"datePublished\":\"2026-04-17T14:48:17+00:00\",\"dateModified\":\"2026-04-17T14:48:19+00:00\",\"breadcrumb\":{\"@id\":\"https:\/\/footdavant.fr\/actualites\/sur-alex-manninger-un-blog-darsenal\/#breadcrumb\"},\"inLanguage\":\"fr-FR\",\"potentialAction\":[{\"@type\":\"ReadAction\",\"target\":[\"https:\/\/footdavant.fr\/actualites\/sur-alex-manninger-un-blog-darsenal\/\"]}]},{\"@type\":\"BreadcrumbList\",\"@id\":\"https:\/\/footdavant.fr\/actualites\/sur-alex-manninger-un-blog-darsenal\/#breadcrumb\",\"itemListElement\":[{\"@type\":\"ListItem\",\"position\":1,\"name\":\"Accueil\",\"item\":\"https:\/\/footdavant.fr\/actualites\/\"},{\"@type\":\"ListItem\",\"position\":2,\"name\":\"Sur Alex Manninger | &#8230;un blog d&#39;Arsenal\"}]},{\"@type\":\"WebSite\",\"@id\":\"https:\/\/footdavant.fr\/actualites\/#website\",\"url\":\"https:\/\/footdavant.fr\/actualites\/\",\"name\":\"Foot d'avant\",\"description\":\"\",\"publisher\":{\"@id\":\"https:\/\/footdavant.fr\/actualites\/#organization\"},\"potentialAction\":[{\"@type\":\"SearchAction\",\"target\":{\"@type\":\"EntryPoint\",\"urlTemplate\":\"https:\/\/footdavant.fr\/actualites\/?s={search_term_string}\"},\"query-input\":\"required name=search_term_string\"}],\"inLanguage\":\"fr-FR\"},{\"@type\":\"Organization\",\"@id\":\"https:\/\/footdavant.fr\/actualites\/#organization\",\"name\":\"Foot d'avant\",\"url\":\"https:\/\/footdavant.fr\/actualites\/\",\"logo\":{\"@type\":\"ImageObject\",\"inLanguage\":\"fr-FR\",\"@id\":\"https:\/\/footdavant.fr\/actualites\/#\/schema\/logo\/image\/\",\"url\":\"https:\/\/footdavant.fr\/actualites\/wp-content\/uploads\/2023\/09\/Copy-of-FootDavant-Logo.png\",\"contentUrl\":\"https:\/\/footdavant.fr\/actualites\/wp-content\/uploads\/2023\/09\/Copy-of-FootDavant-Logo.png\",\"width\":936,\"height\":549,\"caption\":\"Foot d'avant\"},\"image\":{\"@id\":\"https:\/\/footdavant.fr\/actualites\/#\/schema\/logo\/image\/\"},\"sameAs\":[\"https:\/\/www.facebook.com\/Footdavant\/\",\"https:\/\/twitter.com\/FootdavantFr\",\"https:\/\/www.instagram.com\/footdavant.fr\/\"]},{\"@type\":\"Person\",\"@id\":\"https:\/\/footdavant.fr\/actualites\/#\/schema\/person\/bc222566d95871b37e597b3ed3ba5e1d\",\"name\":\"Cl\u00e9ment\",\"image\":{\"@type\":\"ImageObject\",\"inLanguage\":\"fr-FR\",\"@id\":\"https:\/\/footdavant.fr\/actualites\/#\/schema\/person\/image\/\",\"url\":\"https:\/\/secure.gravatar.com\/avatar\/7728b29aac2719421e1a9159b2254c44?s=96&d=mm&r=g\",\"contentUrl\":\"https:\/\/secure.gravatar.com\/avatar\/7728b29aac2719421e1a9159b2254c44?s=96&d=mm&r=g\",\"caption\":\"Cl\u00e9ment\"},\"sameAs\":[\"https:\/\/footdavant.fr\/\"]}]}<\/script>\n<!-- \/ Yoast SEO plugin. -->","yoast_head_json":{"title":"Sur Alex Manninger | ...un blog d&#39;Arsenal","robots":{"index":"index","follow":"follow","max-snippet":"max-snippet:-1","max-image-preview":"max-image-preview:large","max-video-preview":"max-video-preview:-1"},"canonical":"https:\/\/footdavant.fr\/actualites\/sur-alex-manninger-un-blog-darsenal\/","og_locale":"fr_FR","og_type":"article","og_title":"Sur Alex Manninger | ...un blog d&#39;Arsenal","og_description":"Matin. J&#39;esp\u00e8re que vous allez bien ce vendredi. Je ne sais pas vraiment par o\u00f9 commencer, pour \u00eatre honn\u00eate. J&#39;ai fait autant d&#39;introspection que possible","og_url":"https:\/\/footdavant.fr\/actualites\/sur-alex-manninger-un-blog-darsenal\/","og_site_name":"Foot d&#039;avant","article_publisher":"https:\/\/www.facebook.com\/Footdavant\/","article_published_time":"2026-04-17T14:48:17+00:00","article_modified_time":"2026-04-17T14:48:19+00:00","og_image":[{"width":1500,"height":750,"url":"https:\/\/footdavant.fr\/actualites\/wp-content\/uploads\/2026\/04\/Sur-Alex-Manninger-un-blog-d39Arsenal.jpg","type":"image\/jpeg"}],"author":"Cl\u00e9ment","twitter_card":"summary_large_image","twitter_creator":"@FootdavantFr","twitter_site":"@FootdavantFr","twitter_misc":{"\u00c9crit par":"Cl\u00e9ment","Dur\u00e9e de lecture estim\u00e9e":"7 minutes"},"schema":{"@context":"https:\/\/schema.org","@graph":[{"@type":"Article","@id":"https:\/\/footdavant.fr\/actualites\/sur-alex-manninger-un-blog-darsenal\/#article","isPartOf":{"@id":"https:\/\/footdavant.fr\/actualites\/sur-alex-manninger-un-blog-darsenal\/"},"author":{"name":"Cl\u00e9ment","@id":"https:\/\/footdavant.fr\/actualites\/#\/schema\/person\/bc222566d95871b37e597b3ed3ba5e1d"},"headline":"Sur Alex Manninger | &#8230;un blog d&#39;Arsenal","datePublished":"2026-04-17T14:48:17+00:00","dateModified":"2026-04-17T14:48:19+00:00","mainEntityOfPage":{"@id":"https:\/\/footdavant.fr\/actualites\/sur-alex-manninger-un-blog-darsenal\/"},"wordCount":1378,"publisher":{"@id":"https:\/\/footdavant.fr\/actualites\/#organization"},"keywords":["...un","Alex","blog","d39Arsenal","Manninger","sur"],"articleSection":["Football"],"inLanguage":"fr-FR"},{"@type":"WebPage","@id":"https:\/\/footdavant.fr\/actualites\/sur-alex-manninger-un-blog-darsenal\/","url":"https:\/\/footdavant.fr\/actualites\/sur-alex-manninger-un-blog-darsenal\/","name":"Sur Alex Manninger | ...un blog d&#39;Arsenal","isPartOf":{"@id":"https:\/\/footdavant.fr\/actualites\/#website"},"datePublished":"2026-04-17T14:48:17+00:00","dateModified":"2026-04-17T14:48:19+00:00","breadcrumb":{"@id":"https:\/\/footdavant.fr\/actualites\/sur-alex-manninger-un-blog-darsenal\/#breadcrumb"},"inLanguage":"fr-FR","potentialAction":[{"@type":"ReadAction","target":["https:\/\/footdavant.fr\/actualites\/sur-alex-manninger-un-blog-darsenal\/"]}]},{"@type":"BreadcrumbList","@id":"https:\/\/footdavant.fr\/actualites\/sur-alex-manninger-un-blog-darsenal\/#breadcrumb","itemListElement":[{"@type":"ListItem","position":1,"name":"Accueil","item":"https:\/\/footdavant.fr\/actualites\/"},{"@type":"ListItem","position":2,"name":"Sur Alex Manninger | &#8230;un blog d&#39;Arsenal"}]},{"@type":"WebSite","@id":"https:\/\/footdavant.fr\/actualites\/#website","url":"https:\/\/footdavant.fr\/actualites\/","name":"Foot d'avant","description":"","publisher":{"@id":"https:\/\/footdavant.fr\/actualites\/#organization"},"potentialAction":[{"@type":"SearchAction","target":{"@type":"EntryPoint","urlTemplate":"https:\/\/footdavant.fr\/actualites\/?s={search_term_string}"},"query-input":"required name=search_term_string"}],"inLanguage":"fr-FR"},{"@type":"Organization","@id":"https:\/\/footdavant.fr\/actualites\/#organization","name":"Foot d'avant","url":"https:\/\/footdavant.fr\/actualites\/","logo":{"@type":"ImageObject","inLanguage":"fr-FR","@id":"https:\/\/footdavant.fr\/actualites\/#\/schema\/logo\/image\/","url":"https:\/\/footdavant.fr\/actualites\/wp-content\/uploads\/2023\/09\/Copy-of-FootDavant-Logo.png","contentUrl":"https:\/\/footdavant.fr\/actualites\/wp-content\/uploads\/2023\/09\/Copy-of-FootDavant-Logo.png","width":936,"height":549,"caption":"Foot d'avant"},"image":{"@id":"https:\/\/footdavant.fr\/actualites\/#\/schema\/logo\/image\/"},"sameAs":["https:\/\/www.facebook.com\/Footdavant\/","https:\/\/twitter.com\/FootdavantFr","https:\/\/www.instagram.com\/footdavant.fr\/"]},{"@type":"Person","@id":"https:\/\/footdavant.fr\/actualites\/#\/schema\/person\/bc222566d95871b37e597b3ed3ba5e1d","name":"Cl\u00e9ment","image":{"@type":"ImageObject","inLanguage":"fr-FR","@id":"https:\/\/footdavant.fr\/actualites\/#\/schema\/person\/image\/","url":"https:\/\/secure.gravatar.com\/avatar\/7728b29aac2719421e1a9159b2254c44?s=96&d=mm&r=g","contentUrl":"https:\/\/secure.gravatar.com\/avatar\/7728b29aac2719421e1a9159b2254c44?s=96&d=mm&r=g","caption":"Cl\u00e9ment"},"sameAs":["https:\/\/footdavant.fr\/"]}]}},"_links":{"self":[{"href":"https:\/\/footdavant.fr\/actualites\/wp-json\/wp\/v2\/posts\/36554"}],"collection":[{"href":"https:\/\/footdavant.fr\/actualites\/wp-json\/wp\/v2\/posts"}],"about":[{"href":"https:\/\/footdavant.fr\/actualites\/wp-json\/wp\/v2\/types\/post"}],"author":[{"embeddable":true,"href":"https:\/\/footdavant.fr\/actualites\/wp-json\/wp\/v2\/users\/1"}],"replies":[{"embeddable":true,"href":"https:\/\/footdavant.fr\/actualites\/wp-json\/wp\/v2\/comments?post=36554"}],"version-history":[{"count":1,"href":"https:\/\/footdavant.fr\/actualites\/wp-json\/wp\/v2\/posts\/36554\/revisions"}],"predecessor-version":[{"id":36556,"href":"https:\/\/footdavant.fr\/actualites\/wp-json\/wp\/v2\/posts\/36554\/revisions\/36556"}],"wp:featuredmedia":[{"embeddable":true,"href":"https:\/\/footdavant.fr\/actualites\/wp-json\/wp\/v2\/media\/36555"}],"wp:attachment":[{"href":"https:\/\/footdavant.fr\/actualites\/wp-json\/wp\/v2\/media?parent=36554"}],"wp:term":[{"taxonomy":"category","embeddable":true,"href":"https:\/\/footdavant.fr\/actualites\/wp-json\/wp\/v2\/categories?post=36554"},{"taxonomy":"post_tag","embeddable":true,"href":"https:\/\/footdavant.fr\/actualites\/wp-json\/wp\/v2\/tags?post=36554"}],"curies":[{"name":"wp","href":"https:\/\/api.w.org\/{rel}","templated":true}]}}