{"id":36557,"date":"2026-04-17T18:48:08","date_gmt":"2026-04-17T16:48:08","guid":{"rendered":"https:\/\/footdavant.fr\/actualites\/nouvelles-du-transfert-daston-villa-unai-emery-et-leeds-united-suivent-le-futur-agent-libre-de-la-bundesliga-et-affrontent-la-concurrence-turque\/"},"modified":"2026-04-17T18:48:10","modified_gmt":"2026-04-17T16:48:10","slug":"nouvelles-du-transfert-daston-villa-unai-emery-et-leeds-united-suivent-le-futur-agent-libre-de-la-bundesliga-et-affrontent-la-concurrence-turque","status":"publish","type":"post","link":"https:\/\/footdavant.fr\/actualites\/nouvelles-du-transfert-daston-villa-unai-emery-et-leeds-united-suivent-le-futur-agent-libre-de-la-bundesliga-et-affrontent-la-concurrence-turque\/","title":{"rendered":"Nouvelles du transfert d&#39;Aston Villa: Unai Emery et Leeds United \u00ab\u00a0suivent\u00a0\u00bb le futur agent libre de la Bundesliga et affrontent la concurrence turque"},"content":{"rendered":"<div itemprop=\"articleBody\">\n<p>Aston Villa et Leeds United auraient identifi\u00e9 le d\u00e9fenseur de l\u2019Union Berlin Danilho Doehki comme cible potentielle du transfert estival.<\/p>\n<p>Les deux clubs anglais tentent actuellement d\u2019assurer leur qualification pour la Ligue des champions et leur survie dans l\u2019\u00e9lite gr\u00e2ce \u00e0 leurs positions au classement de la Premier League.<\/p>\n<p>Alors que Villa se pr\u00e9pare \u00e0 affronter Nottingham Forest dimanche, Leeds se rend \u00e0 Old Trafford pour affronter Manchester United lundi.<\/p>\n<p>Cependant, les deux clubs, en particulier Villa en raison de leurs probl\u00e8mes avec la r\u00e9glementation financi\u00e8re en vigueur, doivent dresser une liste restreinte de joueurs qu&#39;ils peuvent poursuivre pendant l&#39;intersaison.<\/p>\n<p>Selon Kicker plus t\u00f4t cette ann\u00e9e, Villa et Leeds ont tous deux exprim\u00e9 leur int\u00e9r\u00eat pour Doehki.<\/p>\n<div>\n<div>\n<p>\u00a9 Imago \/ Manuel Stefan<\/p>\n<\/div>\n<\/div>\n<h2>Un club turc affrontera Villa, Leeds pour Doehki ?<\/h2>\n<p>Selon Takvim, Besiktas est d\u00e9sormais pr\u00eat \u00e0 rivaliser avec le duo de Premier League dans la course \u00e0 la signature de Doehki.<\/p>\n<p>Le joueur de 27 ans a effectu\u00e9 29 titularisations en Bundesliga cette saison, tandis que le d\u00e9fenseur central a \u00e9galement contribu\u00e9 avec quatre buts.<\/p>\n<p>Ayant jou\u00e9 132 fois pour l&#39;Union Berlin depuis 2022, l&#39;ancien international n\u00e9erlandais des moins de 21 ans semble pr\u00eat \u00e0 relever un nouveau d\u00e9fi.<\/p>\n<p>Alors que Villa et Leeds surveilleraient la situation, Besiktas serait all\u00e9 jusqu&#39;\u00e0 prendre contact avec les repr\u00e9sentants du joueur.<\/p>\n<p>Doehki se concentre actuellement sur le maintien de l&#39;Union Berlin dans l&#39;\u00e9lite allemande, avec sept points d&#39;avance sur les trois derniers \u00e0 cinq matches de la fin.<\/p>\n<div>\n<div><img decoding=\"async\" data-img-id=\"158099\" class=\"lazy\" loading=\"lazy\" src=\"https:\/\/footdavant.fr\/actualites\/wp-content\/uploads\/2026\/04\/Nouvelles-du-transfert-d39Aston-Villa-Unai-Emery-et-Leeds-United.webp\"\/><\/p>\n<p>\u00a9 Iconsport \/ PA Images<\/p>\n<\/div>\n<\/div>\n<h2>La signature de Doehki serait-elle une d\u00e9cision judicieuse ?<\/h2>\n<p>Alors que l&#39;Union Berlin a encaiss\u00e9 50 buts en 29 matches cette campagne, Doehki n&#39;a pas vraiment aid\u00e9 son \u00e9quipe \u00e0 garder les choses serr\u00e9es en d\u00e9fense.<\/p>\n<p>Cela dit, l\u2019ancienne starlette de l\u2019Ajax a marqu\u00e9 15 fois en 132 matches toutes comp\u00e9titions confondues, ce qui ne doit pas \u00eatre ignor\u00e9.<\/p>\n<p>Villa entrera in\u00e9vitablement sur le march\u00e9 des agents libres cet \u00e9t\u00e9 et la qualification en Ligue des champions en ferait l&#39;un des favoris pour la signature de Doehki s&#39;ils suscitent leur int\u00e9r\u00eat.<\/p>\n<p>N\u00e9anmoins, Doehki aurait de meilleures chances de jouer r\u00e9guli\u00e8rement au football \u00e0 Leeds, et cela serait pris en consid\u00e9ration s&#39;il choisissait la Premier League plut\u00f4t que la Turquie ou une autre ligue europ\u00e9enne.<\/p>\n<\/div>\n","protected":false},"excerpt":{"rendered":"<p>Aston Villa et Leeds United auraient identifi\u00e9 le d\u00e9fenseur de l\u2019Union Berlin Danilho Doehki comme cible potentielle du transfert estival. Les deux clubs anglais tentent<\/p>\n","protected":false},"author":1,"featured_media":36558,"comment_status":"closed","ping_status":"","sticky":false,"template":"","format":"standard","meta":{"footnotes":""},"categories":[5],"tags":[6520,3313,1504,1627,4823,641,3665,121,2696,461,7259,700,3147,640,13,370],"yoast_head":"<!-- This site is optimized with the Yoast SEO plugin v21.0 - https:\/\/yoast.com\/wordpress\/plugins\/seo\/ -->\n<title>Nouvelles du transfert d&#039;Aston Villa: Unai Emery et Leeds United &quot;suivent&quot; le futur agent libre de la Bundesliga et affrontent la concurrence turque<\/title>\n<meta name=\"robots\" content=\"index, follow, max-snippet:-1, max-image-preview:large, max-video-preview:-1\" \/>\n<link rel=\"canonical\" href=\"https:\/\/footdavant.fr\/actualites\/nouvelles-du-transfert-daston-villa-unai-emery-et-leeds-united-suivent-le-futur-agent-libre-de-la-bundesliga-et-affrontent-la-concurrence-turque\/\" \/>\n<meta property=\"og:locale\" content=\"fr_FR\" \/>\n<meta property=\"og:type\" content=\"article\" \/>\n<meta property=\"og:title\" content=\"Nouvelles du transfert d&#039;Aston Villa: Unai Emery et Leeds United &quot;suivent&quot; le futur agent libre de la Bundesliga et affrontent la concurrence turque\" \/>\n<meta property=\"og:description\" content=\"Aston Villa et Leeds United auraient identifi\u00e9 le d\u00e9fenseur de l\u2019Union Berlin Danilho Doehki comme cible potentielle du transfert estival. Les deux clubs anglais tentent\" \/>\n<meta property=\"og:url\" content=\"https:\/\/footdavant.fr\/actualites\/nouvelles-du-transfert-daston-villa-unai-emery-et-leeds-united-suivent-le-futur-agent-libre-de-la-bundesliga-et-affrontent-la-concurrence-turque\/\" \/>\n<meta property=\"og:site_name\" content=\"Foot d&#039;avant\" \/>\n<meta property=\"article:publisher\" content=\"https:\/\/www.facebook.com\/Footdavant\/\" \/>\n<meta property=\"article:published_time\" content=\"2026-04-17T16:48:08+00:00\" \/>\n<meta property=\"article:modified_time\" content=\"2026-04-17T16:48:10+00:00\" \/>\n<meta property=\"og:image\" content=\"https:\/\/footdavant.fr\/actualites\/wp-content\/uploads\/2026\/04\/Nouvelles-du-transfert-d39Aston-Villa-Unai-Emery-et-Leeds-United.net2Fuploads2F20262F042Ficonsport-283251.webp\" \/>\n\t<meta property=\"og:image:width\" content=\"720\" \/>\n\t<meta property=\"og:image:height\" content=\"410\" \/>\n\t<meta property=\"og:image:type\" content=\"image\/webp\" \/>\n<meta name=\"author\" content=\"Cl\u00e9ment\" \/>\n<meta name=\"twitter:card\" content=\"summary_large_image\" \/>\n<meta name=\"twitter:creator\" content=\"@FootdavantFr\" \/>\n<meta name=\"twitter:site\" content=\"@FootdavantFr\" \/>\n<meta name=\"twitter:label1\" content=\"\u00c9crit par\" \/>\n\t<meta name=\"twitter:data1\" content=\"Cl\u00e9ment\" \/>\n\t<meta name=\"twitter:label2\" content=\"Dur\u00e9e de lecture estim\u00e9e\" \/>\n\t<meta name=\"twitter:data2\" content=\"2 minutes\" \/>\n<script type=\"application\/ld+json\" class=\"yoast-schema-graph\">{\"@context\":\"https:\/\/schema.org\",\"@graph\":[{\"@type\":\"Article\",\"@id\":\"https:\/\/footdavant.fr\/actualites\/nouvelles-du-transfert-daston-villa-unai-emery-et-leeds-united-suivent-le-futur-agent-libre-de-la-bundesliga-et-affrontent-la-concurrence-turque\/#article\",\"isPartOf\":{\"@id\":\"https:\/\/footdavant.fr\/actualites\/nouvelles-du-transfert-daston-villa-unai-emery-et-leeds-united-suivent-le-futur-agent-libre-de-la-bundesliga-et-affrontent-la-concurrence-turque\/\"},\"author\":{\"name\":\"Cl\u00e9ment\",\"@id\":\"https:\/\/footdavant.fr\/actualites\/#\/schema\/person\/bc222566d95871b37e597b3ed3ba5e1d\"},\"headline\":\"Nouvelles du transfert d&#39;Aston Villa: Unai Emery et Leeds United \u00ab\u00a0suivent\u00a0\u00bb le futur agent libre de la Bundesliga et affrontent la concurrence turque\",\"datePublished\":\"2026-04-17T16:48:08+00:00\",\"dateModified\":\"2026-04-17T16:48:10+00:00\",\"mainEntityOfPage\":{\"@id\":\"https:\/\/footdavant.fr\/actualites\/nouvelles-du-transfert-daston-villa-unai-emery-et-leeds-united-suivent-le-futur-agent-libre-de-la-bundesliga-et-affrontent-la-concurrence-turque\/\"},\"wordCount\":423,\"publisher\":{\"@id\":\"https:\/\/footdavant.fr\/actualites\/#organization\"},\"keywords\":[\"affrontent\",\"agent\",\"Bundesliga\",\"concurrence\",\"d39Aston\",\"Emery\",\"futur\",\"Leeds\",\"libre\",\"Nouvelles\",\"suivent\",\"transfert\",\"turque\",\"Unai\",\"United\",\"Villa\"],\"articleSection\":[\"Premier League\"],\"inLanguage\":\"fr-FR\"},{\"@type\":\"WebPage\",\"@id\":\"https:\/\/footdavant.fr\/actualites\/nouvelles-du-transfert-daston-villa-unai-emery-et-leeds-united-suivent-le-futur-agent-libre-de-la-bundesliga-et-affrontent-la-concurrence-turque\/\",\"url\":\"https:\/\/footdavant.fr\/actualites\/nouvelles-du-transfert-daston-villa-unai-emery-et-leeds-united-suivent-le-futur-agent-libre-de-la-bundesliga-et-affrontent-la-concurrence-turque\/\",\"name\":\"Nouvelles du transfert d&#39;Aston Villa: Unai Emery et Leeds United \\\"suivent\\\" le futur agent libre de la Bundesliga et affrontent la concurrence turque\",\"isPartOf\":{\"@id\":\"https:\/\/footdavant.fr\/actualites\/#website\"},\"datePublished\":\"2026-04-17T16:48:08+00:00\",\"dateModified\":\"2026-04-17T16:48:10+00:00\",\"breadcrumb\":{\"@id\":\"https:\/\/footdavant.fr\/actualites\/nouvelles-du-transfert-daston-villa-unai-emery-et-leeds-united-suivent-le-futur-agent-libre-de-la-bundesliga-et-affrontent-la-concurrence-turque\/#breadcrumb\"},\"inLanguage\":\"fr-FR\",\"potentialAction\":[{\"@type\":\"ReadAction\",\"target\":[\"https:\/\/footdavant.fr\/actualites\/nouvelles-du-transfert-daston-villa-unai-emery-et-leeds-united-suivent-le-futur-agent-libre-de-la-bundesliga-et-affrontent-la-concurrence-turque\/\"]}]},{\"@type\":\"BreadcrumbList\",\"@id\":\"https:\/\/footdavant.fr\/actualites\/nouvelles-du-transfert-daston-villa-unai-emery-et-leeds-united-suivent-le-futur-agent-libre-de-la-bundesliga-et-affrontent-la-concurrence-turque\/#breadcrumb\",\"itemListElement\":[{\"@type\":\"ListItem\",\"position\":1,\"name\":\"Accueil\",\"item\":\"https:\/\/footdavant.fr\/actualites\/\"},{\"@type\":\"ListItem\",\"position\":2,\"name\":\"Nouvelles du transfert d&#39;Aston Villa: Unai Emery et Leeds United \u00ab\u00a0suivent\u00a0\u00bb le futur agent libre de la Bundesliga et affrontent la concurrence turque\"}]},{\"@type\":\"WebSite\",\"@id\":\"https:\/\/footdavant.fr\/actualites\/#website\",\"url\":\"https:\/\/footdavant.fr\/actualites\/\",\"name\":\"Foot d'avant\",\"description\":\"\",\"publisher\":{\"@id\":\"https:\/\/footdavant.fr\/actualites\/#organization\"},\"potentialAction\":[{\"@type\":\"SearchAction\",\"target\":{\"@type\":\"EntryPoint\",\"urlTemplate\":\"https:\/\/footdavant.fr\/actualites\/?s={search_term_string}\"},\"query-input\":\"required name=search_term_string\"}],\"inLanguage\":\"fr-FR\"},{\"@type\":\"Organization\",\"@id\":\"https:\/\/footdavant.fr\/actualites\/#organization\",\"name\":\"Foot d'avant\",\"url\":\"https:\/\/footdavant.fr\/actualites\/\",\"logo\":{\"@type\":\"ImageObject\",\"inLanguage\":\"fr-FR\",\"@id\":\"https:\/\/footdavant.fr\/actualites\/#\/schema\/logo\/image\/\",\"url\":\"https:\/\/footdavant.fr\/actualites\/wp-content\/uploads\/2023\/09\/Copy-of-FootDavant-Logo.png\",\"contentUrl\":\"https:\/\/footdavant.fr\/actualites\/wp-content\/uploads\/2023\/09\/Copy-of-FootDavant-Logo.png\",\"width\":936,\"height\":549,\"caption\":\"Foot d'avant\"},\"image\":{\"@id\":\"https:\/\/footdavant.fr\/actualites\/#\/schema\/logo\/image\/\"},\"sameAs\":[\"https:\/\/www.facebook.com\/Footdavant\/\",\"https:\/\/twitter.com\/FootdavantFr\",\"https:\/\/www.instagram.com\/footdavant.fr\/\"]},{\"@type\":\"Person\",\"@id\":\"https:\/\/footdavant.fr\/actualites\/#\/schema\/person\/bc222566d95871b37e597b3ed3ba5e1d\",\"name\":\"Cl\u00e9ment\",\"image\":{\"@type\":\"ImageObject\",\"inLanguage\":\"fr-FR\",\"@id\":\"https:\/\/footdavant.fr\/actualites\/#\/schema\/person\/image\/\",\"url\":\"https:\/\/secure.gravatar.com\/avatar\/7728b29aac2719421e1a9159b2254c44?s=96&d=mm&r=g\",\"contentUrl\":\"https:\/\/secure.gravatar.com\/avatar\/7728b29aac2719421e1a9159b2254c44?s=96&d=mm&r=g\",\"caption\":\"Cl\u00e9ment\"},\"sameAs\":[\"https:\/\/footdavant.fr\/\"]}]}<\/script>\n<!-- \/ Yoast SEO plugin. -->","yoast_head_json":{"title":"Nouvelles du transfert d&#39;Aston Villa: Unai Emery et Leeds United \"suivent\" le futur agent libre de la Bundesliga et affrontent la concurrence turque","robots":{"index":"index","follow":"follow","max-snippet":"max-snippet:-1","max-image-preview":"max-image-preview:large","max-video-preview":"max-video-preview:-1"},"canonical":"https:\/\/footdavant.fr\/actualites\/nouvelles-du-transfert-daston-villa-unai-emery-et-leeds-united-suivent-le-futur-agent-libre-de-la-bundesliga-et-affrontent-la-concurrence-turque\/","og_locale":"fr_FR","og_type":"article","og_title":"Nouvelles du transfert d&#39;Aston Villa: Unai Emery et Leeds United \"suivent\" le futur agent libre de la Bundesliga et affrontent la concurrence turque","og_description":"Aston Villa et Leeds United auraient identifi\u00e9 le d\u00e9fenseur de l\u2019Union Berlin Danilho Doehki comme cible potentielle du transfert estival. Les deux clubs anglais tentent","og_url":"https:\/\/footdavant.fr\/actualites\/nouvelles-du-transfert-daston-villa-unai-emery-et-leeds-united-suivent-le-futur-agent-libre-de-la-bundesliga-et-affrontent-la-concurrence-turque\/","og_site_name":"Foot d&#039;avant","article_publisher":"https:\/\/www.facebook.com\/Footdavant\/","article_published_time":"2026-04-17T16:48:08+00:00","article_modified_time":"2026-04-17T16:48:10+00:00","og_image":[{"width":720,"height":410,"url":"https:\/\/footdavant.fr\/actualites\/wp-content\/uploads\/2026\/04\/Nouvelles-du-transfert-d39Aston-Villa-Unai-Emery-et-Leeds-United.net2Fuploads2F20262F042Ficonsport-283251.webp","type":"image\/webp"}],"author":"Cl\u00e9ment","twitter_card":"summary_large_image","twitter_creator":"@FootdavantFr","twitter_site":"@FootdavantFr","twitter_misc":{"\u00c9crit par":"Cl\u00e9ment","Dur\u00e9e de lecture estim\u00e9e":"2 minutes"},"schema":{"@context":"https:\/\/schema.org","@graph":[{"@type":"Article","@id":"https:\/\/footdavant.fr\/actualites\/nouvelles-du-transfert-daston-villa-unai-emery-et-leeds-united-suivent-le-futur-agent-libre-de-la-bundesliga-et-affrontent-la-concurrence-turque\/#article","isPartOf":{"@id":"https:\/\/footdavant.fr\/actualites\/nouvelles-du-transfert-daston-villa-unai-emery-et-leeds-united-suivent-le-futur-agent-libre-de-la-bundesliga-et-affrontent-la-concurrence-turque\/"},"author":{"name":"Cl\u00e9ment","@id":"https:\/\/footdavant.fr\/actualites\/#\/schema\/person\/bc222566d95871b37e597b3ed3ba5e1d"},"headline":"Nouvelles du transfert d&#39;Aston Villa: Unai Emery et Leeds United \u00ab\u00a0suivent\u00a0\u00bb le futur agent libre de la Bundesliga et affrontent la concurrence turque","datePublished":"2026-04-17T16:48:08+00:00","dateModified":"2026-04-17T16:48:10+00:00","mainEntityOfPage":{"@id":"https:\/\/footdavant.fr\/actualites\/nouvelles-du-transfert-daston-villa-unai-emery-et-leeds-united-suivent-le-futur-agent-libre-de-la-bundesliga-et-affrontent-la-concurrence-turque\/"},"wordCount":423,"publisher":{"@id":"https:\/\/footdavant.fr\/actualites\/#organization"},"keywords":["affrontent","agent","Bundesliga","concurrence","d39Aston","Emery","futur","Leeds","libre","Nouvelles","suivent","transfert","turque","Unai","United","Villa"],"articleSection":["Premier League"],"inLanguage":"fr-FR"},{"@type":"WebPage","@id":"https:\/\/footdavant.fr\/actualites\/nouvelles-du-transfert-daston-villa-unai-emery-et-leeds-united-suivent-le-futur-agent-libre-de-la-bundesliga-et-affrontent-la-concurrence-turque\/","url":"https:\/\/footdavant.fr\/actualites\/nouvelles-du-transfert-daston-villa-unai-emery-et-leeds-united-suivent-le-futur-agent-libre-de-la-bundesliga-et-affrontent-la-concurrence-turque\/","name":"Nouvelles du transfert d&#39;Aston Villa: Unai Emery et Leeds United \"suivent\" le futur agent libre de la Bundesliga et affrontent la concurrence turque","isPartOf":{"@id":"https:\/\/footdavant.fr\/actualites\/#website"},"datePublished":"2026-04-17T16:48:08+00:00","dateModified":"2026-04-17T16:48:10+00:00","breadcrumb":{"@id":"https:\/\/footdavant.fr\/actualites\/nouvelles-du-transfert-daston-villa-unai-emery-et-leeds-united-suivent-le-futur-agent-libre-de-la-bundesliga-et-affrontent-la-concurrence-turque\/#breadcrumb"},"inLanguage":"fr-FR","potentialAction":[{"@type":"ReadAction","target":["https:\/\/footdavant.fr\/actualites\/nouvelles-du-transfert-daston-villa-unai-emery-et-leeds-united-suivent-le-futur-agent-libre-de-la-bundesliga-et-affrontent-la-concurrence-turque\/"]}]},{"@type":"BreadcrumbList","@id":"https:\/\/footdavant.fr\/actualites\/nouvelles-du-transfert-daston-villa-unai-emery-et-leeds-united-suivent-le-futur-agent-libre-de-la-bundesliga-et-affrontent-la-concurrence-turque\/#breadcrumb","itemListElement":[{"@type":"ListItem","position":1,"name":"Accueil","item":"https:\/\/footdavant.fr\/actualites\/"},{"@type":"ListItem","position":2,"name":"Nouvelles du transfert d&#39;Aston Villa: Unai Emery et Leeds United \u00ab\u00a0suivent\u00a0\u00bb le futur agent libre de la Bundesliga et affrontent la concurrence turque"}]},{"@type":"WebSite","@id":"https:\/\/footdavant.fr\/actualites\/#website","url":"https:\/\/footdavant.fr\/actualites\/","name":"Foot d'avant","description":"","publisher":{"@id":"https:\/\/footdavant.fr\/actualites\/#organization"},"potentialAction":[{"@type":"SearchAction","target":{"@type":"EntryPoint","urlTemplate":"https:\/\/footdavant.fr\/actualites\/?s={search_term_string}"},"query-input":"required name=search_term_string"}],"inLanguage":"fr-FR"},{"@type":"Organization","@id":"https:\/\/footdavant.fr\/actualites\/#organization","name":"Foot d'avant","url":"https:\/\/footdavant.fr\/actualites\/","logo":{"@type":"ImageObject","inLanguage":"fr-FR","@id":"https:\/\/footdavant.fr\/actualites\/#\/schema\/logo\/image\/","url":"https:\/\/footdavant.fr\/actualites\/wp-content\/uploads\/2023\/09\/Copy-of-FootDavant-Logo.png","contentUrl":"https:\/\/footdavant.fr\/actualites\/wp-content\/uploads\/2023\/09\/Copy-of-FootDavant-Logo.png","width":936,"height":549,"caption":"Foot d'avant"},"image":{"@id":"https:\/\/footdavant.fr\/actualites\/#\/schema\/logo\/image\/"},"sameAs":["https:\/\/www.facebook.com\/Footdavant\/","https:\/\/twitter.com\/FootdavantFr","https:\/\/www.instagram.com\/footdavant.fr\/"]},{"@type":"Person","@id":"https:\/\/footdavant.fr\/actualites\/#\/schema\/person\/bc222566d95871b37e597b3ed3ba5e1d","name":"Cl\u00e9ment","image":{"@type":"ImageObject","inLanguage":"fr-FR","@id":"https:\/\/footdavant.fr\/actualites\/#\/schema\/person\/image\/","url":"https:\/\/secure.gravatar.com\/avatar\/7728b29aac2719421e1a9159b2254c44?s=96&d=mm&r=g","contentUrl":"https:\/\/secure.gravatar.com\/avatar\/7728b29aac2719421e1a9159b2254c44?s=96&d=mm&r=g","caption":"Cl\u00e9ment"},"sameAs":["https:\/\/footdavant.fr\/"]}]}},"_links":{"self":[{"href":"https:\/\/footdavant.fr\/actualites\/wp-json\/wp\/v2\/posts\/36557"}],"collection":[{"href":"https:\/\/footdavant.fr\/actualites\/wp-json\/wp\/v2\/posts"}],"about":[{"href":"https:\/\/footdavant.fr\/actualites\/wp-json\/wp\/v2\/types\/post"}],"author":[{"embeddable":true,"href":"https:\/\/footdavant.fr\/actualites\/wp-json\/wp\/v2\/users\/1"}],"replies":[{"embeddable":true,"href":"https:\/\/footdavant.fr\/actualites\/wp-json\/wp\/v2\/comments?post=36557"}],"version-history":[{"count":1,"href":"https:\/\/footdavant.fr\/actualites\/wp-json\/wp\/v2\/posts\/36557\/revisions"}],"predecessor-version":[{"id":36559,"href":"https:\/\/footdavant.fr\/actualites\/wp-json\/wp\/v2\/posts\/36557\/revisions\/36559"}],"wp:featuredmedia":[{"embeddable":true,"href":"https:\/\/footdavant.fr\/actualites\/wp-json\/wp\/v2\/media\/36558"}],"wp:attachment":[{"href":"https:\/\/footdavant.fr\/actualites\/wp-json\/wp\/v2\/media?parent=36557"}],"wp:term":[{"taxonomy":"category","embeddable":true,"href":"https:\/\/footdavant.fr\/actualites\/wp-json\/wp\/v2\/categories?post=36557"},{"taxonomy":"post_tag","embeddable":true,"href":"https:\/\/footdavant.fr\/actualites\/wp-json\/wp\/v2\/tags?post=36557"}],"curies":[{"name":"wp","href":"https:\/\/api.w.org\/{rel}","templated":true}]}}