{"id":36560,"date":"2026-04-17T20:48:14","date_gmt":"2026-04-17T18:48:14","guid":{"rendered":"https:\/\/footdavant.fr\/actualites\/lawrenson-fait-une-grande-declaration-sur-la-disparition-de-leoni\/"},"modified":"2026-04-17T20:48:16","modified_gmt":"2026-04-17T18:48:16","slug":"lawrenson-fait-une-grande-declaration-sur-la-disparition-de-leoni","status":"publish","type":"post","link":"https:\/\/footdavant.fr\/actualites\/lawrenson-fait-une-grande-declaration-sur-la-disparition-de-leoni\/","title":{"rendered":"Lawrenson fait une grande d\u00e9claration sur la disparition de Leoni"},"content":{"rendered":"<p><\/p>\n<div id=\"article-body\">\n<!-- Article Start --><\/p>\n<p>Une saison frustrante pour Liverpool a \u00e9t\u00e9 fa\u00e7onn\u00e9e non seulement par les r\u00e9sultats, mais aussi par les circonstances, et l&#39;un des facteurs les plus n\u00e9glig\u00e9s a \u00e9t\u00e9 l&#39;absence de joueurs sur lesquels nous n&#39;avons tout simplement pas pu compter.<\/p>\n<hr\/>\n<p><b><i>T\u00c9L\u00c9CHARGEZ L&#39;APPLICATION OFFICIELLE EMPIRE OF KOP POUR TOUTES LES DERNI\u00c8RES MISES \u00c0 JOUR \u2013 DIRECTEMENT SUR VOTRE T\u00c9L\u00c9PHONE\u00a0! SUR <\/i><\/b><b><i>POMME<\/i><\/b><b><i> &#038; <\/i><\/b><b><i>GOOGLE JOUER<\/i><\/b><\/p>\n<hr\/>\n<p>C&#39;est l\u00e0 que les derniers commentaires de Mark Lawrenson sur Giovanni Leoni offrent un contexte important, notamment autour du poids de l&#39;absence de notre nouveau d\u00e9fenseur.<\/p>\n<h2>Lawrenson soutient Leoni malgr\u00e9 son absence<\/h2>\n<p>S&#39;exprimant via talkSPORT, Lawrenson a clairement indiqu\u00e9 que l&#39;adolescent italien est tr\u00e8s appr\u00e9ci\u00e9 dans les coulisses, m\u00eame si nous ne l&#39;avons pas encore vu sur le terrain.<\/p>\n<\/p>\n<p>Cette \u00e9valuation renforce ce que beaucoup au sein du club croient d\u00e9j\u00e0 \u00e0 propos du joueur de 19 ans, arriv\u00e9 avec une solide r\u00e9putation mais qui n&#39;a pas pu contribuer en raison de sa blessure \u00e0 long terme.<\/p>\n<p>Cela met \u00e9galement en perspective certaines des difficult\u00e9s d\u00e9fensives que nous avons parfois connues cette saison, car Leoni faisait clairement partie du plan \u00e0 long terme plut\u00f4t que d&#39;une solution imm\u00e9diate.<\/p>\n<h2>Les probl\u00e8mes de blessures ont perturb\u00e9 les plans de Liverpool<\/h2>\n<p>Lawrenson a \u00e9galement soulign\u00e9 le contexte plus large, sugg\u00e9rant que nos probl\u00e8mes en d\u00e9fense ne concernaient pas seulement la forme ou la tactique, mais aussi la mani\u00e8re dont les plans de transfert se sont d\u00e9roul\u00e9s.<\/p>\n<\/p>\n<p>Cette r\u00e9f\u00e9rence \u00e0 la situation de Marc Guehi met en \u00e9vidence la rapidit\u00e9 avec laquelle les choses peuvent changer sur le march\u00e9 des transferts, laissant Arne Slot travailler avec une \u00e9quipe qui n&#39;a pas toujours r\u00e9ussi \u00e0 s&#39;installer.<\/p>\n<p>Les propres commentaires de Leoni sur sa blessure soulignent \u00e0 quel point cette p\u00e9riode a \u00e9t\u00e9 difficile pour lui personnellement, l&#39;Italien admettant qu&#39;il a imm\u00e9diatement su qu&#39;il avait subi un s\u00e9rieux revers.<\/p>\n<p>Dans le m\u00eame temps, le club a d\u00e9j\u00e0 d\u00e9cid\u00e9 de se renforcer pour l&#39;avenir, avec l&#39;arriv\u00e9e de Jeremy Jacquet la saison prochaine, ce qui sugg\u00e8re que nous continuons \u00e0 construire de la profondeur dans ce domaine.<\/p>\n<p>En fin de compte, m\u00eame si Leoni n&#39;a pas encore \u00e9t\u00e9 en mesure de montrer ce qu&#39;il peut faire, la confiance en ses capacit\u00e9s reste forte, et si Lawrenson a raison, une fois en pleine forme, il pourrait encore devenir un \u00e9l\u00e9ment majeur des plans d\u00e9fensifs \u00e0 long terme de Liverpool.<\/p>\n<p><!-- Article End -->\t\t\t\t<\/div>\n","protected":false},"excerpt":{"rendered":"<p>Une saison frustrante pour Liverpool a \u00e9t\u00e9 fa\u00e7onn\u00e9e non seulement par les r\u00e9sultats, mais aussi par les circonstances, et l&#39;un des facteurs les plus n\u00e9glig\u00e9s<\/p>\n","protected":false},"author":1,"featured_media":36561,"comment_status":"closed","ping_status":"","sticky":false,"template":"","format":"standard","meta":{"footnotes":""},"categories":[3],"tags":[749,11846,152,1751,11845,10188,103,92],"yoast_head":"<!-- This site is optimized with the Yoast SEO plugin v21.0 - https:\/\/yoast.com\/wordpress\/plugins\/seo\/ -->\n<title>Lawrenson fait une grande d\u00e9claration sur la disparition de Leoni<\/title>\n<meta name=\"robots\" content=\"index, follow, max-snippet:-1, max-image-preview:large, max-video-preview:-1\" \/>\n<link rel=\"canonical\" href=\"https:\/\/footdavant.fr\/actualites\/lawrenson-fait-une-grande-declaration-sur-la-disparition-de-leoni\/\" \/>\n<meta property=\"og:locale\" content=\"fr_FR\" \/>\n<meta property=\"og:type\" content=\"article\" \/>\n<meta property=\"og:title\" content=\"Lawrenson fait une grande d\u00e9claration sur la disparition de Leoni\" \/>\n<meta property=\"og:description\" content=\"Une saison frustrante pour Liverpool a \u00e9t\u00e9 fa\u00e7onn\u00e9e non seulement par les r\u00e9sultats, mais aussi par les circonstances, et l&#039;un des facteurs les plus n\u00e9glig\u00e9s\" \/>\n<meta property=\"og:url\" content=\"https:\/\/footdavant.fr\/actualites\/lawrenson-fait-une-grande-declaration-sur-la-disparition-de-leoni\/\" \/>\n<meta property=\"og:site_name\" content=\"Foot d&#039;avant\" \/>\n<meta property=\"article:publisher\" content=\"https:\/\/www.facebook.com\/Footdavant\/\" \/>\n<meta property=\"article:published_time\" content=\"2026-04-17T18:48:14+00:00\" \/>\n<meta property=\"article:modified_time\" content=\"2026-04-17T18:48:16+00:00\" \/>\n<meta property=\"og:image\" content=\"https:\/\/footdavant.fr\/actualites\/wp-content\/uploads\/2026\/04\/Lawrenson-fait-une-grande-declaration-sur-la-disparition-de-Leoni.jpg\" \/>\n\t<meta property=\"og:image:width\" content=\"1200\" \/>\n\t<meta property=\"og:image:height\" content=\"675\" \/>\n\t<meta property=\"og:image:type\" content=\"image\/jpeg\" \/>\n<meta name=\"author\" content=\"Cl\u00e9ment\" \/>\n<meta name=\"twitter:card\" content=\"summary_large_image\" \/>\n<meta name=\"twitter:creator\" content=\"@FootdavantFr\" \/>\n<meta name=\"twitter:site\" content=\"@FootdavantFr\" \/>\n<meta name=\"twitter:label1\" content=\"\u00c9crit par\" \/>\n\t<meta name=\"twitter:data1\" content=\"Cl\u00e9ment\" \/>\n\t<meta name=\"twitter:label2\" content=\"Dur\u00e9e de lecture estim\u00e9e\" \/>\n\t<meta name=\"twitter:data2\" content=\"2 minutes\" \/>\n<script type=\"application\/ld+json\" class=\"yoast-schema-graph\">{\"@context\":\"https:\/\/schema.org\",\"@graph\":[{\"@type\":\"Article\",\"@id\":\"https:\/\/footdavant.fr\/actualites\/lawrenson-fait-une-grande-declaration-sur-la-disparition-de-leoni\/#article\",\"isPartOf\":{\"@id\":\"https:\/\/footdavant.fr\/actualites\/lawrenson-fait-une-grande-declaration-sur-la-disparition-de-leoni\/\"},\"author\":{\"name\":\"Cl\u00e9ment\",\"@id\":\"https:\/\/footdavant.fr\/actualites\/#\/schema\/person\/bc222566d95871b37e597b3ed3ba5e1d\"},\"headline\":\"Lawrenson fait une grande d\u00e9claration sur la disparition de Leoni\",\"datePublished\":\"2026-04-17T18:48:14+00:00\",\"dateModified\":\"2026-04-17T18:48:16+00:00\",\"mainEntityOfPage\":{\"@id\":\"https:\/\/footdavant.fr\/actualites\/lawrenson-fait-une-grande-declaration-sur-la-disparition-de-leoni\/\"},\"wordCount\":453,\"publisher\":{\"@id\":\"https:\/\/footdavant.fr\/actualites\/#organization\"},\"keywords\":[\"D\u00e9claration\",\"disparition\",\"fait\",\"grande\",\"Lawrenson\",\"Leoni\",\"sur\",\"une\"],\"articleSection\":[\"Football\"],\"inLanguage\":\"fr-FR\"},{\"@type\":\"WebPage\",\"@id\":\"https:\/\/footdavant.fr\/actualites\/lawrenson-fait-une-grande-declaration-sur-la-disparition-de-leoni\/\",\"url\":\"https:\/\/footdavant.fr\/actualites\/lawrenson-fait-une-grande-declaration-sur-la-disparition-de-leoni\/\",\"name\":\"Lawrenson fait une grande d\u00e9claration sur la disparition de Leoni\",\"isPartOf\":{\"@id\":\"https:\/\/footdavant.fr\/actualites\/#website\"},\"datePublished\":\"2026-04-17T18:48:14+00:00\",\"dateModified\":\"2026-04-17T18:48:16+00:00\",\"breadcrumb\":{\"@id\":\"https:\/\/footdavant.fr\/actualites\/lawrenson-fait-une-grande-declaration-sur-la-disparition-de-leoni\/#breadcrumb\"},\"inLanguage\":\"fr-FR\",\"potentialAction\":[{\"@type\":\"ReadAction\",\"target\":[\"https:\/\/footdavant.fr\/actualites\/lawrenson-fait-une-grande-declaration-sur-la-disparition-de-leoni\/\"]}]},{\"@type\":\"BreadcrumbList\",\"@id\":\"https:\/\/footdavant.fr\/actualites\/lawrenson-fait-une-grande-declaration-sur-la-disparition-de-leoni\/#breadcrumb\",\"itemListElement\":[{\"@type\":\"ListItem\",\"position\":1,\"name\":\"Accueil\",\"item\":\"https:\/\/footdavant.fr\/actualites\/\"},{\"@type\":\"ListItem\",\"position\":2,\"name\":\"Lawrenson fait une grande d\u00e9claration sur la disparition de Leoni\"}]},{\"@type\":\"WebSite\",\"@id\":\"https:\/\/footdavant.fr\/actualites\/#website\",\"url\":\"https:\/\/footdavant.fr\/actualites\/\",\"name\":\"Foot d'avant\",\"description\":\"\",\"publisher\":{\"@id\":\"https:\/\/footdavant.fr\/actualites\/#organization\"},\"potentialAction\":[{\"@type\":\"SearchAction\",\"target\":{\"@type\":\"EntryPoint\",\"urlTemplate\":\"https:\/\/footdavant.fr\/actualites\/?s={search_term_string}\"},\"query-input\":\"required name=search_term_string\"}],\"inLanguage\":\"fr-FR\"},{\"@type\":\"Organization\",\"@id\":\"https:\/\/footdavant.fr\/actualites\/#organization\",\"name\":\"Foot d'avant\",\"url\":\"https:\/\/footdavant.fr\/actualites\/\",\"logo\":{\"@type\":\"ImageObject\",\"inLanguage\":\"fr-FR\",\"@id\":\"https:\/\/footdavant.fr\/actualites\/#\/schema\/logo\/image\/\",\"url\":\"https:\/\/footdavant.fr\/actualites\/wp-content\/uploads\/2023\/09\/Copy-of-FootDavant-Logo.png\",\"contentUrl\":\"https:\/\/footdavant.fr\/actualites\/wp-content\/uploads\/2023\/09\/Copy-of-FootDavant-Logo.png\",\"width\":936,\"height\":549,\"caption\":\"Foot d'avant\"},\"image\":{\"@id\":\"https:\/\/footdavant.fr\/actualites\/#\/schema\/logo\/image\/\"},\"sameAs\":[\"https:\/\/www.facebook.com\/Footdavant\/\",\"https:\/\/twitter.com\/FootdavantFr\",\"https:\/\/www.instagram.com\/footdavant.fr\/\"]},{\"@type\":\"Person\",\"@id\":\"https:\/\/footdavant.fr\/actualites\/#\/schema\/person\/bc222566d95871b37e597b3ed3ba5e1d\",\"name\":\"Cl\u00e9ment\",\"image\":{\"@type\":\"ImageObject\",\"inLanguage\":\"fr-FR\",\"@id\":\"https:\/\/footdavant.fr\/actualites\/#\/schema\/person\/image\/\",\"url\":\"https:\/\/secure.gravatar.com\/avatar\/7728b29aac2719421e1a9159b2254c44?s=96&d=mm&r=g\",\"contentUrl\":\"https:\/\/secure.gravatar.com\/avatar\/7728b29aac2719421e1a9159b2254c44?s=96&d=mm&r=g\",\"caption\":\"Cl\u00e9ment\"},\"sameAs\":[\"https:\/\/footdavant.fr\/\"]}]}<\/script>\n<!-- \/ Yoast SEO plugin. -->","yoast_head_json":{"title":"Lawrenson fait une grande d\u00e9claration sur la disparition de Leoni","robots":{"index":"index","follow":"follow","max-snippet":"max-snippet:-1","max-image-preview":"max-image-preview:large","max-video-preview":"max-video-preview:-1"},"canonical":"https:\/\/footdavant.fr\/actualites\/lawrenson-fait-une-grande-declaration-sur-la-disparition-de-leoni\/","og_locale":"fr_FR","og_type":"article","og_title":"Lawrenson fait une grande d\u00e9claration sur la disparition de Leoni","og_description":"Une saison frustrante pour Liverpool a \u00e9t\u00e9 fa\u00e7onn\u00e9e non seulement par les r\u00e9sultats, mais aussi par les circonstances, et l&#39;un des facteurs les plus n\u00e9glig\u00e9s","og_url":"https:\/\/footdavant.fr\/actualites\/lawrenson-fait-une-grande-declaration-sur-la-disparition-de-leoni\/","og_site_name":"Foot d&#039;avant","article_publisher":"https:\/\/www.facebook.com\/Footdavant\/","article_published_time":"2026-04-17T18:48:14+00:00","article_modified_time":"2026-04-17T18:48:16+00:00","og_image":[{"width":1200,"height":675,"url":"https:\/\/footdavant.fr\/actualites\/wp-content\/uploads\/2026\/04\/Lawrenson-fait-une-grande-declaration-sur-la-disparition-de-Leoni.jpg","type":"image\/jpeg"}],"author":"Cl\u00e9ment","twitter_card":"summary_large_image","twitter_creator":"@FootdavantFr","twitter_site":"@FootdavantFr","twitter_misc":{"\u00c9crit par":"Cl\u00e9ment","Dur\u00e9e de lecture estim\u00e9e":"2 minutes"},"schema":{"@context":"https:\/\/schema.org","@graph":[{"@type":"Article","@id":"https:\/\/footdavant.fr\/actualites\/lawrenson-fait-une-grande-declaration-sur-la-disparition-de-leoni\/#article","isPartOf":{"@id":"https:\/\/footdavant.fr\/actualites\/lawrenson-fait-une-grande-declaration-sur-la-disparition-de-leoni\/"},"author":{"name":"Cl\u00e9ment","@id":"https:\/\/footdavant.fr\/actualites\/#\/schema\/person\/bc222566d95871b37e597b3ed3ba5e1d"},"headline":"Lawrenson fait une grande d\u00e9claration sur la disparition de Leoni","datePublished":"2026-04-17T18:48:14+00:00","dateModified":"2026-04-17T18:48:16+00:00","mainEntityOfPage":{"@id":"https:\/\/footdavant.fr\/actualites\/lawrenson-fait-une-grande-declaration-sur-la-disparition-de-leoni\/"},"wordCount":453,"publisher":{"@id":"https:\/\/footdavant.fr\/actualites\/#organization"},"keywords":["D\u00e9claration","disparition","fait","grande","Lawrenson","Leoni","sur","une"],"articleSection":["Football"],"inLanguage":"fr-FR"},{"@type":"WebPage","@id":"https:\/\/footdavant.fr\/actualites\/lawrenson-fait-une-grande-declaration-sur-la-disparition-de-leoni\/","url":"https:\/\/footdavant.fr\/actualites\/lawrenson-fait-une-grande-declaration-sur-la-disparition-de-leoni\/","name":"Lawrenson fait une grande d\u00e9claration sur la disparition de Leoni","isPartOf":{"@id":"https:\/\/footdavant.fr\/actualites\/#website"},"datePublished":"2026-04-17T18:48:14+00:00","dateModified":"2026-04-17T18:48:16+00:00","breadcrumb":{"@id":"https:\/\/footdavant.fr\/actualites\/lawrenson-fait-une-grande-declaration-sur-la-disparition-de-leoni\/#breadcrumb"},"inLanguage":"fr-FR","potentialAction":[{"@type":"ReadAction","target":["https:\/\/footdavant.fr\/actualites\/lawrenson-fait-une-grande-declaration-sur-la-disparition-de-leoni\/"]}]},{"@type":"BreadcrumbList","@id":"https:\/\/footdavant.fr\/actualites\/lawrenson-fait-une-grande-declaration-sur-la-disparition-de-leoni\/#breadcrumb","itemListElement":[{"@type":"ListItem","position":1,"name":"Accueil","item":"https:\/\/footdavant.fr\/actualites\/"},{"@type":"ListItem","position":2,"name":"Lawrenson fait une grande d\u00e9claration sur la disparition de Leoni"}]},{"@type":"WebSite","@id":"https:\/\/footdavant.fr\/actualites\/#website","url":"https:\/\/footdavant.fr\/actualites\/","name":"Foot d'avant","description":"","publisher":{"@id":"https:\/\/footdavant.fr\/actualites\/#organization"},"potentialAction":[{"@type":"SearchAction","target":{"@type":"EntryPoint","urlTemplate":"https:\/\/footdavant.fr\/actualites\/?s={search_term_string}"},"query-input":"required name=search_term_string"}],"inLanguage":"fr-FR"},{"@type":"Organization","@id":"https:\/\/footdavant.fr\/actualites\/#organization","name":"Foot d'avant","url":"https:\/\/footdavant.fr\/actualites\/","logo":{"@type":"ImageObject","inLanguage":"fr-FR","@id":"https:\/\/footdavant.fr\/actualites\/#\/schema\/logo\/image\/","url":"https:\/\/footdavant.fr\/actualites\/wp-content\/uploads\/2023\/09\/Copy-of-FootDavant-Logo.png","contentUrl":"https:\/\/footdavant.fr\/actualites\/wp-content\/uploads\/2023\/09\/Copy-of-FootDavant-Logo.png","width":936,"height":549,"caption":"Foot d'avant"},"image":{"@id":"https:\/\/footdavant.fr\/actualites\/#\/schema\/logo\/image\/"},"sameAs":["https:\/\/www.facebook.com\/Footdavant\/","https:\/\/twitter.com\/FootdavantFr","https:\/\/www.instagram.com\/footdavant.fr\/"]},{"@type":"Person","@id":"https:\/\/footdavant.fr\/actualites\/#\/schema\/person\/bc222566d95871b37e597b3ed3ba5e1d","name":"Cl\u00e9ment","image":{"@type":"ImageObject","inLanguage":"fr-FR","@id":"https:\/\/footdavant.fr\/actualites\/#\/schema\/person\/image\/","url":"https:\/\/secure.gravatar.com\/avatar\/7728b29aac2719421e1a9159b2254c44?s=96&d=mm&r=g","contentUrl":"https:\/\/secure.gravatar.com\/avatar\/7728b29aac2719421e1a9159b2254c44?s=96&d=mm&r=g","caption":"Cl\u00e9ment"},"sameAs":["https:\/\/footdavant.fr\/"]}]}},"_links":{"self":[{"href":"https:\/\/footdavant.fr\/actualites\/wp-json\/wp\/v2\/posts\/36560"}],"collection":[{"href":"https:\/\/footdavant.fr\/actualites\/wp-json\/wp\/v2\/posts"}],"about":[{"href":"https:\/\/footdavant.fr\/actualites\/wp-json\/wp\/v2\/types\/post"}],"author":[{"embeddable":true,"href":"https:\/\/footdavant.fr\/actualites\/wp-json\/wp\/v2\/users\/1"}],"replies":[{"embeddable":true,"href":"https:\/\/footdavant.fr\/actualites\/wp-json\/wp\/v2\/comments?post=36560"}],"version-history":[{"count":1,"href":"https:\/\/footdavant.fr\/actualites\/wp-json\/wp\/v2\/posts\/36560\/revisions"}],"predecessor-version":[{"id":36562,"href":"https:\/\/footdavant.fr\/actualites\/wp-json\/wp\/v2\/posts\/36560\/revisions\/36562"}],"wp:featuredmedia":[{"embeddable":true,"href":"https:\/\/footdavant.fr\/actualites\/wp-json\/wp\/v2\/media\/36561"}],"wp:attachment":[{"href":"https:\/\/footdavant.fr\/actualites\/wp-json\/wp\/v2\/media?parent=36560"}],"wp:term":[{"taxonomy":"category","embeddable":true,"href":"https:\/\/footdavant.fr\/actualites\/wp-json\/wp\/v2\/categories?post=36560"},{"taxonomy":"post_tag","embeddable":true,"href":"https:\/\/footdavant.fr\/actualites\/wp-json\/wp\/v2\/tags?post=36560"}],"curies":[{"name":"wp","href":"https:\/\/api.w.org\/{rel}","templated":true}]}}