{"id":36563,"date":"2026-04-17T22:48:15","date_gmt":"2026-04-17T20:48:15","guid":{"rendered":"https:\/\/footdavant.fr\/actualites\/nouvelles-du-transfert-du-real-madrid-coup-de-pouce-alors-que-le-defenseur-central-a-une-clause-de-liberation-pour-les-clubs-de-reve-alors-que-le-rival-du-bayern-munich-los-blancos\/"},"modified":"2026-04-17T22:48:17","modified_gmt":"2026-04-17T20:48:17","slug":"nouvelles-du-transfert-du-real-madrid-coup-de-pouce-alors-que-le-defenseur-central-a-une-clause-de-liberation-pour-les-clubs-de-reve-alors-que-le-rival-du-bayern-munich-los-blancos","status":"publish","type":"post","link":"https:\/\/footdavant.fr\/actualites\/nouvelles-du-transfert-du-real-madrid-coup-de-pouce-alors-que-le-defenseur-central-a-une-clause-de-liberation-pour-les-clubs-de-reve-alors-que-le-rival-du-bayern-munich-los-blancos\/","title":{"rendered":"Nouvelles du transfert du Real Madrid: coup de pouce alors que le d\u00e9fenseur central a une clause de lib\u00e9ration pour les clubs \u00ab de r\u00eave \u00bb alors que le rival du Bayern Munich, Los Blancos"},"content":{"rendered":"<div itemprop=\"articleBody\">\n<p>Nico Schlotterbeck, cible du Real Madrid, pourrait quitter le Borussia Dortmund si sa clause lib\u00e9ratoire est activ\u00e9e, a r\u00e9v\u00e9l\u00e9 le dernier rapport.<\/p>\n<p>Los Blancos sont revenus en Liga vendredi, mais ils ont \u00e9t\u00e9 tenus en \u00e9chec 1-1 par G\u00e9rone, leur d\u00e9fense semblant vuln\u00e9rable.<\/p>\n<p>Ce n&#39;\u00e9tait pas la premi\u00e8re fois que l&#39;arri\u00e8re-garde d&#39;Alvaro Arbeloa paraissait fragile, \u00e9tant donn\u00e9 qu&#39;ils ont encaiss\u00e9 sept buts lors de leurs quatre derniers matches, une p\u00e9riode qui comprenait une d\u00e9faite 2-1 contre le Bayern Munich en Ligue des champions mardi.<\/p>\n<p>Le Real a toujours \u00e9t\u00e9 li\u00e9 aux d\u00e9fenseurs centraux avant l&#39;\u00e9t\u00e9, m\u00eame si de nombreux fans pensaient que Schlotterbeck de Dortmund ne serait pas disponible cet \u00e9t\u00e9 en raison du fait qu&#39;il avait sign\u00e9 un nouvel accord.<\/p>\n<p>journal allemand <em>Image<\/em> affirment que le nouveau contrat de Schlotterbeck contient plusieurs clauses pour un certain nombre de clubs, y compris une clause lib\u00e9ratoire d&#39;une valeur de seulement 50 \u00e0 60 millions d&#39;euros (43,52 \u00e0 52,22 millions de livres sterling).<\/p>\n<div>\n<div>\n<div>\n<div>\n<p>\u00a9 Iconsport \/ Picture Alliance<\/p>\n<\/div>\n<\/div>\n<\/div>\n<\/div>\n<h2>Nico Schlotterbeck au Real Madrid : Pourquoi Arbeloa veut-il un d\u00e9fenseur central ?<\/h2>\n<p>Les options actuelles du Real en tant que d\u00e9fenseur central n&#39;ont pas r\u00e9pondu aux attentes cette saison, et des doutes subsistent quant \u00e0 l&#39;avenir de David Alaba et d&#39;Antonio Rudiger.<\/p>\n<p>Les deux d\u00e9fenseurs sont en fin de contrat \u00e0 la fin de la saison et, \u00e9tant donn\u00e9 qu&#39;ils ont tous deux 33 ans, il peut \u00eatre judicieux de planifier un avenir sans eux.<\/p>\n<link href=\"https:\/\/fonts.googleapis.com\/css2?family=Open+Sans:wght@400;600;700&amp;display=swap\" rel=\"stylesheet\"\/>\n<section aria-labelledby=\"tipster-title\" class=\"box-tipster\">&#13;<br \/>\n&#13;<br \/>\n&#13;<\/p>\n<div class=\"box-tipster-content\">\n<p>Apparitions en Bundesliga\u00a0:\u00a023<\/p>\n<p>Objectifs : 4<\/p>\n<p>Passes : 1<\/p>\n<p>Plaquages \u200b\u200bpar match\u00a0: 1,8<\/p>\n<p>Passes pr\u00e9cises par match\u00a0: 62,4<\/p>\n<\/div>\n<p>&#13;<br \/>\n<\/section>\n<p>Los Blancos ont recrut\u00e9 Dean Huijsen de Bournemouth \u00e0 l&#39;\u00e9t\u00e9 2025, m\u00eame si le joueur de 20 ans a \u00e9t\u00e9 quelque peu incoh\u00e9rent.<\/p>\n<p>Schlotterbeck joue en Bundesliga depuis huit saisons d\u00e9j\u00e0 et l&#39;exp\u00e9rience du joueur de 26 ans pourrait aider Huijsen \u00e0 se d\u00e9velopper.<\/p>\n<div>\n<div>\n<div>\n<div><img decoding=\"async\" data-img-id=\"152424\" class=\"lazy\" loading=\"lazy\" src=\"https:\/\/footdavant.fr\/actualites\/wp-content\/uploads\/2026\/04\/1776458894_179_Nouvelles-du-transfert-du-Real-Madrid-coup-de-pouce-alors.webp\"\/><\/p>\n<p>\u00a9 Imago<\/p>\n<\/div>\n<\/div>\n<\/div>\n<\/div>\n<h2>Le Real Madrid peut-il battre le Bayern Munich et Liverpool face \u00e0 Nico Schlotterbeck ?<\/h2>\n<p>Le Bayern Munich et Liverpool seraient \u00e9galement int\u00e9ress\u00e9s par la signature de Schlotterbeck, m\u00eame si ce dernier aura du mal \u00e0 rivaliser pour sa signature s&#39;ils ne participent pas \u00e0 la Ligue des champions la saison prochaine.<\/p>\n<p>Le Real a peut-\u00eatre raison de craindre l&#39;int\u00e9r\u00eat du Bayern \u00e9tant donn\u00e9 que les Bavarois ont une solide histoire de braconnage des meilleurs talents de Dortmund, notamment Robert Lewandowski, Mario Gotze et Mats Hummels.<\/p>\n<p>Cependant, la perspective de mener la d\u00e9fense du Real vers un nouvel \u00e2ge d&#39;or est peut-\u00eatre trop tentante pour la refuser, et Los Blancos seront certainement une option s\u00e9rieuse pour Schlotterbeck.<\/p>\n<\/div>\n","protected":false},"excerpt":{"rendered":"<p>Nico Schlotterbeck, cible du Real Madrid, pourrait quitter le Borussia Dortmund si sa clause lib\u00e9ratoire est activ\u00e9e, a r\u00e9v\u00e9l\u00e9 le dernier rapport. Los Blancos sont<\/p>\n","protected":false},"author":1,"featured_media":36564,"comment_status":"closed","ping_status":"","sticky":false,"template":"","format":"standard","meta":{"footnotes":""},"categories":[5],"tags":[318,340,4499,1118,1094,533,489,928,93,651,2707,303,341,461,490,51,302,163,1191,700,92],"yoast_head":"<!-- This site is optimized with the Yoast SEO plugin v21.0 - https:\/\/yoast.com\/wordpress\/plugins\/seo\/ -->\n<title>Nouvelles du transfert du Real Madrid: coup de pouce alors que le d\u00e9fenseur central a une clause de lib\u00e9ration pour les clubs \u00ab de r\u00eave \u00bb alors que le rival du Bayern Munich, Los Blancos<\/title>\n<meta name=\"robots\" content=\"index, follow, max-snippet:-1, max-image-preview:large, max-video-preview:-1\" \/>\n<link rel=\"canonical\" href=\"https:\/\/footdavant.fr\/actualites\/nouvelles-du-transfert-du-real-madrid-coup-de-pouce-alors-que-le-defenseur-central-a-une-clause-de-liberation-pour-les-clubs-de-reve-alors-que-le-rival-du-bayern-munich-los-blancos\/\" \/>\n<meta property=\"og:locale\" content=\"fr_FR\" \/>\n<meta property=\"og:type\" content=\"article\" \/>\n<meta property=\"og:title\" content=\"Nouvelles du transfert du Real Madrid: coup de pouce alors que le d\u00e9fenseur central a une clause de lib\u00e9ration pour les clubs \u00ab de r\u00eave \u00bb alors que le rival du Bayern Munich, Los Blancos\" \/>\n<meta property=\"og:description\" content=\"Nico Schlotterbeck, cible du Real Madrid, pourrait quitter le Borussia Dortmund si sa clause lib\u00e9ratoire est activ\u00e9e, a r\u00e9v\u00e9l\u00e9 le dernier rapport. Los Blancos sont\" \/>\n<meta property=\"og:url\" content=\"https:\/\/footdavant.fr\/actualites\/nouvelles-du-transfert-du-real-madrid-coup-de-pouce-alors-que-le-defenseur-central-a-une-clause-de-liberation-pour-les-clubs-de-reve-alors-que-le-rival-du-bayern-munich-los-blancos\/\" \/>\n<meta property=\"og:site_name\" content=\"Foot d&#039;avant\" \/>\n<meta property=\"article:publisher\" content=\"https:\/\/www.facebook.com\/Footdavant\/\" \/>\n<meta property=\"article:published_time\" content=\"2026-04-17T20:48:15+00:00\" \/>\n<meta property=\"article:modified_time\" content=\"2026-04-17T20:48:17+00:00\" \/>\n<meta property=\"og:image\" content=\"https:\/\/footdavant.fr\/actualites\/wp-content\/uploads\/2026\/04\/Nouvelles-du-transfert-du-Real-Madrid-coup-de-pouce-alors.net2Fuploads2F20262F042Farne-slot-mo-sal.webp\" \/>\n\t<meta property=\"og:image:width\" content=\"720\" \/>\n\t<meta property=\"og:image:height\" content=\"410\" \/>\n\t<meta property=\"og:image:type\" content=\"image\/webp\" \/>\n<meta name=\"author\" content=\"Cl\u00e9ment\" \/>\n<meta name=\"twitter:card\" content=\"summary_large_image\" \/>\n<meta name=\"twitter:creator\" content=\"@FootdavantFr\" \/>\n<meta name=\"twitter:site\" content=\"@FootdavantFr\" \/>\n<meta name=\"twitter:label1\" content=\"\u00c9crit par\" \/>\n\t<meta name=\"twitter:data1\" content=\"Cl\u00e9ment\" \/>\n\t<meta name=\"twitter:label2\" content=\"Dur\u00e9e de lecture estim\u00e9e\" \/>\n\t<meta name=\"twitter:data2\" content=\"2 minutes\" \/>\n<script type=\"application\/ld+json\" class=\"yoast-schema-graph\">{\"@context\":\"https:\/\/schema.org\",\"@graph\":[{\"@type\":\"Article\",\"@id\":\"https:\/\/footdavant.fr\/actualites\/nouvelles-du-transfert-du-real-madrid-coup-de-pouce-alors-que-le-defenseur-central-a-une-clause-de-liberation-pour-les-clubs-de-reve-alors-que-le-rival-du-bayern-munich-los-blancos\/#article\",\"isPartOf\":{\"@id\":\"https:\/\/footdavant.fr\/actualites\/nouvelles-du-transfert-du-real-madrid-coup-de-pouce-alors-que-le-defenseur-central-a-une-clause-de-liberation-pour-les-clubs-de-reve-alors-que-le-rival-du-bayern-munich-los-blancos\/\"},\"author\":{\"name\":\"Cl\u00e9ment\",\"@id\":\"https:\/\/footdavant.fr\/actualites\/#\/schema\/person\/bc222566d95871b37e597b3ed3ba5e1d\"},\"headline\":\"Nouvelles du transfert du Real Madrid: coup de pouce alors que le d\u00e9fenseur central a une clause de lib\u00e9ration pour les clubs \u00ab de r\u00eave \u00bb alors que le rival du Bayern Munich, Los Blancos\",\"datePublished\":\"2026-04-17T20:48:15+00:00\",\"dateModified\":\"2026-04-17T20:48:17+00:00\",\"mainEntityOfPage\":{\"@id\":\"https:\/\/footdavant.fr\/actualites\/nouvelles-du-transfert-du-real-madrid-coup-de-pouce-alors-que-le-defenseur-central-a-une-clause-de-liberation-pour-les-clubs-de-reve-alors-que-le-rival-du-bayern-munich-los-blancos\/\"},\"wordCount\":480,\"publisher\":{\"@id\":\"https:\/\/footdavant.fr\/actualites\/#organization\"},\"keywords\":[\"alors\",\"Bayern\",\"Blancos\",\"central\",\"clause\",\"clubs\",\"coup\",\"d\u00e9fenseur\",\"les\",\"lib\u00e9ration\",\"Los\",\"Madrid\",\"Munich\",\"Nouvelles\",\"pouce\",\"pour\",\"Real\",\"r\u00eave\",\"rival\",\"transfert\",\"une\"],\"articleSection\":[\"Premier League\"],\"inLanguage\":\"fr-FR\"},{\"@type\":\"WebPage\",\"@id\":\"https:\/\/footdavant.fr\/actualites\/nouvelles-du-transfert-du-real-madrid-coup-de-pouce-alors-que-le-defenseur-central-a-une-clause-de-liberation-pour-les-clubs-de-reve-alors-que-le-rival-du-bayern-munich-los-blancos\/\",\"url\":\"https:\/\/footdavant.fr\/actualites\/nouvelles-du-transfert-du-real-madrid-coup-de-pouce-alors-que-le-defenseur-central-a-une-clause-de-liberation-pour-les-clubs-de-reve-alors-que-le-rival-du-bayern-munich-los-blancos\/\",\"name\":\"Nouvelles du transfert du Real Madrid: coup de pouce alors que le d\u00e9fenseur central a une clause de lib\u00e9ration pour les clubs \u00ab de r\u00eave \u00bb alors que le rival du Bayern Munich, Los Blancos\",\"isPartOf\":{\"@id\":\"https:\/\/footdavant.fr\/actualites\/#website\"},\"datePublished\":\"2026-04-17T20:48:15+00:00\",\"dateModified\":\"2026-04-17T20:48:17+00:00\",\"breadcrumb\":{\"@id\":\"https:\/\/footdavant.fr\/actualites\/nouvelles-du-transfert-du-real-madrid-coup-de-pouce-alors-que-le-defenseur-central-a-une-clause-de-liberation-pour-les-clubs-de-reve-alors-que-le-rival-du-bayern-munich-los-blancos\/#breadcrumb\"},\"inLanguage\":\"fr-FR\",\"potentialAction\":[{\"@type\":\"ReadAction\",\"target\":[\"https:\/\/footdavant.fr\/actualites\/nouvelles-du-transfert-du-real-madrid-coup-de-pouce-alors-que-le-defenseur-central-a-une-clause-de-liberation-pour-les-clubs-de-reve-alors-que-le-rival-du-bayern-munich-los-blancos\/\"]}]},{\"@type\":\"BreadcrumbList\",\"@id\":\"https:\/\/footdavant.fr\/actualites\/nouvelles-du-transfert-du-real-madrid-coup-de-pouce-alors-que-le-defenseur-central-a-une-clause-de-liberation-pour-les-clubs-de-reve-alors-que-le-rival-du-bayern-munich-los-blancos\/#breadcrumb\",\"itemListElement\":[{\"@type\":\"ListItem\",\"position\":1,\"name\":\"Accueil\",\"item\":\"https:\/\/footdavant.fr\/actualites\/\"},{\"@type\":\"ListItem\",\"position\":2,\"name\":\"Nouvelles du transfert du Real Madrid: coup de pouce alors que le d\u00e9fenseur central a une clause de lib\u00e9ration pour les clubs \u00ab de r\u00eave \u00bb alors que le rival du Bayern Munich, Los Blancos\"}]},{\"@type\":\"WebSite\",\"@id\":\"https:\/\/footdavant.fr\/actualites\/#website\",\"url\":\"https:\/\/footdavant.fr\/actualites\/\",\"name\":\"Foot d'avant\",\"description\":\"\",\"publisher\":{\"@id\":\"https:\/\/footdavant.fr\/actualites\/#organization\"},\"potentialAction\":[{\"@type\":\"SearchAction\",\"target\":{\"@type\":\"EntryPoint\",\"urlTemplate\":\"https:\/\/footdavant.fr\/actualites\/?s={search_term_string}\"},\"query-input\":\"required name=search_term_string\"}],\"inLanguage\":\"fr-FR\"},{\"@type\":\"Organization\",\"@id\":\"https:\/\/footdavant.fr\/actualites\/#organization\",\"name\":\"Foot d'avant\",\"url\":\"https:\/\/footdavant.fr\/actualites\/\",\"logo\":{\"@type\":\"ImageObject\",\"inLanguage\":\"fr-FR\",\"@id\":\"https:\/\/footdavant.fr\/actualites\/#\/schema\/logo\/image\/\",\"url\":\"https:\/\/footdavant.fr\/actualites\/wp-content\/uploads\/2023\/09\/Copy-of-FootDavant-Logo.png\",\"contentUrl\":\"https:\/\/footdavant.fr\/actualites\/wp-content\/uploads\/2023\/09\/Copy-of-FootDavant-Logo.png\",\"width\":936,\"height\":549,\"caption\":\"Foot d'avant\"},\"image\":{\"@id\":\"https:\/\/footdavant.fr\/actualites\/#\/schema\/logo\/image\/\"},\"sameAs\":[\"https:\/\/www.facebook.com\/Footdavant\/\",\"https:\/\/twitter.com\/FootdavantFr\",\"https:\/\/www.instagram.com\/footdavant.fr\/\"]},{\"@type\":\"Person\",\"@id\":\"https:\/\/footdavant.fr\/actualites\/#\/schema\/person\/bc222566d95871b37e597b3ed3ba5e1d\",\"name\":\"Cl\u00e9ment\",\"image\":{\"@type\":\"ImageObject\",\"inLanguage\":\"fr-FR\",\"@id\":\"https:\/\/footdavant.fr\/actualites\/#\/schema\/person\/image\/\",\"url\":\"https:\/\/secure.gravatar.com\/avatar\/7728b29aac2719421e1a9159b2254c44?s=96&d=mm&r=g\",\"contentUrl\":\"https:\/\/secure.gravatar.com\/avatar\/7728b29aac2719421e1a9159b2254c44?s=96&d=mm&r=g\",\"caption\":\"Cl\u00e9ment\"},\"sameAs\":[\"https:\/\/footdavant.fr\/\"]}]}<\/script>\n<!-- \/ Yoast SEO plugin. -->","yoast_head_json":{"title":"Nouvelles du transfert du Real Madrid: coup de pouce alors que le d\u00e9fenseur central a une clause de lib\u00e9ration pour les clubs \u00ab de r\u00eave \u00bb alors que le rival du Bayern Munich, Los Blancos","robots":{"index":"index","follow":"follow","max-snippet":"max-snippet:-1","max-image-preview":"max-image-preview:large","max-video-preview":"max-video-preview:-1"},"canonical":"https:\/\/footdavant.fr\/actualites\/nouvelles-du-transfert-du-real-madrid-coup-de-pouce-alors-que-le-defenseur-central-a-une-clause-de-liberation-pour-les-clubs-de-reve-alors-que-le-rival-du-bayern-munich-los-blancos\/","og_locale":"fr_FR","og_type":"article","og_title":"Nouvelles du transfert du Real Madrid: coup de pouce alors que le d\u00e9fenseur central a une clause de lib\u00e9ration pour les clubs \u00ab de r\u00eave \u00bb alors que le rival du Bayern Munich, Los Blancos","og_description":"Nico Schlotterbeck, cible du Real Madrid, pourrait quitter le Borussia Dortmund si sa clause lib\u00e9ratoire est activ\u00e9e, a r\u00e9v\u00e9l\u00e9 le dernier rapport. Los Blancos sont","og_url":"https:\/\/footdavant.fr\/actualites\/nouvelles-du-transfert-du-real-madrid-coup-de-pouce-alors-que-le-defenseur-central-a-une-clause-de-liberation-pour-les-clubs-de-reve-alors-que-le-rival-du-bayern-munich-los-blancos\/","og_site_name":"Foot d&#039;avant","article_publisher":"https:\/\/www.facebook.com\/Footdavant\/","article_published_time":"2026-04-17T20:48:15+00:00","article_modified_time":"2026-04-17T20:48:17+00:00","og_image":[{"width":720,"height":410,"url":"https:\/\/footdavant.fr\/actualites\/wp-content\/uploads\/2026\/04\/Nouvelles-du-transfert-du-Real-Madrid-coup-de-pouce-alors.net2Fuploads2F20262F042Farne-slot-mo-sal.webp","type":"image\/webp"}],"author":"Cl\u00e9ment","twitter_card":"summary_large_image","twitter_creator":"@FootdavantFr","twitter_site":"@FootdavantFr","twitter_misc":{"\u00c9crit par":"Cl\u00e9ment","Dur\u00e9e de lecture estim\u00e9e":"2 minutes"},"schema":{"@context":"https:\/\/schema.org","@graph":[{"@type":"Article","@id":"https:\/\/footdavant.fr\/actualites\/nouvelles-du-transfert-du-real-madrid-coup-de-pouce-alors-que-le-defenseur-central-a-une-clause-de-liberation-pour-les-clubs-de-reve-alors-que-le-rival-du-bayern-munich-los-blancos\/#article","isPartOf":{"@id":"https:\/\/footdavant.fr\/actualites\/nouvelles-du-transfert-du-real-madrid-coup-de-pouce-alors-que-le-defenseur-central-a-une-clause-de-liberation-pour-les-clubs-de-reve-alors-que-le-rival-du-bayern-munich-los-blancos\/"},"author":{"name":"Cl\u00e9ment","@id":"https:\/\/footdavant.fr\/actualites\/#\/schema\/person\/bc222566d95871b37e597b3ed3ba5e1d"},"headline":"Nouvelles du transfert du Real Madrid: coup de pouce alors que le d\u00e9fenseur central a une clause de lib\u00e9ration pour les clubs \u00ab de r\u00eave \u00bb alors que le rival du Bayern Munich, Los Blancos","datePublished":"2026-04-17T20:48:15+00:00","dateModified":"2026-04-17T20:48:17+00:00","mainEntityOfPage":{"@id":"https:\/\/footdavant.fr\/actualites\/nouvelles-du-transfert-du-real-madrid-coup-de-pouce-alors-que-le-defenseur-central-a-une-clause-de-liberation-pour-les-clubs-de-reve-alors-que-le-rival-du-bayern-munich-los-blancos\/"},"wordCount":480,"publisher":{"@id":"https:\/\/footdavant.fr\/actualites\/#organization"},"keywords":["alors","Bayern","Blancos","central","clause","clubs","coup","d\u00e9fenseur","les","lib\u00e9ration","Los","Madrid","Munich","Nouvelles","pouce","pour","Real","r\u00eave","rival","transfert","une"],"articleSection":["Premier League"],"inLanguage":"fr-FR"},{"@type":"WebPage","@id":"https:\/\/footdavant.fr\/actualites\/nouvelles-du-transfert-du-real-madrid-coup-de-pouce-alors-que-le-defenseur-central-a-une-clause-de-liberation-pour-les-clubs-de-reve-alors-que-le-rival-du-bayern-munich-los-blancos\/","url":"https:\/\/footdavant.fr\/actualites\/nouvelles-du-transfert-du-real-madrid-coup-de-pouce-alors-que-le-defenseur-central-a-une-clause-de-liberation-pour-les-clubs-de-reve-alors-que-le-rival-du-bayern-munich-los-blancos\/","name":"Nouvelles du transfert du Real Madrid: coup de pouce alors que le d\u00e9fenseur central a une clause de lib\u00e9ration pour les clubs \u00ab de r\u00eave \u00bb alors que le rival du Bayern Munich, Los Blancos","isPartOf":{"@id":"https:\/\/footdavant.fr\/actualites\/#website"},"datePublished":"2026-04-17T20:48:15+00:00","dateModified":"2026-04-17T20:48:17+00:00","breadcrumb":{"@id":"https:\/\/footdavant.fr\/actualites\/nouvelles-du-transfert-du-real-madrid-coup-de-pouce-alors-que-le-defenseur-central-a-une-clause-de-liberation-pour-les-clubs-de-reve-alors-que-le-rival-du-bayern-munich-los-blancos\/#breadcrumb"},"inLanguage":"fr-FR","potentialAction":[{"@type":"ReadAction","target":["https:\/\/footdavant.fr\/actualites\/nouvelles-du-transfert-du-real-madrid-coup-de-pouce-alors-que-le-defenseur-central-a-une-clause-de-liberation-pour-les-clubs-de-reve-alors-que-le-rival-du-bayern-munich-los-blancos\/"]}]},{"@type":"BreadcrumbList","@id":"https:\/\/footdavant.fr\/actualites\/nouvelles-du-transfert-du-real-madrid-coup-de-pouce-alors-que-le-defenseur-central-a-une-clause-de-liberation-pour-les-clubs-de-reve-alors-que-le-rival-du-bayern-munich-los-blancos\/#breadcrumb","itemListElement":[{"@type":"ListItem","position":1,"name":"Accueil","item":"https:\/\/footdavant.fr\/actualites\/"},{"@type":"ListItem","position":2,"name":"Nouvelles du transfert du Real Madrid: coup de pouce alors que le d\u00e9fenseur central a une clause de lib\u00e9ration pour les clubs \u00ab de r\u00eave \u00bb alors que le rival du Bayern Munich, Los Blancos"}]},{"@type":"WebSite","@id":"https:\/\/footdavant.fr\/actualites\/#website","url":"https:\/\/footdavant.fr\/actualites\/","name":"Foot d'avant","description":"","publisher":{"@id":"https:\/\/footdavant.fr\/actualites\/#organization"},"potentialAction":[{"@type":"SearchAction","target":{"@type":"EntryPoint","urlTemplate":"https:\/\/footdavant.fr\/actualites\/?s={search_term_string}"},"query-input":"required name=search_term_string"}],"inLanguage":"fr-FR"},{"@type":"Organization","@id":"https:\/\/footdavant.fr\/actualites\/#organization","name":"Foot d'avant","url":"https:\/\/footdavant.fr\/actualites\/","logo":{"@type":"ImageObject","inLanguage":"fr-FR","@id":"https:\/\/footdavant.fr\/actualites\/#\/schema\/logo\/image\/","url":"https:\/\/footdavant.fr\/actualites\/wp-content\/uploads\/2023\/09\/Copy-of-FootDavant-Logo.png","contentUrl":"https:\/\/footdavant.fr\/actualites\/wp-content\/uploads\/2023\/09\/Copy-of-FootDavant-Logo.png","width":936,"height":549,"caption":"Foot d'avant"},"image":{"@id":"https:\/\/footdavant.fr\/actualites\/#\/schema\/logo\/image\/"},"sameAs":["https:\/\/www.facebook.com\/Footdavant\/","https:\/\/twitter.com\/FootdavantFr","https:\/\/www.instagram.com\/footdavant.fr\/"]},{"@type":"Person","@id":"https:\/\/footdavant.fr\/actualites\/#\/schema\/person\/bc222566d95871b37e597b3ed3ba5e1d","name":"Cl\u00e9ment","image":{"@type":"ImageObject","inLanguage":"fr-FR","@id":"https:\/\/footdavant.fr\/actualites\/#\/schema\/person\/image\/","url":"https:\/\/secure.gravatar.com\/avatar\/7728b29aac2719421e1a9159b2254c44?s=96&d=mm&r=g","contentUrl":"https:\/\/secure.gravatar.com\/avatar\/7728b29aac2719421e1a9159b2254c44?s=96&d=mm&r=g","caption":"Cl\u00e9ment"},"sameAs":["https:\/\/footdavant.fr\/"]}]}},"_links":{"self":[{"href":"https:\/\/footdavant.fr\/actualites\/wp-json\/wp\/v2\/posts\/36563"}],"collection":[{"href":"https:\/\/footdavant.fr\/actualites\/wp-json\/wp\/v2\/posts"}],"about":[{"href":"https:\/\/footdavant.fr\/actualites\/wp-json\/wp\/v2\/types\/post"}],"author":[{"embeddable":true,"href":"https:\/\/footdavant.fr\/actualites\/wp-json\/wp\/v2\/users\/1"}],"replies":[{"embeddable":true,"href":"https:\/\/footdavant.fr\/actualites\/wp-json\/wp\/v2\/comments?post=36563"}],"version-history":[{"count":1,"href":"https:\/\/footdavant.fr\/actualites\/wp-json\/wp\/v2\/posts\/36563\/revisions"}],"predecessor-version":[{"id":36565,"href":"https:\/\/footdavant.fr\/actualites\/wp-json\/wp\/v2\/posts\/36563\/revisions\/36565"}],"wp:featuredmedia":[{"embeddable":true,"href":"https:\/\/footdavant.fr\/actualites\/wp-json\/wp\/v2\/media\/36564"}],"wp:attachment":[{"href":"https:\/\/footdavant.fr\/actualites\/wp-json\/wp\/v2\/media?parent=36563"}],"wp:term":[{"taxonomy":"category","embeddable":true,"href":"https:\/\/footdavant.fr\/actualites\/wp-json\/wp\/v2\/categories?post=36563"},{"taxonomy":"post_tag","embeddable":true,"href":"https:\/\/footdavant.fr\/actualites\/wp-json\/wp\/v2\/tags?post=36563"}],"curies":[{"name":"wp","href":"https:\/\/api.w.org\/{rel}","templated":true}]}}