{"id":36566,"date":"2026-04-18T00:48:07","date_gmt":"2026-04-17T22:48:07","guid":{"rendered":"https:\/\/footdavant.fr\/actualites\/cole-palmer-affirme-quil-na-pas-lintention-de-quitter-chelsea-au-milieu-de-linteret-de-manchester-united\/"},"modified":"2026-04-18T00:48:09","modified_gmt":"2026-04-17T22:48:09","slug":"cole-palmer-affirme-quil-na-pas-lintention-de-quitter-chelsea-au-milieu-de-linteret-de-manchester-united","status":"publish","type":"post","link":"https:\/\/footdavant.fr\/actualites\/cole-palmer-affirme-quil-na-pas-lintention-de-quitter-chelsea-au-milieu-de-linteret-de-manchester-united\/","title":{"rendered":"Cole Palmer affirme qu&#39;il n&#39;a \u00ab\u00a0pas l&#39;intention de quitter Chelsea\u00a0\u00bb au milieu de l&#39;int\u00e9r\u00eat de Manchester United"},"content":{"rendered":"<div>\n<p>Cole Palmer a minimis\u00e9 les sp\u00e9culations sur son avenir, insistant sur son engagement envers Chelsea malgr\u00e9 les informations le liant \u00e0 un transfert \u00e0 Manchester United.<\/p>\n<p>Le joueur de 23 ans, qui a rejoint Chelsea en provenance de Manchester City en 2023, a fait l&#39;objet de discussions sur son transfert ces derni\u00e8res semaines, avec des suggestions que sa baisse de forme pourrait conduire \u00e0 un retour dans le Nord-Ouest.<\/p>\n<p>Mais Palmer a rejet\u00e9 ces affirmations et a d\u00e9clar\u00e9 qu&#39;il n&#39;avait pas l&#39;intention de quitter Stamford Bridge.<\/p>\n<p>\u00ab Tout le monde parle, dit-il.<\/p>\n<p>\u00ab\u00a0Quand je le vois, je ris. \u00c9videmment, Manchester est ma maison. Toute ma famille est l\u00e0, mais \u00e7a ne me manque pas.<\/p>\n<p>\u00ab\u00a0Peut-\u00eatre que \u00e7a me manquera si je n&#39;y vais pas pendant trois mois ou quelque chose comme \u00e7a. Mais quand je rentre \u00e0 la maison, je pense qu&#39;il n&#39;y a rien pour moi de toute fa\u00e7on.\u00a0\u00bb<\/p>\n<figure class=\"wp-block-image size-large\"><picture decoding=\"async\" class=\"wp-image-161026\"><source type=\"image\/webp\" data-lazy- \/><img loading=\"lazy\" decoding=\"async\" width=\"1024\" height=\"672\" src=\"https:\/\/footdavant.fr\/actualites\/wp-content\/uploads\/2026\/04\/Cole-Palmer-affirme-qu39il-n39a-pas-l39intention-de-quitter-Chelsea.jpg\" alt=\"L&#39;attaquant de Chelsea Cole Palmer\"  \/>\n<\/picture>\n<\/figure>\n<h2 class=\"wp-block-heading\"><span id=\"Palmer8217s_Chelsea_future_addressed\">L&#39;avenir de Palmer \u00e0 Chelsea abord\u00e9<\/span><\/h2>\n<p>Apr\u00e8s un bon d\u00e9but de vie \u00e0 Chelsea, Palmer a eu plus de mal \u00e0 marquer des buts cette saison, marquant 10 jusqu&#39;\u00e0 pr\u00e9sent apr\u00e8s en avoir marqu\u00e9 43 au cours de ses deux premi\u00e8res campagnes.<\/p>\n<p>Cette baisse a conduit \u00e0 des sp\u00e9culations sur sa situation, mais le milieu de terrain a clairement indiqu\u00e9 qu&#39;il restait concentr\u00e9 sur son club actuel.<\/p>\n<p>\u00ab\u00a0Je n&#39;ai pas l&#39;intention de quitter Chelsea\u00a0\u00bb, a-t-il d\u00e9clar\u00e9.<\/p>\n<p>\u00ab\u00a0Nous avons encore beaucoup \u00e0 jouer. Nous avons la demi-finale de la FA Cup et si nous terminons en Ligue des champions, cela nous met dans une bonne position pour recruter les joueurs dont nous avons besoin.\u00a0\u00bb<\/p>\n<p>Palmer a sign\u00e9 une prolongation de contrat \u00e0 long terme en 2024, le liant \u00e0 Chelsea jusqu&#39;en 2033.<\/p>\n<figure class=\"wp-block-embed is-type-rich is-provider-twitter wp-block-embed-twitter\">\n<div class=\"wp-block-embed__wrapper\">\n<blockquote class=\"twitter-tweet\" data-width=\"500\" data-dnt=\"true\">\n<p lang=\"en\" dir=\"ltr\">\ud83d\udea8\ud83d\udc99 Cole Palmer : \u00ab\u00a0Je n&#39;ai AUCUN projet de changer de club, et quand je le vois, je ris\u00a0\u00bb.<\/p>\n<p>\u00ab\u00a0Manchester est \u00e9videmment ma maison. Toute ma famille est l\u00e0, mais cela ne me manque pas. Quand je rentre \u00e0 la maison, je pense qu&#39;il n&#39;y a rien l\u00e0-bas pour moi de toute fa\u00e7on\u00a0\u00bb, a d\u00e9clar\u00e9 au Guardian. <a rel=\"nofollow\" href=\"https:\/\/t.co\/tHjEGrkCfD\" rel=\"nofollow\">pic.twitter.com\/tHjEGrkCfD<\/a><\/p>\n<p>-Fabrizio Romano (@FabrizioRomano) <a rel=\"nofollow\" href=\"https:\/\/twitter.com\/FabrizioRomano\/status\/2045219374349381642?ref_src=twsrc%5Etfw\" rel=\"nofollow noopener\">17 avril 2026<\/a><\/p><\/blockquote>\n<\/div>\n<\/figure>\n<h2 class=\"wp-block-heading\"><span id=\"Chelsea8217s_summer_transfer_plans\">Les projets de transfert estival de Chelsea <\/span><\/h2>\n<p>Alors que Chelsea cherche actuellement \u00e0 se classer parmi les cinq premiers, Palmer a \u00e9galement parl\u00e9 des projets du club pour l&#39;avenir.<\/p>\n<p>Aux c\u00f4t\u00e9s du capitaine Reece James, il a eu des discussions avec la hi\u00e9rarchie du club sur le renforcement de l&#39;effectif.<\/p>\n<p>\u00ab\u00a0Nous avons parl\u00e9 aux propri\u00e9taires et ils sont s\u00fbrs des joueurs qui vont le faire\u00a0\u00bb, a d\u00e9clar\u00e9 Palmer.<\/p>\n<p>\u00ab Reece ne signera pas de contrat de six ans s&#39;il n&#39;a pas parl\u00e9 aux propri\u00e9taires et aux administrateurs.<\/p>\n<p>\u00ab\u00a0Reece et moi avons beaucoup parl\u00e9 des choses dont nous avons besoin, des joueurs que nous devons recruter et de la mani\u00e8re dont les choses doivent se d\u00e9rouler. Il ne signerait pas de nouveau contrat s&#39;il ne savait pas ce qui se passait.\u00a0\u00bb<\/p>\n<h2 class=\"wp-block-heading\"><span id=\"Chelsea_vs_Manchester_United_key_for_UCL_race\">Chelsea vs Manchester United, cl\u00e9 pour la course \u00e0 l&#39;UCL<\/span><\/h2>\n<p>Chelsea occupe actuellement la sixi\u00e8me place de la Premier League et affrontera Manchester United ce week-end dans un match qui pourrait fa\u00e7onner la course \u00e0 la qualification pour la Ligue des champions.<\/p>\n<p>Une place parmi les cinq premiers garantirait un retour dans la meilleure comp\u00e9tition europ\u00e9enne et, comme l&#39;a soulign\u00e9 Palmer, renforcerait la position du club sur le march\u00e9 des transferts.<\/p>\n<\/p><\/div>\n<p><script async src=\"https:\/\/platform.twitter.com\/widgets.js\" charset=\"utf-8\"><\/script><\/p>\n","protected":false},"excerpt":{"rendered":"<p>Cole Palmer a minimis\u00e9 les sp\u00e9culations sur son avenir, insistant sur son engagement envers Chelsea malgr\u00e9 les informations le liant \u00e0 un transfert \u00e0 Manchester<\/p>\n","protected":false},"author":1,"featured_media":36567,"comment_status":"closed","ping_status":"","sticky":false,"template":"","format":"standard","meta":{"footnotes":""},"categories":[3],"tags":[1115,171,1122,4267,4310,11,441,4238,1123,71,4290,170,13],"yoast_head":"<!-- This site is optimized with the Yoast SEO plugin v21.0 - https:\/\/yoast.com\/wordpress\/plugins\/seo\/ -->\n<title>Cole Palmer affirme qu&#039;il n&#039;a &quot;pas l&#039;intention de quitter Chelsea&quot; au milieu de l&#039;int\u00e9r\u00eat de Manchester United<\/title>\n<meta name=\"robots\" content=\"index, follow, max-snippet:-1, max-image-preview:large, max-video-preview:-1\" \/>\n<link rel=\"canonical\" href=\"https:\/\/footdavant.fr\/actualites\/cole-palmer-affirme-quil-na-pas-lintention-de-quitter-chelsea-au-milieu-de-linteret-de-manchester-united\/\" \/>\n<meta property=\"og:locale\" content=\"fr_FR\" \/>\n<meta property=\"og:type\" content=\"article\" \/>\n<meta property=\"og:title\" content=\"Cole Palmer affirme qu&#039;il n&#039;a &quot;pas l&#039;intention de quitter Chelsea&quot; au milieu de l&#039;int\u00e9r\u00eat de Manchester United\" \/>\n<meta property=\"og:description\" content=\"Cole Palmer a minimis\u00e9 les sp\u00e9culations sur son avenir, insistant sur son engagement envers Chelsea malgr\u00e9 les informations le liant \u00e0 un transfert \u00e0 Manchester\" \/>\n<meta property=\"og:url\" content=\"https:\/\/footdavant.fr\/actualites\/cole-palmer-affirme-quil-na-pas-lintention-de-quitter-chelsea-au-milieu-de-linteret-de-manchester-united\/\" \/>\n<meta property=\"og:site_name\" content=\"Foot d&#039;avant\" \/>\n<meta property=\"article:publisher\" content=\"https:\/\/www.facebook.com\/Footdavant\/\" \/>\n<meta property=\"article:published_time\" content=\"2026-04-17T22:48:07+00:00\" \/>\n<meta property=\"article:modified_time\" content=\"2026-04-17T22:48:09+00:00\" \/>\n<meta property=\"og:image\" content=\"https:\/\/footdavant.fr\/actualites\/wp-content\/uploads\/2026\/04\/1776466088_Cole-Palmer-affirme-qu39il-n39a-pas-l39intention-de-quitter-Chelsea.jpg\" \/>\n\t<meta property=\"og:image:width\" content=\"1200\" \/>\n\t<meta property=\"og:image:height\" content=\"800\" \/>\n\t<meta property=\"og:image:type\" content=\"image\/jpeg\" \/>\n<meta name=\"author\" content=\"Cl\u00e9ment\" \/>\n<meta name=\"twitter:card\" content=\"summary_large_image\" \/>\n<meta name=\"twitter:creator\" content=\"@FootdavantFr\" \/>\n<meta name=\"twitter:site\" content=\"@FootdavantFr\" \/>\n<meta name=\"twitter:label1\" content=\"\u00c9crit par\" \/>\n\t<meta name=\"twitter:data1\" content=\"Cl\u00e9ment\" \/>\n\t<meta name=\"twitter:label2\" content=\"Dur\u00e9e de lecture estim\u00e9e\" \/>\n\t<meta name=\"twitter:data2\" content=\"3 minutes\" \/>\n<script type=\"application\/ld+json\" class=\"yoast-schema-graph\">{\"@context\":\"https:\/\/schema.org\",\"@graph\":[{\"@type\":\"Article\",\"@id\":\"https:\/\/footdavant.fr\/actualites\/cole-palmer-affirme-quil-na-pas-lintention-de-quitter-chelsea-au-milieu-de-linteret-de-manchester-united\/#article\",\"isPartOf\":{\"@id\":\"https:\/\/footdavant.fr\/actualites\/cole-palmer-affirme-quil-na-pas-lintention-de-quitter-chelsea-au-milieu-de-linteret-de-manchester-united\/\"},\"author\":{\"name\":\"Cl\u00e9ment\",\"@id\":\"https:\/\/footdavant.fr\/actualites\/#\/schema\/person\/bc222566d95871b37e597b3ed3ba5e1d\"},\"headline\":\"Cole Palmer affirme qu&#39;il n&#39;a \u00ab\u00a0pas l&#39;intention de quitter Chelsea\u00a0\u00bb au milieu de l&#39;int\u00e9r\u00eat de Manchester United\",\"datePublished\":\"2026-04-17T22:48:07+00:00\",\"dateModified\":\"2026-04-17T22:48:09+00:00\",\"mainEntityOfPage\":{\"@id\":\"https:\/\/footdavant.fr\/actualites\/cole-palmer-affirme-quil-na-pas-lintention-de-quitter-chelsea-au-milieu-de-linteret-de-manchester-united\/\"},\"wordCount\":595,\"publisher\":{\"@id\":\"https:\/\/footdavant.fr\/actualites\/#organization\"},\"keywords\":[\"affirme\",\"Chelsea\",\"Cole\",\"l39intention\",\"l39int\u00e9r\u00eat\",\"Manchester\",\"milieu\",\"n39a\",\"Palmer\",\"pas\",\"qu39il\",\"quitter\",\"United\"],\"articleSection\":[\"Football\"],\"inLanguage\":\"fr-FR\"},{\"@type\":\"WebPage\",\"@id\":\"https:\/\/footdavant.fr\/actualites\/cole-palmer-affirme-quil-na-pas-lintention-de-quitter-chelsea-au-milieu-de-linteret-de-manchester-united\/\",\"url\":\"https:\/\/footdavant.fr\/actualites\/cole-palmer-affirme-quil-na-pas-lintention-de-quitter-chelsea-au-milieu-de-linteret-de-manchester-united\/\",\"name\":\"Cole Palmer affirme qu&#39;il n&#39;a \\\"pas l&#39;intention de quitter Chelsea\\\" au milieu de l&#39;int\u00e9r\u00eat de Manchester United\",\"isPartOf\":{\"@id\":\"https:\/\/footdavant.fr\/actualites\/#website\"},\"datePublished\":\"2026-04-17T22:48:07+00:00\",\"dateModified\":\"2026-04-17T22:48:09+00:00\",\"breadcrumb\":{\"@id\":\"https:\/\/footdavant.fr\/actualites\/cole-palmer-affirme-quil-na-pas-lintention-de-quitter-chelsea-au-milieu-de-linteret-de-manchester-united\/#breadcrumb\"},\"inLanguage\":\"fr-FR\",\"potentialAction\":[{\"@type\":\"ReadAction\",\"target\":[\"https:\/\/footdavant.fr\/actualites\/cole-palmer-affirme-quil-na-pas-lintention-de-quitter-chelsea-au-milieu-de-linteret-de-manchester-united\/\"]}]},{\"@type\":\"BreadcrumbList\",\"@id\":\"https:\/\/footdavant.fr\/actualites\/cole-palmer-affirme-quil-na-pas-lintention-de-quitter-chelsea-au-milieu-de-linteret-de-manchester-united\/#breadcrumb\",\"itemListElement\":[{\"@type\":\"ListItem\",\"position\":1,\"name\":\"Accueil\",\"item\":\"https:\/\/footdavant.fr\/actualites\/\"},{\"@type\":\"ListItem\",\"position\":2,\"name\":\"Cole Palmer affirme qu&#39;il n&#39;a \u00ab\u00a0pas l&#39;intention de quitter Chelsea\u00a0\u00bb au milieu de l&#39;int\u00e9r\u00eat de Manchester United\"}]},{\"@type\":\"WebSite\",\"@id\":\"https:\/\/footdavant.fr\/actualites\/#website\",\"url\":\"https:\/\/footdavant.fr\/actualites\/\",\"name\":\"Foot d'avant\",\"description\":\"\",\"publisher\":{\"@id\":\"https:\/\/footdavant.fr\/actualites\/#organization\"},\"potentialAction\":[{\"@type\":\"SearchAction\",\"target\":{\"@type\":\"EntryPoint\",\"urlTemplate\":\"https:\/\/footdavant.fr\/actualites\/?s={search_term_string}\"},\"query-input\":\"required name=search_term_string\"}],\"inLanguage\":\"fr-FR\"},{\"@type\":\"Organization\",\"@id\":\"https:\/\/footdavant.fr\/actualites\/#organization\",\"name\":\"Foot d'avant\",\"url\":\"https:\/\/footdavant.fr\/actualites\/\",\"logo\":{\"@type\":\"ImageObject\",\"inLanguage\":\"fr-FR\",\"@id\":\"https:\/\/footdavant.fr\/actualites\/#\/schema\/logo\/image\/\",\"url\":\"https:\/\/footdavant.fr\/actualites\/wp-content\/uploads\/2023\/09\/Copy-of-FootDavant-Logo.png\",\"contentUrl\":\"https:\/\/footdavant.fr\/actualites\/wp-content\/uploads\/2023\/09\/Copy-of-FootDavant-Logo.png\",\"width\":936,\"height\":549,\"caption\":\"Foot d'avant\"},\"image\":{\"@id\":\"https:\/\/footdavant.fr\/actualites\/#\/schema\/logo\/image\/\"},\"sameAs\":[\"https:\/\/www.facebook.com\/Footdavant\/\",\"https:\/\/twitter.com\/FootdavantFr\",\"https:\/\/www.instagram.com\/footdavant.fr\/\"]},{\"@type\":\"Person\",\"@id\":\"https:\/\/footdavant.fr\/actualites\/#\/schema\/person\/bc222566d95871b37e597b3ed3ba5e1d\",\"name\":\"Cl\u00e9ment\",\"image\":{\"@type\":\"ImageObject\",\"inLanguage\":\"fr-FR\",\"@id\":\"https:\/\/footdavant.fr\/actualites\/#\/schema\/person\/image\/\",\"url\":\"https:\/\/secure.gravatar.com\/avatar\/7728b29aac2719421e1a9159b2254c44?s=96&d=mm&r=g\",\"contentUrl\":\"https:\/\/secure.gravatar.com\/avatar\/7728b29aac2719421e1a9159b2254c44?s=96&d=mm&r=g\",\"caption\":\"Cl\u00e9ment\"},\"sameAs\":[\"https:\/\/footdavant.fr\/\"]}]}<\/script>\n<!-- \/ Yoast SEO plugin. -->","yoast_head_json":{"title":"Cole Palmer affirme qu&#39;il n&#39;a \"pas l&#39;intention de quitter Chelsea\" au milieu de l&#39;int\u00e9r\u00eat de Manchester United","robots":{"index":"index","follow":"follow","max-snippet":"max-snippet:-1","max-image-preview":"max-image-preview:large","max-video-preview":"max-video-preview:-1"},"canonical":"https:\/\/footdavant.fr\/actualites\/cole-palmer-affirme-quil-na-pas-lintention-de-quitter-chelsea-au-milieu-de-linteret-de-manchester-united\/","og_locale":"fr_FR","og_type":"article","og_title":"Cole Palmer affirme qu&#39;il n&#39;a \"pas l&#39;intention de quitter Chelsea\" au milieu de l&#39;int\u00e9r\u00eat de Manchester United","og_description":"Cole Palmer a minimis\u00e9 les sp\u00e9culations sur son avenir, insistant sur son engagement envers Chelsea malgr\u00e9 les informations le liant \u00e0 un transfert \u00e0 Manchester","og_url":"https:\/\/footdavant.fr\/actualites\/cole-palmer-affirme-quil-na-pas-lintention-de-quitter-chelsea-au-milieu-de-linteret-de-manchester-united\/","og_site_name":"Foot d&#039;avant","article_publisher":"https:\/\/www.facebook.com\/Footdavant\/","article_published_time":"2026-04-17T22:48:07+00:00","article_modified_time":"2026-04-17T22:48:09+00:00","og_image":[{"width":1200,"height":800,"url":"https:\/\/footdavant.fr\/actualites\/wp-content\/uploads\/2026\/04\/1776466088_Cole-Palmer-affirme-qu39il-n39a-pas-l39intention-de-quitter-Chelsea.jpg","type":"image\/jpeg"}],"author":"Cl\u00e9ment","twitter_card":"summary_large_image","twitter_creator":"@FootdavantFr","twitter_site":"@FootdavantFr","twitter_misc":{"\u00c9crit par":"Cl\u00e9ment","Dur\u00e9e de lecture estim\u00e9e":"3 minutes"},"schema":{"@context":"https:\/\/schema.org","@graph":[{"@type":"Article","@id":"https:\/\/footdavant.fr\/actualites\/cole-palmer-affirme-quil-na-pas-lintention-de-quitter-chelsea-au-milieu-de-linteret-de-manchester-united\/#article","isPartOf":{"@id":"https:\/\/footdavant.fr\/actualites\/cole-palmer-affirme-quil-na-pas-lintention-de-quitter-chelsea-au-milieu-de-linteret-de-manchester-united\/"},"author":{"name":"Cl\u00e9ment","@id":"https:\/\/footdavant.fr\/actualites\/#\/schema\/person\/bc222566d95871b37e597b3ed3ba5e1d"},"headline":"Cole Palmer affirme qu&#39;il n&#39;a \u00ab\u00a0pas l&#39;intention de quitter Chelsea\u00a0\u00bb au milieu de l&#39;int\u00e9r\u00eat de Manchester United","datePublished":"2026-04-17T22:48:07+00:00","dateModified":"2026-04-17T22:48:09+00:00","mainEntityOfPage":{"@id":"https:\/\/footdavant.fr\/actualites\/cole-palmer-affirme-quil-na-pas-lintention-de-quitter-chelsea-au-milieu-de-linteret-de-manchester-united\/"},"wordCount":595,"publisher":{"@id":"https:\/\/footdavant.fr\/actualites\/#organization"},"keywords":["affirme","Chelsea","Cole","l39intention","l39int\u00e9r\u00eat","Manchester","milieu","n39a","Palmer","pas","qu39il","quitter","United"],"articleSection":["Football"],"inLanguage":"fr-FR"},{"@type":"WebPage","@id":"https:\/\/footdavant.fr\/actualites\/cole-palmer-affirme-quil-na-pas-lintention-de-quitter-chelsea-au-milieu-de-linteret-de-manchester-united\/","url":"https:\/\/footdavant.fr\/actualites\/cole-palmer-affirme-quil-na-pas-lintention-de-quitter-chelsea-au-milieu-de-linteret-de-manchester-united\/","name":"Cole Palmer affirme qu&#39;il n&#39;a \"pas l&#39;intention de quitter Chelsea\" au milieu de l&#39;int\u00e9r\u00eat de Manchester United","isPartOf":{"@id":"https:\/\/footdavant.fr\/actualites\/#website"},"datePublished":"2026-04-17T22:48:07+00:00","dateModified":"2026-04-17T22:48:09+00:00","breadcrumb":{"@id":"https:\/\/footdavant.fr\/actualites\/cole-palmer-affirme-quil-na-pas-lintention-de-quitter-chelsea-au-milieu-de-linteret-de-manchester-united\/#breadcrumb"},"inLanguage":"fr-FR","potentialAction":[{"@type":"ReadAction","target":["https:\/\/footdavant.fr\/actualites\/cole-palmer-affirme-quil-na-pas-lintention-de-quitter-chelsea-au-milieu-de-linteret-de-manchester-united\/"]}]},{"@type":"BreadcrumbList","@id":"https:\/\/footdavant.fr\/actualites\/cole-palmer-affirme-quil-na-pas-lintention-de-quitter-chelsea-au-milieu-de-linteret-de-manchester-united\/#breadcrumb","itemListElement":[{"@type":"ListItem","position":1,"name":"Accueil","item":"https:\/\/footdavant.fr\/actualites\/"},{"@type":"ListItem","position":2,"name":"Cole Palmer affirme qu&#39;il n&#39;a \u00ab\u00a0pas l&#39;intention de quitter Chelsea\u00a0\u00bb au milieu de l&#39;int\u00e9r\u00eat de Manchester United"}]},{"@type":"WebSite","@id":"https:\/\/footdavant.fr\/actualites\/#website","url":"https:\/\/footdavant.fr\/actualites\/","name":"Foot d'avant","description":"","publisher":{"@id":"https:\/\/footdavant.fr\/actualites\/#organization"},"potentialAction":[{"@type":"SearchAction","target":{"@type":"EntryPoint","urlTemplate":"https:\/\/footdavant.fr\/actualites\/?s={search_term_string}"},"query-input":"required name=search_term_string"}],"inLanguage":"fr-FR"},{"@type":"Organization","@id":"https:\/\/footdavant.fr\/actualites\/#organization","name":"Foot d'avant","url":"https:\/\/footdavant.fr\/actualites\/","logo":{"@type":"ImageObject","inLanguage":"fr-FR","@id":"https:\/\/footdavant.fr\/actualites\/#\/schema\/logo\/image\/","url":"https:\/\/footdavant.fr\/actualites\/wp-content\/uploads\/2023\/09\/Copy-of-FootDavant-Logo.png","contentUrl":"https:\/\/footdavant.fr\/actualites\/wp-content\/uploads\/2023\/09\/Copy-of-FootDavant-Logo.png","width":936,"height":549,"caption":"Foot d'avant"},"image":{"@id":"https:\/\/footdavant.fr\/actualites\/#\/schema\/logo\/image\/"},"sameAs":["https:\/\/www.facebook.com\/Footdavant\/","https:\/\/twitter.com\/FootdavantFr","https:\/\/www.instagram.com\/footdavant.fr\/"]},{"@type":"Person","@id":"https:\/\/footdavant.fr\/actualites\/#\/schema\/person\/bc222566d95871b37e597b3ed3ba5e1d","name":"Cl\u00e9ment","image":{"@type":"ImageObject","inLanguage":"fr-FR","@id":"https:\/\/footdavant.fr\/actualites\/#\/schema\/person\/image\/","url":"https:\/\/secure.gravatar.com\/avatar\/7728b29aac2719421e1a9159b2254c44?s=96&d=mm&r=g","contentUrl":"https:\/\/secure.gravatar.com\/avatar\/7728b29aac2719421e1a9159b2254c44?s=96&d=mm&r=g","caption":"Cl\u00e9ment"},"sameAs":["https:\/\/footdavant.fr\/"]}]}},"_links":{"self":[{"href":"https:\/\/footdavant.fr\/actualites\/wp-json\/wp\/v2\/posts\/36566"}],"collection":[{"href":"https:\/\/footdavant.fr\/actualites\/wp-json\/wp\/v2\/posts"}],"about":[{"href":"https:\/\/footdavant.fr\/actualites\/wp-json\/wp\/v2\/types\/post"}],"author":[{"embeddable":true,"href":"https:\/\/footdavant.fr\/actualites\/wp-json\/wp\/v2\/users\/1"}],"replies":[{"embeddable":true,"href":"https:\/\/footdavant.fr\/actualites\/wp-json\/wp\/v2\/comments?post=36566"}],"version-history":[{"count":1,"href":"https:\/\/footdavant.fr\/actualites\/wp-json\/wp\/v2\/posts\/36566\/revisions"}],"predecessor-version":[{"id":36568,"href":"https:\/\/footdavant.fr\/actualites\/wp-json\/wp\/v2\/posts\/36566\/revisions\/36568"}],"wp:featuredmedia":[{"embeddable":true,"href":"https:\/\/footdavant.fr\/actualites\/wp-json\/wp\/v2\/media\/36567"}],"wp:attachment":[{"href":"https:\/\/footdavant.fr\/actualites\/wp-json\/wp\/v2\/media?parent=36566"}],"wp:term":[{"taxonomy":"category","embeddable":true,"href":"https:\/\/footdavant.fr\/actualites\/wp-json\/wp\/v2\/categories?post=36566"},{"taxonomy":"post_tag","embeddable":true,"href":"https:\/\/footdavant.fr\/actualites\/wp-json\/wp\/v2\/tags?post=36566"}],"curies":[{"name":"wp","href":"https:\/\/api.w.org\/{rel}","templated":true}]}}