{"id":36575,"date":"2026-04-18T06:48:13","date_gmt":"2026-04-18T04:48:13","guid":{"rendered":"https:\/\/footdavant.fr\/actualites\/blessure-a-arsenal-liste-de-suspension-et-dates-de-retour-pour-le-sporting-bukayo-saka-martin-odegaard-riccardo-calafiori-au-plus-tard\/"},"modified":"2026-04-18T06:48:16","modified_gmt":"2026-04-18T04:48:16","slug":"blessure-a-arsenal-liste-de-suspension-et-dates-de-retour-pour-le-sporting-bukayo-saka-martin-odegaard-riccardo-calafiori-au-plus-tard","status":"publish","type":"post","link":"https:\/\/footdavant.fr\/actualites\/blessure-a-arsenal-liste-de-suspension-et-dates-de-retour-pour-le-sporting-bukayo-saka-martin-odegaard-riccardo-calafiori-au-plus-tard\/","title":{"rendered":"Blessure \u00e0 Arsenal, liste de suspension et dates de retour pour le Sporting : Bukayo Saka, Martin Odegaard, Riccardo Calafiori au plus tard"},"content":{"rendered":"<div itemprop=\"articleBody\">\n<p>\u00c0 quatre-vingt-dix minutes d&#39;une deuxi\u00e8me demi-finale cons\u00e9cutive de la Ligue des champions, Arsenal accueille le Sporting Lisbonne lors du match retour de son quart de finale mercredi soir.<\/p>\n<p>Les hommes de Mikel Arteta auraient probablement fait match nul \u00e0 l&#39;Estadio Jose Alvalade lors de la rencontre d&#39;ouverture, mais le super rempla\u00e7ant Kai Havertz est apparu avec un vainqueur tardif lors d&#39;une victoire 1-0 au match aller.<\/p>\n<p>La frappe de Havertz pourrait tr\u00e8s bien s&#39;av\u00e9rer critique apr\u00e8s les \u00e9v\u00e9nements du week-end, alors que la course au titre d&#39;Arsenal en Premier League a subi un revers potentiellement majeur lors d&#39;un revers 2-1 contre Bournemouth.<\/p>\n<p>Ici, Sports Mole rassemble toutes les derni\u00e8res nouvelles sur les blessures et les suspensions d&#39;Arsenal avant le choc de la Ligue des champions de mercredi avec le Sporting, qui a battu Estrela Amadora 1-0 en Primeira Liga la derni\u00e8re fois.<\/p>\n<div>\n<div>\n<p>\u00a9 Iconsport \/ SUSA<\/p>\n<\/div>\n<\/div>\n<p>Statut : doute majeur<\/p>\n<p>Type de blessure : Inconnu<\/p>\n<p>Date de retour possible : 15 avril (vs Sporting)<\/p>\n<p>Apr\u00e8s avoir manqu\u00e9 l&#39;entra\u00eenement de jeudi, Riccardo Calafiori \u00e9tait absent lors de la d\u00e9faite contre Bournemouth en raison d&#39;une blessure inexpliqu\u00e9e, qui le rend \u00e9galement incertain pour le match retour de mercredi.<\/p>\n<hr size=\"2\"\/>\n<div>\n<div><img decoding=\"async\" data-img-id=\"158889\" class=\"lazy\" loading=\"lazy\" src=\"https:\/\/footdavant.fr\/actualites\/wp-content\/uploads\/2026\/04\/1776487692_244_Blessure-a-Arsenal-liste-de-suspension-et-dates-de-retour.webp\"\/><\/p>\n<p>\u00a9 Imago \/ Images d&#39;actualit\u00e9<\/p>\n<\/div>\n<\/div>\n<p>Statut\u00a0: doute mineur<\/p>\n<p>Type de blessure : Inconnu<\/p>\n<p>Date de retour possible : 15 avril (vs Sporting)<\/p>\n<p>De m\u00eame, Martin Odegaard n&#39;a pas fait partie de l&#39;\u00e9quipe de la journ\u00e9e de samedi apr\u00e8s avoir \u00e9t\u00e9 touch\u00e9 au match aller, bien qu&#39;il ait \u00e9t\u00e9 vu arrivant avec l&#39;\u00e9quipe aux Emirats, ce qui sugg\u00e8re que son probl\u00e8me n&#39;est pas trop grave.<\/p>\n<hr size=\"2\"\/>\n<div>\n<div><img decoding=\"async\" data-img-id=\"158032\" class=\"lazy\" loading=\"lazy\" src=\"https:\/\/footdavant.fr\/actualites\/wp-content\/uploads\/2026\/03\/Brighton-contre-Arsenal-des-statistiques-impressionnantes-demontrent-l39importance-de.webp\"\/><\/p>\n<p>\u00a9 Iconsport \/ SPI<\/p>\n<\/div>\n<\/div>\n<p>Statut : doute majeur<\/p>\n<p>Type de blessure : Coup<\/p>\n<p>Date de retour possible : 15 avril (vs Sporting)<\/p>\n<p>Bukayo Saka se remet encore du probl\u00e8me non pr\u00e9cis\u00e9 qu&#39;il a subi lors de son service international avec l&#39;Angleterre, et ses chances de se qualifier en milieu de semaine sont actuellement minces.<\/p>\n<h2>Jurrien Bois<\/h2>\n<div>\n<div><img decoding=\"async\" data-img-id=\"158510\" class=\"lazy\" loading=\"lazy\" src=\"https:\/\/footdavant.fr\/actualites\/wp-content\/uploads\/2026\/04\/Bukayo-Saka-d39Arsenal-et-Jurrien-Timber-exclus-du-choc-sportif.webp\"\/><\/p>\n<p>\u00a9 Iconsport \/ Ren\u00e9 Nijhuis \/ Alamy<\/p>\n<\/div>\n<\/div>\n<p>Statut\u00a0: doute mineur<\/p>\n<p>Type de blessure\u00a0: Aine<\/p>\n<p>Date de retour possible : 15 avril (vs Sporting)<\/p>\n<p>De m\u00eame, Jurrien Timber n&#39;a pas jou\u00e9 pour les Gunners depuis la derni\u00e8re interruption internationale, et le statut du N\u00e9erlandais pour le match en milieu de semaine est toujours obscurci par l&#39;incertitude.<\/p>\n<hr size=\"2\"\/>\n<h2>Mikel M\u00e9rinos<\/h2>\n<div>\n<div><img decoding=\"async\" data-img-id=\"157134\" class=\"lazy\" loading=\"lazy\" src=\"https:\/\/footdavant.fr\/actualites\/wp-content\/uploads\/2026\/03\/1772772504_877_Blessure-a-Arsenal-liste-de-suspension-et-dates-de-retour.webp\"\/><\/p>\n<p>\u00a9 Imago\/Zuma Press Wire<\/p>\n<\/div>\n<\/div>\n<p>Statut\u00a0:\u00a0Out<\/p>\n<p>Type de blessure : Pied<\/p>\n<p>Date de retour possible : Inconnue<\/p>\n<p>Mikel Merino a subi une op\u00e9ration pour soigner une fracture du pied il y a quelques mois et le milieu de terrain esp\u00e8re faire son retour avant la fin de la saison et \u00e0 temps pour la Coupe du Monde.<\/p>\n<hr align=\"center\" size=\"2\" width=\"100%\"\/>\n<h2>LISTE DE SUSPENSION D&#39;ARSENAL<\/h2>\n<p>Arsenal n&#39;a aucun joueur suspendu pour le match retour, mais Christian Norgaard et Martin Zubimendi rateraient le match aller de n&#39;importe quelle demi-finale s&#39;ils recevaient un carton jaune ici.<\/p>\n<\/div>\n","protected":false},"excerpt":{"rendered":"<p>\u00c0 quatre-vingt-dix minutes d&#39;une deuxi\u00e8me demi-finale cons\u00e9cutive de la Ligue des champions, Arsenal accueille le Sporting Lisbonne lors du match retour de son quart de<\/p>\n","protected":false},"author":1,"featured_media":34695,"comment_status":"closed","ping_status":"","sticky":false,"template":"","format":"standard","meta":{"footnotes":""},"categories":[5],"tags":[67,15,865,5578,2867,17,892,186,51,393,5643,185,2301,18,4041],"yoast_head":"<!-- This site is optimized with the Yoast SEO plugin v21.0 - https:\/\/yoast.com\/wordpress\/plugins\/seo\/ -->\n<title>Blessure \u00e0 Arsenal, liste de suspension et dates de retour pour le Sporting : Bukayo Saka, Martin Odegaard, Riccardo Calafiori au plus tard<\/title>\n<meta name=\"robots\" content=\"index, follow, max-snippet:-1, max-image-preview:large, max-video-preview:-1\" \/>\n<link rel=\"canonical\" href=\"https:\/\/footdavant.fr\/actualites\/blessure-a-arsenal-liste-de-suspension-et-dates-de-retour-pour-le-sporting-bukayo-saka-martin-odegaard-riccardo-calafiori-au-plus-tard\/\" \/>\n<meta property=\"og:locale\" content=\"fr_FR\" \/>\n<meta property=\"og:type\" content=\"article\" \/>\n<meta property=\"og:title\" content=\"Blessure \u00e0 Arsenal, liste de suspension et dates de retour pour le Sporting : Bukayo Saka, Martin Odegaard, Riccardo Calafiori au plus tard\" \/>\n<meta property=\"og:description\" content=\"\u00c0 quatre-vingt-dix minutes d&#039;une deuxi\u00e8me demi-finale cons\u00e9cutive de la Ligue des champions, Arsenal accueille le Sporting Lisbonne lors du match retour de son quart de\" \/>\n<meta property=\"og:url\" content=\"https:\/\/footdavant.fr\/actualites\/blessure-a-arsenal-liste-de-suspension-et-dates-de-retour-pour-le-sporting-bukayo-saka-martin-odegaard-riccardo-calafiori-au-plus-tard\/\" \/>\n<meta property=\"og:site_name\" content=\"Foot d&#039;avant\" \/>\n<meta property=\"article:publisher\" content=\"https:\/\/www.facebook.com\/Footdavant\/\" \/>\n<meta property=\"article:published_time\" content=\"2026-04-18T04:48:13+00:00\" \/>\n<meta property=\"article:modified_time\" content=\"2026-04-18T04:48:16+00:00\" \/>\n<meta property=\"og:image\" content=\"https:\/\/footdavant.fr\/actualites\/wp-content\/uploads\/2026\/02\/Composition-d39Arsenal-contre-Wolves-XI-prevu-pour-le-choc-de.net2Fuploads2F20262F012Fcalafiori-2-6961.webp\" \/>\n\t<meta property=\"og:image:width\" content=\"720\" \/>\n\t<meta property=\"og:image:height\" content=\"410\" \/>\n\t<meta property=\"og:image:type\" content=\"image\/webp\" \/>\n<meta name=\"author\" content=\"Cl\u00e9ment\" \/>\n<meta name=\"twitter:card\" content=\"summary_large_image\" \/>\n<meta name=\"twitter:creator\" content=\"@FootdavantFr\" \/>\n<meta name=\"twitter:site\" content=\"@FootdavantFr\" \/>\n<meta name=\"twitter:label1\" content=\"\u00c9crit par\" \/>\n\t<meta name=\"twitter:data1\" content=\"Cl\u00e9ment\" \/>\n\t<meta name=\"twitter:label2\" content=\"Dur\u00e9e de lecture estim\u00e9e\" \/>\n\t<meta name=\"twitter:data2\" content=\"2 minutes\" \/>\n<script type=\"application\/ld+json\" class=\"yoast-schema-graph\">{\"@context\":\"https:\/\/schema.org\",\"@graph\":[{\"@type\":\"Article\",\"@id\":\"https:\/\/footdavant.fr\/actualites\/blessure-a-arsenal-liste-de-suspension-et-dates-de-retour-pour-le-sporting-bukayo-saka-martin-odegaard-riccardo-calafiori-au-plus-tard\/#article\",\"isPartOf\":{\"@id\":\"https:\/\/footdavant.fr\/actualites\/blessure-a-arsenal-liste-de-suspension-et-dates-de-retour-pour-le-sporting-bukayo-saka-martin-odegaard-riccardo-calafiori-au-plus-tard\/\"},\"author\":{\"name\":\"Cl\u00e9ment\",\"@id\":\"https:\/\/footdavant.fr\/actualites\/#\/schema\/person\/bc222566d95871b37e597b3ed3ba5e1d\"},\"headline\":\"Blessure \u00e0 Arsenal, liste de suspension et dates de retour pour le Sporting : Bukayo Saka, Martin Odegaard, Riccardo Calafiori au plus tard\",\"datePublished\":\"2026-04-18T04:48:13+00:00\",\"dateModified\":\"2026-04-18T04:48:16+00:00\",\"mainEntityOfPage\":{\"@id\":\"https:\/\/footdavant.fr\/actualites\/blessure-a-arsenal-liste-de-suspension-et-dates-de-retour-pour-le-sporting-bukayo-saka-martin-odegaard-riccardo-calafiori-au-plus-tard\/\"},\"wordCount\":507,\"publisher\":{\"@id\":\"https:\/\/footdavant.fr\/actualites\/#organization\"},\"keywords\":[\"Arsenal\",\"Blessure\",\"Bukayo\",\"Calafiori\",\"Dates\",\"liste\",\"Martin\",\"Odegaard\",\"pour\",\"retour\",\"Riccardo\",\"Saka\",\"Sporting\",\"suspension\",\"tard\"],\"articleSection\":[\"Premier League\"],\"inLanguage\":\"fr-FR\"},{\"@type\":\"WebPage\",\"@id\":\"https:\/\/footdavant.fr\/actualites\/blessure-a-arsenal-liste-de-suspension-et-dates-de-retour-pour-le-sporting-bukayo-saka-martin-odegaard-riccardo-calafiori-au-plus-tard\/\",\"url\":\"https:\/\/footdavant.fr\/actualites\/blessure-a-arsenal-liste-de-suspension-et-dates-de-retour-pour-le-sporting-bukayo-saka-martin-odegaard-riccardo-calafiori-au-plus-tard\/\",\"name\":\"Blessure \u00e0 Arsenal, liste de suspension et dates de retour pour le Sporting : Bukayo Saka, Martin Odegaard, Riccardo Calafiori au plus tard\",\"isPartOf\":{\"@id\":\"https:\/\/footdavant.fr\/actualites\/#website\"},\"datePublished\":\"2026-04-18T04:48:13+00:00\",\"dateModified\":\"2026-04-18T04:48:16+00:00\",\"breadcrumb\":{\"@id\":\"https:\/\/footdavant.fr\/actualites\/blessure-a-arsenal-liste-de-suspension-et-dates-de-retour-pour-le-sporting-bukayo-saka-martin-odegaard-riccardo-calafiori-au-plus-tard\/#breadcrumb\"},\"inLanguage\":\"fr-FR\",\"potentialAction\":[{\"@type\":\"ReadAction\",\"target\":[\"https:\/\/footdavant.fr\/actualites\/blessure-a-arsenal-liste-de-suspension-et-dates-de-retour-pour-le-sporting-bukayo-saka-martin-odegaard-riccardo-calafiori-au-plus-tard\/\"]}]},{\"@type\":\"BreadcrumbList\",\"@id\":\"https:\/\/footdavant.fr\/actualites\/blessure-a-arsenal-liste-de-suspension-et-dates-de-retour-pour-le-sporting-bukayo-saka-martin-odegaard-riccardo-calafiori-au-plus-tard\/#breadcrumb\",\"itemListElement\":[{\"@type\":\"ListItem\",\"position\":1,\"name\":\"Accueil\",\"item\":\"https:\/\/footdavant.fr\/actualites\/\"},{\"@type\":\"ListItem\",\"position\":2,\"name\":\"Blessure \u00e0 Arsenal, liste de suspension et dates de retour pour le Sporting : Bukayo Saka, Martin Odegaard, Riccardo Calafiori au plus tard\"}]},{\"@type\":\"WebSite\",\"@id\":\"https:\/\/footdavant.fr\/actualites\/#website\",\"url\":\"https:\/\/footdavant.fr\/actualites\/\",\"name\":\"Foot d'avant\",\"description\":\"\",\"publisher\":{\"@id\":\"https:\/\/footdavant.fr\/actualites\/#organization\"},\"potentialAction\":[{\"@type\":\"SearchAction\",\"target\":{\"@type\":\"EntryPoint\",\"urlTemplate\":\"https:\/\/footdavant.fr\/actualites\/?s={search_term_string}\"},\"query-input\":\"required name=search_term_string\"}],\"inLanguage\":\"fr-FR\"},{\"@type\":\"Organization\",\"@id\":\"https:\/\/footdavant.fr\/actualites\/#organization\",\"name\":\"Foot d'avant\",\"url\":\"https:\/\/footdavant.fr\/actualites\/\",\"logo\":{\"@type\":\"ImageObject\",\"inLanguage\":\"fr-FR\",\"@id\":\"https:\/\/footdavant.fr\/actualites\/#\/schema\/logo\/image\/\",\"url\":\"https:\/\/footdavant.fr\/actualites\/wp-content\/uploads\/2023\/09\/Copy-of-FootDavant-Logo.png\",\"contentUrl\":\"https:\/\/footdavant.fr\/actualites\/wp-content\/uploads\/2023\/09\/Copy-of-FootDavant-Logo.png\",\"width\":936,\"height\":549,\"caption\":\"Foot d'avant\"},\"image\":{\"@id\":\"https:\/\/footdavant.fr\/actualites\/#\/schema\/logo\/image\/\"},\"sameAs\":[\"https:\/\/www.facebook.com\/Footdavant\/\",\"https:\/\/twitter.com\/FootdavantFr\",\"https:\/\/www.instagram.com\/footdavant.fr\/\"]},{\"@type\":\"Person\",\"@id\":\"https:\/\/footdavant.fr\/actualites\/#\/schema\/person\/bc222566d95871b37e597b3ed3ba5e1d\",\"name\":\"Cl\u00e9ment\",\"image\":{\"@type\":\"ImageObject\",\"inLanguage\":\"fr-FR\",\"@id\":\"https:\/\/footdavant.fr\/actualites\/#\/schema\/person\/image\/\",\"url\":\"https:\/\/secure.gravatar.com\/avatar\/7728b29aac2719421e1a9159b2254c44?s=96&d=mm&r=g\",\"contentUrl\":\"https:\/\/secure.gravatar.com\/avatar\/7728b29aac2719421e1a9159b2254c44?s=96&d=mm&r=g\",\"caption\":\"Cl\u00e9ment\"},\"sameAs\":[\"https:\/\/footdavant.fr\/\"]}]}<\/script>\n<!-- \/ Yoast SEO plugin. -->","yoast_head_json":{"title":"Blessure \u00e0 Arsenal, liste de suspension et dates de retour pour le Sporting : Bukayo Saka, Martin Odegaard, Riccardo Calafiori au plus tard","robots":{"index":"index","follow":"follow","max-snippet":"max-snippet:-1","max-image-preview":"max-image-preview:large","max-video-preview":"max-video-preview:-1"},"canonical":"https:\/\/footdavant.fr\/actualites\/blessure-a-arsenal-liste-de-suspension-et-dates-de-retour-pour-le-sporting-bukayo-saka-martin-odegaard-riccardo-calafiori-au-plus-tard\/","og_locale":"fr_FR","og_type":"article","og_title":"Blessure \u00e0 Arsenal, liste de suspension et dates de retour pour le Sporting : Bukayo Saka, Martin Odegaard, Riccardo Calafiori au plus tard","og_description":"\u00c0 quatre-vingt-dix minutes d&#39;une deuxi\u00e8me demi-finale cons\u00e9cutive de la Ligue des champions, Arsenal accueille le Sporting Lisbonne lors du match retour de son quart de","og_url":"https:\/\/footdavant.fr\/actualites\/blessure-a-arsenal-liste-de-suspension-et-dates-de-retour-pour-le-sporting-bukayo-saka-martin-odegaard-riccardo-calafiori-au-plus-tard\/","og_site_name":"Foot d&#039;avant","article_publisher":"https:\/\/www.facebook.com\/Footdavant\/","article_published_time":"2026-04-18T04:48:13+00:00","article_modified_time":"2026-04-18T04:48:16+00:00","og_image":[{"width":720,"height":410,"url":"https:\/\/footdavant.fr\/actualites\/wp-content\/uploads\/2026\/02\/Composition-d39Arsenal-contre-Wolves-XI-prevu-pour-le-choc-de.net2Fuploads2F20262F012Fcalafiori-2-6961.webp","type":"image\/webp"}],"author":"Cl\u00e9ment","twitter_card":"summary_large_image","twitter_creator":"@FootdavantFr","twitter_site":"@FootdavantFr","twitter_misc":{"\u00c9crit par":"Cl\u00e9ment","Dur\u00e9e de lecture estim\u00e9e":"2 minutes"},"schema":{"@context":"https:\/\/schema.org","@graph":[{"@type":"Article","@id":"https:\/\/footdavant.fr\/actualites\/blessure-a-arsenal-liste-de-suspension-et-dates-de-retour-pour-le-sporting-bukayo-saka-martin-odegaard-riccardo-calafiori-au-plus-tard\/#article","isPartOf":{"@id":"https:\/\/footdavant.fr\/actualites\/blessure-a-arsenal-liste-de-suspension-et-dates-de-retour-pour-le-sporting-bukayo-saka-martin-odegaard-riccardo-calafiori-au-plus-tard\/"},"author":{"name":"Cl\u00e9ment","@id":"https:\/\/footdavant.fr\/actualites\/#\/schema\/person\/bc222566d95871b37e597b3ed3ba5e1d"},"headline":"Blessure \u00e0 Arsenal, liste de suspension et dates de retour pour le Sporting : Bukayo Saka, Martin Odegaard, Riccardo Calafiori au plus tard","datePublished":"2026-04-18T04:48:13+00:00","dateModified":"2026-04-18T04:48:16+00:00","mainEntityOfPage":{"@id":"https:\/\/footdavant.fr\/actualites\/blessure-a-arsenal-liste-de-suspension-et-dates-de-retour-pour-le-sporting-bukayo-saka-martin-odegaard-riccardo-calafiori-au-plus-tard\/"},"wordCount":507,"publisher":{"@id":"https:\/\/footdavant.fr\/actualites\/#organization"},"keywords":["Arsenal","Blessure","Bukayo","Calafiori","Dates","liste","Martin","Odegaard","pour","retour","Riccardo","Saka","Sporting","suspension","tard"],"articleSection":["Premier League"],"inLanguage":"fr-FR"},{"@type":"WebPage","@id":"https:\/\/footdavant.fr\/actualites\/blessure-a-arsenal-liste-de-suspension-et-dates-de-retour-pour-le-sporting-bukayo-saka-martin-odegaard-riccardo-calafiori-au-plus-tard\/","url":"https:\/\/footdavant.fr\/actualites\/blessure-a-arsenal-liste-de-suspension-et-dates-de-retour-pour-le-sporting-bukayo-saka-martin-odegaard-riccardo-calafiori-au-plus-tard\/","name":"Blessure \u00e0 Arsenal, liste de suspension et dates de retour pour le Sporting : Bukayo Saka, Martin Odegaard, Riccardo Calafiori au plus tard","isPartOf":{"@id":"https:\/\/footdavant.fr\/actualites\/#website"},"datePublished":"2026-04-18T04:48:13+00:00","dateModified":"2026-04-18T04:48:16+00:00","breadcrumb":{"@id":"https:\/\/footdavant.fr\/actualites\/blessure-a-arsenal-liste-de-suspension-et-dates-de-retour-pour-le-sporting-bukayo-saka-martin-odegaard-riccardo-calafiori-au-plus-tard\/#breadcrumb"},"inLanguage":"fr-FR","potentialAction":[{"@type":"ReadAction","target":["https:\/\/footdavant.fr\/actualites\/blessure-a-arsenal-liste-de-suspension-et-dates-de-retour-pour-le-sporting-bukayo-saka-martin-odegaard-riccardo-calafiori-au-plus-tard\/"]}]},{"@type":"BreadcrumbList","@id":"https:\/\/footdavant.fr\/actualites\/blessure-a-arsenal-liste-de-suspension-et-dates-de-retour-pour-le-sporting-bukayo-saka-martin-odegaard-riccardo-calafiori-au-plus-tard\/#breadcrumb","itemListElement":[{"@type":"ListItem","position":1,"name":"Accueil","item":"https:\/\/footdavant.fr\/actualites\/"},{"@type":"ListItem","position":2,"name":"Blessure \u00e0 Arsenal, liste de suspension et dates de retour pour le Sporting : Bukayo Saka, Martin Odegaard, Riccardo Calafiori au plus tard"}]},{"@type":"WebSite","@id":"https:\/\/footdavant.fr\/actualites\/#website","url":"https:\/\/footdavant.fr\/actualites\/","name":"Foot d'avant","description":"","publisher":{"@id":"https:\/\/footdavant.fr\/actualites\/#organization"},"potentialAction":[{"@type":"SearchAction","target":{"@type":"EntryPoint","urlTemplate":"https:\/\/footdavant.fr\/actualites\/?s={search_term_string}"},"query-input":"required name=search_term_string"}],"inLanguage":"fr-FR"},{"@type":"Organization","@id":"https:\/\/footdavant.fr\/actualites\/#organization","name":"Foot d'avant","url":"https:\/\/footdavant.fr\/actualites\/","logo":{"@type":"ImageObject","inLanguage":"fr-FR","@id":"https:\/\/footdavant.fr\/actualites\/#\/schema\/logo\/image\/","url":"https:\/\/footdavant.fr\/actualites\/wp-content\/uploads\/2023\/09\/Copy-of-FootDavant-Logo.png","contentUrl":"https:\/\/footdavant.fr\/actualites\/wp-content\/uploads\/2023\/09\/Copy-of-FootDavant-Logo.png","width":936,"height":549,"caption":"Foot d'avant"},"image":{"@id":"https:\/\/footdavant.fr\/actualites\/#\/schema\/logo\/image\/"},"sameAs":["https:\/\/www.facebook.com\/Footdavant\/","https:\/\/twitter.com\/FootdavantFr","https:\/\/www.instagram.com\/footdavant.fr\/"]},{"@type":"Person","@id":"https:\/\/footdavant.fr\/actualites\/#\/schema\/person\/bc222566d95871b37e597b3ed3ba5e1d","name":"Cl\u00e9ment","image":{"@type":"ImageObject","inLanguage":"fr-FR","@id":"https:\/\/footdavant.fr\/actualites\/#\/schema\/person\/image\/","url":"https:\/\/secure.gravatar.com\/avatar\/7728b29aac2719421e1a9159b2254c44?s=96&d=mm&r=g","contentUrl":"https:\/\/secure.gravatar.com\/avatar\/7728b29aac2719421e1a9159b2254c44?s=96&d=mm&r=g","caption":"Cl\u00e9ment"},"sameAs":["https:\/\/footdavant.fr\/"]}]}},"_links":{"self":[{"href":"https:\/\/footdavant.fr\/actualites\/wp-json\/wp\/v2\/posts\/36575"}],"collection":[{"href":"https:\/\/footdavant.fr\/actualites\/wp-json\/wp\/v2\/posts"}],"about":[{"href":"https:\/\/footdavant.fr\/actualites\/wp-json\/wp\/v2\/types\/post"}],"author":[{"embeddable":true,"href":"https:\/\/footdavant.fr\/actualites\/wp-json\/wp\/v2\/users\/1"}],"replies":[{"embeddable":true,"href":"https:\/\/footdavant.fr\/actualites\/wp-json\/wp\/v2\/comments?post=36575"}],"version-history":[{"count":1,"href":"https:\/\/footdavant.fr\/actualites\/wp-json\/wp\/v2\/posts\/36575\/revisions"}],"predecessor-version":[{"id":36576,"href":"https:\/\/footdavant.fr\/actualites\/wp-json\/wp\/v2\/posts\/36575\/revisions\/36576"}],"wp:featuredmedia":[{"embeddable":true,"href":"https:\/\/footdavant.fr\/actualites\/wp-json\/wp\/v2\/media\/34695"}],"wp:attachment":[{"href":"https:\/\/footdavant.fr\/actualites\/wp-json\/wp\/v2\/media?parent=36575"}],"wp:term":[{"taxonomy":"category","embeddable":true,"href":"https:\/\/footdavant.fr\/actualites\/wp-json\/wp\/v2\/categories?post=36575"},{"taxonomy":"post_tag","embeddable":true,"href":"https:\/\/footdavant.fr\/actualites\/wp-json\/wp\/v2\/tags?post=36575"}],"curies":[{"name":"wp","href":"https:\/\/api.w.org\/{rel}","templated":true}]}}