{"id":36577,"date":"2026-04-18T08:48:06","date_gmt":"2026-04-18T06:48:06","guid":{"rendered":"https:\/\/footdavant.fr\/actualites\/cest-mon-genre-un-blog-darsenal\/"},"modified":"2026-04-18T08:48:08","modified_gmt":"2026-04-18T06:48:08","slug":"cest-mon-genre-un-blog-darsenal","status":"publish","type":"post","link":"https:\/\/footdavant.fr\/actualites\/cest-mon-genre-un-blog-darsenal\/","title":{"rendered":"C&#39;est mon genre |  &#8230;un blog d&#39;Arsenal"},"content":{"rendered":"<div>\n<p>J&#39;aime vraiment parler et pr\u00e9senter en public. Je l&#39;ai toujours fait. Pourtant, je suis un r\u00e9seauteur absolument inutile. Je ne peux pas parler avec des gens que je ne connais pas ou avec qui je ne suis pas du tout \u00e0 l\u2019aise. Je suis trop conscient des tics et des conventions sociales qui animent les bavardages et cela me rend tr\u00e8s anxieux et incapable de me d\u00e9tendre dans des bavardages inutiles.<\/p>\n<p>Lorsque certains de mes emplois pr\u00e9c\u00e9dents m&#39;obligeaient \u00e0 assister \u00e0 des conf\u00e9rences, je passais toujours la partie du temps marqu\u00e9e \u00ab th\u00e9s \/ caf\u00e9s \/ r\u00e9seautage \u00bb cach\u00e9e dans les toilettes avec mon t\u00e9l\u00e9phone jusqu&#39;\u00e0 ce qu&#39;il soit possible de r\u00e9appara\u00eetre en toute s\u00e9curit\u00e9. Pourtant, j\u2019\u00e9tais tr\u00e8s heureux sur sc\u00e8ne de parler en masse aux m\u00eames personnes, d\u2019une mani\u00e8re r\u00e9v\u00e9latrice et d\u2019une mani\u00e8re que beaucoup ont du mal \u00e0 g\u00e9rer.<\/p>\n<p>Il y a quelques ann\u00e9es, j\u2019ai vraiment r\u00e9fl\u00e9chi \u00e0 la question : comment pourrais-je \u00eatre \u00e0 la fois si extraverti et si introverti ? J&#39;ai d\u00e9cid\u00e9 que j&#39;aimais plus parler en public que les conversations g\u00eanantes pour une raison principale (mis \u00e0 part l&#39;ego). Contr\u00f4le. Il existe une structure pour parler en public qui rel\u00e8ve de votre auteur et elle est didactique.<\/p>\n<p>Les gens doivent vous \u00e9couter (ou avoir l\u2019air d\u2019\u00e9couter pendant que leur esprit vagabonde), rester assis et se taire. La conversation est mutuelle et cela introduit un \u00e9l\u00e9ment al\u00e9atoire \u00e9chappant \u00e0 mon contr\u00f4le. Lorsque je parle en public, je suis g\u00e9n\u00e9ralement pr\u00e9par\u00e9, mais dans une conversation polie, quelqu&#39;un peut dire n&#39;importe quoi et je dois juste tirer de la hanche pour r\u00e9pondre.<\/p>\n<p>J&#39;appr\u00e9cie et endure une contradiction similaire avec les foules. Dans des endroits comme les stades de football, les grands concerts ou les heures de pointe dans le m\u00e9tro de Londres, je suis r\u00e9guli\u00e8rement entour\u00e9 de tellement de monde que je me trouve physiquement proche d&#39;autres \u00eatres humains et cela ne me d\u00e9range pas du tout.<\/p>\n<p>Parce que dans ces \u00e9v\u00e9nements d\u00e9cisifs (en comptant vaguement les heures de pointe comme un concept avec un sens de chor\u00e9graphie), presque tout le monde sait o\u00f9 ils vont, c&#39;est g\u00e9n\u00e9ralement le m\u00eame endroit et la m\u00eame direction que vous allez et ils essaient d&#39;y aller rapidement (g\u00e9n\u00e9ralement). Pourtant, sur les march\u00e9s tr\u00e8s fr\u00e9quent\u00e9s, qu\u2019ils soient en plein air ou dans les supermarch\u00e9s, je ne peux pas y faire face.<\/p>\n<p>Dans les jours qui pr\u00e9c\u00e9daient la livraison des courses, je devais souvent sortir pour faire les courses hebdomadaires parce que je trouvais l&#39;anxi\u00e9t\u00e9 \u00e9crasante. Les foules dans ce d\u00e9cor sont beaucoup moins structur\u00e9es et plus chaotiques. Tout le monde se d\u00e9place dans des directions diff\u00e9rentes \u00e0 des vitesses diff\u00e9rentes et j&#39;ai simplement toujours eu le sentiment que j&#39;\u00e9tais sur le chemin et que je devais m&#39;\u00e9carter dans une s\u00e9ance de shadow boxing sans fin avec le grand public.<\/p>\n<p>Encore une fois, le contr\u00f4le et la structure sont au c\u0153ur de cette dichotomie. Le football et Arsenal en particulier sont une autre chose qui me rend tr\u00e8s nerveux et anxieux et quand je suis nerveux et anxieux, j&#39;ai soif de structure et de contr\u00f4le. Je ne veux pas que le football soit brillant et color\u00e9 comme beaucoup d\u2019autres, je veux juste qu\u2019Arsenal gagne.<\/p>\n<p>Alors quand je dis que j&#39;ai appr\u00e9ci\u00e9 le style de jeu d&#39;Arsenal sous Mikel Arteta, je le pense vraiment. \u00c9videmment, je sais que le football n\u00e9cessite du risque (et quand je regarde o\u00f9 Gabriel et Saliba ont tendance \u00e0 \u00eatre positionn\u00e9s quand Arsenal attaque, je le vois) et de la cr\u00e9ativit\u00e9 et j&#39;appr\u00e9cie certainement ces choses aussi, autant que n&#39;importe qui d&#39;autre. Mais au fond, je veux qu\u2019Arsenal soit solide, travailleur et difficile \u00e0 battre.<\/p>\n<p>L&#39;une des raisons pour lesquelles les conversations sur le football &#8211; en particulier dans un contexte profond\u00e9ment d\u00e9personnalis\u00e9 comme Internet &#8211; deviennent si charg\u00e9es est que les pens\u00e9es et les opinions d&#39;une personne sont g\u00e9n\u00e9ralement l&#39;expression de qui elle est. Lorsque quelqu\u2019un attaque votre point de vue subjectif, il attaque quelque chose qui touche au c\u0153ur de qui vous \u00eates. Et \u00e7a peut faire mal.<\/p>\n<p>Cela d\u00e9pend aussi souvent de votre \u00e9ducation footballistique. La grande majorit\u00e9 des fans d&#39;Arsenal dans le monde entier ont \u00ab grandi \u00bb (soit litt\u00e9ralement, soit au sens footballistique du terme) avec l&#39;Arsenal d&#39;Ars\u00e8ne Wenger. Son football et ses id\u00e9es constituent une partie essentielle de l\u2019identit\u00e9 des fans d\u2019Arsenal. (Je n&#39;en suis certainement pas exempt\u00e9, j&#39;avais 12 ans lorsque Wenger a pris la rel\u00e8ve).<\/p>\n<p>Pour moi, je pense que le triomphe d&#39;Arsenal en Coupe des vainqueurs de coupe en 1994 est le plus formateur et le plus impressionnable des troph\u00e9es qu&#39;Arsenal a remport\u00e9s au cours de ma vie. Je ne vous ennuierai plus avec pourquoi. J&#39;en ai parl\u00e9 ici. R\u00e9aliser ces solides 1-0 contre Parme, Turin et le PSG restera avec moi pour toujours.<\/p>\n<p>J\u2019\u00e9tais encore plus anxieux de regarder Arsenal \u00e0 l\u2019\u00e9poque qu\u2019aujourd\u2019hui, donc avoir une \u00e9quipe construite sur des bases aussi avares m\u2019a vraiment s\u00e9duit. J\u2019ai ador\u00e9 le sentiment que le reste du pays le d\u00e9testait aussi. Il n\u2019est probablement pas surprenant que je sois assez impressionn\u00e9 par les fondations que nous avons vues r\u00e9appara\u00eetre sous le mandat de Mikel Arteta.<\/p>\n<p>Je dirai \u00e9galement que je soup\u00e7onne qu\u2019Arteta aimerait jouer un football plus expressif que celui que nous avons vu cette saison. Les absences de piliers techniques comme Saka, Odegaard et Havertz ont att\u00e9nu\u00e9 cela, ainsi que le fait qu&#39;un attaquant vraiment de premier ordre n&#39;est tout simplement pas devenu disponible ces derni\u00e8res ann\u00e9es et l&#39;\u00e9t\u00e9 dernier, Arsenal a d\u00e9cid\u00e9 qu&#39;il ne pouvait pas continuer \u00e0 attendre qu&#39;une licorne tombe du ciel.<\/p>\n<p>Le style est g\u00e9n\u00e9ralement d\u00e9fini par votre talent et votre talent est d\u00e9fini par le march\u00e9, le talent d&#39;\u00e9lite d&#39;Arsenal est derri\u00e8re le ballon. Cela dit, m\u00eame si Arteta avait d\u00e8s le d\u00e9part Messi, Suarez et Neymar, je suis s\u00fbr que ses \u00e9quipes seraient construites sur l\u2019id\u00e9e que vous revenez en position, que vous respectez toutes les facettes du jeu et que vous faites votre putain de travail.<\/p>\n<p>Je n\u2019appr\u00e9cie pas seulement cela, je le ch\u00e9ris. Je trouve cela enrichissant (quand c&#39;est bien fait, bien s\u00fbr. Il n&#39;y a pas un style de football au monde qui soit agr\u00e9able quand ce n&#39;est pas bien fait). Je comprends que ce n&#39;est pas le cas de tout le monde. Je pense que le football impose aux fans de football un dogme selon lequel il n\u2019existe qu\u2019une seule vision de ce que peut signifier un football divertissant ou attrayant.<\/p>\n<p>Je soup\u00e7onne qu&#39;il y a beaucoup de conformisme lorsque les gens demandent un football \u00ab attrayant \u00bb ou \u00ab expansif \u00bb et nous comprenons tous ce que cela signifie. Je pense que c&#39;est dommage. Pour moi, cela revient \u00e0 dire qu\u2019il existe un \u00ab bon \u00bb type de musique ou de film. En m\u00eame temps, ce n&#39;est pas \u00e0 moi de juger les pr\u00e9f\u00e9rences des autres car, selon les mots de Nick Hornby, nous avons tous nos raisons d&#39;aimer les choses comme nous les aimons.<\/p>\n<\/div>\n","protected":false},"excerpt":{"rendered":"<p>J&#39;aime vraiment parler et pr\u00e9senter en public. Je l&#39;ai toujours fait. Pourtant, je suis un r\u00e9seauteur absolument inutile. Je ne peux pas parler avec des<\/p>\n","protected":false},"author":1,"featured_media":36578,"comment_status":"closed","ping_status":"","sticky":false,"template":"","format":"standard","meta":{"footnotes":""},"categories":[3],"tags":[57,58,4417,4221,11848,996],"yoast_head":"<!-- This site is optimized with the Yoast SEO plugin v21.0 - https:\/\/yoast.com\/wordpress\/plugins\/seo\/ -->\n<title>C&#039;est mon genre | ...un blog d&#039;Arsenal<\/title>\n<meta name=\"robots\" content=\"index, follow, max-snippet:-1, max-image-preview:large, max-video-preview:-1\" \/>\n<link rel=\"canonical\" href=\"https:\/\/footdavant.fr\/actualites\/cest-mon-genre-un-blog-darsenal\/\" \/>\n<meta property=\"og:locale\" content=\"fr_FR\" \/>\n<meta property=\"og:type\" content=\"article\" \/>\n<meta property=\"og:title\" content=\"C&#039;est mon genre | ...un blog d&#039;Arsenal\" \/>\n<meta property=\"og:description\" content=\"J&#039;aime vraiment parler et pr\u00e9senter en public. Je l&#039;ai toujours fait. Pourtant, je suis un r\u00e9seauteur absolument inutile. Je ne peux pas parler avec des\" \/>\n<meta property=\"og:url\" content=\"https:\/\/footdavant.fr\/actualites\/cest-mon-genre-un-blog-darsenal\/\" \/>\n<meta property=\"og:site_name\" content=\"Foot d&#039;avant\" \/>\n<meta property=\"article:publisher\" content=\"https:\/\/www.facebook.com\/Footdavant\/\" \/>\n<meta property=\"article:published_time\" content=\"2026-04-18T06:48:06+00:00\" \/>\n<meta property=\"article:modified_time\" content=\"2026-04-18T06:48:08+00:00\" \/>\n<meta property=\"og:image\" content=\"https:\/\/footdavant.fr\/actualites\/wp-content\/uploads\/2026\/04\/C39est-mon-genre-un-blog-d39Arsenal.jpg\" \/>\n\t<meta property=\"og:image:width\" content=\"960\" \/>\n\t<meta property=\"og:image:height\" content=\"640\" \/>\n\t<meta property=\"og:image:type\" content=\"image\/jpeg\" \/>\n<meta name=\"author\" content=\"Cl\u00e9ment\" \/>\n<meta name=\"twitter:card\" content=\"summary_large_image\" \/>\n<meta name=\"twitter:creator\" content=\"@FootdavantFr\" \/>\n<meta name=\"twitter:site\" content=\"@FootdavantFr\" \/>\n<meta name=\"twitter:label1\" content=\"\u00c9crit par\" \/>\n\t<meta name=\"twitter:data1\" content=\"Cl\u00e9ment\" \/>\n\t<meta name=\"twitter:label2\" content=\"Dur\u00e9e de lecture estim\u00e9e\" \/>\n\t<meta name=\"twitter:data2\" content=\"7 minutes\" \/>\n<script type=\"application\/ld+json\" class=\"yoast-schema-graph\">{\"@context\":\"https:\/\/schema.org\",\"@graph\":[{\"@type\":\"Article\",\"@id\":\"https:\/\/footdavant.fr\/actualites\/cest-mon-genre-un-blog-darsenal\/#article\",\"isPartOf\":{\"@id\":\"https:\/\/footdavant.fr\/actualites\/cest-mon-genre-un-blog-darsenal\/\"},\"author\":{\"name\":\"Cl\u00e9ment\",\"@id\":\"https:\/\/footdavant.fr\/actualites\/#\/schema\/person\/bc222566d95871b37e597b3ed3ba5e1d\"},\"headline\":\"C&#39;est mon genre | &#8230;un blog d&#39;Arsenal\",\"datePublished\":\"2026-04-18T06:48:06+00:00\",\"dateModified\":\"2026-04-18T06:48:08+00:00\",\"mainEntityOfPage\":{\"@id\":\"https:\/\/footdavant.fr\/actualites\/cest-mon-genre-un-blog-darsenal\/\"},\"wordCount\":1327,\"publisher\":{\"@id\":\"https:\/\/footdavant.fr\/actualites\/#organization\"},\"keywords\":[\"...un\",\"blog\",\"C39est\",\"d39Arsenal\",\"genre\",\"mon\"],\"articleSection\":[\"Football\"],\"inLanguage\":\"fr-FR\"},{\"@type\":\"WebPage\",\"@id\":\"https:\/\/footdavant.fr\/actualites\/cest-mon-genre-un-blog-darsenal\/\",\"url\":\"https:\/\/footdavant.fr\/actualites\/cest-mon-genre-un-blog-darsenal\/\",\"name\":\"C&#39;est mon genre | ...un blog d&#39;Arsenal\",\"isPartOf\":{\"@id\":\"https:\/\/footdavant.fr\/actualites\/#website\"},\"datePublished\":\"2026-04-18T06:48:06+00:00\",\"dateModified\":\"2026-04-18T06:48:08+00:00\",\"breadcrumb\":{\"@id\":\"https:\/\/footdavant.fr\/actualites\/cest-mon-genre-un-blog-darsenal\/#breadcrumb\"},\"inLanguage\":\"fr-FR\",\"potentialAction\":[{\"@type\":\"ReadAction\",\"target\":[\"https:\/\/footdavant.fr\/actualites\/cest-mon-genre-un-blog-darsenal\/\"]}]},{\"@type\":\"BreadcrumbList\",\"@id\":\"https:\/\/footdavant.fr\/actualites\/cest-mon-genre-un-blog-darsenal\/#breadcrumb\",\"itemListElement\":[{\"@type\":\"ListItem\",\"position\":1,\"name\":\"Accueil\",\"item\":\"https:\/\/footdavant.fr\/actualites\/\"},{\"@type\":\"ListItem\",\"position\":2,\"name\":\"C&#39;est mon genre | &#8230;un blog d&#39;Arsenal\"}]},{\"@type\":\"WebSite\",\"@id\":\"https:\/\/footdavant.fr\/actualites\/#website\",\"url\":\"https:\/\/footdavant.fr\/actualites\/\",\"name\":\"Foot d'avant\",\"description\":\"\",\"publisher\":{\"@id\":\"https:\/\/footdavant.fr\/actualites\/#organization\"},\"potentialAction\":[{\"@type\":\"SearchAction\",\"target\":{\"@type\":\"EntryPoint\",\"urlTemplate\":\"https:\/\/footdavant.fr\/actualites\/?s={search_term_string}\"},\"query-input\":\"required name=search_term_string\"}],\"inLanguage\":\"fr-FR\"},{\"@type\":\"Organization\",\"@id\":\"https:\/\/footdavant.fr\/actualites\/#organization\",\"name\":\"Foot d'avant\",\"url\":\"https:\/\/footdavant.fr\/actualites\/\",\"logo\":{\"@type\":\"ImageObject\",\"inLanguage\":\"fr-FR\",\"@id\":\"https:\/\/footdavant.fr\/actualites\/#\/schema\/logo\/image\/\",\"url\":\"https:\/\/footdavant.fr\/actualites\/wp-content\/uploads\/2023\/09\/Copy-of-FootDavant-Logo.png\",\"contentUrl\":\"https:\/\/footdavant.fr\/actualites\/wp-content\/uploads\/2023\/09\/Copy-of-FootDavant-Logo.png\",\"width\":936,\"height\":549,\"caption\":\"Foot d'avant\"},\"image\":{\"@id\":\"https:\/\/footdavant.fr\/actualites\/#\/schema\/logo\/image\/\"},\"sameAs\":[\"https:\/\/www.facebook.com\/Footdavant\/\",\"https:\/\/twitter.com\/FootdavantFr\",\"https:\/\/www.instagram.com\/footdavant.fr\/\"]},{\"@type\":\"Person\",\"@id\":\"https:\/\/footdavant.fr\/actualites\/#\/schema\/person\/bc222566d95871b37e597b3ed3ba5e1d\",\"name\":\"Cl\u00e9ment\",\"image\":{\"@type\":\"ImageObject\",\"inLanguage\":\"fr-FR\",\"@id\":\"https:\/\/footdavant.fr\/actualites\/#\/schema\/person\/image\/\",\"url\":\"https:\/\/secure.gravatar.com\/avatar\/7728b29aac2719421e1a9159b2254c44?s=96&d=mm&r=g\",\"contentUrl\":\"https:\/\/secure.gravatar.com\/avatar\/7728b29aac2719421e1a9159b2254c44?s=96&d=mm&r=g\",\"caption\":\"Cl\u00e9ment\"},\"sameAs\":[\"https:\/\/footdavant.fr\/\"]}]}<\/script>\n<!-- \/ Yoast SEO plugin. -->","yoast_head_json":{"title":"C&#39;est mon genre | ...un blog d&#39;Arsenal","robots":{"index":"index","follow":"follow","max-snippet":"max-snippet:-1","max-image-preview":"max-image-preview:large","max-video-preview":"max-video-preview:-1"},"canonical":"https:\/\/footdavant.fr\/actualites\/cest-mon-genre-un-blog-darsenal\/","og_locale":"fr_FR","og_type":"article","og_title":"C&#39;est mon genre | ...un blog d&#39;Arsenal","og_description":"J&#39;aime vraiment parler et pr\u00e9senter en public. Je l&#39;ai toujours fait. Pourtant, je suis un r\u00e9seauteur absolument inutile. Je ne peux pas parler avec des","og_url":"https:\/\/footdavant.fr\/actualites\/cest-mon-genre-un-blog-darsenal\/","og_site_name":"Foot d&#039;avant","article_publisher":"https:\/\/www.facebook.com\/Footdavant\/","article_published_time":"2026-04-18T06:48:06+00:00","article_modified_time":"2026-04-18T06:48:08+00:00","og_image":[{"width":960,"height":640,"url":"https:\/\/footdavant.fr\/actualites\/wp-content\/uploads\/2026\/04\/C39est-mon-genre-un-blog-d39Arsenal.jpg","type":"image\/jpeg"}],"author":"Cl\u00e9ment","twitter_card":"summary_large_image","twitter_creator":"@FootdavantFr","twitter_site":"@FootdavantFr","twitter_misc":{"\u00c9crit par":"Cl\u00e9ment","Dur\u00e9e de lecture estim\u00e9e":"7 minutes"},"schema":{"@context":"https:\/\/schema.org","@graph":[{"@type":"Article","@id":"https:\/\/footdavant.fr\/actualites\/cest-mon-genre-un-blog-darsenal\/#article","isPartOf":{"@id":"https:\/\/footdavant.fr\/actualites\/cest-mon-genre-un-blog-darsenal\/"},"author":{"name":"Cl\u00e9ment","@id":"https:\/\/footdavant.fr\/actualites\/#\/schema\/person\/bc222566d95871b37e597b3ed3ba5e1d"},"headline":"C&#39;est mon genre | &#8230;un blog d&#39;Arsenal","datePublished":"2026-04-18T06:48:06+00:00","dateModified":"2026-04-18T06:48:08+00:00","mainEntityOfPage":{"@id":"https:\/\/footdavant.fr\/actualites\/cest-mon-genre-un-blog-darsenal\/"},"wordCount":1327,"publisher":{"@id":"https:\/\/footdavant.fr\/actualites\/#organization"},"keywords":["...un","blog","C39est","d39Arsenal","genre","mon"],"articleSection":["Football"],"inLanguage":"fr-FR"},{"@type":"WebPage","@id":"https:\/\/footdavant.fr\/actualites\/cest-mon-genre-un-blog-darsenal\/","url":"https:\/\/footdavant.fr\/actualites\/cest-mon-genre-un-blog-darsenal\/","name":"C&#39;est mon genre | ...un blog d&#39;Arsenal","isPartOf":{"@id":"https:\/\/footdavant.fr\/actualites\/#website"},"datePublished":"2026-04-18T06:48:06+00:00","dateModified":"2026-04-18T06:48:08+00:00","breadcrumb":{"@id":"https:\/\/footdavant.fr\/actualites\/cest-mon-genre-un-blog-darsenal\/#breadcrumb"},"inLanguage":"fr-FR","potentialAction":[{"@type":"ReadAction","target":["https:\/\/footdavant.fr\/actualites\/cest-mon-genre-un-blog-darsenal\/"]}]},{"@type":"BreadcrumbList","@id":"https:\/\/footdavant.fr\/actualites\/cest-mon-genre-un-blog-darsenal\/#breadcrumb","itemListElement":[{"@type":"ListItem","position":1,"name":"Accueil","item":"https:\/\/footdavant.fr\/actualites\/"},{"@type":"ListItem","position":2,"name":"C&#39;est mon genre | &#8230;un blog d&#39;Arsenal"}]},{"@type":"WebSite","@id":"https:\/\/footdavant.fr\/actualites\/#website","url":"https:\/\/footdavant.fr\/actualites\/","name":"Foot d'avant","description":"","publisher":{"@id":"https:\/\/footdavant.fr\/actualites\/#organization"},"potentialAction":[{"@type":"SearchAction","target":{"@type":"EntryPoint","urlTemplate":"https:\/\/footdavant.fr\/actualites\/?s={search_term_string}"},"query-input":"required name=search_term_string"}],"inLanguage":"fr-FR"},{"@type":"Organization","@id":"https:\/\/footdavant.fr\/actualites\/#organization","name":"Foot d'avant","url":"https:\/\/footdavant.fr\/actualites\/","logo":{"@type":"ImageObject","inLanguage":"fr-FR","@id":"https:\/\/footdavant.fr\/actualites\/#\/schema\/logo\/image\/","url":"https:\/\/footdavant.fr\/actualites\/wp-content\/uploads\/2023\/09\/Copy-of-FootDavant-Logo.png","contentUrl":"https:\/\/footdavant.fr\/actualites\/wp-content\/uploads\/2023\/09\/Copy-of-FootDavant-Logo.png","width":936,"height":549,"caption":"Foot d'avant"},"image":{"@id":"https:\/\/footdavant.fr\/actualites\/#\/schema\/logo\/image\/"},"sameAs":["https:\/\/www.facebook.com\/Footdavant\/","https:\/\/twitter.com\/FootdavantFr","https:\/\/www.instagram.com\/footdavant.fr\/"]},{"@type":"Person","@id":"https:\/\/footdavant.fr\/actualites\/#\/schema\/person\/bc222566d95871b37e597b3ed3ba5e1d","name":"Cl\u00e9ment","image":{"@type":"ImageObject","inLanguage":"fr-FR","@id":"https:\/\/footdavant.fr\/actualites\/#\/schema\/person\/image\/","url":"https:\/\/secure.gravatar.com\/avatar\/7728b29aac2719421e1a9159b2254c44?s=96&d=mm&r=g","contentUrl":"https:\/\/secure.gravatar.com\/avatar\/7728b29aac2719421e1a9159b2254c44?s=96&d=mm&r=g","caption":"Cl\u00e9ment"},"sameAs":["https:\/\/footdavant.fr\/"]}]}},"_links":{"self":[{"href":"https:\/\/footdavant.fr\/actualites\/wp-json\/wp\/v2\/posts\/36577"}],"collection":[{"href":"https:\/\/footdavant.fr\/actualites\/wp-json\/wp\/v2\/posts"}],"about":[{"href":"https:\/\/footdavant.fr\/actualites\/wp-json\/wp\/v2\/types\/post"}],"author":[{"embeddable":true,"href":"https:\/\/footdavant.fr\/actualites\/wp-json\/wp\/v2\/users\/1"}],"replies":[{"embeddable":true,"href":"https:\/\/footdavant.fr\/actualites\/wp-json\/wp\/v2\/comments?post=36577"}],"version-history":[{"count":1,"href":"https:\/\/footdavant.fr\/actualites\/wp-json\/wp\/v2\/posts\/36577\/revisions"}],"predecessor-version":[{"id":36579,"href":"https:\/\/footdavant.fr\/actualites\/wp-json\/wp\/v2\/posts\/36577\/revisions\/36579"}],"wp:featuredmedia":[{"embeddable":true,"href":"https:\/\/footdavant.fr\/actualites\/wp-json\/wp\/v2\/media\/36578"}],"wp:attachment":[{"href":"https:\/\/footdavant.fr\/actualites\/wp-json\/wp\/v2\/media?parent=36577"}],"wp:term":[{"taxonomy":"category","embeddable":true,"href":"https:\/\/footdavant.fr\/actualites\/wp-json\/wp\/v2\/categories?post=36577"},{"taxonomy":"post_tag","embeddable":true,"href":"https:\/\/footdavant.fr\/actualites\/wp-json\/wp\/v2\/tags?post=36577"}],"curies":[{"name":"wp","href":"https:\/\/api.w.org\/{rel}","templated":true}]}}