{"id":36580,"date":"2026-04-18T10:48:01","date_gmt":"2026-04-18T08:48:01","guid":{"rendered":"https:\/\/footdavant.fr\/actualites\/nouvelles-du-transfert-de-man-united-le-projet-de-michael-carrick-de-recruter-un-milieu-de-terrain-entrave-alors-que-la-recherche-du-successeur-de-casemiro-se-poursuit\/"},"modified":"2026-04-18T10:48:02","modified_gmt":"2026-04-18T08:48:02","slug":"nouvelles-du-transfert-de-man-united-le-projet-de-michael-carrick-de-recruter-un-milieu-de-terrain-entrave-alors-que-la-recherche-du-successeur-de-casemiro-se-poursuit","status":"publish","type":"post","link":"https:\/\/footdavant.fr\/actualites\/nouvelles-du-transfert-de-man-united-le-projet-de-michael-carrick-de-recruter-un-milieu-de-terrain-entrave-alors-que-la-recherche-du-successeur-de-casemiro-se-poursuit\/","title":{"rendered":"Nouvelles du transfert de Man United : le projet de Michael Carrick de recruter un milieu de terrain \u00ab entrav\u00e9 \u00bb alors que la recherche du successeur de Casemiro se poursuit"},"content":{"rendered":"<div itemprop=\"articleBody\">\n<p>Stuttgart a supprim\u00e9 la clause de lib\u00e9ration d&#39;Angelo Stiller lors d&#39;un coup dur contre Manchester United cet \u00e9t\u00e9, selon le dernier rapport.<\/p>\n<p>Les Red Devils sont de retour en action lundi, le club esp\u00e9rant consolider davantage sa place dans le top cinq de la Premier League en battant Leeds United \u00e0 domicile.<\/p>\n<p>L&#39;\u00e9quipe de Michael Carrick est l&#39;\u00e9quipe en forme de l&#39;\u00e9lite depuis son arriv\u00e9e en tant qu&#39;entra\u00eeneur par int\u00e9rim en janvier, et s&#39;il parvient \u00e0 aider United \u00e0 revenir en Ligue des champions, il sera l&#39;un des favoris pour obtenir ce poste de mani\u00e8re permanente.<\/p>\n<p>Carrick voudra am\u00e9liorer un certain nombre de domaines s&#39;il reste dans l&#39;abri d&#39;Old Trafford, y compris au milieu de terrain, avec des joueurs comme Angelo Stiller de Stuttgart.<\/p>\n<p><em>Initi\u00e9 au football<\/em> affirment que Stiller avait une clause lib\u00e9ratoire \u00e9valu\u00e9e \u00e0 35 millions de livres sterling, mais Stuttgart a pu supprimer cette clause, rendant tout transfert cet \u00e9t\u00e9 plus compliqu\u00e9.<\/p>\n<div>\n<div>\n<div>\n<div>\n<p>\u00a9 Imago \/ Pressefoto Baumann<\/p>\n<\/div>\n<\/div>\n<\/div>\n<\/div>\n<h2>Angelo Stiller \u00e9valu\u00e9 : Pourquoi Manchester United a besoin de la star de Stuttgart<\/h2>\n<p>Stiller a principalement op\u00e9r\u00e9 en double pivot, mais alors que certains fans ont sugg\u00e9r\u00e9 qu&#39;il pourrait jouer comme milieu de terrain d\u00e9fensif \u00e0 United, son co\u00e9quipier Atakan Karazor a souvent \u00e9t\u00e9 responsable de l&#39;interruption du jeu.<\/p>\n<p>Il serait peut-\u00eatre pr\u00e9f\u00e9rable d&#39;utiliser la star allemande en tant que joueur le plus avanc\u00e9 dans un milieu de terrain \u00e0 Old Trafford, m\u00eame s&#39;il devrait toujours avoir la libert\u00e9 de dicter le jeu sur le terrain.<\/p>\n<link href=\"https:\/\/fonts.googleapis.com\/css2?family=Open+Sans:wght@400;600;700&amp;display=swap\" rel=\"stylesheet\"\/>\n<section aria-labelledby=\"tipster-title\" class=\"box-tipster\">&#13;<br \/>\n&#13;<br \/>\n&#13;<\/p>\n<div class=\"box-tipster-content\">\n<p>Apparitions\u00a0: 28<\/p>\n<p>Objectifs\u00a0: 1<\/p>\n<p>Passes : 5<\/p>\n<p>Passes cl\u00e9s par 90\u00a0: 1,8<\/p>\n<\/div>\n<p>&#13;<br \/>\n<\/section>\n<p>Le joueur de 25 ans est \u00e0 son meilleur avec le ballon aux pieds, avec sa moyenne de 61,5 passes pr\u00e9cises pour 90 de plus que Kobbie Mainoo (28,7) et Casemiro (37,6) cette saison.<\/p>\n<p>United manque d&#39;un passeur au milieu de terrain, et \u00e9tant donn\u00e9 que les meilleures \u00e9quipes sont capables de contr\u00f4ler les matchs en possession, il pourrait \u00eatre judicieux d&#39;amener Stiller au club afin de combler certaines des lacunes de l&#39;\u00e9quipe.<\/p>\n<div>\n<div>\n<div>\n<div><img decoding=\"async\" data-img-id=\"153245\" class=\"lazy\" loading=\"lazy\" src=\"https:\/\/footdavant.fr\/actualites\/wp-content\/uploads\/2026\/04\/1776502081_451_Nouvelles-du-transfert-de-Man-United-le-projet-de.webp\"\/><\/p>\n<p>\u00a9 Imago \/ DeFodi Images<\/p>\n<\/div>\n<\/div>\n<\/div>\n<\/div>\n<h2>De quoi d\u2019autre Man United a-t-il besoin ?<\/h2>\n<p>Kobbie Mainoo s&#39;est impos\u00e9 comme une option en \u00e9quipe premi\u00e8re \u00e0 United sous Carrick, mais il est un porteur sp\u00e9cialis\u00e9 plut\u00f4t qu&#39;un passeur, et il n&#39;est sans doute pas au niveau d\u00e9fensif requis pour soutenir quelqu&#39;un comme Stiller.<\/p>\n<p>Une version plus jeune de Casemiro pourrait bien fonctionner aux c\u00f4t\u00e9s de la star de Stuttgart, mais le Br\u00e9silien a confirm\u00e9 qu&#39;il partirait \u00e0 l&#39;expiration de son contrat \u00e0 la fin de la saison.<\/p>\n<p>Le club aura besoin d&#39;un milieu de terrain d\u00e9fensif quel que soit son projet de recruter Stiller, mais la signature de l&#39;homme de Stuttgart n\u00e9cessitera l&#39;arriv\u00e9e d&#39;un vainqueur du ballon.<\/p>\n<\/div>\n","protected":false},"excerpt":{"rendered":"<p>Stuttgart a supprim\u00e9 la clause de lib\u00e9ration d&#39;Angelo Stiller lors d&#39;un coup dur contre Manchester United cet \u00e9t\u00e9, selon le dernier rapport. Les Red Devils<\/p>\n","protected":false},"author":1,"featured_media":35755,"comment_status":"closed","ping_status":"","sticky":false,"template":"","format":"standard","meta":{"footnotes":""},"categories":[5],"tags":[318,5200,410,11849,24,1105,441,461,2975,4978,2348,1284,991,442,700,13],"yoast_head":"<!-- This site is optimized with the Yoast SEO plugin v21.0 - https:\/\/yoast.com\/wordpress\/plugins\/seo\/ -->\n<title>Nouvelles du transfert de Man United : le projet de Michael Carrick de recruter un milieu de terrain \u00ab entrav\u00e9 \u00bb alors que la recherche du successeur de Casemiro se poursuit<\/title>\n<meta name=\"robots\" content=\"index, follow, max-snippet:-1, max-image-preview:large, max-video-preview:-1\" \/>\n<link rel=\"canonical\" href=\"https:\/\/footdavant.fr\/actualites\/nouvelles-du-transfert-de-man-united-le-projet-de-michael-carrick-de-recruter-un-milieu-de-terrain-entrave-alors-que-la-recherche-du-successeur-de-casemiro-se-poursuit\/\" \/>\n<meta property=\"og:locale\" content=\"fr_FR\" \/>\n<meta property=\"og:type\" content=\"article\" \/>\n<meta property=\"og:title\" content=\"Nouvelles du transfert de Man United : le projet de Michael Carrick de recruter un milieu de terrain \u00ab entrav\u00e9 \u00bb alors que la recherche du successeur de Casemiro se poursuit\" \/>\n<meta property=\"og:description\" content=\"Stuttgart a supprim\u00e9 la clause de lib\u00e9ration d&#039;Angelo Stiller lors d&#039;un coup dur contre Manchester United cet \u00e9t\u00e9, selon le dernier rapport. Les Red Devils\" \/>\n<meta property=\"og:url\" content=\"https:\/\/footdavant.fr\/actualites\/nouvelles-du-transfert-de-man-united-le-projet-de-michael-carrick-de-recruter-un-milieu-de-terrain-entrave-alors-que-la-recherche-du-successeur-de-casemiro-se-poursuit\/\" \/>\n<meta property=\"og:site_name\" content=\"Foot d&#039;avant\" \/>\n<meta property=\"article:publisher\" content=\"https:\/\/www.facebook.com\/Footdavant\/\" \/>\n<meta property=\"article:published_time\" content=\"2026-04-18T08:48:01+00:00\" \/>\n<meta property=\"article:modified_time\" content=\"2026-04-18T08:48:02+00:00\" \/>\n<meta property=\"og:image\" content=\"https:\/\/footdavant.fr\/actualites\/wp-content\/uploads\/2026\/03\/Le-patron-de-Manchester-United-Michael-Carrick-furieux-des-decisions.net2Fuploads2F20262F032Fimago1074653700.webp\" \/>\n\t<meta property=\"og:image:width\" content=\"720\" \/>\n\t<meta property=\"og:image:height\" content=\"410\" \/>\n\t<meta property=\"og:image:type\" content=\"image\/webp\" \/>\n<meta name=\"author\" content=\"Cl\u00e9ment\" \/>\n<meta name=\"twitter:card\" content=\"summary_large_image\" \/>\n<meta name=\"twitter:creator\" content=\"@FootdavantFr\" \/>\n<meta name=\"twitter:site\" content=\"@FootdavantFr\" \/>\n<meta name=\"twitter:label1\" content=\"\u00c9crit par\" \/>\n\t<meta name=\"twitter:data1\" content=\"Cl\u00e9ment\" \/>\n\t<meta name=\"twitter:label2\" content=\"Dur\u00e9e de lecture estim\u00e9e\" \/>\n\t<meta name=\"twitter:data2\" content=\"2 minutes\" \/>\n<script type=\"application\/ld+json\" class=\"yoast-schema-graph\">{\"@context\":\"https:\/\/schema.org\",\"@graph\":[{\"@type\":\"Article\",\"@id\":\"https:\/\/footdavant.fr\/actualites\/nouvelles-du-transfert-de-man-united-le-projet-de-michael-carrick-de-recruter-un-milieu-de-terrain-entrave-alors-que-la-recherche-du-successeur-de-casemiro-se-poursuit\/#article\",\"isPartOf\":{\"@id\":\"https:\/\/footdavant.fr\/actualites\/nouvelles-du-transfert-de-man-united-le-projet-de-michael-carrick-de-recruter-un-milieu-de-terrain-entrave-alors-que-la-recherche-du-successeur-de-casemiro-se-poursuit\/\"},\"author\":{\"name\":\"Cl\u00e9ment\",\"@id\":\"https:\/\/footdavant.fr\/actualites\/#\/schema\/person\/bc222566d95871b37e597b3ed3ba5e1d\"},\"headline\":\"Nouvelles du transfert de Man United : le projet de Michael Carrick de recruter un milieu de terrain \u00ab entrav\u00e9 \u00bb alors que la recherche du successeur de Casemiro se poursuit\",\"datePublished\":\"2026-04-18T08:48:01+00:00\",\"dateModified\":\"2026-04-18T08:48:02+00:00\",\"mainEntityOfPage\":{\"@id\":\"https:\/\/footdavant.fr\/actualites\/nouvelles-du-transfert-de-man-united-le-projet-de-michael-carrick-de-recruter-un-milieu-de-terrain-entrave-alors-que-la-recherche-du-successeur-de-casemiro-se-poursuit\/\"},\"wordCount\":506,\"publisher\":{\"@id\":\"https:\/\/footdavant.fr\/actualites\/#organization\"},\"keywords\":[\"alors\",\"Carrick\",\"Casemiro\",\"entrav\u00e9\",\"Man\",\"Michael\",\"milieu\",\"Nouvelles\",\"poursuit\",\"projet\",\"recherche\",\"recruter\",\"successeur\",\"terrain\",\"transfert\",\"United\"],\"articleSection\":[\"Premier League\"],\"inLanguage\":\"fr-FR\"},{\"@type\":\"WebPage\",\"@id\":\"https:\/\/footdavant.fr\/actualites\/nouvelles-du-transfert-de-man-united-le-projet-de-michael-carrick-de-recruter-un-milieu-de-terrain-entrave-alors-que-la-recherche-du-successeur-de-casemiro-se-poursuit\/\",\"url\":\"https:\/\/footdavant.fr\/actualites\/nouvelles-du-transfert-de-man-united-le-projet-de-michael-carrick-de-recruter-un-milieu-de-terrain-entrave-alors-que-la-recherche-du-successeur-de-casemiro-se-poursuit\/\",\"name\":\"Nouvelles du transfert de Man United : le projet de Michael Carrick de recruter un milieu de terrain \u00ab entrav\u00e9 \u00bb alors que la recherche du successeur de Casemiro se poursuit\",\"isPartOf\":{\"@id\":\"https:\/\/footdavant.fr\/actualites\/#website\"},\"datePublished\":\"2026-04-18T08:48:01+00:00\",\"dateModified\":\"2026-04-18T08:48:02+00:00\",\"breadcrumb\":{\"@id\":\"https:\/\/footdavant.fr\/actualites\/nouvelles-du-transfert-de-man-united-le-projet-de-michael-carrick-de-recruter-un-milieu-de-terrain-entrave-alors-que-la-recherche-du-successeur-de-casemiro-se-poursuit\/#breadcrumb\"},\"inLanguage\":\"fr-FR\",\"potentialAction\":[{\"@type\":\"ReadAction\",\"target\":[\"https:\/\/footdavant.fr\/actualites\/nouvelles-du-transfert-de-man-united-le-projet-de-michael-carrick-de-recruter-un-milieu-de-terrain-entrave-alors-que-la-recherche-du-successeur-de-casemiro-se-poursuit\/\"]}]},{\"@type\":\"BreadcrumbList\",\"@id\":\"https:\/\/footdavant.fr\/actualites\/nouvelles-du-transfert-de-man-united-le-projet-de-michael-carrick-de-recruter-un-milieu-de-terrain-entrave-alors-que-la-recherche-du-successeur-de-casemiro-se-poursuit\/#breadcrumb\",\"itemListElement\":[{\"@type\":\"ListItem\",\"position\":1,\"name\":\"Accueil\",\"item\":\"https:\/\/footdavant.fr\/actualites\/\"},{\"@type\":\"ListItem\",\"position\":2,\"name\":\"Nouvelles du transfert de Man United : le projet de Michael Carrick de recruter un milieu de terrain \u00ab entrav\u00e9 \u00bb alors que la recherche du successeur de Casemiro se poursuit\"}]},{\"@type\":\"WebSite\",\"@id\":\"https:\/\/footdavant.fr\/actualites\/#website\",\"url\":\"https:\/\/footdavant.fr\/actualites\/\",\"name\":\"Foot d'avant\",\"description\":\"\",\"publisher\":{\"@id\":\"https:\/\/footdavant.fr\/actualites\/#organization\"},\"potentialAction\":[{\"@type\":\"SearchAction\",\"target\":{\"@type\":\"EntryPoint\",\"urlTemplate\":\"https:\/\/footdavant.fr\/actualites\/?s={search_term_string}\"},\"query-input\":\"required name=search_term_string\"}],\"inLanguage\":\"fr-FR\"},{\"@type\":\"Organization\",\"@id\":\"https:\/\/footdavant.fr\/actualites\/#organization\",\"name\":\"Foot d'avant\",\"url\":\"https:\/\/footdavant.fr\/actualites\/\",\"logo\":{\"@type\":\"ImageObject\",\"inLanguage\":\"fr-FR\",\"@id\":\"https:\/\/footdavant.fr\/actualites\/#\/schema\/logo\/image\/\",\"url\":\"https:\/\/footdavant.fr\/actualites\/wp-content\/uploads\/2023\/09\/Copy-of-FootDavant-Logo.png\",\"contentUrl\":\"https:\/\/footdavant.fr\/actualites\/wp-content\/uploads\/2023\/09\/Copy-of-FootDavant-Logo.png\",\"width\":936,\"height\":549,\"caption\":\"Foot d'avant\"},\"image\":{\"@id\":\"https:\/\/footdavant.fr\/actualites\/#\/schema\/logo\/image\/\"},\"sameAs\":[\"https:\/\/www.facebook.com\/Footdavant\/\",\"https:\/\/twitter.com\/FootdavantFr\",\"https:\/\/www.instagram.com\/footdavant.fr\/\"]},{\"@type\":\"Person\",\"@id\":\"https:\/\/footdavant.fr\/actualites\/#\/schema\/person\/bc222566d95871b37e597b3ed3ba5e1d\",\"name\":\"Cl\u00e9ment\",\"image\":{\"@type\":\"ImageObject\",\"inLanguage\":\"fr-FR\",\"@id\":\"https:\/\/footdavant.fr\/actualites\/#\/schema\/person\/image\/\",\"url\":\"https:\/\/secure.gravatar.com\/avatar\/7728b29aac2719421e1a9159b2254c44?s=96&d=mm&r=g\",\"contentUrl\":\"https:\/\/secure.gravatar.com\/avatar\/7728b29aac2719421e1a9159b2254c44?s=96&d=mm&r=g\",\"caption\":\"Cl\u00e9ment\"},\"sameAs\":[\"https:\/\/footdavant.fr\/\"]}]}<\/script>\n<!-- \/ Yoast SEO plugin. -->","yoast_head_json":{"title":"Nouvelles du transfert de Man United : le projet de Michael Carrick de recruter un milieu de terrain \u00ab entrav\u00e9 \u00bb alors que la recherche du successeur de Casemiro se poursuit","robots":{"index":"index","follow":"follow","max-snippet":"max-snippet:-1","max-image-preview":"max-image-preview:large","max-video-preview":"max-video-preview:-1"},"canonical":"https:\/\/footdavant.fr\/actualites\/nouvelles-du-transfert-de-man-united-le-projet-de-michael-carrick-de-recruter-un-milieu-de-terrain-entrave-alors-que-la-recherche-du-successeur-de-casemiro-se-poursuit\/","og_locale":"fr_FR","og_type":"article","og_title":"Nouvelles du transfert de Man United : le projet de Michael Carrick de recruter un milieu de terrain \u00ab entrav\u00e9 \u00bb alors que la recherche du successeur de Casemiro se poursuit","og_description":"Stuttgart a supprim\u00e9 la clause de lib\u00e9ration d&#39;Angelo Stiller lors d&#39;un coup dur contre Manchester United cet \u00e9t\u00e9, selon le dernier rapport. Les Red Devils","og_url":"https:\/\/footdavant.fr\/actualites\/nouvelles-du-transfert-de-man-united-le-projet-de-michael-carrick-de-recruter-un-milieu-de-terrain-entrave-alors-que-la-recherche-du-successeur-de-casemiro-se-poursuit\/","og_site_name":"Foot d&#039;avant","article_publisher":"https:\/\/www.facebook.com\/Footdavant\/","article_published_time":"2026-04-18T08:48:01+00:00","article_modified_time":"2026-04-18T08:48:02+00:00","og_image":[{"width":720,"height":410,"url":"https:\/\/footdavant.fr\/actualites\/wp-content\/uploads\/2026\/03\/Le-patron-de-Manchester-United-Michael-Carrick-furieux-des-decisions.net2Fuploads2F20262F032Fimago1074653700.webp","type":"image\/webp"}],"author":"Cl\u00e9ment","twitter_card":"summary_large_image","twitter_creator":"@FootdavantFr","twitter_site":"@FootdavantFr","twitter_misc":{"\u00c9crit par":"Cl\u00e9ment","Dur\u00e9e de lecture estim\u00e9e":"2 minutes"},"schema":{"@context":"https:\/\/schema.org","@graph":[{"@type":"Article","@id":"https:\/\/footdavant.fr\/actualites\/nouvelles-du-transfert-de-man-united-le-projet-de-michael-carrick-de-recruter-un-milieu-de-terrain-entrave-alors-que-la-recherche-du-successeur-de-casemiro-se-poursuit\/#article","isPartOf":{"@id":"https:\/\/footdavant.fr\/actualites\/nouvelles-du-transfert-de-man-united-le-projet-de-michael-carrick-de-recruter-un-milieu-de-terrain-entrave-alors-que-la-recherche-du-successeur-de-casemiro-se-poursuit\/"},"author":{"name":"Cl\u00e9ment","@id":"https:\/\/footdavant.fr\/actualites\/#\/schema\/person\/bc222566d95871b37e597b3ed3ba5e1d"},"headline":"Nouvelles du transfert de Man United : le projet de Michael Carrick de recruter un milieu de terrain \u00ab entrav\u00e9 \u00bb alors que la recherche du successeur de Casemiro se poursuit","datePublished":"2026-04-18T08:48:01+00:00","dateModified":"2026-04-18T08:48:02+00:00","mainEntityOfPage":{"@id":"https:\/\/footdavant.fr\/actualites\/nouvelles-du-transfert-de-man-united-le-projet-de-michael-carrick-de-recruter-un-milieu-de-terrain-entrave-alors-que-la-recherche-du-successeur-de-casemiro-se-poursuit\/"},"wordCount":506,"publisher":{"@id":"https:\/\/footdavant.fr\/actualites\/#organization"},"keywords":["alors","Carrick","Casemiro","entrav\u00e9","Man","Michael","milieu","Nouvelles","poursuit","projet","recherche","recruter","successeur","terrain","transfert","United"],"articleSection":["Premier League"],"inLanguage":"fr-FR"},{"@type":"WebPage","@id":"https:\/\/footdavant.fr\/actualites\/nouvelles-du-transfert-de-man-united-le-projet-de-michael-carrick-de-recruter-un-milieu-de-terrain-entrave-alors-que-la-recherche-du-successeur-de-casemiro-se-poursuit\/","url":"https:\/\/footdavant.fr\/actualites\/nouvelles-du-transfert-de-man-united-le-projet-de-michael-carrick-de-recruter-un-milieu-de-terrain-entrave-alors-que-la-recherche-du-successeur-de-casemiro-se-poursuit\/","name":"Nouvelles du transfert de Man United : le projet de Michael Carrick de recruter un milieu de terrain \u00ab entrav\u00e9 \u00bb alors que la recherche du successeur de Casemiro se poursuit","isPartOf":{"@id":"https:\/\/footdavant.fr\/actualites\/#website"},"datePublished":"2026-04-18T08:48:01+00:00","dateModified":"2026-04-18T08:48:02+00:00","breadcrumb":{"@id":"https:\/\/footdavant.fr\/actualites\/nouvelles-du-transfert-de-man-united-le-projet-de-michael-carrick-de-recruter-un-milieu-de-terrain-entrave-alors-que-la-recherche-du-successeur-de-casemiro-se-poursuit\/#breadcrumb"},"inLanguage":"fr-FR","potentialAction":[{"@type":"ReadAction","target":["https:\/\/footdavant.fr\/actualites\/nouvelles-du-transfert-de-man-united-le-projet-de-michael-carrick-de-recruter-un-milieu-de-terrain-entrave-alors-que-la-recherche-du-successeur-de-casemiro-se-poursuit\/"]}]},{"@type":"BreadcrumbList","@id":"https:\/\/footdavant.fr\/actualites\/nouvelles-du-transfert-de-man-united-le-projet-de-michael-carrick-de-recruter-un-milieu-de-terrain-entrave-alors-que-la-recherche-du-successeur-de-casemiro-se-poursuit\/#breadcrumb","itemListElement":[{"@type":"ListItem","position":1,"name":"Accueil","item":"https:\/\/footdavant.fr\/actualites\/"},{"@type":"ListItem","position":2,"name":"Nouvelles du transfert de Man United : le projet de Michael Carrick de recruter un milieu de terrain \u00ab entrav\u00e9 \u00bb alors que la recherche du successeur de Casemiro se poursuit"}]},{"@type":"WebSite","@id":"https:\/\/footdavant.fr\/actualites\/#website","url":"https:\/\/footdavant.fr\/actualites\/","name":"Foot d'avant","description":"","publisher":{"@id":"https:\/\/footdavant.fr\/actualites\/#organization"},"potentialAction":[{"@type":"SearchAction","target":{"@type":"EntryPoint","urlTemplate":"https:\/\/footdavant.fr\/actualites\/?s={search_term_string}"},"query-input":"required name=search_term_string"}],"inLanguage":"fr-FR"},{"@type":"Organization","@id":"https:\/\/footdavant.fr\/actualites\/#organization","name":"Foot d'avant","url":"https:\/\/footdavant.fr\/actualites\/","logo":{"@type":"ImageObject","inLanguage":"fr-FR","@id":"https:\/\/footdavant.fr\/actualites\/#\/schema\/logo\/image\/","url":"https:\/\/footdavant.fr\/actualites\/wp-content\/uploads\/2023\/09\/Copy-of-FootDavant-Logo.png","contentUrl":"https:\/\/footdavant.fr\/actualites\/wp-content\/uploads\/2023\/09\/Copy-of-FootDavant-Logo.png","width":936,"height":549,"caption":"Foot d'avant"},"image":{"@id":"https:\/\/footdavant.fr\/actualites\/#\/schema\/logo\/image\/"},"sameAs":["https:\/\/www.facebook.com\/Footdavant\/","https:\/\/twitter.com\/FootdavantFr","https:\/\/www.instagram.com\/footdavant.fr\/"]},{"@type":"Person","@id":"https:\/\/footdavant.fr\/actualites\/#\/schema\/person\/bc222566d95871b37e597b3ed3ba5e1d","name":"Cl\u00e9ment","image":{"@type":"ImageObject","inLanguage":"fr-FR","@id":"https:\/\/footdavant.fr\/actualites\/#\/schema\/person\/image\/","url":"https:\/\/secure.gravatar.com\/avatar\/7728b29aac2719421e1a9159b2254c44?s=96&d=mm&r=g","contentUrl":"https:\/\/secure.gravatar.com\/avatar\/7728b29aac2719421e1a9159b2254c44?s=96&d=mm&r=g","caption":"Cl\u00e9ment"},"sameAs":["https:\/\/footdavant.fr\/"]}]}},"_links":{"self":[{"href":"https:\/\/footdavant.fr\/actualites\/wp-json\/wp\/v2\/posts\/36580"}],"collection":[{"href":"https:\/\/footdavant.fr\/actualites\/wp-json\/wp\/v2\/posts"}],"about":[{"href":"https:\/\/footdavant.fr\/actualites\/wp-json\/wp\/v2\/types\/post"}],"author":[{"embeddable":true,"href":"https:\/\/footdavant.fr\/actualites\/wp-json\/wp\/v2\/users\/1"}],"replies":[{"embeddable":true,"href":"https:\/\/footdavant.fr\/actualites\/wp-json\/wp\/v2\/comments?post=36580"}],"version-history":[{"count":1,"href":"https:\/\/footdavant.fr\/actualites\/wp-json\/wp\/v2\/posts\/36580\/revisions"}],"predecessor-version":[{"id":36581,"href":"https:\/\/footdavant.fr\/actualites\/wp-json\/wp\/v2\/posts\/36580\/revisions\/36581"}],"wp:featuredmedia":[{"embeddable":true,"href":"https:\/\/footdavant.fr\/actualites\/wp-json\/wp\/v2\/media\/35755"}],"wp:attachment":[{"href":"https:\/\/footdavant.fr\/actualites\/wp-json\/wp\/v2\/media?parent=36580"}],"wp:term":[{"taxonomy":"category","embeddable":true,"href":"https:\/\/footdavant.fr\/actualites\/wp-json\/wp\/v2\/categories?post=36580"},{"taxonomy":"post_tag","embeddable":true,"href":"https:\/\/footdavant.fr\/actualites\/wp-json\/wp\/v2\/tags?post=36580"}],"curies":[{"name":"wp","href":"https:\/\/api.w.org\/{rel}","templated":true}]}}