{"id":36582,"date":"2026-04-18T12:48:02","date_gmt":"2026-04-18T10:48:02","guid":{"rendered":"https:\/\/footdavant.fr\/actualites\/joe-cole-exhorte-liverpool-a-envisager-de-recruter-robert-lewandowski\/"},"modified":"2026-04-18T12:48:04","modified_gmt":"2026-04-18T10:48:04","slug":"joe-cole-exhorte-liverpool-a-envisager-de-recruter-robert-lewandowski","status":"publish","type":"post","link":"https:\/\/footdavant.fr\/actualites\/joe-cole-exhorte-liverpool-a-envisager-de-recruter-robert-lewandowski\/","title":{"rendered":"Joe Cole exhorte Liverpool \u00e0 envisager de recruter Robert Lewandowski"},"content":{"rendered":"<div id=\"article-body\">\n<!-- Article Start --><\/p>\n<p>Joe Cole a exhort\u00e9 Liverpool \u00e0 envisager une d\u00e9cision choc pour l&#39;un des attaquants europ\u00e9ens les plus c\u00e9l\u00e8bres de sa g\u00e9n\u00e9ration, \u00e0 la suite de l&#39;horrible blessure d&#39;Hugo Ekitike.<\/p>\n<hr\/>\n<p><b><i>T\u00c9L\u00c9CHARGEZ L&#39;APPLICATION OFFICIELLE EMPIRE OF KOP POUR TOUTES LES DERNI\u00c8RES MISES \u00c0 JOUR \u2013 DIRECTEMENT SUR VOTRE T\u00c9L\u00c9PHONE\u00a0! SUR APPLE ET GOOGLE PLAY<\/i><\/b><\/p>\n<hr\/>\n<p>Le Fran\u00e7ais s&#39;est rompu le tendon d&#39;Achille lors de la d\u00e9faite 2-0 contre le Paris Saint-Germain plus t\u00f4t cette semaine et fait d\u00e9sormais face \u00e0 plusieurs mois d&#39;inactivit\u00e9, ce revers venant juste au moment o\u00f9 Alexander Isak revenait d&#39;une pause de quatre mois avec une jambe cass\u00e9e.<\/p>\n<p>Une combinaison de ces coups corporels a laiss\u00e9 Arne Slot \u00e0 court d&#39;au moins une de ses principales recrues d&#39;avant-centre de l&#39;\u00e9t\u00e9 dernier pendant la majeure partie de cette saison, et cela se r\u00e9percutera \u00e9galement sur le d\u00e9but de la prochaine campagne en raison de la longue absence du joueur de 23 ans.<\/p>\n<h2>Cole: Liverpool devrait envisager le coup de Lewandowski<\/h2>\n<p>Cole est cat\u00e9gorique sur le fait que Liverpool doit recruter un autre attaquant pour compenser l&#39;absence d&#39;Ekitike, et il pense que son ancien club devrait envisager un transfert gratuit pour le v\u00e9t\u00e9ran buteur de Barcelone, Robert Lewandowski, cet \u00e9t\u00e9.<\/p>\n<p>Il a expliqu\u00e9 (via Mundo Deportivo) : <\/p>\n<\/p>\n<\/p>\n<figure id=\"attachment_286433\" aria-describedby=\"caption-attachment-286433\" style=\"width: 713px\" class=\"wp-caption alignnone\"><picture><source type=\"image\/webp\" data- data-><\/source><\/picture><\/figure>\n<\/p>\n<h2>Une suggestion valable de Cole, mais difficile de voir cela se produire<\/h2>\n<p>Nous pouvons certainement voir la logique dans la suggestion de Cole : les Reds n&#39;ont pas eu beaucoup de profondeur en avant-centre cette saison et sont \u00e0 une autre blessure d&#39;Isak avant de devoir d\u00e9ployer quelqu&#39;un qui n&#39;est pas un attaquant naturel au sommet de notre attaque.<\/p>\n<p>Lewandowski devrait devenir agent libre cet \u00e9t\u00e9, et compte tenu de son incroyable retour de but tout au long de sa brillante carri\u00e8re au plus haut niveau en Europe (716 buts entre club et pays), il pourrait faire une \u00e9norme diff\u00e9rence en tant qu&#39;ajout \u00e0 court terme.<\/p>\n<table style=\"border-collapse: collapse; width: 67.8207%;\">\n<tbody>\n<tr>\n<td style=\"width: 33.3333%; text-align: center;\"\/>\n<td style=\"width: 18.1818%; text-align: center;\"><b>Jeux<\/b><\/td>\n<td style=\"width: 16.3059%; text-align: center;\"><\/td>\n<\/tr>\n<tr>\n<td style=\"width: 33.3333%; text-align: center;\">Bayern Munich<\/td>\n<td style=\"width: 18.1818%; text-align: center;\">375<\/td>\n<td style=\"width: 16.3059%; text-align: center;\">344<\/td>\n<\/tr>\n<tr>\n<td style=\"width: 33.3333%; text-align: center;\">Barcelone<\/td>\n<td style=\"width: 18.1818%; text-align: center;\">187<\/td>\n<td style=\"width: 16.3059%; text-align: center;\">118<\/td>\n<\/tr>\n<tr>\n<td style=\"width: 33.3333%; text-align: center;\">Borussia Dortmund<\/td>\n<td style=\"width: 18.1818%; text-align: center;\">187<\/td>\n<td style=\"width: 16.3059%; text-align: center;\">103<\/td>\n<\/tr>\n<tr>\n<td style=\"width: 33.3333%; text-align: center;\">Lech Pozna\u0144<\/td>\n<td style=\"width: 18.1818%; text-align: center;\">82<\/td>\n<td style=\"width: 16.3059%; text-align: center;\">41<\/td>\n<\/tr>\n<tr>\n<td style=\"width: 33.3333%; text-align: center;\">Znicz Pruszk\u00f3w<\/td>\n<td style=\"width: 18.1818%; text-align: center;\">32<\/td>\n<td style=\"width: 16.3059%; text-align: center;\">21<\/td>\n<\/tr>\n<tr>\n<td style=\"width: 33.3333%; text-align: center;\">Pologne<\/td>\n<td style=\"width: 18.1818%; text-align: center;\">165<\/td>\n<td style=\"width: 16.3059%; text-align: center;\">89<\/td>\n<\/tr>\n<tr>\n<td style=\"width: 33.3333%; text-align: center;\"><\/td>\n<td style=\"width: 18.1818%; text-align: center;\"><\/td>\n<td style=\"width: 16.3059%; text-align: center;\"><\/td>\n<\/tr>\n<\/tbody>\n<\/table>\n<p>Cependant, en r\u00e9alit\u00e9, il est difficile de voir cela se produire, car FSG a tendance \u00e0 privil\u00e9gier le potentiel \u00e0 long terme plut\u00f4t qu&#39;un impact \u00e0 court terme, et ils h\u00e9siteront probablement \u00e0 d\u00e9bourser 350 000 \u00a3 par semaine pour un joueur qui aura 38 ans en ao\u00fbt (c&#39;est ce que gagne l&#39;international polonais avant les bonus).<\/p>\n<p>Il semble plus probable que Liverpool comptera sur Isak pour rester en forme pendant les derni\u00e8res semaines de cette saison et conna\u00eetre un \u00e9t\u00e9 plus calme que l&#39;ann\u00e9e derni\u00e8re (m\u00eame s&#39;il participera \u00e0 la Coupe du monde), avant d&#39;\u00eatre ensuite pr\u00eat \u00e0 v\u00e9ritablement prendre son envol \u00e0 Anfield en 2026\/27.<\/p>\n<p>L&#39;id\u00e9e de faire venir Lewandowski m\u00eame pour un contrat de 12 mois est certainement intrigante, mais nous ne pouvons pas imaginer le prolifique tireur d&#39;\u00e9lite polonais enfiler la c\u00e9l\u00e8bre chemise rouge au cr\u00e9puscule de sa carri\u00e8re.<\/p>\n<p><!-- Article End -->\t\t\t\t<\/div>\n","protected":false},"excerpt":{"rendered":"<p>Joe Cole a exhort\u00e9 Liverpool \u00e0 envisager une d\u00e9cision choc pour l&#39;un des attaquants europ\u00e9ens les plus c\u00e9l\u00e8bres de sa g\u00e9n\u00e9ration, \u00e0 la suite de<\/p>\n","protected":false},"author":1,"featured_media":36583,"comment_status":"closed","ping_status":"","sticky":false,"template":"","format":"standard","meta":{"footnotes":""},"categories":[3],"tags":[1122,4240,136,1796,3373,53,1284,3372],"yoast_head":"<!-- This site is optimized with the Yoast SEO plugin v21.0 - https:\/\/yoast.com\/wordpress\/plugins\/seo\/ -->\n<title>Joe Cole exhorte Liverpool \u00e0 envisager de recruter Robert Lewandowski<\/title>\n<meta name=\"robots\" content=\"index, follow, max-snippet:-1, max-image-preview:large, max-video-preview:-1\" \/>\n<link rel=\"canonical\" href=\"https:\/\/footdavant.fr\/actualites\/joe-cole-exhorte-liverpool-a-envisager-de-recruter-robert-lewandowski\/\" \/>\n<meta property=\"og:locale\" content=\"fr_FR\" \/>\n<meta property=\"og:type\" content=\"article\" \/>\n<meta property=\"og:title\" content=\"Joe Cole exhorte Liverpool \u00e0 envisager de recruter Robert Lewandowski\" \/>\n<meta property=\"og:description\" content=\"Joe Cole a exhort\u00e9 Liverpool \u00e0 envisager une d\u00e9cision choc pour l&#039;un des attaquants europ\u00e9ens les plus c\u00e9l\u00e8bres de sa g\u00e9n\u00e9ration, \u00e0 la suite de\" \/>\n<meta property=\"og:url\" content=\"https:\/\/footdavant.fr\/actualites\/joe-cole-exhorte-liverpool-a-envisager-de-recruter-robert-lewandowski\/\" \/>\n<meta property=\"og:site_name\" content=\"Foot d&#039;avant\" \/>\n<meta property=\"article:publisher\" content=\"https:\/\/www.facebook.com\/Footdavant\/\" \/>\n<meta property=\"article:published_time\" content=\"2026-04-18T10:48:02+00:00\" \/>\n<meta property=\"article:modified_time\" content=\"2026-04-18T10:48:04+00:00\" \/>\n<meta property=\"og:image\" content=\"https:\/\/footdavant.fr\/actualites\/wp-content\/uploads\/2026\/04\/1776509283_Joe-Cole-exhorte-Liverpool-a-envisager-de-recruter-Robert-Lewandowski.jpg\" \/>\n\t<meta property=\"og:image:width\" content=\"1439\" \/>\n\t<meta property=\"og:image:height\" content=\"808\" \/>\n\t<meta property=\"og:image:type\" content=\"image\/jpeg\" \/>\n<meta name=\"author\" content=\"Cl\u00e9ment\" \/>\n<meta name=\"twitter:card\" content=\"summary_large_image\" \/>\n<meta name=\"twitter:creator\" content=\"@FootdavantFr\" \/>\n<meta name=\"twitter:site\" content=\"@FootdavantFr\" \/>\n<meta name=\"twitter:label1\" content=\"\u00c9crit par\" \/>\n\t<meta name=\"twitter:data1\" content=\"Cl\u00e9ment\" \/>\n\t<meta name=\"twitter:label2\" content=\"Dur\u00e9e de lecture estim\u00e9e\" \/>\n\t<meta name=\"twitter:data2\" content=\"3 minutes\" \/>\n<script type=\"application\/ld+json\" class=\"yoast-schema-graph\">{\"@context\":\"https:\/\/schema.org\",\"@graph\":[{\"@type\":\"Article\",\"@id\":\"https:\/\/footdavant.fr\/actualites\/joe-cole-exhorte-liverpool-a-envisager-de-recruter-robert-lewandowski\/#article\",\"isPartOf\":{\"@id\":\"https:\/\/footdavant.fr\/actualites\/joe-cole-exhorte-liverpool-a-envisager-de-recruter-robert-lewandowski\/\"},\"author\":{\"name\":\"Cl\u00e9ment\",\"@id\":\"https:\/\/footdavant.fr\/actualites\/#\/schema\/person\/bc222566d95871b37e597b3ed3ba5e1d\"},\"headline\":\"Joe Cole exhorte Liverpool \u00e0 envisager de recruter Robert Lewandowski\",\"datePublished\":\"2026-04-18T10:48:02+00:00\",\"dateModified\":\"2026-04-18T10:48:04+00:00\",\"mainEntityOfPage\":{\"@id\":\"https:\/\/footdavant.fr\/actualites\/joe-cole-exhorte-liverpool-a-envisager-de-recruter-robert-lewandowski\/\"},\"wordCount\":520,\"publisher\":{\"@id\":\"https:\/\/footdavant.fr\/actualites\/#organization\"},\"keywords\":[\"Cole\",\"envisager\",\"exhorte\",\"Joe\",\"Lewandowski\",\"Liverpool\",\"recruter\",\"Robert\"],\"articleSection\":[\"Football\"],\"inLanguage\":\"fr-FR\"},{\"@type\":\"WebPage\",\"@id\":\"https:\/\/footdavant.fr\/actualites\/joe-cole-exhorte-liverpool-a-envisager-de-recruter-robert-lewandowski\/\",\"url\":\"https:\/\/footdavant.fr\/actualites\/joe-cole-exhorte-liverpool-a-envisager-de-recruter-robert-lewandowski\/\",\"name\":\"Joe Cole exhorte Liverpool \u00e0 envisager de recruter Robert Lewandowski\",\"isPartOf\":{\"@id\":\"https:\/\/footdavant.fr\/actualites\/#website\"},\"datePublished\":\"2026-04-18T10:48:02+00:00\",\"dateModified\":\"2026-04-18T10:48:04+00:00\",\"breadcrumb\":{\"@id\":\"https:\/\/footdavant.fr\/actualites\/joe-cole-exhorte-liverpool-a-envisager-de-recruter-robert-lewandowski\/#breadcrumb\"},\"inLanguage\":\"fr-FR\",\"potentialAction\":[{\"@type\":\"ReadAction\",\"target\":[\"https:\/\/footdavant.fr\/actualites\/joe-cole-exhorte-liverpool-a-envisager-de-recruter-robert-lewandowski\/\"]}]},{\"@type\":\"BreadcrumbList\",\"@id\":\"https:\/\/footdavant.fr\/actualites\/joe-cole-exhorte-liverpool-a-envisager-de-recruter-robert-lewandowski\/#breadcrumb\",\"itemListElement\":[{\"@type\":\"ListItem\",\"position\":1,\"name\":\"Accueil\",\"item\":\"https:\/\/footdavant.fr\/actualites\/\"},{\"@type\":\"ListItem\",\"position\":2,\"name\":\"Joe Cole exhorte Liverpool \u00e0 envisager de recruter Robert Lewandowski\"}]},{\"@type\":\"WebSite\",\"@id\":\"https:\/\/footdavant.fr\/actualites\/#website\",\"url\":\"https:\/\/footdavant.fr\/actualites\/\",\"name\":\"Foot d'avant\",\"description\":\"\",\"publisher\":{\"@id\":\"https:\/\/footdavant.fr\/actualites\/#organization\"},\"potentialAction\":[{\"@type\":\"SearchAction\",\"target\":{\"@type\":\"EntryPoint\",\"urlTemplate\":\"https:\/\/footdavant.fr\/actualites\/?s={search_term_string}\"},\"query-input\":\"required name=search_term_string\"}],\"inLanguage\":\"fr-FR\"},{\"@type\":\"Organization\",\"@id\":\"https:\/\/footdavant.fr\/actualites\/#organization\",\"name\":\"Foot d'avant\",\"url\":\"https:\/\/footdavant.fr\/actualites\/\",\"logo\":{\"@type\":\"ImageObject\",\"inLanguage\":\"fr-FR\",\"@id\":\"https:\/\/footdavant.fr\/actualites\/#\/schema\/logo\/image\/\",\"url\":\"https:\/\/footdavant.fr\/actualites\/wp-content\/uploads\/2023\/09\/Copy-of-FootDavant-Logo.png\",\"contentUrl\":\"https:\/\/footdavant.fr\/actualites\/wp-content\/uploads\/2023\/09\/Copy-of-FootDavant-Logo.png\",\"width\":936,\"height\":549,\"caption\":\"Foot d'avant\"},\"image\":{\"@id\":\"https:\/\/footdavant.fr\/actualites\/#\/schema\/logo\/image\/\"},\"sameAs\":[\"https:\/\/www.facebook.com\/Footdavant\/\",\"https:\/\/twitter.com\/FootdavantFr\",\"https:\/\/www.instagram.com\/footdavant.fr\/\"]},{\"@type\":\"Person\",\"@id\":\"https:\/\/footdavant.fr\/actualites\/#\/schema\/person\/bc222566d95871b37e597b3ed3ba5e1d\",\"name\":\"Cl\u00e9ment\",\"image\":{\"@type\":\"ImageObject\",\"inLanguage\":\"fr-FR\",\"@id\":\"https:\/\/footdavant.fr\/actualites\/#\/schema\/person\/image\/\",\"url\":\"https:\/\/secure.gravatar.com\/avatar\/7728b29aac2719421e1a9159b2254c44?s=96&d=mm&r=g\",\"contentUrl\":\"https:\/\/secure.gravatar.com\/avatar\/7728b29aac2719421e1a9159b2254c44?s=96&d=mm&r=g\",\"caption\":\"Cl\u00e9ment\"},\"sameAs\":[\"https:\/\/footdavant.fr\/\"]}]}<\/script>\n<!-- \/ Yoast SEO plugin. -->","yoast_head_json":{"title":"Joe Cole exhorte Liverpool \u00e0 envisager de recruter Robert Lewandowski","robots":{"index":"index","follow":"follow","max-snippet":"max-snippet:-1","max-image-preview":"max-image-preview:large","max-video-preview":"max-video-preview:-1"},"canonical":"https:\/\/footdavant.fr\/actualites\/joe-cole-exhorte-liverpool-a-envisager-de-recruter-robert-lewandowski\/","og_locale":"fr_FR","og_type":"article","og_title":"Joe Cole exhorte Liverpool \u00e0 envisager de recruter Robert Lewandowski","og_description":"Joe Cole a exhort\u00e9 Liverpool \u00e0 envisager une d\u00e9cision choc pour l&#39;un des attaquants europ\u00e9ens les plus c\u00e9l\u00e8bres de sa g\u00e9n\u00e9ration, \u00e0 la suite de","og_url":"https:\/\/footdavant.fr\/actualites\/joe-cole-exhorte-liverpool-a-envisager-de-recruter-robert-lewandowski\/","og_site_name":"Foot d&#039;avant","article_publisher":"https:\/\/www.facebook.com\/Footdavant\/","article_published_time":"2026-04-18T10:48:02+00:00","article_modified_time":"2026-04-18T10:48:04+00:00","og_image":[{"width":1439,"height":808,"url":"https:\/\/footdavant.fr\/actualites\/wp-content\/uploads\/2026\/04\/1776509283_Joe-Cole-exhorte-Liverpool-a-envisager-de-recruter-Robert-Lewandowski.jpg","type":"image\/jpeg"}],"author":"Cl\u00e9ment","twitter_card":"summary_large_image","twitter_creator":"@FootdavantFr","twitter_site":"@FootdavantFr","twitter_misc":{"\u00c9crit par":"Cl\u00e9ment","Dur\u00e9e de lecture estim\u00e9e":"3 minutes"},"schema":{"@context":"https:\/\/schema.org","@graph":[{"@type":"Article","@id":"https:\/\/footdavant.fr\/actualites\/joe-cole-exhorte-liverpool-a-envisager-de-recruter-robert-lewandowski\/#article","isPartOf":{"@id":"https:\/\/footdavant.fr\/actualites\/joe-cole-exhorte-liverpool-a-envisager-de-recruter-robert-lewandowski\/"},"author":{"name":"Cl\u00e9ment","@id":"https:\/\/footdavant.fr\/actualites\/#\/schema\/person\/bc222566d95871b37e597b3ed3ba5e1d"},"headline":"Joe Cole exhorte Liverpool \u00e0 envisager de recruter Robert Lewandowski","datePublished":"2026-04-18T10:48:02+00:00","dateModified":"2026-04-18T10:48:04+00:00","mainEntityOfPage":{"@id":"https:\/\/footdavant.fr\/actualites\/joe-cole-exhorte-liverpool-a-envisager-de-recruter-robert-lewandowski\/"},"wordCount":520,"publisher":{"@id":"https:\/\/footdavant.fr\/actualites\/#organization"},"keywords":["Cole","envisager","exhorte","Joe","Lewandowski","Liverpool","recruter","Robert"],"articleSection":["Football"],"inLanguage":"fr-FR"},{"@type":"WebPage","@id":"https:\/\/footdavant.fr\/actualites\/joe-cole-exhorte-liverpool-a-envisager-de-recruter-robert-lewandowski\/","url":"https:\/\/footdavant.fr\/actualites\/joe-cole-exhorte-liverpool-a-envisager-de-recruter-robert-lewandowski\/","name":"Joe Cole exhorte Liverpool \u00e0 envisager de recruter Robert Lewandowski","isPartOf":{"@id":"https:\/\/footdavant.fr\/actualites\/#website"},"datePublished":"2026-04-18T10:48:02+00:00","dateModified":"2026-04-18T10:48:04+00:00","breadcrumb":{"@id":"https:\/\/footdavant.fr\/actualites\/joe-cole-exhorte-liverpool-a-envisager-de-recruter-robert-lewandowski\/#breadcrumb"},"inLanguage":"fr-FR","potentialAction":[{"@type":"ReadAction","target":["https:\/\/footdavant.fr\/actualites\/joe-cole-exhorte-liverpool-a-envisager-de-recruter-robert-lewandowski\/"]}]},{"@type":"BreadcrumbList","@id":"https:\/\/footdavant.fr\/actualites\/joe-cole-exhorte-liverpool-a-envisager-de-recruter-robert-lewandowski\/#breadcrumb","itemListElement":[{"@type":"ListItem","position":1,"name":"Accueil","item":"https:\/\/footdavant.fr\/actualites\/"},{"@type":"ListItem","position":2,"name":"Joe Cole exhorte Liverpool \u00e0 envisager de recruter Robert Lewandowski"}]},{"@type":"WebSite","@id":"https:\/\/footdavant.fr\/actualites\/#website","url":"https:\/\/footdavant.fr\/actualites\/","name":"Foot d'avant","description":"","publisher":{"@id":"https:\/\/footdavant.fr\/actualites\/#organization"},"potentialAction":[{"@type":"SearchAction","target":{"@type":"EntryPoint","urlTemplate":"https:\/\/footdavant.fr\/actualites\/?s={search_term_string}"},"query-input":"required name=search_term_string"}],"inLanguage":"fr-FR"},{"@type":"Organization","@id":"https:\/\/footdavant.fr\/actualites\/#organization","name":"Foot d'avant","url":"https:\/\/footdavant.fr\/actualites\/","logo":{"@type":"ImageObject","inLanguage":"fr-FR","@id":"https:\/\/footdavant.fr\/actualites\/#\/schema\/logo\/image\/","url":"https:\/\/footdavant.fr\/actualites\/wp-content\/uploads\/2023\/09\/Copy-of-FootDavant-Logo.png","contentUrl":"https:\/\/footdavant.fr\/actualites\/wp-content\/uploads\/2023\/09\/Copy-of-FootDavant-Logo.png","width":936,"height":549,"caption":"Foot d'avant"},"image":{"@id":"https:\/\/footdavant.fr\/actualites\/#\/schema\/logo\/image\/"},"sameAs":["https:\/\/www.facebook.com\/Footdavant\/","https:\/\/twitter.com\/FootdavantFr","https:\/\/www.instagram.com\/footdavant.fr\/"]},{"@type":"Person","@id":"https:\/\/footdavant.fr\/actualites\/#\/schema\/person\/bc222566d95871b37e597b3ed3ba5e1d","name":"Cl\u00e9ment","image":{"@type":"ImageObject","inLanguage":"fr-FR","@id":"https:\/\/footdavant.fr\/actualites\/#\/schema\/person\/image\/","url":"https:\/\/secure.gravatar.com\/avatar\/7728b29aac2719421e1a9159b2254c44?s=96&d=mm&r=g","contentUrl":"https:\/\/secure.gravatar.com\/avatar\/7728b29aac2719421e1a9159b2254c44?s=96&d=mm&r=g","caption":"Cl\u00e9ment"},"sameAs":["https:\/\/footdavant.fr\/"]}]}},"_links":{"self":[{"href":"https:\/\/footdavant.fr\/actualites\/wp-json\/wp\/v2\/posts\/36582"}],"collection":[{"href":"https:\/\/footdavant.fr\/actualites\/wp-json\/wp\/v2\/posts"}],"about":[{"href":"https:\/\/footdavant.fr\/actualites\/wp-json\/wp\/v2\/types\/post"}],"author":[{"embeddable":true,"href":"https:\/\/footdavant.fr\/actualites\/wp-json\/wp\/v2\/users\/1"}],"replies":[{"embeddable":true,"href":"https:\/\/footdavant.fr\/actualites\/wp-json\/wp\/v2\/comments?post=36582"}],"version-history":[{"count":1,"href":"https:\/\/footdavant.fr\/actualites\/wp-json\/wp\/v2\/posts\/36582\/revisions"}],"predecessor-version":[{"id":36584,"href":"https:\/\/footdavant.fr\/actualites\/wp-json\/wp\/v2\/posts\/36582\/revisions\/36584"}],"wp:featuredmedia":[{"embeddable":true,"href":"https:\/\/footdavant.fr\/actualites\/wp-json\/wp\/v2\/media\/36583"}],"wp:attachment":[{"href":"https:\/\/footdavant.fr\/actualites\/wp-json\/wp\/v2\/media?parent=36582"}],"wp:term":[{"taxonomy":"category","embeddable":true,"href":"https:\/\/footdavant.fr\/actualites\/wp-json\/wp\/v2\/categories?post=36582"},{"taxonomy":"post_tag","embeddable":true,"href":"https:\/\/footdavant.fr\/actualites\/wp-json\/wp\/v2\/tags?post=36582"}],"curies":[{"name":"wp","href":"https:\/\/api.w.org\/{rel}","templated":true}]}}