{"id":36590,"date":"2026-04-18T20:48:09","date_gmt":"2026-04-18T18:48:09","guid":{"rendered":"https:\/\/footdavant.fr\/actualites\/leny-yoro-une-mise-a-jour-cle-sur-la-blessure-de-la-star-de-man-united-apparait\/"},"modified":"2026-04-18T20:48:10","modified_gmt":"2026-04-18T18:48:10","slug":"leny-yoro-une-mise-a-jour-cle-sur-la-blessure-de-la-star-de-man-united-apparait","status":"publish","type":"post","link":"https:\/\/footdavant.fr\/actualites\/leny-yoro-une-mise-a-jour-cle-sur-la-blessure-de-la-star-de-man-united-apparait\/","title":{"rendered":"Leny Yoro: une mise \u00e0 jour cl\u00e9 sur la blessure de la star de Man United appara\u00eet \u2013"},"content":{"rendered":"<div id=\"penci-post-entry-inner\">\n<p>\t\t\t<i class=\"penci-post-countview-number-check\" style=\"display:none\">1<\/i><\/p>\n<p>Une mise \u00e0 jour cl\u00e9 sur la blessure de Leny Yoro a \u00e9merg\u00e9 alors que l&#39;on craint que le d\u00e9fenseur de Manchester United ne soit exclu pour le reste de la campagne. <\/p>\n<h5>Crise de la d\u00e9fense<\/h5>\n<p>Michael Carrick a endur\u00e9 la semaine la plus difficile de son mandat en tant que gardien des Red Devils, apr\u00e8s avoir vu son \u00e9quipe produire une performance abjecte lors de la d\u00e9faite 2-1 contre Leeds United lundi soir. <\/p>\n<p>Les choses sont ensuite all\u00e9es de mal en pis pour l&#39;entra\u00eeneur de 44 ans apr\u00e8s qu&#39;il ait \u00e9t\u00e9 confirm\u00e9 que les appels visant \u00e0 annuler les suspensions de Harry Maguire et Lisandro Martinez avaient \u00e9t\u00e9 rejet\u00e9s par la Football Association. <\/p>\n<p>Cela a laiss\u00e9 le jeune duo compos\u00e9 de Yoro et Ayden Heaven comme seuls d\u00e9fenseurs centraux disponibles pour le choc crucial de ce soir avec Chelsea alors que Matthijs de Ligt continue de se remettre d&#39;une blessure au dos \u00e0 long terme. <\/p>\n<p>Cependant, une situation fragile s&#39;est ensuite transform\u00e9e en une v\u00e9ritable crise apr\u00e8s que Yoro s&#39;est bless\u00e9 \u00e0 l&#39;entra\u00eenement hier, l&#39;excluant du voyage dans l&#39;ouest de Londres et privant Heaven d&#39;un partenaire naturel en d\u00e9fense centrale. <\/p>\n<p>Il \u00e9tait entendu que le club craignait que le d\u00e9fenseur fran\u00e7ais de 20 ans puisse \u00eatre exclu pour le reste de la campagne, ce qui porterait un coup d\u00e9vastateur \u00e0 la volont\u00e9 de s\u00e9curiser le football en Ligue des champions. <\/p>\n<p>United est actuellement troisi\u00e8me de la Premier League, le fort coefficient de l&#39;Angleterre signifiant que les cinq premiers du pays, plut\u00f4t que les quatre premiers habituels, se qualifieront pour la comp\u00e9tition d&#39;\u00e9lite europ\u00e9enne \u00e0 la fin de la campagne. <\/p>\n<p>Les Red Devils ont sept points d&#39;avance sur Chelsea, sixi\u00e8me, ce qui signifie que le match de ce soir pourrait avoir un effet d\u00e9terminant sur la saison pour l&#39;un ou l&#39;autre club. Une victoire offrirait une avance de dix points, tandis qu&#39;une d\u00e9faite r\u00e9duirait \u00e0 quatre l&#39;avance sur les Bleus. <\/p>\n<p>Le fait que Carrick ait \u00e9t\u00e9 contraint de traverser la confrontation avec l\u2019\u00e9quipe de Liam Rosenior sans ses quatre d\u00e9fenseurs centraux de premier choix n\u2019\u00e9tait que la cerise sur le g\u00e2teau d\u2019une horrible semaine de g\u00e2teau pour le natif de Wallsend.<\/p>\n<p>Noussair Mazraoui a \u00e9t\u00e9 s\u00e9lectionn\u00e9 aux c\u00f4t\u00e9s de Heaven dans une d\u00e9fense de fortune contre Chelsea, avec une couverture compl\u00e8te du match de ce soir \u2013 avec une mise \u00e0 jour positive \u00e9mergeant juste avant le coup d&#39;envoi de 20 heures. <\/p>\n<h5>Des nouvelles positives<\/h5>\n<p>Le journaliste d&#39;ESPN, Rob Dawson, r\u00e9v\u00e8le que Yoro a re\u00e7u un coup, le club \u00ab\u00a0ne s&#39;attendant pas \u00e0 ce qu&#39;il soit exclu trop longtemps\u00a0\u00bb.<\/p>\n<p>United fait face \u00e0 une s\u00e9rie de matches difficiles pour cl\u00f4turer la saison alors qu&#39;ils accueilleront Brentford le week-end prochain avant que leurs rivaux acharn\u00e9s, Liverpool, ne descendent la M6 la semaine suivante. <\/p>\n<p>Martinez sera exclu pour les deux matchs, tandis que De Ligt pourrait ne pas rejouer cette saison, tant son probl\u00e8me de dos est complexe. <\/p>\n<p>Cela signifie que le retour rapide de Yoro pourrait s&#39;av\u00e9rer crucial pour les espoirs de son \u00e9quipe de s&#39;assurer une place dans le top cinq. <\/p>\n<\/p>\n<hr\/>\n<p>The Peoples Person est l&#39;un des principaux sites d&#39;information de Man United au monde depuis plus d&#39;une d\u00e9cennie. Suivez-nous sur Bluesky\u00a0: @peoplesperson.bsky.social<\/p>\n<p><!-- CONTENT END 2 --><\/p><\/div>\n","protected":false},"excerpt":{"rendered":"<p>1 Une mise \u00e0 jour cl\u00e9 sur la blessure de Leny Yoro a \u00e9merg\u00e9 alors que l&#39;on craint que le d\u00e9fenseur de Manchester United ne<\/p>\n","protected":false},"author":1,"featured_media":36591,"comment_status":"closed","ping_status":"","sticky":false,"template":"","format":"standard","meta":{"footnotes":""},"categories":[3],"tags":[1254,15,443,328,2769,24,327,1621,103,92,13,2770],"yoast_head":"<!-- This site is optimized with the Yoast SEO plugin v21.0 - https:\/\/yoast.com\/wordpress\/plugins\/seo\/ -->\n<title>Leny Yoro: une mise \u00e0 jour cl\u00e9 sur la blessure de la star de Man United appara\u00eet \u2013<\/title>\n<meta name=\"robots\" content=\"index, follow, max-snippet:-1, max-image-preview:large, max-video-preview:-1\" \/>\n<link rel=\"canonical\" href=\"https:\/\/footdavant.fr\/actualites\/leny-yoro-une-mise-a-jour-cle-sur-la-blessure-de-la-star-de-man-united-apparait\/\" \/>\n<meta property=\"og:locale\" content=\"fr_FR\" \/>\n<meta property=\"og:type\" content=\"article\" \/>\n<meta property=\"og:title\" content=\"Leny Yoro: une mise \u00e0 jour cl\u00e9 sur la blessure de la star de Man United appara\u00eet \u2013\" \/>\n<meta property=\"og:description\" content=\"1 Une mise \u00e0 jour cl\u00e9 sur la blessure de Leny Yoro a \u00e9merg\u00e9 alors que l&#039;on craint que le d\u00e9fenseur de Manchester United ne\" \/>\n<meta property=\"og:url\" content=\"https:\/\/footdavant.fr\/actualites\/leny-yoro-une-mise-a-jour-cle-sur-la-blessure-de-la-star-de-man-united-apparait\/\" \/>\n<meta property=\"og:site_name\" content=\"Foot d&#039;avant\" \/>\n<meta property=\"article:publisher\" content=\"https:\/\/www.facebook.com\/Footdavant\/\" \/>\n<meta property=\"article:published_time\" content=\"2026-04-18T18:48:09+00:00\" \/>\n<meta property=\"article:modified_time\" content=\"2026-04-18T18:48:10+00:00\" \/>\n<meta property=\"og:image\" content=\"https:\/\/footdavant.fr\/actualites\/wp-content\/uploads\/2026\/04\/Leny-Yoro-une-mise-a-jour-cle-sur-la-blessure.jpg\" \/>\n\t<meta property=\"og:image:width\" content=\"1200\" \/>\n\t<meta property=\"og:image:height\" content=\"676\" \/>\n\t<meta property=\"og:image:type\" content=\"image\/jpeg\" \/>\n<meta name=\"author\" content=\"Cl\u00e9ment\" \/>\n<meta name=\"twitter:card\" content=\"summary_large_image\" \/>\n<meta name=\"twitter:creator\" content=\"@FootdavantFr\" \/>\n<meta name=\"twitter:site\" content=\"@FootdavantFr\" \/>\n<meta name=\"twitter:label1\" content=\"\u00c9crit par\" \/>\n\t<meta name=\"twitter:data1\" content=\"Cl\u00e9ment\" \/>\n\t<meta name=\"twitter:label2\" content=\"Dur\u00e9e de lecture estim\u00e9e\" \/>\n\t<meta name=\"twitter:data2\" content=\"3 minutes\" \/>\n<script type=\"application\/ld+json\" class=\"yoast-schema-graph\">{\"@context\":\"https:\/\/schema.org\",\"@graph\":[{\"@type\":\"Article\",\"@id\":\"https:\/\/footdavant.fr\/actualites\/leny-yoro-une-mise-a-jour-cle-sur-la-blessure-de-la-star-de-man-united-apparait\/#article\",\"isPartOf\":{\"@id\":\"https:\/\/footdavant.fr\/actualites\/leny-yoro-une-mise-a-jour-cle-sur-la-blessure-de-la-star-de-man-united-apparait\/\"},\"author\":{\"name\":\"Cl\u00e9ment\",\"@id\":\"https:\/\/footdavant.fr\/actualites\/#\/schema\/person\/bc222566d95871b37e597b3ed3ba5e1d\"},\"headline\":\"Leny Yoro: une mise \u00e0 jour cl\u00e9 sur la blessure de la star de Man United appara\u00eet \u2013\",\"datePublished\":\"2026-04-18T18:48:09+00:00\",\"dateModified\":\"2026-04-18T18:48:10+00:00\",\"mainEntityOfPage\":{\"@id\":\"https:\/\/footdavant.fr\/actualites\/leny-yoro-une-mise-a-jour-cle-sur-la-blessure-de-la-star-de-man-united-apparait\/\"},\"wordCount\":611,\"publisher\":{\"@id\":\"https:\/\/footdavant.fr\/actualites\/#organization\"},\"keywords\":[\"appara\u00eet\",\"Blessure\",\"cl\u00e9..\",\"jour\",\"Leny\",\"Man\",\"mise\",\"Star\",\"sur\",\"une\",\"United\",\"Yoro\"],\"articleSection\":[\"Football\"],\"inLanguage\":\"fr-FR\"},{\"@type\":\"WebPage\",\"@id\":\"https:\/\/footdavant.fr\/actualites\/leny-yoro-une-mise-a-jour-cle-sur-la-blessure-de-la-star-de-man-united-apparait\/\",\"url\":\"https:\/\/footdavant.fr\/actualites\/leny-yoro-une-mise-a-jour-cle-sur-la-blessure-de-la-star-de-man-united-apparait\/\",\"name\":\"Leny Yoro: une mise \u00e0 jour cl\u00e9 sur la blessure de la star de Man United appara\u00eet \u2013\",\"isPartOf\":{\"@id\":\"https:\/\/footdavant.fr\/actualites\/#website\"},\"datePublished\":\"2026-04-18T18:48:09+00:00\",\"dateModified\":\"2026-04-18T18:48:10+00:00\",\"breadcrumb\":{\"@id\":\"https:\/\/footdavant.fr\/actualites\/leny-yoro-une-mise-a-jour-cle-sur-la-blessure-de-la-star-de-man-united-apparait\/#breadcrumb\"},\"inLanguage\":\"fr-FR\",\"potentialAction\":[{\"@type\":\"ReadAction\",\"target\":[\"https:\/\/footdavant.fr\/actualites\/leny-yoro-une-mise-a-jour-cle-sur-la-blessure-de-la-star-de-man-united-apparait\/\"]}]},{\"@type\":\"BreadcrumbList\",\"@id\":\"https:\/\/footdavant.fr\/actualites\/leny-yoro-une-mise-a-jour-cle-sur-la-blessure-de-la-star-de-man-united-apparait\/#breadcrumb\",\"itemListElement\":[{\"@type\":\"ListItem\",\"position\":1,\"name\":\"Accueil\",\"item\":\"https:\/\/footdavant.fr\/actualites\/\"},{\"@type\":\"ListItem\",\"position\":2,\"name\":\"Leny Yoro: une mise \u00e0 jour cl\u00e9 sur la blessure de la star de Man United appara\u00eet \u2013\"}]},{\"@type\":\"WebSite\",\"@id\":\"https:\/\/footdavant.fr\/actualites\/#website\",\"url\":\"https:\/\/footdavant.fr\/actualites\/\",\"name\":\"Foot d'avant\",\"description\":\"\",\"publisher\":{\"@id\":\"https:\/\/footdavant.fr\/actualites\/#organization\"},\"potentialAction\":[{\"@type\":\"SearchAction\",\"target\":{\"@type\":\"EntryPoint\",\"urlTemplate\":\"https:\/\/footdavant.fr\/actualites\/?s={search_term_string}\"},\"query-input\":\"required name=search_term_string\"}],\"inLanguage\":\"fr-FR\"},{\"@type\":\"Organization\",\"@id\":\"https:\/\/footdavant.fr\/actualites\/#organization\",\"name\":\"Foot d'avant\",\"url\":\"https:\/\/footdavant.fr\/actualites\/\",\"logo\":{\"@type\":\"ImageObject\",\"inLanguage\":\"fr-FR\",\"@id\":\"https:\/\/footdavant.fr\/actualites\/#\/schema\/logo\/image\/\",\"url\":\"https:\/\/footdavant.fr\/actualites\/wp-content\/uploads\/2023\/09\/Copy-of-FootDavant-Logo.png\",\"contentUrl\":\"https:\/\/footdavant.fr\/actualites\/wp-content\/uploads\/2023\/09\/Copy-of-FootDavant-Logo.png\",\"width\":936,\"height\":549,\"caption\":\"Foot d'avant\"},\"image\":{\"@id\":\"https:\/\/footdavant.fr\/actualites\/#\/schema\/logo\/image\/\"},\"sameAs\":[\"https:\/\/www.facebook.com\/Footdavant\/\",\"https:\/\/twitter.com\/FootdavantFr\",\"https:\/\/www.instagram.com\/footdavant.fr\/\"]},{\"@type\":\"Person\",\"@id\":\"https:\/\/footdavant.fr\/actualites\/#\/schema\/person\/bc222566d95871b37e597b3ed3ba5e1d\",\"name\":\"Cl\u00e9ment\",\"image\":{\"@type\":\"ImageObject\",\"inLanguage\":\"fr-FR\",\"@id\":\"https:\/\/footdavant.fr\/actualites\/#\/schema\/person\/image\/\",\"url\":\"https:\/\/secure.gravatar.com\/avatar\/7728b29aac2719421e1a9159b2254c44?s=96&d=mm&r=g\",\"contentUrl\":\"https:\/\/secure.gravatar.com\/avatar\/7728b29aac2719421e1a9159b2254c44?s=96&d=mm&r=g\",\"caption\":\"Cl\u00e9ment\"},\"sameAs\":[\"https:\/\/footdavant.fr\/\"]}]}<\/script>\n<!-- \/ Yoast SEO plugin. -->","yoast_head_json":{"title":"Leny Yoro: une mise \u00e0 jour cl\u00e9 sur la blessure de la star de Man United appara\u00eet \u2013","robots":{"index":"index","follow":"follow","max-snippet":"max-snippet:-1","max-image-preview":"max-image-preview:large","max-video-preview":"max-video-preview:-1"},"canonical":"https:\/\/footdavant.fr\/actualites\/leny-yoro-une-mise-a-jour-cle-sur-la-blessure-de-la-star-de-man-united-apparait\/","og_locale":"fr_FR","og_type":"article","og_title":"Leny Yoro: une mise \u00e0 jour cl\u00e9 sur la blessure de la star de Man United appara\u00eet \u2013","og_description":"1 Une mise \u00e0 jour cl\u00e9 sur la blessure de Leny Yoro a \u00e9merg\u00e9 alors que l&#39;on craint que le d\u00e9fenseur de Manchester United ne","og_url":"https:\/\/footdavant.fr\/actualites\/leny-yoro-une-mise-a-jour-cle-sur-la-blessure-de-la-star-de-man-united-apparait\/","og_site_name":"Foot d&#039;avant","article_publisher":"https:\/\/www.facebook.com\/Footdavant\/","article_published_time":"2026-04-18T18:48:09+00:00","article_modified_time":"2026-04-18T18:48:10+00:00","og_image":[{"width":1200,"height":676,"url":"https:\/\/footdavant.fr\/actualites\/wp-content\/uploads\/2026\/04\/Leny-Yoro-une-mise-a-jour-cle-sur-la-blessure.jpg","type":"image\/jpeg"}],"author":"Cl\u00e9ment","twitter_card":"summary_large_image","twitter_creator":"@FootdavantFr","twitter_site":"@FootdavantFr","twitter_misc":{"\u00c9crit par":"Cl\u00e9ment","Dur\u00e9e de lecture estim\u00e9e":"3 minutes"},"schema":{"@context":"https:\/\/schema.org","@graph":[{"@type":"Article","@id":"https:\/\/footdavant.fr\/actualites\/leny-yoro-une-mise-a-jour-cle-sur-la-blessure-de-la-star-de-man-united-apparait\/#article","isPartOf":{"@id":"https:\/\/footdavant.fr\/actualites\/leny-yoro-une-mise-a-jour-cle-sur-la-blessure-de-la-star-de-man-united-apparait\/"},"author":{"name":"Cl\u00e9ment","@id":"https:\/\/footdavant.fr\/actualites\/#\/schema\/person\/bc222566d95871b37e597b3ed3ba5e1d"},"headline":"Leny Yoro: une mise \u00e0 jour cl\u00e9 sur la blessure de la star de Man United appara\u00eet \u2013","datePublished":"2026-04-18T18:48:09+00:00","dateModified":"2026-04-18T18:48:10+00:00","mainEntityOfPage":{"@id":"https:\/\/footdavant.fr\/actualites\/leny-yoro-une-mise-a-jour-cle-sur-la-blessure-de-la-star-de-man-united-apparait\/"},"wordCount":611,"publisher":{"@id":"https:\/\/footdavant.fr\/actualites\/#organization"},"keywords":["appara\u00eet","Blessure","cl\u00e9..","jour","Leny","Man","mise","Star","sur","une","United","Yoro"],"articleSection":["Football"],"inLanguage":"fr-FR"},{"@type":"WebPage","@id":"https:\/\/footdavant.fr\/actualites\/leny-yoro-une-mise-a-jour-cle-sur-la-blessure-de-la-star-de-man-united-apparait\/","url":"https:\/\/footdavant.fr\/actualites\/leny-yoro-une-mise-a-jour-cle-sur-la-blessure-de-la-star-de-man-united-apparait\/","name":"Leny Yoro: une mise \u00e0 jour cl\u00e9 sur la blessure de la star de Man United appara\u00eet \u2013","isPartOf":{"@id":"https:\/\/footdavant.fr\/actualites\/#website"},"datePublished":"2026-04-18T18:48:09+00:00","dateModified":"2026-04-18T18:48:10+00:00","breadcrumb":{"@id":"https:\/\/footdavant.fr\/actualites\/leny-yoro-une-mise-a-jour-cle-sur-la-blessure-de-la-star-de-man-united-apparait\/#breadcrumb"},"inLanguage":"fr-FR","potentialAction":[{"@type":"ReadAction","target":["https:\/\/footdavant.fr\/actualites\/leny-yoro-une-mise-a-jour-cle-sur-la-blessure-de-la-star-de-man-united-apparait\/"]}]},{"@type":"BreadcrumbList","@id":"https:\/\/footdavant.fr\/actualites\/leny-yoro-une-mise-a-jour-cle-sur-la-blessure-de-la-star-de-man-united-apparait\/#breadcrumb","itemListElement":[{"@type":"ListItem","position":1,"name":"Accueil","item":"https:\/\/footdavant.fr\/actualites\/"},{"@type":"ListItem","position":2,"name":"Leny Yoro: une mise \u00e0 jour cl\u00e9 sur la blessure de la star de Man United appara\u00eet \u2013"}]},{"@type":"WebSite","@id":"https:\/\/footdavant.fr\/actualites\/#website","url":"https:\/\/footdavant.fr\/actualites\/","name":"Foot d'avant","description":"","publisher":{"@id":"https:\/\/footdavant.fr\/actualites\/#organization"},"potentialAction":[{"@type":"SearchAction","target":{"@type":"EntryPoint","urlTemplate":"https:\/\/footdavant.fr\/actualites\/?s={search_term_string}"},"query-input":"required name=search_term_string"}],"inLanguage":"fr-FR"},{"@type":"Organization","@id":"https:\/\/footdavant.fr\/actualites\/#organization","name":"Foot d'avant","url":"https:\/\/footdavant.fr\/actualites\/","logo":{"@type":"ImageObject","inLanguage":"fr-FR","@id":"https:\/\/footdavant.fr\/actualites\/#\/schema\/logo\/image\/","url":"https:\/\/footdavant.fr\/actualites\/wp-content\/uploads\/2023\/09\/Copy-of-FootDavant-Logo.png","contentUrl":"https:\/\/footdavant.fr\/actualites\/wp-content\/uploads\/2023\/09\/Copy-of-FootDavant-Logo.png","width":936,"height":549,"caption":"Foot d'avant"},"image":{"@id":"https:\/\/footdavant.fr\/actualites\/#\/schema\/logo\/image\/"},"sameAs":["https:\/\/www.facebook.com\/Footdavant\/","https:\/\/twitter.com\/FootdavantFr","https:\/\/www.instagram.com\/footdavant.fr\/"]},{"@type":"Person","@id":"https:\/\/footdavant.fr\/actualites\/#\/schema\/person\/bc222566d95871b37e597b3ed3ba5e1d","name":"Cl\u00e9ment","image":{"@type":"ImageObject","inLanguage":"fr-FR","@id":"https:\/\/footdavant.fr\/actualites\/#\/schema\/person\/image\/","url":"https:\/\/secure.gravatar.com\/avatar\/7728b29aac2719421e1a9159b2254c44?s=96&d=mm&r=g","contentUrl":"https:\/\/secure.gravatar.com\/avatar\/7728b29aac2719421e1a9159b2254c44?s=96&d=mm&r=g","caption":"Cl\u00e9ment"},"sameAs":["https:\/\/footdavant.fr\/"]}]}},"_links":{"self":[{"href":"https:\/\/footdavant.fr\/actualites\/wp-json\/wp\/v2\/posts\/36590"}],"collection":[{"href":"https:\/\/footdavant.fr\/actualites\/wp-json\/wp\/v2\/posts"}],"about":[{"href":"https:\/\/footdavant.fr\/actualites\/wp-json\/wp\/v2\/types\/post"}],"author":[{"embeddable":true,"href":"https:\/\/footdavant.fr\/actualites\/wp-json\/wp\/v2\/users\/1"}],"replies":[{"embeddable":true,"href":"https:\/\/footdavant.fr\/actualites\/wp-json\/wp\/v2\/comments?post=36590"}],"version-history":[{"count":1,"href":"https:\/\/footdavant.fr\/actualites\/wp-json\/wp\/v2\/posts\/36590\/revisions"}],"predecessor-version":[{"id":36592,"href":"https:\/\/footdavant.fr\/actualites\/wp-json\/wp\/v2\/posts\/36590\/revisions\/36592"}],"wp:featuredmedia":[{"embeddable":true,"href":"https:\/\/footdavant.fr\/actualites\/wp-json\/wp\/v2\/media\/36591"}],"wp:attachment":[{"href":"https:\/\/footdavant.fr\/actualites\/wp-json\/wp\/v2\/media?parent=36590"}],"wp:term":[{"taxonomy":"category","embeddable":true,"href":"https:\/\/footdavant.fr\/actualites\/wp-json\/wp\/v2\/categories?post=36590"},{"taxonomy":"post_tag","embeddable":true,"href":"https:\/\/footdavant.fr\/actualites\/wp-json\/wp\/v2\/tags?post=36590"}],"curies":[{"name":"wp","href":"https:\/\/api.w.org\/{rel}","templated":true}]}}