{"id":36596,"date":"2026-04-19T00:48:17","date_gmt":"2026-04-18T22:48:17","guid":{"rendered":"https:\/\/footdavant.fr\/actualites\/divers-du-samedi-tactiques-grevistes-archives-collectes-de-fonds\/"},"modified":"2026-04-19T00:48:20","modified_gmt":"2026-04-18T22:48:20","slug":"divers-du-samedi-tactiques-grevistes-archives-collectes-de-fonds","status":"publish","type":"post","link":"https:\/\/footdavant.fr\/actualites\/divers-du-samedi-tactiques-grevistes-archives-collectes-de-fonds\/","title":{"rendered":"Divers du samedi\u00a0: tactiques, gr\u00e9vistes, archives, collectes de fonds"},"content":{"rendered":"<div>\n<p>Bonjour.<\/p>\n<p>C&#39;est samedi et il y a un gros match demain, mais je n&#39;ai pas vraiment envie d&#39;en parler aujourd&#39;hui. Je ne peux pas mentir et dire que ce n&#39;est pas au premier plan de mes pr\u00e9occupations, mais je dois aussi avoir un aper\u00e7u du jeu sur le blog de demain, donc je n&#39;ai pas vraiment envie de trop m&#39;y attarder aujourd&#39;hui.<\/p>\n<p>Donc, \u00e7a va \u00eatre court\/diff\u00e9rent aujourd&#39;hui. Je vais principalement vous orienter vers d\u2019autres choses \u00e0 lire et \u00e0 regarder. Premi\u00e8rement, Lewis a une nouvelle chronique int\u00e9ressante sur les tactiques sur la fa\u00e7on dont Man City s&#39;est oppos\u00e9 \u00e0 nous \u00e0 Wembley et lors des matchs suivants \u00e9galement, et sur ce qu&#39;Arsenal peut essayer de faire \u00e0 ce sujet si c&#39;est la m\u00eame chose demain. La grande question est : s\u2019agira-t-il d\u2019un switcheroo classique de Pep Guardiola ? Tout le monde s\u2019attend \u00e0 ce qu\u2019il fasse une chose, mais il en fait ensuite une autre. Je suppose que nous le saurons en temps voulu.<\/p>\n<p>Sur Sky Sports, Nick Wright, toujours excellent, plaide pour que Kai Havertz commence en t\u00eate \u00e0 l&#39;Etihad demain. Ce n&#39;est pas seulement une pr\u00e9f\u00e9rence personnelle, cela est bas\u00e9 sur les statistiques et le niveau technique de Kai contre Viktor Gyokeres. L&#39;attaquant su\u00e9dois reste un sujet de conversation permanent bien qu&#39;il soit notre meilleur buteur cette saison, mais dans un match o\u00f9 nous devons absolument tirer le meilleur parti de notre possession, son manque de s\u00e9curit\u00e9 technique ne semble pas \u00eatre la bonne solution. Peut-\u00eatre que la d\u00e9cision d\u00e9pendra de la forme physique plus que toute autre chose, mais si je choisissais l&#39;\u00e9quipe, je consid\u00e9rerais Gyokeres comme une meilleure option pour les derni\u00e8res \u00e9tapes du jeu, c&#39;est s\u00fbr.<\/p>\n<p>Revenons \u00e0 Lewis, et hier, il m&#39;a orient\u00e9 vers une nouvelle fonctionnalit\u00e9 sur le site Web de la Premier League, qui est une archive de tous les matchs remontant \u00e0 sa cr\u00e9ation en 1992-93. Vous pouvez revenir en arri\u00e8re, via sa fonction de recherche quelque peu d\u00e9licate, et regarder les moments forts de n&#39;importe quel match de n&#39;importe quelle saison. Peut-\u00eatre voulez-vous voir Mikel Arteta marquer un but vainqueur tardif contre Man City en 2012, ou la rediffusion compl\u00e8te d&#39;une victoire 3-0 l\u00e0-bas en 2010 lorsque City a fait expulser un homme dans les premi\u00e8res minutes (ce que je donnerais pour une r\u00e9p\u00e9tition de cela demain !), ou la victoire 5-1 \u00e0 domicile la saison derni\u00e8re lorsque Myles Lewis-Skelly a marqu\u00e9 ce but et est rest\u00e9 si humble avec sa c\u00e9l\u00e9bration (quelques communications classiques de Conor McNamara \u00e0 ce sujet aussi). Faites votre choix parmi ceux-ci, ou tout ce qui vous pla\u00eet\u00a0!<\/p>\n<p>Enfin pour aujourd&#39;hui, Elliot a un message concernant la collecte de fonds en cours pour la Fondation Arsenal\u00a0:<\/p>\n<blockquote class=\"bluesky-embed\" data-bluesky-uri=\"at:\/\/did:plc:h6pyl5e2cdtdlulmw6ubhc6c\/app.bsky.feed.post\/3mjoys24odc2h\" data-bluesky-cid=\"bafyreibnxl77tmaga5kb3uampyqtvge32rmaqek4ktlxqggrelir2a3xju\">\n<p lang=\"en\">Une mise \u00e0 jour tr\u00e8s sp\u00e9ciale et un message de gratitude. \u2764\ufe0f<\/p>\n<p>\u2013 YankeeGunner (@arsenalvisionpodcast.com) 2026-04-17T13: 11: 31.273Z<\/p>\n<\/blockquote>\n<p>Si vous voulez juste des d\u00e9tails, nous avions un objectif de 200 000 \u00a3 \u00e0 atteindre avant la fin avril, et \u00e0 cette date et \u00e0 l\u2019heure o\u00f9 nous r\u00e9digeons ces lignes, il s\u2019\u00e9l\u00e8ve actuellement \u00e0 plus de 220 000 \u00a3. Comme Elliot l&#39;explique dans le post ci-dessus, un don merveilleusement g\u00e9n\u00e9reux de 150 000 \u00a3 est encore \u00e0 venir (\ud83d\ude4f), et qui sait o\u00f9 nous finirons d&#39;ici la fin du mois.<\/p>\n<p>Les fans d&#39;Arsenal en ligne re\u00e7oivent beaucoup de b\u00e2tons, certains m\u00e9ritaient d&#39;\u00eatre justes, et vous pouvez \u00e0 peine bouger ces jours-ci sans lire des articles d&#39;opinion sur nos supporters, comment ils se comportent et sont per\u00e7us. Ce que je dirai est ceci, et je pense que c&#39;est important : presque tous sont bas\u00e9s sur les interactions que les \u00e9crivains voient ou dans lesquelles ils sont impliqu\u00e9s sur Twitter et d&#39;autres plateformes, qui peuvent \u00eatre repr\u00e9sentatives de cette section particuli\u00e8re de fans d&#39;Arsenal, mais pas des fans d&#39;Arsenal en g\u00e9n\u00e9ral.<\/p>\n<p>Chaque ann\u00e9e, les communaut\u00e9s d&#39;ArsenalVision Podcast et d&#39;Arseblog se r\u00e9unissent et soutiennent cette collecte de fonds de la mani\u00e8re la plus \u00e9tonnante qui soit. Leur g\u00e9n\u00e9rosit\u00e9 est incroyable et la constance de leur soutien nous \u00e9poustoufle tous. Nous vivons dans un monde difficile, o\u00f9 tout devient de plus en plus cher, o\u00f9 le co\u00fbt de la vie augmente \u00e0 cause de fous qui font des conneries folles et inutiles qui nous affectent tous, et pourtant les gens sont toujours pr\u00eats \u00e0 donner ce qu&#39;ils peuvent pour soutenir cette brillante cause.<\/p>\n<p>C&#39;est peut-\u00eatre juste moi, mais j&#39;ai l&#39;impression que ce c\u00f4t\u00e9 des \u00ab fans d&#39;Arsenal \u00bb m\u00e9rite bien plus d&#39;\u00eatre mentionn\u00e9 que les gens qui passent toute la journ\u00e9e \u00e0 se battre avec les fans d&#39;autres clubs, des branleurs de coches bleues au hasard, et m\u00eame d&#39;autres fans d&#39;Arsenal sur le pire site Web du monde. Je comprends cependant, cela ne cr\u00e9e pas vraiment le m\u00eame type d&#39;engagement, mais la prochaine fois que quelqu&#39;un se plaint de notre base de fans, rappelez-vous que \u2013 dans cette partie d&#39;Internet du moins \u2013 ces critiques ne s&#39;appliquent pas du tout.<\/p>\n<p>Enfin, et je vous le promets, c&#39;est enfin la finale, nous nous penchons en profondeur sur le jeu de demain sur notre podcast d&#39;aper\u00e7u Patreon qui est maintenant disponible. N&#39;oubliez pas qu&#39;en avril, Arseblog reversera chaque centime de nos revenus Patreon \u00e0 de bonnes causes, et en plus du don de 25 000 \u20ac que nous avons fait \u00e0 la collecte de fonds, nous annoncerons les d\u00e9tails d&#39;autres dons la semaine prochaine. Si vous souhaitez vous inscrire ne serait-ce que pour un mois, vous obtenez un acc\u00e8s instantan\u00e9 \u00e0 ce module et \u00e0 tout notre contenu Patreon, et vous saurez que cet abonnement va aider les personnes qui en ont vraiment, vraiment besoin.<\/p>\n<p>Cela co\u00fbte 6 $ par mois plus la taxe de vente si cela est applicable dans votre pays, et vous pouvez le faire sur patreon.com\/arseblog.<\/p>\n<p>Passez un bon samedi les amis, de retour demain pour le grand. Je sens d\u00e9j\u00e0 les nerfs.<\/p>\n<\/div>\n","protected":false},"excerpt":{"rendered":"<p>Bonjour. C&#39;est samedi et il y a un gros match demain, mais je n&#39;ai pas vraiment envie d&#39;en parler aujourd&#39;hui. Je ne peux pas mentir<\/p>\n","protected":false},"author":1,"featured_media":36597,"comment_status":"closed","ping_status":"","sticky":false,"template":"","format":"standard","meta":{"footnotes":""},"categories":[3],"tags":[11853,11854,9329,628,11852,2135,7078],"yoast_head":"<!-- This site is optimized with the Yoast SEO plugin v21.0 - https:\/\/yoast.com\/wordpress\/plugins\/seo\/ -->\n<title>Divers du samedi\u00a0: tactiques, gr\u00e9vistes, archives, collectes de fonds<\/title>\n<meta name=\"robots\" content=\"index, follow, max-snippet:-1, max-image-preview:large, max-video-preview:-1\" \/>\n<link rel=\"canonical\" href=\"https:\/\/footdavant.fr\/actualites\/divers-du-samedi-tactiques-grevistes-archives-collectes-de-fonds\/\" \/>\n<meta property=\"og:locale\" content=\"fr_FR\" \/>\n<meta property=\"og:type\" content=\"article\" \/>\n<meta property=\"og:title\" content=\"Divers du samedi\u00a0: tactiques, gr\u00e9vistes, archives, collectes de fonds\" \/>\n<meta property=\"og:description\" content=\"Bonjour. C&#039;est samedi et il y a un gros match demain, mais je n&#039;ai pas vraiment envie d&#039;en parler aujourd&#039;hui. Je ne peux pas mentir\" \/>\n<meta property=\"og:url\" content=\"https:\/\/footdavant.fr\/actualites\/divers-du-samedi-tactiques-grevistes-archives-collectes-de-fonds\/\" \/>\n<meta property=\"og:site_name\" content=\"Foot d&#039;avant\" \/>\n<meta property=\"article:publisher\" content=\"https:\/\/www.facebook.com\/Footdavant\/\" \/>\n<meta property=\"article:published_time\" content=\"2026-04-18T22:48:17+00:00\" \/>\n<meta property=\"article:modified_time\" content=\"2026-04-18T22:48:20+00:00\" \/>\n<meta property=\"og:image\" content=\"https:\/\/footdavant.fr\/actualites\/wp-content\/uploads\/2026\/04\/Divers-du-samedi-tactiques-grevistes-archives-collectes-de-fonds.jpg\" \/>\n\t<meta property=\"og:image:width\" content=\"1500\" \/>\n\t<meta property=\"og:image:height\" content=\"750\" \/>\n\t<meta property=\"og:image:type\" content=\"image\/jpeg\" \/>\n<meta name=\"author\" content=\"Cl\u00e9ment\" \/>\n<meta name=\"twitter:card\" content=\"summary_large_image\" \/>\n<meta name=\"twitter:creator\" content=\"@FootdavantFr\" \/>\n<meta name=\"twitter:site\" content=\"@FootdavantFr\" \/>\n<meta name=\"twitter:label1\" content=\"\u00c9crit par\" \/>\n\t<meta name=\"twitter:data1\" content=\"Cl\u00e9ment\" \/>\n\t<meta name=\"twitter:label2\" content=\"Dur\u00e9e de lecture estim\u00e9e\" \/>\n\t<meta name=\"twitter:data2\" content=\"5 minutes\" \/>\n<script type=\"application\/ld+json\" class=\"yoast-schema-graph\">{\"@context\":\"https:\/\/schema.org\",\"@graph\":[{\"@type\":\"Article\",\"@id\":\"https:\/\/footdavant.fr\/actualites\/divers-du-samedi-tactiques-grevistes-archives-collectes-de-fonds\/#article\",\"isPartOf\":{\"@id\":\"https:\/\/footdavant.fr\/actualites\/divers-du-samedi-tactiques-grevistes-archives-collectes-de-fonds\/\"},\"author\":{\"name\":\"Cl\u00e9ment\",\"@id\":\"https:\/\/footdavant.fr\/actualites\/#\/schema\/person\/bc222566d95871b37e597b3ed3ba5e1d\"},\"headline\":\"Divers du samedi\u00a0: tactiques, gr\u00e9vistes, archives, collectes de fonds\",\"datePublished\":\"2026-04-18T22:48:17+00:00\",\"dateModified\":\"2026-04-18T22:48:20+00:00\",\"mainEntityOfPage\":{\"@id\":\"https:\/\/footdavant.fr\/actualites\/divers-du-samedi-tactiques-grevistes-archives-collectes-de-fonds\/\"},\"wordCount\":1063,\"publisher\":{\"@id\":\"https:\/\/footdavant.fr\/actualites\/#organization\"},\"keywords\":[\"archives\",\"collectes\",\"Divers\",\"fonds\",\"gr\u00e9vistes\",\"samedi\",\"Tactiques\"],\"articleSection\":[\"Football\"],\"inLanguage\":\"fr-FR\"},{\"@type\":\"WebPage\",\"@id\":\"https:\/\/footdavant.fr\/actualites\/divers-du-samedi-tactiques-grevistes-archives-collectes-de-fonds\/\",\"url\":\"https:\/\/footdavant.fr\/actualites\/divers-du-samedi-tactiques-grevistes-archives-collectes-de-fonds\/\",\"name\":\"Divers du samedi\u00a0: tactiques, gr\u00e9vistes, archives, collectes de fonds\",\"isPartOf\":{\"@id\":\"https:\/\/footdavant.fr\/actualites\/#website\"},\"datePublished\":\"2026-04-18T22:48:17+00:00\",\"dateModified\":\"2026-04-18T22:48:20+00:00\",\"breadcrumb\":{\"@id\":\"https:\/\/footdavant.fr\/actualites\/divers-du-samedi-tactiques-grevistes-archives-collectes-de-fonds\/#breadcrumb\"},\"inLanguage\":\"fr-FR\",\"potentialAction\":[{\"@type\":\"ReadAction\",\"target\":[\"https:\/\/footdavant.fr\/actualites\/divers-du-samedi-tactiques-grevistes-archives-collectes-de-fonds\/\"]}]},{\"@type\":\"BreadcrumbList\",\"@id\":\"https:\/\/footdavant.fr\/actualites\/divers-du-samedi-tactiques-grevistes-archives-collectes-de-fonds\/#breadcrumb\",\"itemListElement\":[{\"@type\":\"ListItem\",\"position\":1,\"name\":\"Accueil\",\"item\":\"https:\/\/footdavant.fr\/actualites\/\"},{\"@type\":\"ListItem\",\"position\":2,\"name\":\"Divers du samedi\u00a0: tactiques, gr\u00e9vistes, archives, collectes de fonds\"}]},{\"@type\":\"WebSite\",\"@id\":\"https:\/\/footdavant.fr\/actualites\/#website\",\"url\":\"https:\/\/footdavant.fr\/actualites\/\",\"name\":\"Foot d'avant\",\"description\":\"\",\"publisher\":{\"@id\":\"https:\/\/footdavant.fr\/actualites\/#organization\"},\"potentialAction\":[{\"@type\":\"SearchAction\",\"target\":{\"@type\":\"EntryPoint\",\"urlTemplate\":\"https:\/\/footdavant.fr\/actualites\/?s={search_term_string}\"},\"query-input\":\"required name=search_term_string\"}],\"inLanguage\":\"fr-FR\"},{\"@type\":\"Organization\",\"@id\":\"https:\/\/footdavant.fr\/actualites\/#organization\",\"name\":\"Foot d'avant\",\"url\":\"https:\/\/footdavant.fr\/actualites\/\",\"logo\":{\"@type\":\"ImageObject\",\"inLanguage\":\"fr-FR\",\"@id\":\"https:\/\/footdavant.fr\/actualites\/#\/schema\/logo\/image\/\",\"url\":\"https:\/\/footdavant.fr\/actualites\/wp-content\/uploads\/2023\/09\/Copy-of-FootDavant-Logo.png\",\"contentUrl\":\"https:\/\/footdavant.fr\/actualites\/wp-content\/uploads\/2023\/09\/Copy-of-FootDavant-Logo.png\",\"width\":936,\"height\":549,\"caption\":\"Foot d'avant\"},\"image\":{\"@id\":\"https:\/\/footdavant.fr\/actualites\/#\/schema\/logo\/image\/\"},\"sameAs\":[\"https:\/\/www.facebook.com\/Footdavant\/\",\"https:\/\/twitter.com\/FootdavantFr\",\"https:\/\/www.instagram.com\/footdavant.fr\/\"]},{\"@type\":\"Person\",\"@id\":\"https:\/\/footdavant.fr\/actualites\/#\/schema\/person\/bc222566d95871b37e597b3ed3ba5e1d\",\"name\":\"Cl\u00e9ment\",\"image\":{\"@type\":\"ImageObject\",\"inLanguage\":\"fr-FR\",\"@id\":\"https:\/\/footdavant.fr\/actualites\/#\/schema\/person\/image\/\",\"url\":\"https:\/\/secure.gravatar.com\/avatar\/7728b29aac2719421e1a9159b2254c44?s=96&d=mm&r=g\",\"contentUrl\":\"https:\/\/secure.gravatar.com\/avatar\/7728b29aac2719421e1a9159b2254c44?s=96&d=mm&r=g\",\"caption\":\"Cl\u00e9ment\"},\"sameAs\":[\"https:\/\/footdavant.fr\/\"]}]}<\/script>\n<!-- \/ Yoast SEO plugin. -->","yoast_head_json":{"title":"Divers du samedi\u00a0: tactiques, gr\u00e9vistes, archives, collectes de fonds","robots":{"index":"index","follow":"follow","max-snippet":"max-snippet:-1","max-image-preview":"max-image-preview:large","max-video-preview":"max-video-preview:-1"},"canonical":"https:\/\/footdavant.fr\/actualites\/divers-du-samedi-tactiques-grevistes-archives-collectes-de-fonds\/","og_locale":"fr_FR","og_type":"article","og_title":"Divers du samedi\u00a0: tactiques, gr\u00e9vistes, archives, collectes de fonds","og_description":"Bonjour. C&#39;est samedi et il y a un gros match demain, mais je n&#39;ai pas vraiment envie d&#39;en parler aujourd&#39;hui. Je ne peux pas mentir","og_url":"https:\/\/footdavant.fr\/actualites\/divers-du-samedi-tactiques-grevistes-archives-collectes-de-fonds\/","og_site_name":"Foot d&#039;avant","article_publisher":"https:\/\/www.facebook.com\/Footdavant\/","article_published_time":"2026-04-18T22:48:17+00:00","article_modified_time":"2026-04-18T22:48:20+00:00","og_image":[{"width":1500,"height":750,"url":"https:\/\/footdavant.fr\/actualites\/wp-content\/uploads\/2026\/04\/Divers-du-samedi-tactiques-grevistes-archives-collectes-de-fonds.jpg","type":"image\/jpeg"}],"author":"Cl\u00e9ment","twitter_card":"summary_large_image","twitter_creator":"@FootdavantFr","twitter_site":"@FootdavantFr","twitter_misc":{"\u00c9crit par":"Cl\u00e9ment","Dur\u00e9e de lecture estim\u00e9e":"5 minutes"},"schema":{"@context":"https:\/\/schema.org","@graph":[{"@type":"Article","@id":"https:\/\/footdavant.fr\/actualites\/divers-du-samedi-tactiques-grevistes-archives-collectes-de-fonds\/#article","isPartOf":{"@id":"https:\/\/footdavant.fr\/actualites\/divers-du-samedi-tactiques-grevistes-archives-collectes-de-fonds\/"},"author":{"name":"Cl\u00e9ment","@id":"https:\/\/footdavant.fr\/actualites\/#\/schema\/person\/bc222566d95871b37e597b3ed3ba5e1d"},"headline":"Divers du samedi\u00a0: tactiques, gr\u00e9vistes, archives, collectes de fonds","datePublished":"2026-04-18T22:48:17+00:00","dateModified":"2026-04-18T22:48:20+00:00","mainEntityOfPage":{"@id":"https:\/\/footdavant.fr\/actualites\/divers-du-samedi-tactiques-grevistes-archives-collectes-de-fonds\/"},"wordCount":1063,"publisher":{"@id":"https:\/\/footdavant.fr\/actualites\/#organization"},"keywords":["archives","collectes","Divers","fonds","gr\u00e9vistes","samedi","Tactiques"],"articleSection":["Football"],"inLanguage":"fr-FR"},{"@type":"WebPage","@id":"https:\/\/footdavant.fr\/actualites\/divers-du-samedi-tactiques-grevistes-archives-collectes-de-fonds\/","url":"https:\/\/footdavant.fr\/actualites\/divers-du-samedi-tactiques-grevistes-archives-collectes-de-fonds\/","name":"Divers du samedi\u00a0: tactiques, gr\u00e9vistes, archives, collectes de fonds","isPartOf":{"@id":"https:\/\/footdavant.fr\/actualites\/#website"},"datePublished":"2026-04-18T22:48:17+00:00","dateModified":"2026-04-18T22:48:20+00:00","breadcrumb":{"@id":"https:\/\/footdavant.fr\/actualites\/divers-du-samedi-tactiques-grevistes-archives-collectes-de-fonds\/#breadcrumb"},"inLanguage":"fr-FR","potentialAction":[{"@type":"ReadAction","target":["https:\/\/footdavant.fr\/actualites\/divers-du-samedi-tactiques-grevistes-archives-collectes-de-fonds\/"]}]},{"@type":"BreadcrumbList","@id":"https:\/\/footdavant.fr\/actualites\/divers-du-samedi-tactiques-grevistes-archives-collectes-de-fonds\/#breadcrumb","itemListElement":[{"@type":"ListItem","position":1,"name":"Accueil","item":"https:\/\/footdavant.fr\/actualites\/"},{"@type":"ListItem","position":2,"name":"Divers du samedi\u00a0: tactiques, gr\u00e9vistes, archives, collectes de fonds"}]},{"@type":"WebSite","@id":"https:\/\/footdavant.fr\/actualites\/#website","url":"https:\/\/footdavant.fr\/actualites\/","name":"Foot d'avant","description":"","publisher":{"@id":"https:\/\/footdavant.fr\/actualites\/#organization"},"potentialAction":[{"@type":"SearchAction","target":{"@type":"EntryPoint","urlTemplate":"https:\/\/footdavant.fr\/actualites\/?s={search_term_string}"},"query-input":"required name=search_term_string"}],"inLanguage":"fr-FR"},{"@type":"Organization","@id":"https:\/\/footdavant.fr\/actualites\/#organization","name":"Foot d'avant","url":"https:\/\/footdavant.fr\/actualites\/","logo":{"@type":"ImageObject","inLanguage":"fr-FR","@id":"https:\/\/footdavant.fr\/actualites\/#\/schema\/logo\/image\/","url":"https:\/\/footdavant.fr\/actualites\/wp-content\/uploads\/2023\/09\/Copy-of-FootDavant-Logo.png","contentUrl":"https:\/\/footdavant.fr\/actualites\/wp-content\/uploads\/2023\/09\/Copy-of-FootDavant-Logo.png","width":936,"height":549,"caption":"Foot d'avant"},"image":{"@id":"https:\/\/footdavant.fr\/actualites\/#\/schema\/logo\/image\/"},"sameAs":["https:\/\/www.facebook.com\/Footdavant\/","https:\/\/twitter.com\/FootdavantFr","https:\/\/www.instagram.com\/footdavant.fr\/"]},{"@type":"Person","@id":"https:\/\/footdavant.fr\/actualites\/#\/schema\/person\/bc222566d95871b37e597b3ed3ba5e1d","name":"Cl\u00e9ment","image":{"@type":"ImageObject","inLanguage":"fr-FR","@id":"https:\/\/footdavant.fr\/actualites\/#\/schema\/person\/image\/","url":"https:\/\/secure.gravatar.com\/avatar\/7728b29aac2719421e1a9159b2254c44?s=96&d=mm&r=g","contentUrl":"https:\/\/secure.gravatar.com\/avatar\/7728b29aac2719421e1a9159b2254c44?s=96&d=mm&r=g","caption":"Cl\u00e9ment"},"sameAs":["https:\/\/footdavant.fr\/"]}]}},"_links":{"self":[{"href":"https:\/\/footdavant.fr\/actualites\/wp-json\/wp\/v2\/posts\/36596"}],"collection":[{"href":"https:\/\/footdavant.fr\/actualites\/wp-json\/wp\/v2\/posts"}],"about":[{"href":"https:\/\/footdavant.fr\/actualites\/wp-json\/wp\/v2\/types\/post"}],"author":[{"embeddable":true,"href":"https:\/\/footdavant.fr\/actualites\/wp-json\/wp\/v2\/users\/1"}],"replies":[{"embeddable":true,"href":"https:\/\/footdavant.fr\/actualites\/wp-json\/wp\/v2\/comments?post=36596"}],"version-history":[{"count":1,"href":"https:\/\/footdavant.fr\/actualites\/wp-json\/wp\/v2\/posts\/36596\/revisions"}],"predecessor-version":[{"id":36598,"href":"https:\/\/footdavant.fr\/actualites\/wp-json\/wp\/v2\/posts\/36596\/revisions\/36598"}],"wp:featuredmedia":[{"embeddable":true,"href":"https:\/\/footdavant.fr\/actualites\/wp-json\/wp\/v2\/media\/36597"}],"wp:attachment":[{"href":"https:\/\/footdavant.fr\/actualites\/wp-json\/wp\/v2\/media?parent=36596"}],"wp:term":[{"taxonomy":"category","embeddable":true,"href":"https:\/\/footdavant.fr\/actualites\/wp-json\/wp\/v2\/categories?post=36596"},{"taxonomy":"post_tag","embeddable":true,"href":"https:\/\/footdavant.fr\/actualites\/wp-json\/wp\/v2\/tags?post=36596"}],"curies":[{"name":"wp","href":"https:\/\/api.w.org\/{rel}","templated":true}]}}