{"id":36604,"date":"2026-04-19T06:48:12","date_gmt":"2026-04-19T04:48:12","guid":{"rendered":"https:\/\/footdavant.fr\/actualites\/nouvelles-du-transfert-de-man-united-le-real-madrid-rejoint-la-course-au-prototype-de-paul-pogba-alors-que-michael-carrick-vise-a-reconstruire-le-milieu-de-terrain\/"},"modified":"2026-04-19T06:48:14","modified_gmt":"2026-04-19T04:48:14","slug":"nouvelles-du-transfert-de-man-united-le-real-madrid-rejoint-la-course-au-prototype-de-paul-pogba-alors-que-michael-carrick-vise-a-reconstruire-le-milieu-de-terrain","status":"publish","type":"post","link":"https:\/\/footdavant.fr\/actualites\/nouvelles-du-transfert-de-man-united-le-real-madrid-rejoint-la-course-au-prototype-de-paul-pogba-alors-que-michael-carrick-vise-a-reconstruire-le-milieu-de-terrain\/","title":{"rendered":"Nouvelles du transfert de Man United: le Real Madrid rejoint la course au \u00ab prototype \u00bb de Paul Pogba alors que Michael Carrick vise \u00e0 reconstruire le milieu de terrain"},"content":{"rendered":"<div itemprop=\"articleBody\">\n<p>Manchester United sera confront\u00e9 \u00e0 la concurrence du milieu de terrain de Fribourg Johan Manzambi du Real Madrid, selon le dernier rapport.<\/p>\n<p>L&#39;\u00e9quipe de Michael Carrick affrontera Chelsea samedi soir, et une victoire les placerait en pole position pour terminer dans le top cinq de la Premier League.<\/p>\n<p>Que United se qualifie ou non pour la Ligue des champions, ils auront besoin de plusieurs ajouts cet \u00e9t\u00e9, notamment au milieu de terrain.<\/p>\n<p>Le club a \u00e9t\u00e9 li\u00e9 au milieu de terrain de Fribourg Manzambi, qui serait disponible moyennant des frais d&#39;environ 43 millions de livres sterling.<\/p>\n<p>Cependant, le point de vente italien <em>Tout sur la Juve<\/em> affirment que le Real Madrid manifeste un vif int\u00e9r\u00eat pour le milieu de terrain de Fribourg, les Diables rouges \u00e9tant confront\u00e9s \u00e0 une bataille pour recruter le joueur de 20 ans.<\/p>\n<div>\n<div>\n<p>\u00a9 Iconsport \/ Picture Alliance<\/p>\n<\/div>\n<\/div>\n<h2>Johan Manzambi \u00e9valu\u00e9 : Pourquoi Manchester United veut-il la star de Fribourg ?<\/h2>\n<p>Manzambi a jou\u00e9 dans des r\u00f4les plus profonds et plus avanc\u00e9s, mais il a sans doute \u00e9t\u00e9 \u00e0 son meilleur lorsqu&#39;il commence plus profond\u00e9ment avant d&#39;avancer avec la possession.<\/p>\n<p>Mesurant un peu moins d&#39;1,70 m\u00e8tre, l&#39;international suisse a su s&#39;imposer physiquement lors des matches, remportant 6,7 duels par match, avec un taux de r\u00e9ussite de 58%.<\/p>\n<p>Kobbie Mainoo compte en moyenne trois duels gagn\u00e9s par match en Premier League et n&#39;a qu&#39;un taux de r\u00e9ussite de 48%, et il est facile de comprendre pourquoi United a \u00e9t\u00e9 li\u00e9 \u00e0 Manzambi.<\/p>\n<p>Le joueur de 20 ans est \u00e9galement un excellent passeur et porteur, et ses comp\u00e9tences ajouteraient consid\u00e9rablement \u00e0 l&#39;\u00e9quipe des Red Devils la saison prochaine.<\/p>\n<div>\n<div>\n<div>\n<div>\n<div><img decoding=\"async\" data-img-id=\"155213\" class=\"lazy\" loading=\"lazy\" src=\"https:\/\/footdavant.fr\/actualites\/wp-content\/uploads\/2026\/04\/1776574092_538_Nouvelles-du-transfert-de-Man-United-le-Real-Madrid-rejoint.webp\"\/><\/p>\n<p>\u00a9 Imago \/ STEINSIEK.CH<\/p>\n<\/div>\n<\/div>\n<\/div>\n<\/div>\n<\/div>\n<h2>Man United peut-il battre le Real Madrid contre Johan Manzambi ?<\/h2>\n<p>M\u00eame si United \u00e9tait au sommet de son art, essayer de rivaliser avec le Real Madrid pour un joueur pourrait s&#39;av\u00e9rer difficile, m\u00eame s&#39;il y a eu des cas o\u00f9 l&#39;\u00e9quipe anglaise a pr\u00e9valu.<\/p>\n<p>La star actuelle des Red Devils, Leny Yoro, \u00e9tait largement consid\u00e9r\u00e9e comme une cible cl\u00e9 de Los Blancos, mais il a choisi de signer pour l&#39;\u00e9quipe de Premier League en 2024.<\/p>\n<p>Peut-\u00eatre que la puissance financi\u00e8re de l&#39;\u00e9lite anglaise donnerait \u00e0 United un avantage si le transfert de Manzambi se r\u00e9sumait \u00e0 une guerre d&#39;ench\u00e8res, m\u00eame si l&#39;\u00e9chec \u00e0 garantir le football en Ligue des champions nuirait probablement \u00e0 leurs chances d&#39;amener le joueur de 20 ans \u00e0 Old Trafford.<\/p>\n<\/div>\n","protected":false},"excerpt":{"rendered":"<p>Manchester United sera confront\u00e9 \u00e0 la concurrence du milieu de terrain de Fribourg Johan Manzambi du Real Madrid, selon le dernier rapport. L&#39;\u00e9quipe de Michael<\/p>\n","protected":false},"author":1,"featured_media":36605,"comment_status":"closed","ping_status":"","sticky":false,"template":"","format":"standard","meta":{"footnotes":""},"categories":[5],"tags":[318,5200,303,24,1105,441,461,873,7437,11855,302,8502,1444,442,700,13,10],"yoast_head":"<!-- This site is optimized with the Yoast SEO plugin v21.0 - https:\/\/yoast.com\/wordpress\/plugins\/seo\/ -->\n<title>Nouvelles du transfert de Man United: le Real Madrid rejoint la course au \u00ab prototype \u00bb de Paul Pogba alors que Michael Carrick vise \u00e0 reconstruire le milieu de terrain<\/title>\n<meta name=\"robots\" content=\"index, follow, max-snippet:-1, max-image-preview:large, max-video-preview:-1\" \/>\n<link rel=\"canonical\" href=\"https:\/\/footdavant.fr\/actualites\/nouvelles-du-transfert-de-man-united-le-real-madrid-rejoint-la-course-au-prototype-de-paul-pogba-alors-que-michael-carrick-vise-a-reconstruire-le-milieu-de-terrain\/\" \/>\n<meta property=\"og:locale\" content=\"fr_FR\" \/>\n<meta property=\"og:type\" content=\"article\" \/>\n<meta property=\"og:title\" content=\"Nouvelles du transfert de Man United: le Real Madrid rejoint la course au \u00ab prototype \u00bb de Paul Pogba alors que Michael Carrick vise \u00e0 reconstruire le milieu de terrain\" \/>\n<meta property=\"og:description\" content=\"Manchester United sera confront\u00e9 \u00e0 la concurrence du milieu de terrain de Fribourg Johan Manzambi du Real Madrid, selon le dernier rapport. L&#039;\u00e9quipe de Michael\" \/>\n<meta property=\"og:url\" content=\"https:\/\/footdavant.fr\/actualites\/nouvelles-du-transfert-de-man-united-le-real-madrid-rejoint-la-course-au-prototype-de-paul-pogba-alors-que-michael-carrick-vise-a-reconstruire-le-milieu-de-terrain\/\" \/>\n<meta property=\"og:site_name\" content=\"Foot d&#039;avant\" \/>\n<meta property=\"article:publisher\" content=\"https:\/\/www.facebook.com\/Footdavant\/\" \/>\n<meta property=\"article:published_time\" content=\"2026-04-19T04:48:12+00:00\" \/>\n<meta property=\"article:modified_time\" content=\"2026-04-19T04:48:14+00:00\" \/>\n<meta property=\"og:image\" content=\"https:\/\/footdavant.fr\/actualites\/wp-content\/uploads\/2026\/04\/Nouvelles-du-transfert-de-Man-United-le-Real-Madrid-rejoint.net2Fuploads2F20262F042Farne-slot-mo-sal.webp\" \/>\n\t<meta property=\"og:image:width\" content=\"720\" \/>\n\t<meta property=\"og:image:height\" content=\"410\" \/>\n\t<meta property=\"og:image:type\" content=\"image\/webp\" \/>\n<meta name=\"author\" content=\"Cl\u00e9ment\" \/>\n<meta name=\"twitter:card\" content=\"summary_large_image\" \/>\n<meta name=\"twitter:creator\" content=\"@FootdavantFr\" \/>\n<meta name=\"twitter:site\" content=\"@FootdavantFr\" \/>\n<meta name=\"twitter:label1\" content=\"\u00c9crit par\" \/>\n\t<meta name=\"twitter:data1\" content=\"Cl\u00e9ment\" \/>\n\t<meta name=\"twitter:label2\" content=\"Dur\u00e9e de lecture estim\u00e9e\" \/>\n\t<meta name=\"twitter:data2\" content=\"2 minutes\" \/>\n<script type=\"application\/ld+json\" class=\"yoast-schema-graph\">{\"@context\":\"https:\/\/schema.org\",\"@graph\":[{\"@type\":\"Article\",\"@id\":\"https:\/\/footdavant.fr\/actualites\/nouvelles-du-transfert-de-man-united-le-real-madrid-rejoint-la-course-au-prototype-de-paul-pogba-alors-que-michael-carrick-vise-a-reconstruire-le-milieu-de-terrain\/#article\",\"isPartOf\":{\"@id\":\"https:\/\/footdavant.fr\/actualites\/nouvelles-du-transfert-de-man-united-le-real-madrid-rejoint-la-course-au-prototype-de-paul-pogba-alors-que-michael-carrick-vise-a-reconstruire-le-milieu-de-terrain\/\"},\"author\":{\"name\":\"Cl\u00e9ment\",\"@id\":\"https:\/\/footdavant.fr\/actualites\/#\/schema\/person\/bc222566d95871b37e597b3ed3ba5e1d\"},\"headline\":\"Nouvelles du transfert de Man United: le Real Madrid rejoint la course au \u00ab prototype \u00bb de Paul Pogba alors que Michael Carrick vise \u00e0 reconstruire le milieu de terrain\",\"datePublished\":\"2026-04-19T04:48:12+00:00\",\"dateModified\":\"2026-04-19T04:48:14+00:00\",\"mainEntityOfPage\":{\"@id\":\"https:\/\/footdavant.fr\/actualites\/nouvelles-du-transfert-de-man-united-le-real-madrid-rejoint-la-course-au-prototype-de-paul-pogba-alors-que-michael-carrick-vise-a-reconstruire-le-milieu-de-terrain\/\"},\"wordCount\":442,\"publisher\":{\"@id\":\"https:\/\/footdavant.fr\/actualites\/#organization\"},\"keywords\":[\"alors\",\"Carrick\",\"Madrid\",\"Man\",\"Michael\",\"milieu\",\"Nouvelles\",\"Paul\",\"Pogba\",\"prototype\",\"Real\",\"reconstruire\",\"rejoint\",\"terrain\",\"transfert\",\"United\",\"vise\"],\"articleSection\":[\"Premier League\"],\"inLanguage\":\"fr-FR\"},{\"@type\":\"WebPage\",\"@id\":\"https:\/\/footdavant.fr\/actualites\/nouvelles-du-transfert-de-man-united-le-real-madrid-rejoint-la-course-au-prototype-de-paul-pogba-alors-que-michael-carrick-vise-a-reconstruire-le-milieu-de-terrain\/\",\"url\":\"https:\/\/footdavant.fr\/actualites\/nouvelles-du-transfert-de-man-united-le-real-madrid-rejoint-la-course-au-prototype-de-paul-pogba-alors-que-michael-carrick-vise-a-reconstruire-le-milieu-de-terrain\/\",\"name\":\"Nouvelles du transfert de Man United: le Real Madrid rejoint la course au \u00ab prototype \u00bb de Paul Pogba alors que Michael Carrick vise \u00e0 reconstruire le milieu de terrain\",\"isPartOf\":{\"@id\":\"https:\/\/footdavant.fr\/actualites\/#website\"},\"datePublished\":\"2026-04-19T04:48:12+00:00\",\"dateModified\":\"2026-04-19T04:48:14+00:00\",\"breadcrumb\":{\"@id\":\"https:\/\/footdavant.fr\/actualites\/nouvelles-du-transfert-de-man-united-le-real-madrid-rejoint-la-course-au-prototype-de-paul-pogba-alors-que-michael-carrick-vise-a-reconstruire-le-milieu-de-terrain\/#breadcrumb\"},\"inLanguage\":\"fr-FR\",\"potentialAction\":[{\"@type\":\"ReadAction\",\"target\":[\"https:\/\/footdavant.fr\/actualites\/nouvelles-du-transfert-de-man-united-le-real-madrid-rejoint-la-course-au-prototype-de-paul-pogba-alors-que-michael-carrick-vise-a-reconstruire-le-milieu-de-terrain\/\"]}]},{\"@type\":\"BreadcrumbList\",\"@id\":\"https:\/\/footdavant.fr\/actualites\/nouvelles-du-transfert-de-man-united-le-real-madrid-rejoint-la-course-au-prototype-de-paul-pogba-alors-que-michael-carrick-vise-a-reconstruire-le-milieu-de-terrain\/#breadcrumb\",\"itemListElement\":[{\"@type\":\"ListItem\",\"position\":1,\"name\":\"Accueil\",\"item\":\"https:\/\/footdavant.fr\/actualites\/\"},{\"@type\":\"ListItem\",\"position\":2,\"name\":\"Nouvelles du transfert de Man United: le Real Madrid rejoint la course au \u00ab prototype \u00bb de Paul Pogba alors que Michael Carrick vise \u00e0 reconstruire le milieu de terrain\"}]},{\"@type\":\"WebSite\",\"@id\":\"https:\/\/footdavant.fr\/actualites\/#website\",\"url\":\"https:\/\/footdavant.fr\/actualites\/\",\"name\":\"Foot d'avant\",\"description\":\"\",\"publisher\":{\"@id\":\"https:\/\/footdavant.fr\/actualites\/#organization\"},\"potentialAction\":[{\"@type\":\"SearchAction\",\"target\":{\"@type\":\"EntryPoint\",\"urlTemplate\":\"https:\/\/footdavant.fr\/actualites\/?s={search_term_string}\"},\"query-input\":\"required name=search_term_string\"}],\"inLanguage\":\"fr-FR\"},{\"@type\":\"Organization\",\"@id\":\"https:\/\/footdavant.fr\/actualites\/#organization\",\"name\":\"Foot d'avant\",\"url\":\"https:\/\/footdavant.fr\/actualites\/\",\"logo\":{\"@type\":\"ImageObject\",\"inLanguage\":\"fr-FR\",\"@id\":\"https:\/\/footdavant.fr\/actualites\/#\/schema\/logo\/image\/\",\"url\":\"https:\/\/footdavant.fr\/actualites\/wp-content\/uploads\/2023\/09\/Copy-of-FootDavant-Logo.png\",\"contentUrl\":\"https:\/\/footdavant.fr\/actualites\/wp-content\/uploads\/2023\/09\/Copy-of-FootDavant-Logo.png\",\"width\":936,\"height\":549,\"caption\":\"Foot d'avant\"},\"image\":{\"@id\":\"https:\/\/footdavant.fr\/actualites\/#\/schema\/logo\/image\/\"},\"sameAs\":[\"https:\/\/www.facebook.com\/Footdavant\/\",\"https:\/\/twitter.com\/FootdavantFr\",\"https:\/\/www.instagram.com\/footdavant.fr\/\"]},{\"@type\":\"Person\",\"@id\":\"https:\/\/footdavant.fr\/actualites\/#\/schema\/person\/bc222566d95871b37e597b3ed3ba5e1d\",\"name\":\"Cl\u00e9ment\",\"image\":{\"@type\":\"ImageObject\",\"inLanguage\":\"fr-FR\",\"@id\":\"https:\/\/footdavant.fr\/actualites\/#\/schema\/person\/image\/\",\"url\":\"https:\/\/secure.gravatar.com\/avatar\/7728b29aac2719421e1a9159b2254c44?s=96&d=mm&r=g\",\"contentUrl\":\"https:\/\/secure.gravatar.com\/avatar\/7728b29aac2719421e1a9159b2254c44?s=96&d=mm&r=g\",\"caption\":\"Cl\u00e9ment\"},\"sameAs\":[\"https:\/\/footdavant.fr\/\"]}]}<\/script>\n<!-- \/ Yoast SEO plugin. -->","yoast_head_json":{"title":"Nouvelles du transfert de Man United: le Real Madrid rejoint la course au \u00ab prototype \u00bb de Paul Pogba alors que Michael Carrick vise \u00e0 reconstruire le milieu de terrain","robots":{"index":"index","follow":"follow","max-snippet":"max-snippet:-1","max-image-preview":"max-image-preview:large","max-video-preview":"max-video-preview:-1"},"canonical":"https:\/\/footdavant.fr\/actualites\/nouvelles-du-transfert-de-man-united-le-real-madrid-rejoint-la-course-au-prototype-de-paul-pogba-alors-que-michael-carrick-vise-a-reconstruire-le-milieu-de-terrain\/","og_locale":"fr_FR","og_type":"article","og_title":"Nouvelles du transfert de Man United: le Real Madrid rejoint la course au \u00ab prototype \u00bb de Paul Pogba alors que Michael Carrick vise \u00e0 reconstruire le milieu de terrain","og_description":"Manchester United sera confront\u00e9 \u00e0 la concurrence du milieu de terrain de Fribourg Johan Manzambi du Real Madrid, selon le dernier rapport. L&#39;\u00e9quipe de Michael","og_url":"https:\/\/footdavant.fr\/actualites\/nouvelles-du-transfert-de-man-united-le-real-madrid-rejoint-la-course-au-prototype-de-paul-pogba-alors-que-michael-carrick-vise-a-reconstruire-le-milieu-de-terrain\/","og_site_name":"Foot d&#039;avant","article_publisher":"https:\/\/www.facebook.com\/Footdavant\/","article_published_time":"2026-04-19T04:48:12+00:00","article_modified_time":"2026-04-19T04:48:14+00:00","og_image":[{"width":720,"height":410,"url":"https:\/\/footdavant.fr\/actualites\/wp-content\/uploads\/2026\/04\/Nouvelles-du-transfert-de-Man-United-le-Real-Madrid-rejoint.net2Fuploads2F20262F042Farne-slot-mo-sal.webp","type":"image\/webp"}],"author":"Cl\u00e9ment","twitter_card":"summary_large_image","twitter_creator":"@FootdavantFr","twitter_site":"@FootdavantFr","twitter_misc":{"\u00c9crit par":"Cl\u00e9ment","Dur\u00e9e de lecture estim\u00e9e":"2 minutes"},"schema":{"@context":"https:\/\/schema.org","@graph":[{"@type":"Article","@id":"https:\/\/footdavant.fr\/actualites\/nouvelles-du-transfert-de-man-united-le-real-madrid-rejoint-la-course-au-prototype-de-paul-pogba-alors-que-michael-carrick-vise-a-reconstruire-le-milieu-de-terrain\/#article","isPartOf":{"@id":"https:\/\/footdavant.fr\/actualites\/nouvelles-du-transfert-de-man-united-le-real-madrid-rejoint-la-course-au-prototype-de-paul-pogba-alors-que-michael-carrick-vise-a-reconstruire-le-milieu-de-terrain\/"},"author":{"name":"Cl\u00e9ment","@id":"https:\/\/footdavant.fr\/actualites\/#\/schema\/person\/bc222566d95871b37e597b3ed3ba5e1d"},"headline":"Nouvelles du transfert de Man United: le Real Madrid rejoint la course au \u00ab prototype \u00bb de Paul Pogba alors que Michael Carrick vise \u00e0 reconstruire le milieu de terrain","datePublished":"2026-04-19T04:48:12+00:00","dateModified":"2026-04-19T04:48:14+00:00","mainEntityOfPage":{"@id":"https:\/\/footdavant.fr\/actualites\/nouvelles-du-transfert-de-man-united-le-real-madrid-rejoint-la-course-au-prototype-de-paul-pogba-alors-que-michael-carrick-vise-a-reconstruire-le-milieu-de-terrain\/"},"wordCount":442,"publisher":{"@id":"https:\/\/footdavant.fr\/actualites\/#organization"},"keywords":["alors","Carrick","Madrid","Man","Michael","milieu","Nouvelles","Paul","Pogba","prototype","Real","reconstruire","rejoint","terrain","transfert","United","vise"],"articleSection":["Premier League"],"inLanguage":"fr-FR"},{"@type":"WebPage","@id":"https:\/\/footdavant.fr\/actualites\/nouvelles-du-transfert-de-man-united-le-real-madrid-rejoint-la-course-au-prototype-de-paul-pogba-alors-que-michael-carrick-vise-a-reconstruire-le-milieu-de-terrain\/","url":"https:\/\/footdavant.fr\/actualites\/nouvelles-du-transfert-de-man-united-le-real-madrid-rejoint-la-course-au-prototype-de-paul-pogba-alors-que-michael-carrick-vise-a-reconstruire-le-milieu-de-terrain\/","name":"Nouvelles du transfert de Man United: le Real Madrid rejoint la course au \u00ab prototype \u00bb de Paul Pogba alors que Michael Carrick vise \u00e0 reconstruire le milieu de terrain","isPartOf":{"@id":"https:\/\/footdavant.fr\/actualites\/#website"},"datePublished":"2026-04-19T04:48:12+00:00","dateModified":"2026-04-19T04:48:14+00:00","breadcrumb":{"@id":"https:\/\/footdavant.fr\/actualites\/nouvelles-du-transfert-de-man-united-le-real-madrid-rejoint-la-course-au-prototype-de-paul-pogba-alors-que-michael-carrick-vise-a-reconstruire-le-milieu-de-terrain\/#breadcrumb"},"inLanguage":"fr-FR","potentialAction":[{"@type":"ReadAction","target":["https:\/\/footdavant.fr\/actualites\/nouvelles-du-transfert-de-man-united-le-real-madrid-rejoint-la-course-au-prototype-de-paul-pogba-alors-que-michael-carrick-vise-a-reconstruire-le-milieu-de-terrain\/"]}]},{"@type":"BreadcrumbList","@id":"https:\/\/footdavant.fr\/actualites\/nouvelles-du-transfert-de-man-united-le-real-madrid-rejoint-la-course-au-prototype-de-paul-pogba-alors-que-michael-carrick-vise-a-reconstruire-le-milieu-de-terrain\/#breadcrumb","itemListElement":[{"@type":"ListItem","position":1,"name":"Accueil","item":"https:\/\/footdavant.fr\/actualites\/"},{"@type":"ListItem","position":2,"name":"Nouvelles du transfert de Man United: le Real Madrid rejoint la course au \u00ab prototype \u00bb de Paul Pogba alors que Michael Carrick vise \u00e0 reconstruire le milieu de terrain"}]},{"@type":"WebSite","@id":"https:\/\/footdavant.fr\/actualites\/#website","url":"https:\/\/footdavant.fr\/actualites\/","name":"Foot d'avant","description":"","publisher":{"@id":"https:\/\/footdavant.fr\/actualites\/#organization"},"potentialAction":[{"@type":"SearchAction","target":{"@type":"EntryPoint","urlTemplate":"https:\/\/footdavant.fr\/actualites\/?s={search_term_string}"},"query-input":"required name=search_term_string"}],"inLanguage":"fr-FR"},{"@type":"Organization","@id":"https:\/\/footdavant.fr\/actualites\/#organization","name":"Foot d'avant","url":"https:\/\/footdavant.fr\/actualites\/","logo":{"@type":"ImageObject","inLanguage":"fr-FR","@id":"https:\/\/footdavant.fr\/actualites\/#\/schema\/logo\/image\/","url":"https:\/\/footdavant.fr\/actualites\/wp-content\/uploads\/2023\/09\/Copy-of-FootDavant-Logo.png","contentUrl":"https:\/\/footdavant.fr\/actualites\/wp-content\/uploads\/2023\/09\/Copy-of-FootDavant-Logo.png","width":936,"height":549,"caption":"Foot d'avant"},"image":{"@id":"https:\/\/footdavant.fr\/actualites\/#\/schema\/logo\/image\/"},"sameAs":["https:\/\/www.facebook.com\/Footdavant\/","https:\/\/twitter.com\/FootdavantFr","https:\/\/www.instagram.com\/footdavant.fr\/"]},{"@type":"Person","@id":"https:\/\/footdavant.fr\/actualites\/#\/schema\/person\/bc222566d95871b37e597b3ed3ba5e1d","name":"Cl\u00e9ment","image":{"@type":"ImageObject","inLanguage":"fr-FR","@id":"https:\/\/footdavant.fr\/actualites\/#\/schema\/person\/image\/","url":"https:\/\/secure.gravatar.com\/avatar\/7728b29aac2719421e1a9159b2254c44?s=96&d=mm&r=g","contentUrl":"https:\/\/secure.gravatar.com\/avatar\/7728b29aac2719421e1a9159b2254c44?s=96&d=mm&r=g","caption":"Cl\u00e9ment"},"sameAs":["https:\/\/footdavant.fr\/"]}]}},"_links":{"self":[{"href":"https:\/\/footdavant.fr\/actualites\/wp-json\/wp\/v2\/posts\/36604"}],"collection":[{"href":"https:\/\/footdavant.fr\/actualites\/wp-json\/wp\/v2\/posts"}],"about":[{"href":"https:\/\/footdavant.fr\/actualites\/wp-json\/wp\/v2\/types\/post"}],"author":[{"embeddable":true,"href":"https:\/\/footdavant.fr\/actualites\/wp-json\/wp\/v2\/users\/1"}],"replies":[{"embeddable":true,"href":"https:\/\/footdavant.fr\/actualites\/wp-json\/wp\/v2\/comments?post=36604"}],"version-history":[{"count":1,"href":"https:\/\/footdavant.fr\/actualites\/wp-json\/wp\/v2\/posts\/36604\/revisions"}],"predecessor-version":[{"id":36606,"href":"https:\/\/footdavant.fr\/actualites\/wp-json\/wp\/v2\/posts\/36604\/revisions\/36606"}],"wp:featuredmedia":[{"embeddable":true,"href":"https:\/\/footdavant.fr\/actualites\/wp-json\/wp\/v2\/media\/36605"}],"wp:attachment":[{"href":"https:\/\/footdavant.fr\/actualites\/wp-json\/wp\/v2\/media?parent=36604"}],"wp:term":[{"taxonomy":"category","embeddable":true,"href":"https:\/\/footdavant.fr\/actualites\/wp-json\/wp\/v2\/categories?post=36604"},{"taxonomy":"post_tag","embeddable":true,"href":"https:\/\/footdavant.fr\/actualites\/wp-json\/wp\/v2\/tags?post=36604"}],"curies":[{"name":"wp","href":"https:\/\/api.w.org\/{rel}","templated":true}]}}