{"id":36610,"date":"2026-04-19T10:48:05","date_gmt":"2026-04-19T08:48:05","guid":{"rendered":"https:\/\/footdavant.fr\/actualites\/chelsea-contre-man-united-michael-carrick-confirme-le-xi-des-red-devils-pour-une-bataille-a-succes-en-premier-league-alors-quun-appel-defensif-majeur-est-lance\/"},"modified":"2026-04-19T10:48:09","modified_gmt":"2026-04-19T08:48:09","slug":"chelsea-contre-man-united-michael-carrick-confirme-le-xi-des-red-devils-pour-une-bataille-a-succes-en-premier-league-alors-quun-appel-defensif-majeur-est-lance","status":"publish","type":"post","link":"https:\/\/footdavant.fr\/actualites\/chelsea-contre-man-united-michael-carrick-confirme-le-xi-des-red-devils-pour-une-bataille-a-succes-en-premier-league-alors-quun-appel-defensif-majeur-est-lance\/","title":{"rendered":"Chelsea contre Man United: Michael Carrick confirme le XI des Red Devils pour une bataille \u00e0 succ\u00e8s en Premier League alors qu&#39;un appel d\u00e9fensif majeur est lanc\u00e9"},"content":{"rendered":"<div itemprop=\"articleBody\">\n<p>Chelsea et Manchester United ont confirm\u00e9 leurs \u00e9quipes de d\u00e9part pour le match de Premier League de samedi \u00e0 Stamford Bridge.<\/p>\n<p>Une grande partie des discussions pr\u00e9alables avaient port\u00e9 sur les quatre d\u00e9fenseurs de Man United pour le match, Lisandro Martinez et Harry Maguire \u00e9tant tous deux suspendus, alors qu&#39;il a \u00e9t\u00e9 r\u00e9v\u00e9l\u00e9 vendredi que Leny Yoro avait \u00e9t\u00e9 bless\u00e9 et serait \u00e9galement exclu.<\/p>\n<p>Matthijs de Ligt n&#39;est toujours pas disponible pour les Diables Rouges en raison d&#39;une longue blessure au dos, Noussair Mazraoui est donc s\u00e9lectionn\u00e9 aux c\u00f4t\u00e9s d&#39;Ayden Heaven au milieu de la d\u00e9fense.<\/p>\n<p>Diogo Dalot et Luke Shaw ont \u00e9t\u00e9 nomm\u00e9s aux postes d&#39;arri\u00e8re lat\u00e9ral des 20 fois champions d&#39;Angleterre, tandis que Kobbie Mainoo est apte \u00e0 revenir au milieu du milieu de terrain.<\/p>\n<div>\n<div>\n<div>\n<div>\n<div>\n<p>\u00a9 Imago \/ APL<\/p>\n<\/div>\n<\/div>\n<\/div>\n<\/div>\n<\/div>\n<h2>Mazraoui, Mainoo et Mbeumo d\u00e9butent pour Man United \u00e0 Stamford Bridge<\/h2>\n<p>Mainoo a rat\u00e9 le choc avec Leeds United lundi soir en raison d&#39;une blessure, mais l&#39;international anglais est disponible pour le choc \u00e0 Londres.<\/p>\n<p>Manuel Ugarte tombe sur le banc, tandis qu&#39;Amad Diallo est \u00e9galement sorti du c\u00f4t\u00e9, avec Bryan Mbeumo figurant dans le dernier tiers du peloton.<\/p>\n<p>Benjamin Sesko m\u00e8ne une fois de plus la ligne des 20 fois champions d&#39;Angleterre.<\/p>\n<p>L&#39;\u00e9quipe de Man United est tendue en ce moment, comme en t\u00e9moigne le fait que Shea Lacey, Tyler Fletcher et Jim Thwaites sont tous sur le banc.<\/p>\n<p>Une explication compl\u00e8te de l&#39;\u00e9quipe de Chelsea pour le match peut \u00eatre trouv\u00e9e ici, mais la nouvelle est qu&#39;Enzo Fernandez est de retour dans l&#39;\u00e9quipe apr\u00e8s une suspension du club, tandis que Joao Pedro est un absent notable.<\/p>\n<p>Chelsea : S\u00e1nchez ; Gusto, Fofana, Hato, Cucurella\u00a0; Caicedo, Fern\u00e1ndez\u00a0; Estevao, Palmer, Neto ; D\u00e9lap<\/p>\n<p>Rempla\u00e7ants : Sharman-Lowe, Acheampong, Chalobah, Tosin, Santos, Essugo, Lavia, Garnacho, Guiu<\/p>\n<p>Man United : Lammens ; Dalot, Mazraoui, Ciel, Shaw; Casemiro, Mainoo; Mbeumo, Fernandes, Cunha; Sesko<\/p>\n<p>Rempla\u00e7ants: Bayindir, Malacia, Mount, T Fletcher, Thwaites, Ugarte, Amad, Lacey, Zirkzee<\/p>\n<h2>D\u00e9couvrez l&#39;aper\u00e7u vid\u00e9o de Sports Mole pour Chelsea contre Man United<\/h2>\n<\/div>\n","protected":false},"excerpt":{"rendered":"<p>Chelsea et Manchester United ont confirm\u00e9 leurs \u00e9quipes de d\u00e9part pour le match de Premier League de samedi \u00e0 Stamford Bridge. Une grande partie des<\/p>\n","protected":false},"author":1,"featured_media":35875,"comment_status":"closed","ping_status":"","sticky":false,"template":"","format":"standard","meta":{"footnotes":""},"categories":[5],"tags":[318,724,2002,5200,171,40,20,2285,12,265,217,4464,202,246,24,1105,51,201,4272,536,315,92,13],"yoast_head":"<!-- This site is optimized with the Yoast SEO plugin v21.0 - https:\/\/yoast.com\/wordpress\/plugins\/seo\/ -->\n<title>Chelsea contre Man United: Michael Carrick confirme le XI des Red Devils pour une bataille \u00e0 succ\u00e8s en Premier League alors qu&#039;un appel d\u00e9fensif majeur est lanc\u00e9<\/title>\n<meta name=\"robots\" content=\"index, follow, max-snippet:-1, max-image-preview:large, max-video-preview:-1\" \/>\n<link rel=\"canonical\" href=\"https:\/\/footdavant.fr\/actualites\/chelsea-contre-man-united-michael-carrick-confirme-le-xi-des-red-devils-pour-une-bataille-a-succes-en-premier-league-alors-quun-appel-defensif-majeur-est-lance\/\" \/>\n<meta property=\"og:locale\" content=\"fr_FR\" \/>\n<meta property=\"og:type\" content=\"article\" \/>\n<meta property=\"og:title\" content=\"Chelsea contre Man United: Michael Carrick confirme le XI des Red Devils pour une bataille \u00e0 succ\u00e8s en Premier League alors qu&#039;un appel d\u00e9fensif majeur est lanc\u00e9\" \/>\n<meta property=\"og:description\" content=\"Chelsea et Manchester United ont confirm\u00e9 leurs \u00e9quipes de d\u00e9part pour le match de Premier League de samedi \u00e0 Stamford Bridge. Une grande partie des\" \/>\n<meta property=\"og:url\" content=\"https:\/\/footdavant.fr\/actualites\/chelsea-contre-man-united-michael-carrick-confirme-le-xi-des-red-devils-pour-une-bataille-a-succes-en-premier-league-alors-quun-appel-defensif-majeur-est-lance\/\" \/>\n<meta property=\"og:site_name\" content=\"Foot d&#039;avant\" \/>\n<meta property=\"article:publisher\" content=\"https:\/\/www.facebook.com\/Footdavant\/\" \/>\n<meta property=\"article:published_time\" content=\"2026-04-19T08:48:05+00:00\" \/>\n<meta property=\"article:modified_time\" content=\"2026-04-19T08:48:09+00:00\" \/>\n<meta property=\"og:image\" content=\"https:\/\/footdavant.fr\/actualites\/wp-content\/uploads\/2026\/03\/Nouvelles-du-transfert-de-Man-United-les-Red-Devils-subissent.net2Fuploads2F20262F032Farne-slot-mo-sal.webp\" \/>\n\t<meta property=\"og:image:width\" content=\"720\" \/>\n\t<meta property=\"og:image:height\" content=\"410\" \/>\n\t<meta property=\"og:image:type\" content=\"image\/webp\" \/>\n<meta name=\"author\" content=\"Cl\u00e9ment\" \/>\n<meta name=\"twitter:card\" content=\"summary_large_image\" \/>\n<meta name=\"twitter:creator\" content=\"@FootdavantFr\" \/>\n<meta name=\"twitter:site\" content=\"@FootdavantFr\" \/>\n<meta name=\"twitter:label1\" content=\"\u00c9crit par\" \/>\n\t<meta name=\"twitter:data1\" content=\"Cl\u00e9ment\" \/>\n\t<meta name=\"twitter:label2\" content=\"Dur\u00e9e de lecture estim\u00e9e\" \/>\n\t<meta name=\"twitter:data2\" content=\"2 minutes\" \/>\n<script type=\"application\/ld+json\" class=\"yoast-schema-graph\">{\"@context\":\"https:\/\/schema.org\",\"@graph\":[{\"@type\":\"Article\",\"@id\":\"https:\/\/footdavant.fr\/actualites\/chelsea-contre-man-united-michael-carrick-confirme-le-xi-des-red-devils-pour-une-bataille-a-succes-en-premier-league-alors-quun-appel-defensif-majeur-est-lance\/#article\",\"isPartOf\":{\"@id\":\"https:\/\/footdavant.fr\/actualites\/chelsea-contre-man-united-michael-carrick-confirme-le-xi-des-red-devils-pour-une-bataille-a-succes-en-premier-league-alors-quun-appel-defensif-majeur-est-lance\/\"},\"author\":{\"name\":\"Cl\u00e9ment\",\"@id\":\"https:\/\/footdavant.fr\/actualites\/#\/schema\/person\/bc222566d95871b37e597b3ed3ba5e1d\"},\"headline\":\"Chelsea contre Man United: Michael Carrick confirme le XI des Red Devils pour une bataille \u00e0 succ\u00e8s en Premier League alors qu&#39;un appel d\u00e9fensif majeur est lanc\u00e9\",\"datePublished\":\"2026-04-19T08:48:05+00:00\",\"dateModified\":\"2026-04-19T08:48:09+00:00\",\"mainEntityOfPage\":{\"@id\":\"https:\/\/footdavant.fr\/actualites\/chelsea-contre-man-united-michael-carrick-confirme-le-xi-des-red-devils-pour-une-bataille-a-succes-en-premier-league-alors-quun-appel-defensif-majeur-est-lance\/\"},\"wordCount\":389,\"publisher\":{\"@id\":\"https:\/\/footdavant.fr\/actualites\/#organization\"},\"keywords\":[\"alors\",\"appel\",\"bataille\",\"Carrick\",\"Chelsea\",\"confirme\",\"contre\",\"d\u00e9fensif\",\"des\",\"Devils\",\"est\",\"lance\",\"League\",\"majeur\",\"Man\",\"Michael\",\"pour\",\"Premier\",\"qu39un\",\"Red\",\"succ\u00e8s\",\"une\",\"United\"],\"articleSection\":[\"Premier League\"],\"inLanguage\":\"fr-FR\"},{\"@type\":\"WebPage\",\"@id\":\"https:\/\/footdavant.fr\/actualites\/chelsea-contre-man-united-michael-carrick-confirme-le-xi-des-red-devils-pour-une-bataille-a-succes-en-premier-league-alors-quun-appel-defensif-majeur-est-lance\/\",\"url\":\"https:\/\/footdavant.fr\/actualites\/chelsea-contre-man-united-michael-carrick-confirme-le-xi-des-red-devils-pour-une-bataille-a-succes-en-premier-league-alors-quun-appel-defensif-majeur-est-lance\/\",\"name\":\"Chelsea contre Man United: Michael Carrick confirme le XI des Red Devils pour une bataille \u00e0 succ\u00e8s en Premier League alors qu&#39;un appel d\u00e9fensif majeur est lanc\u00e9\",\"isPartOf\":{\"@id\":\"https:\/\/footdavant.fr\/actualites\/#website\"},\"datePublished\":\"2026-04-19T08:48:05+00:00\",\"dateModified\":\"2026-04-19T08:48:09+00:00\",\"breadcrumb\":{\"@id\":\"https:\/\/footdavant.fr\/actualites\/chelsea-contre-man-united-michael-carrick-confirme-le-xi-des-red-devils-pour-une-bataille-a-succes-en-premier-league-alors-quun-appel-defensif-majeur-est-lance\/#breadcrumb\"},\"inLanguage\":\"fr-FR\",\"potentialAction\":[{\"@type\":\"ReadAction\",\"target\":[\"https:\/\/footdavant.fr\/actualites\/chelsea-contre-man-united-michael-carrick-confirme-le-xi-des-red-devils-pour-une-bataille-a-succes-en-premier-league-alors-quun-appel-defensif-majeur-est-lance\/\"]}]},{\"@type\":\"BreadcrumbList\",\"@id\":\"https:\/\/footdavant.fr\/actualites\/chelsea-contre-man-united-michael-carrick-confirme-le-xi-des-red-devils-pour-une-bataille-a-succes-en-premier-league-alors-quun-appel-defensif-majeur-est-lance\/#breadcrumb\",\"itemListElement\":[{\"@type\":\"ListItem\",\"position\":1,\"name\":\"Accueil\",\"item\":\"https:\/\/footdavant.fr\/actualites\/\"},{\"@type\":\"ListItem\",\"position\":2,\"name\":\"Chelsea contre Man United: Michael Carrick confirme le XI des Red Devils pour une bataille \u00e0 succ\u00e8s en Premier League alors qu&#39;un appel d\u00e9fensif majeur est lanc\u00e9\"}]},{\"@type\":\"WebSite\",\"@id\":\"https:\/\/footdavant.fr\/actualites\/#website\",\"url\":\"https:\/\/footdavant.fr\/actualites\/\",\"name\":\"Foot d'avant\",\"description\":\"\",\"publisher\":{\"@id\":\"https:\/\/footdavant.fr\/actualites\/#organization\"},\"potentialAction\":[{\"@type\":\"SearchAction\",\"target\":{\"@type\":\"EntryPoint\",\"urlTemplate\":\"https:\/\/footdavant.fr\/actualites\/?s={search_term_string}\"},\"query-input\":\"required name=search_term_string\"}],\"inLanguage\":\"fr-FR\"},{\"@type\":\"Organization\",\"@id\":\"https:\/\/footdavant.fr\/actualites\/#organization\",\"name\":\"Foot d'avant\",\"url\":\"https:\/\/footdavant.fr\/actualites\/\",\"logo\":{\"@type\":\"ImageObject\",\"inLanguage\":\"fr-FR\",\"@id\":\"https:\/\/footdavant.fr\/actualites\/#\/schema\/logo\/image\/\",\"url\":\"https:\/\/footdavant.fr\/actualites\/wp-content\/uploads\/2023\/09\/Copy-of-FootDavant-Logo.png\",\"contentUrl\":\"https:\/\/footdavant.fr\/actualites\/wp-content\/uploads\/2023\/09\/Copy-of-FootDavant-Logo.png\",\"width\":936,\"height\":549,\"caption\":\"Foot d'avant\"},\"image\":{\"@id\":\"https:\/\/footdavant.fr\/actualites\/#\/schema\/logo\/image\/\"},\"sameAs\":[\"https:\/\/www.facebook.com\/Footdavant\/\",\"https:\/\/twitter.com\/FootdavantFr\",\"https:\/\/www.instagram.com\/footdavant.fr\/\"]},{\"@type\":\"Person\",\"@id\":\"https:\/\/footdavant.fr\/actualites\/#\/schema\/person\/bc222566d95871b37e597b3ed3ba5e1d\",\"name\":\"Cl\u00e9ment\",\"image\":{\"@type\":\"ImageObject\",\"inLanguage\":\"fr-FR\",\"@id\":\"https:\/\/footdavant.fr\/actualites\/#\/schema\/person\/image\/\",\"url\":\"https:\/\/secure.gravatar.com\/avatar\/7728b29aac2719421e1a9159b2254c44?s=96&d=mm&r=g\",\"contentUrl\":\"https:\/\/secure.gravatar.com\/avatar\/7728b29aac2719421e1a9159b2254c44?s=96&d=mm&r=g\",\"caption\":\"Cl\u00e9ment\"},\"sameAs\":[\"https:\/\/footdavant.fr\/\"]}]}<\/script>\n<!-- \/ Yoast SEO plugin. -->","yoast_head_json":{"title":"Chelsea contre Man United: Michael Carrick confirme le XI des Red Devils pour une bataille \u00e0 succ\u00e8s en Premier League alors qu&#39;un appel d\u00e9fensif majeur est lanc\u00e9","robots":{"index":"index","follow":"follow","max-snippet":"max-snippet:-1","max-image-preview":"max-image-preview:large","max-video-preview":"max-video-preview:-1"},"canonical":"https:\/\/footdavant.fr\/actualites\/chelsea-contre-man-united-michael-carrick-confirme-le-xi-des-red-devils-pour-une-bataille-a-succes-en-premier-league-alors-quun-appel-defensif-majeur-est-lance\/","og_locale":"fr_FR","og_type":"article","og_title":"Chelsea contre Man United: Michael Carrick confirme le XI des Red Devils pour une bataille \u00e0 succ\u00e8s en Premier League alors qu&#39;un appel d\u00e9fensif majeur est lanc\u00e9","og_description":"Chelsea et Manchester United ont confirm\u00e9 leurs \u00e9quipes de d\u00e9part pour le match de Premier League de samedi \u00e0 Stamford Bridge. Une grande partie des","og_url":"https:\/\/footdavant.fr\/actualites\/chelsea-contre-man-united-michael-carrick-confirme-le-xi-des-red-devils-pour-une-bataille-a-succes-en-premier-league-alors-quun-appel-defensif-majeur-est-lance\/","og_site_name":"Foot d&#039;avant","article_publisher":"https:\/\/www.facebook.com\/Footdavant\/","article_published_time":"2026-04-19T08:48:05+00:00","article_modified_time":"2026-04-19T08:48:09+00:00","og_image":[{"width":720,"height":410,"url":"https:\/\/footdavant.fr\/actualites\/wp-content\/uploads\/2026\/03\/Nouvelles-du-transfert-de-Man-United-les-Red-Devils-subissent.net2Fuploads2F20262F032Farne-slot-mo-sal.webp","type":"image\/webp"}],"author":"Cl\u00e9ment","twitter_card":"summary_large_image","twitter_creator":"@FootdavantFr","twitter_site":"@FootdavantFr","twitter_misc":{"\u00c9crit par":"Cl\u00e9ment","Dur\u00e9e de lecture estim\u00e9e":"2 minutes"},"schema":{"@context":"https:\/\/schema.org","@graph":[{"@type":"Article","@id":"https:\/\/footdavant.fr\/actualites\/chelsea-contre-man-united-michael-carrick-confirme-le-xi-des-red-devils-pour-une-bataille-a-succes-en-premier-league-alors-quun-appel-defensif-majeur-est-lance\/#article","isPartOf":{"@id":"https:\/\/footdavant.fr\/actualites\/chelsea-contre-man-united-michael-carrick-confirme-le-xi-des-red-devils-pour-une-bataille-a-succes-en-premier-league-alors-quun-appel-defensif-majeur-est-lance\/"},"author":{"name":"Cl\u00e9ment","@id":"https:\/\/footdavant.fr\/actualites\/#\/schema\/person\/bc222566d95871b37e597b3ed3ba5e1d"},"headline":"Chelsea contre Man United: Michael Carrick confirme le XI des Red Devils pour une bataille \u00e0 succ\u00e8s en Premier League alors qu&#39;un appel d\u00e9fensif majeur est lanc\u00e9","datePublished":"2026-04-19T08:48:05+00:00","dateModified":"2026-04-19T08:48:09+00:00","mainEntityOfPage":{"@id":"https:\/\/footdavant.fr\/actualites\/chelsea-contre-man-united-michael-carrick-confirme-le-xi-des-red-devils-pour-une-bataille-a-succes-en-premier-league-alors-quun-appel-defensif-majeur-est-lance\/"},"wordCount":389,"publisher":{"@id":"https:\/\/footdavant.fr\/actualites\/#organization"},"keywords":["alors","appel","bataille","Carrick","Chelsea","confirme","contre","d\u00e9fensif","des","Devils","est","lance","League","majeur","Man","Michael","pour","Premier","qu39un","Red","succ\u00e8s","une","United"],"articleSection":["Premier League"],"inLanguage":"fr-FR"},{"@type":"WebPage","@id":"https:\/\/footdavant.fr\/actualites\/chelsea-contre-man-united-michael-carrick-confirme-le-xi-des-red-devils-pour-une-bataille-a-succes-en-premier-league-alors-quun-appel-defensif-majeur-est-lance\/","url":"https:\/\/footdavant.fr\/actualites\/chelsea-contre-man-united-michael-carrick-confirme-le-xi-des-red-devils-pour-une-bataille-a-succes-en-premier-league-alors-quun-appel-defensif-majeur-est-lance\/","name":"Chelsea contre Man United: Michael Carrick confirme le XI des Red Devils pour une bataille \u00e0 succ\u00e8s en Premier League alors qu&#39;un appel d\u00e9fensif majeur est lanc\u00e9","isPartOf":{"@id":"https:\/\/footdavant.fr\/actualites\/#website"},"datePublished":"2026-04-19T08:48:05+00:00","dateModified":"2026-04-19T08:48:09+00:00","breadcrumb":{"@id":"https:\/\/footdavant.fr\/actualites\/chelsea-contre-man-united-michael-carrick-confirme-le-xi-des-red-devils-pour-une-bataille-a-succes-en-premier-league-alors-quun-appel-defensif-majeur-est-lance\/#breadcrumb"},"inLanguage":"fr-FR","potentialAction":[{"@type":"ReadAction","target":["https:\/\/footdavant.fr\/actualites\/chelsea-contre-man-united-michael-carrick-confirme-le-xi-des-red-devils-pour-une-bataille-a-succes-en-premier-league-alors-quun-appel-defensif-majeur-est-lance\/"]}]},{"@type":"BreadcrumbList","@id":"https:\/\/footdavant.fr\/actualites\/chelsea-contre-man-united-michael-carrick-confirme-le-xi-des-red-devils-pour-une-bataille-a-succes-en-premier-league-alors-quun-appel-defensif-majeur-est-lance\/#breadcrumb","itemListElement":[{"@type":"ListItem","position":1,"name":"Accueil","item":"https:\/\/footdavant.fr\/actualites\/"},{"@type":"ListItem","position":2,"name":"Chelsea contre Man United: Michael Carrick confirme le XI des Red Devils pour une bataille \u00e0 succ\u00e8s en Premier League alors qu&#39;un appel d\u00e9fensif majeur est lanc\u00e9"}]},{"@type":"WebSite","@id":"https:\/\/footdavant.fr\/actualites\/#website","url":"https:\/\/footdavant.fr\/actualites\/","name":"Foot d'avant","description":"","publisher":{"@id":"https:\/\/footdavant.fr\/actualites\/#organization"},"potentialAction":[{"@type":"SearchAction","target":{"@type":"EntryPoint","urlTemplate":"https:\/\/footdavant.fr\/actualites\/?s={search_term_string}"},"query-input":"required name=search_term_string"}],"inLanguage":"fr-FR"},{"@type":"Organization","@id":"https:\/\/footdavant.fr\/actualites\/#organization","name":"Foot d'avant","url":"https:\/\/footdavant.fr\/actualites\/","logo":{"@type":"ImageObject","inLanguage":"fr-FR","@id":"https:\/\/footdavant.fr\/actualites\/#\/schema\/logo\/image\/","url":"https:\/\/footdavant.fr\/actualites\/wp-content\/uploads\/2023\/09\/Copy-of-FootDavant-Logo.png","contentUrl":"https:\/\/footdavant.fr\/actualites\/wp-content\/uploads\/2023\/09\/Copy-of-FootDavant-Logo.png","width":936,"height":549,"caption":"Foot d'avant"},"image":{"@id":"https:\/\/footdavant.fr\/actualites\/#\/schema\/logo\/image\/"},"sameAs":["https:\/\/www.facebook.com\/Footdavant\/","https:\/\/twitter.com\/FootdavantFr","https:\/\/www.instagram.com\/footdavant.fr\/"]},{"@type":"Person","@id":"https:\/\/footdavant.fr\/actualites\/#\/schema\/person\/bc222566d95871b37e597b3ed3ba5e1d","name":"Cl\u00e9ment","image":{"@type":"ImageObject","inLanguage":"fr-FR","@id":"https:\/\/footdavant.fr\/actualites\/#\/schema\/person\/image\/","url":"https:\/\/secure.gravatar.com\/avatar\/7728b29aac2719421e1a9159b2254c44?s=96&d=mm&r=g","contentUrl":"https:\/\/secure.gravatar.com\/avatar\/7728b29aac2719421e1a9159b2254c44?s=96&d=mm&r=g","caption":"Cl\u00e9ment"},"sameAs":["https:\/\/footdavant.fr\/"]}]}},"_links":{"self":[{"href":"https:\/\/footdavant.fr\/actualites\/wp-json\/wp\/v2\/posts\/36610"}],"collection":[{"href":"https:\/\/footdavant.fr\/actualites\/wp-json\/wp\/v2\/posts"}],"about":[{"href":"https:\/\/footdavant.fr\/actualites\/wp-json\/wp\/v2\/types\/post"}],"author":[{"embeddable":true,"href":"https:\/\/footdavant.fr\/actualites\/wp-json\/wp\/v2\/users\/1"}],"replies":[{"embeddable":true,"href":"https:\/\/footdavant.fr\/actualites\/wp-json\/wp\/v2\/comments?post=36610"}],"version-history":[{"count":1,"href":"https:\/\/footdavant.fr\/actualites\/wp-json\/wp\/v2\/posts\/36610\/revisions"}],"predecessor-version":[{"id":36611,"href":"https:\/\/footdavant.fr\/actualites\/wp-json\/wp\/v2\/posts\/36610\/revisions\/36611"}],"wp:featuredmedia":[{"embeddable":true,"href":"https:\/\/footdavant.fr\/actualites\/wp-json\/wp\/v2\/media\/35875"}],"wp:attachment":[{"href":"https:\/\/footdavant.fr\/actualites\/wp-json\/wp\/v2\/media?parent=36610"}],"wp:term":[{"taxonomy":"category","embeddable":true,"href":"https:\/\/footdavant.fr\/actualites\/wp-json\/wp\/v2\/categories?post=36610"},{"taxonomy":"post_tag","embeddable":true,"href":"https:\/\/footdavant.fr\/actualites\/wp-json\/wp\/v2\/tags?post=36610"}],"curies":[{"name":"wp","href":"https:\/\/api.w.org\/{rel}","templated":true}]}}