{"id":36615,"date":"2026-04-19T14:48:48","date_gmt":"2026-04-19T12:48:48","guid":{"rendered":"https:\/\/footdavant.fr\/actualites\/nouvelles-de-lequipe-chelsea-contre-man-united-decisions-denzo-fernandez-et-kobbie-mainoo-prises-pour-la-confrontation-a-stamford-bridge\/"},"modified":"2026-04-19T14:48:51","modified_gmt":"2026-04-19T12:48:51","slug":"nouvelles-de-lequipe-chelsea-contre-man-united-decisions-denzo-fernandez-et-kobbie-mainoo-prises-pour-la-confrontation-a-stamford-bridge","status":"publish","type":"post","link":"https:\/\/footdavant.fr\/actualites\/nouvelles-de-lequipe-chelsea-contre-man-united-decisions-denzo-fernandez-et-kobbie-mainoo-prises-pour-la-confrontation-a-stamford-bridge\/","title":{"rendered":"Nouvelles de l\u2019\u00e9quipe Chelsea contre Man United : d\u00e9cisions d\u2019Enzo Fernandez et Kobbie Mainoo prises pour la confrontation \u00e0 Stamford Bridge"},"content":{"rendered":"<div itemprop=\"articleBody\">\n<p>L&#39;entra\u00eeneur-chef de Chelsea, Liam Rosenior, a s\u00e9lectionn\u00e9 Enzo Fernandez dans sa formation de d\u00e9part pour le match de Premier League de samedi contre Manchester United.<\/p>\n<p>Interrog\u00e9 plus t\u00f4t cette semaine sur la possibilit\u00e9 que Fernandez soit rappel\u00e9 imm\u00e9diatement apr\u00e8s une interdiction de deux matches impos\u00e9e par le club, Rosenior a choisi de ne pas r\u00e9v\u00e9ler ses projets.<\/p>\n<p>Cependant, comme pr\u00e9vu, l&#39;international argentin est s\u00e9lectionn\u00e9 dans son premier XI, mais aux c\u00f4t\u00e9s de Moises Caicedo plut\u00f4t que sous le num\u00e9ro 10.<\/p>\n<p>Cela a permis \u00e0 Cole Palmer de rester en soutien \u00e9troit de Liam Delap, qui a \u00e9t\u00e9 choisi \u00e0 la place de Joao Pedro, absent.<\/p>\n<div>\n<div>\n<p>\u00a9 Imago \/ IMAGO \/ Sportimage<\/p>\n<\/div>\n<\/div>\n<p>Andrey Santos est l&#39;autre joueur \u00e0 abandonner l&#39;\u00e9quipe, Rosenior n&#39;ayant effectu\u00e9 que deux modifications par rapport \u00e0 l&#39;\u00e9quipe qui a d\u00e9but\u00e9 la d\u00e9faite 3-0 contre Manchester City.<\/p>\n<p>Il y a un coup de pouce sur le banc des rempla\u00e7ants puisque Trevoh Chalobah est s\u00e9lectionn\u00e9 apr\u00e8s avoir r\u00e9ussi un test de condition physique suite \u00e0 une blessure \u00e0 la cheville.<\/p>\n<p>N\u00e9anmoins, Chelsea n\u2019a en r\u00e9serve que deux joueurs \u00e0 l\u2019esprit offensif, dont l\u2019ancien ailier de Man United, Alejandro Garnacho.<\/p>\n<p>Marc Guiu est \u00e9galement nomm\u00e9 parmi les rempla\u00e7ants et pourrait faire une rare apparition chez les Bleus.<\/p>\n<p>Chelsea XI : Sanchez, Gusto, Fofana, Hato, Cucurella, Caicedo, Fernandez, Estevao, Palmer, Neto, Delap<\/p>\n<p>Rempla\u00e7ants : Sharman-Lowe, Acheampong, Chalobah, Adarabioyo, Santos, Essugo, Lavia, Garnacho, Guiu<\/p>\n<p>> Cliquez ici pour voir comment Man United s&#39;aligne \u00e0 Stamford Bridge<\/p>\n<\/div>\n","protected":false},"excerpt":{"rendered":"<p>L&#39;entra\u00eeneur-chef de Chelsea, Liam Rosenior, a s\u00e9lectionn\u00e9 Enzo Fernandez dans sa formation de d\u00e9part pour le match de Premier League de samedi contre Manchester United.<\/p>\n","protected":false},"author":1,"featured_media":36616,"comment_status":"closed","ping_status":"","sticky":false,"template":"","format":"standard","meta":{"footnotes":""},"categories":[5],"tags":[3881,171,3716,20,3408,1364,2599,1727,9,1728,24,461,51,6311,3880,13],"yoast_head":"<!-- This site is optimized with the Yoast SEO plugin v21.0 - https:\/\/yoast.com\/wordpress\/plugins\/seo\/ -->\n<title>Nouvelles de l\u2019\u00e9quipe Chelsea contre Man United : d\u00e9cisions d\u2019Enzo Fernandez et Kobbie Mainoo prises pour la confrontation \u00e0 Stamford Bridge<\/title>\n<meta name=\"robots\" content=\"index, follow, max-snippet:-1, max-image-preview:large, max-video-preview:-1\" \/>\n<link rel=\"canonical\" href=\"https:\/\/footdavant.fr\/actualites\/nouvelles-de-lequipe-chelsea-contre-man-united-decisions-denzo-fernandez-et-kobbie-mainoo-prises-pour-la-confrontation-a-stamford-bridge\/\" \/>\n<meta property=\"og:locale\" content=\"fr_FR\" \/>\n<meta property=\"og:type\" content=\"article\" \/>\n<meta property=\"og:title\" content=\"Nouvelles de l\u2019\u00e9quipe Chelsea contre Man United : d\u00e9cisions d\u2019Enzo Fernandez et Kobbie Mainoo prises pour la confrontation \u00e0 Stamford Bridge\" \/>\n<meta property=\"og:description\" content=\"L&#039;entra\u00eeneur-chef de Chelsea, Liam Rosenior, a s\u00e9lectionn\u00e9 Enzo Fernandez dans sa formation de d\u00e9part pour le match de Premier League de samedi contre Manchester United.\" \/>\n<meta property=\"og:url\" content=\"https:\/\/footdavant.fr\/actualites\/nouvelles-de-lequipe-chelsea-contre-man-united-decisions-denzo-fernandez-et-kobbie-mainoo-prises-pour-la-confrontation-a-stamford-bridge\/\" \/>\n<meta property=\"og:site_name\" content=\"Foot d&#039;avant\" \/>\n<meta property=\"article:publisher\" content=\"https:\/\/www.facebook.com\/Footdavant\/\" \/>\n<meta property=\"article:published_time\" content=\"2026-04-19T12:48:48+00:00\" \/>\n<meta property=\"article:modified_time\" content=\"2026-04-19T12:48:51+00:00\" \/>\n<meta property=\"og:image\" content=\"https:\/\/footdavant.fr\/actualites\/wp-content\/uploads\/2026\/04\/Nouvelles-de-lequipe-Chelsea-contre-Man-United-decisions-dEnzo.net2Fuploads2F20262F042Ficonsportxalamy.webp\" \/>\n\t<meta property=\"og:image:width\" content=\"720\" \/>\n\t<meta property=\"og:image:height\" content=\"410\" \/>\n\t<meta property=\"og:image:type\" content=\"image\/webp\" \/>\n<meta name=\"author\" content=\"Cl\u00e9ment\" \/>\n<meta name=\"twitter:card\" content=\"summary_large_image\" \/>\n<meta name=\"twitter:creator\" content=\"@FootdavantFr\" \/>\n<meta name=\"twitter:site\" content=\"@FootdavantFr\" \/>\n<meta name=\"twitter:label1\" content=\"\u00c9crit par\" \/>\n\t<meta name=\"twitter:data1\" content=\"Cl\u00e9ment\" \/>\n\t<meta name=\"twitter:label2\" content=\"Dur\u00e9e de lecture estim\u00e9e\" \/>\n\t<meta name=\"twitter:data2\" content=\"1 minute\" \/>\n<script type=\"application\/ld+json\" class=\"yoast-schema-graph\">{\"@context\":\"https:\/\/schema.org\",\"@graph\":[{\"@type\":\"Article\",\"@id\":\"https:\/\/footdavant.fr\/actualites\/nouvelles-de-lequipe-chelsea-contre-man-united-decisions-denzo-fernandez-et-kobbie-mainoo-prises-pour-la-confrontation-a-stamford-bridge\/#article\",\"isPartOf\":{\"@id\":\"https:\/\/footdavant.fr\/actualites\/nouvelles-de-lequipe-chelsea-contre-man-united-decisions-denzo-fernandez-et-kobbie-mainoo-prises-pour-la-confrontation-a-stamford-bridge\/\"},\"author\":{\"name\":\"Cl\u00e9ment\",\"@id\":\"https:\/\/footdavant.fr\/actualites\/#\/schema\/person\/bc222566d95871b37e597b3ed3ba5e1d\"},\"headline\":\"Nouvelles de l\u2019\u00e9quipe Chelsea contre Man United : d\u00e9cisions d\u2019Enzo Fernandez et Kobbie Mainoo prises pour la confrontation \u00e0 Stamford Bridge\",\"datePublished\":\"2026-04-19T12:48:48+00:00\",\"dateModified\":\"2026-04-19T12:48:51+00:00\",\"mainEntityOfPage\":{\"@id\":\"https:\/\/footdavant.fr\/actualites\/nouvelles-de-lequipe-chelsea-contre-man-united-decisions-denzo-fernandez-et-kobbie-mainoo-prises-pour-la-confrontation-a-stamford-bridge\/\"},\"wordCount\":285,\"publisher\":{\"@id\":\"https:\/\/footdavant.fr\/actualites\/#organization\"},\"keywords\":[\"Bridge\",\"Chelsea\",\"confrontation\",\"contre\",\"d\u00e9cisions\",\"dEnzo\",\"Fernandez\",\"Kobbie\",\"l\u00e9quipe\",\"Mainoo\",\"Man\",\"Nouvelles\",\"pour\",\"prises\",\"Stamford\",\"United\"],\"articleSection\":[\"Premier League\"],\"inLanguage\":\"fr-FR\"},{\"@type\":\"WebPage\",\"@id\":\"https:\/\/footdavant.fr\/actualites\/nouvelles-de-lequipe-chelsea-contre-man-united-decisions-denzo-fernandez-et-kobbie-mainoo-prises-pour-la-confrontation-a-stamford-bridge\/\",\"url\":\"https:\/\/footdavant.fr\/actualites\/nouvelles-de-lequipe-chelsea-contre-man-united-decisions-denzo-fernandez-et-kobbie-mainoo-prises-pour-la-confrontation-a-stamford-bridge\/\",\"name\":\"Nouvelles de l\u2019\u00e9quipe Chelsea contre Man United : d\u00e9cisions d\u2019Enzo Fernandez et Kobbie Mainoo prises pour la confrontation \u00e0 Stamford Bridge\",\"isPartOf\":{\"@id\":\"https:\/\/footdavant.fr\/actualites\/#website\"},\"datePublished\":\"2026-04-19T12:48:48+00:00\",\"dateModified\":\"2026-04-19T12:48:51+00:00\",\"breadcrumb\":{\"@id\":\"https:\/\/footdavant.fr\/actualites\/nouvelles-de-lequipe-chelsea-contre-man-united-decisions-denzo-fernandez-et-kobbie-mainoo-prises-pour-la-confrontation-a-stamford-bridge\/#breadcrumb\"},\"inLanguage\":\"fr-FR\",\"potentialAction\":[{\"@type\":\"ReadAction\",\"target\":[\"https:\/\/footdavant.fr\/actualites\/nouvelles-de-lequipe-chelsea-contre-man-united-decisions-denzo-fernandez-et-kobbie-mainoo-prises-pour-la-confrontation-a-stamford-bridge\/\"]}]},{\"@type\":\"BreadcrumbList\",\"@id\":\"https:\/\/footdavant.fr\/actualites\/nouvelles-de-lequipe-chelsea-contre-man-united-decisions-denzo-fernandez-et-kobbie-mainoo-prises-pour-la-confrontation-a-stamford-bridge\/#breadcrumb\",\"itemListElement\":[{\"@type\":\"ListItem\",\"position\":1,\"name\":\"Accueil\",\"item\":\"https:\/\/footdavant.fr\/actualites\/\"},{\"@type\":\"ListItem\",\"position\":2,\"name\":\"Nouvelles de l\u2019\u00e9quipe Chelsea contre Man United : d\u00e9cisions d\u2019Enzo Fernandez et Kobbie Mainoo prises pour la confrontation \u00e0 Stamford Bridge\"}]},{\"@type\":\"WebSite\",\"@id\":\"https:\/\/footdavant.fr\/actualites\/#website\",\"url\":\"https:\/\/footdavant.fr\/actualites\/\",\"name\":\"Foot d'avant\",\"description\":\"\",\"publisher\":{\"@id\":\"https:\/\/footdavant.fr\/actualites\/#organization\"},\"potentialAction\":[{\"@type\":\"SearchAction\",\"target\":{\"@type\":\"EntryPoint\",\"urlTemplate\":\"https:\/\/footdavant.fr\/actualites\/?s={search_term_string}\"},\"query-input\":\"required name=search_term_string\"}],\"inLanguage\":\"fr-FR\"},{\"@type\":\"Organization\",\"@id\":\"https:\/\/footdavant.fr\/actualites\/#organization\",\"name\":\"Foot d'avant\",\"url\":\"https:\/\/footdavant.fr\/actualites\/\",\"logo\":{\"@type\":\"ImageObject\",\"inLanguage\":\"fr-FR\",\"@id\":\"https:\/\/footdavant.fr\/actualites\/#\/schema\/logo\/image\/\",\"url\":\"https:\/\/footdavant.fr\/actualites\/wp-content\/uploads\/2023\/09\/Copy-of-FootDavant-Logo.png\",\"contentUrl\":\"https:\/\/footdavant.fr\/actualites\/wp-content\/uploads\/2023\/09\/Copy-of-FootDavant-Logo.png\",\"width\":936,\"height\":549,\"caption\":\"Foot d'avant\"},\"image\":{\"@id\":\"https:\/\/footdavant.fr\/actualites\/#\/schema\/logo\/image\/\"},\"sameAs\":[\"https:\/\/www.facebook.com\/Footdavant\/\",\"https:\/\/twitter.com\/FootdavantFr\",\"https:\/\/www.instagram.com\/footdavant.fr\/\"]},{\"@type\":\"Person\",\"@id\":\"https:\/\/footdavant.fr\/actualites\/#\/schema\/person\/bc222566d95871b37e597b3ed3ba5e1d\",\"name\":\"Cl\u00e9ment\",\"image\":{\"@type\":\"ImageObject\",\"inLanguage\":\"fr-FR\",\"@id\":\"https:\/\/footdavant.fr\/actualites\/#\/schema\/person\/image\/\",\"url\":\"https:\/\/secure.gravatar.com\/avatar\/7728b29aac2719421e1a9159b2254c44?s=96&d=mm&r=g\",\"contentUrl\":\"https:\/\/secure.gravatar.com\/avatar\/7728b29aac2719421e1a9159b2254c44?s=96&d=mm&r=g\",\"caption\":\"Cl\u00e9ment\"},\"sameAs\":[\"https:\/\/footdavant.fr\/\"]}]}<\/script>\n<!-- \/ Yoast SEO plugin. -->","yoast_head_json":{"title":"Nouvelles de l\u2019\u00e9quipe Chelsea contre Man United : d\u00e9cisions d\u2019Enzo Fernandez et Kobbie Mainoo prises pour la confrontation \u00e0 Stamford Bridge","robots":{"index":"index","follow":"follow","max-snippet":"max-snippet:-1","max-image-preview":"max-image-preview:large","max-video-preview":"max-video-preview:-1"},"canonical":"https:\/\/footdavant.fr\/actualites\/nouvelles-de-lequipe-chelsea-contre-man-united-decisions-denzo-fernandez-et-kobbie-mainoo-prises-pour-la-confrontation-a-stamford-bridge\/","og_locale":"fr_FR","og_type":"article","og_title":"Nouvelles de l\u2019\u00e9quipe Chelsea contre Man United : d\u00e9cisions d\u2019Enzo Fernandez et Kobbie Mainoo prises pour la confrontation \u00e0 Stamford Bridge","og_description":"L&#39;entra\u00eeneur-chef de Chelsea, Liam Rosenior, a s\u00e9lectionn\u00e9 Enzo Fernandez dans sa formation de d\u00e9part pour le match de Premier League de samedi contre Manchester United.","og_url":"https:\/\/footdavant.fr\/actualites\/nouvelles-de-lequipe-chelsea-contre-man-united-decisions-denzo-fernandez-et-kobbie-mainoo-prises-pour-la-confrontation-a-stamford-bridge\/","og_site_name":"Foot d&#039;avant","article_publisher":"https:\/\/www.facebook.com\/Footdavant\/","article_published_time":"2026-04-19T12:48:48+00:00","article_modified_time":"2026-04-19T12:48:51+00:00","og_image":[{"width":720,"height":410,"url":"https:\/\/footdavant.fr\/actualites\/wp-content\/uploads\/2026\/04\/Nouvelles-de-lequipe-Chelsea-contre-Man-United-decisions-dEnzo.net2Fuploads2F20262F042Ficonsportxalamy.webp","type":"image\/webp"}],"author":"Cl\u00e9ment","twitter_card":"summary_large_image","twitter_creator":"@FootdavantFr","twitter_site":"@FootdavantFr","twitter_misc":{"\u00c9crit par":"Cl\u00e9ment","Dur\u00e9e de lecture estim\u00e9e":"1 minute"},"schema":{"@context":"https:\/\/schema.org","@graph":[{"@type":"Article","@id":"https:\/\/footdavant.fr\/actualites\/nouvelles-de-lequipe-chelsea-contre-man-united-decisions-denzo-fernandez-et-kobbie-mainoo-prises-pour-la-confrontation-a-stamford-bridge\/#article","isPartOf":{"@id":"https:\/\/footdavant.fr\/actualites\/nouvelles-de-lequipe-chelsea-contre-man-united-decisions-denzo-fernandez-et-kobbie-mainoo-prises-pour-la-confrontation-a-stamford-bridge\/"},"author":{"name":"Cl\u00e9ment","@id":"https:\/\/footdavant.fr\/actualites\/#\/schema\/person\/bc222566d95871b37e597b3ed3ba5e1d"},"headline":"Nouvelles de l\u2019\u00e9quipe Chelsea contre Man United : d\u00e9cisions d\u2019Enzo Fernandez et Kobbie Mainoo prises pour la confrontation \u00e0 Stamford Bridge","datePublished":"2026-04-19T12:48:48+00:00","dateModified":"2026-04-19T12:48:51+00:00","mainEntityOfPage":{"@id":"https:\/\/footdavant.fr\/actualites\/nouvelles-de-lequipe-chelsea-contre-man-united-decisions-denzo-fernandez-et-kobbie-mainoo-prises-pour-la-confrontation-a-stamford-bridge\/"},"wordCount":285,"publisher":{"@id":"https:\/\/footdavant.fr\/actualites\/#organization"},"keywords":["Bridge","Chelsea","confrontation","contre","d\u00e9cisions","dEnzo","Fernandez","Kobbie","l\u00e9quipe","Mainoo","Man","Nouvelles","pour","prises","Stamford","United"],"articleSection":["Premier League"],"inLanguage":"fr-FR"},{"@type":"WebPage","@id":"https:\/\/footdavant.fr\/actualites\/nouvelles-de-lequipe-chelsea-contre-man-united-decisions-denzo-fernandez-et-kobbie-mainoo-prises-pour-la-confrontation-a-stamford-bridge\/","url":"https:\/\/footdavant.fr\/actualites\/nouvelles-de-lequipe-chelsea-contre-man-united-decisions-denzo-fernandez-et-kobbie-mainoo-prises-pour-la-confrontation-a-stamford-bridge\/","name":"Nouvelles de l\u2019\u00e9quipe Chelsea contre Man United : d\u00e9cisions d\u2019Enzo Fernandez et Kobbie Mainoo prises pour la confrontation \u00e0 Stamford Bridge","isPartOf":{"@id":"https:\/\/footdavant.fr\/actualites\/#website"},"datePublished":"2026-04-19T12:48:48+00:00","dateModified":"2026-04-19T12:48:51+00:00","breadcrumb":{"@id":"https:\/\/footdavant.fr\/actualites\/nouvelles-de-lequipe-chelsea-contre-man-united-decisions-denzo-fernandez-et-kobbie-mainoo-prises-pour-la-confrontation-a-stamford-bridge\/#breadcrumb"},"inLanguage":"fr-FR","potentialAction":[{"@type":"ReadAction","target":["https:\/\/footdavant.fr\/actualites\/nouvelles-de-lequipe-chelsea-contre-man-united-decisions-denzo-fernandez-et-kobbie-mainoo-prises-pour-la-confrontation-a-stamford-bridge\/"]}]},{"@type":"BreadcrumbList","@id":"https:\/\/footdavant.fr\/actualites\/nouvelles-de-lequipe-chelsea-contre-man-united-decisions-denzo-fernandez-et-kobbie-mainoo-prises-pour-la-confrontation-a-stamford-bridge\/#breadcrumb","itemListElement":[{"@type":"ListItem","position":1,"name":"Accueil","item":"https:\/\/footdavant.fr\/actualites\/"},{"@type":"ListItem","position":2,"name":"Nouvelles de l\u2019\u00e9quipe Chelsea contre Man United : d\u00e9cisions d\u2019Enzo Fernandez et Kobbie Mainoo prises pour la confrontation \u00e0 Stamford Bridge"}]},{"@type":"WebSite","@id":"https:\/\/footdavant.fr\/actualites\/#website","url":"https:\/\/footdavant.fr\/actualites\/","name":"Foot d'avant","description":"","publisher":{"@id":"https:\/\/footdavant.fr\/actualites\/#organization"},"potentialAction":[{"@type":"SearchAction","target":{"@type":"EntryPoint","urlTemplate":"https:\/\/footdavant.fr\/actualites\/?s={search_term_string}"},"query-input":"required name=search_term_string"}],"inLanguage":"fr-FR"},{"@type":"Organization","@id":"https:\/\/footdavant.fr\/actualites\/#organization","name":"Foot d'avant","url":"https:\/\/footdavant.fr\/actualites\/","logo":{"@type":"ImageObject","inLanguage":"fr-FR","@id":"https:\/\/footdavant.fr\/actualites\/#\/schema\/logo\/image\/","url":"https:\/\/footdavant.fr\/actualites\/wp-content\/uploads\/2023\/09\/Copy-of-FootDavant-Logo.png","contentUrl":"https:\/\/footdavant.fr\/actualites\/wp-content\/uploads\/2023\/09\/Copy-of-FootDavant-Logo.png","width":936,"height":549,"caption":"Foot d'avant"},"image":{"@id":"https:\/\/footdavant.fr\/actualites\/#\/schema\/logo\/image\/"},"sameAs":["https:\/\/www.facebook.com\/Footdavant\/","https:\/\/twitter.com\/FootdavantFr","https:\/\/www.instagram.com\/footdavant.fr\/"]},{"@type":"Person","@id":"https:\/\/footdavant.fr\/actualites\/#\/schema\/person\/bc222566d95871b37e597b3ed3ba5e1d","name":"Cl\u00e9ment","image":{"@type":"ImageObject","inLanguage":"fr-FR","@id":"https:\/\/footdavant.fr\/actualites\/#\/schema\/person\/image\/","url":"https:\/\/secure.gravatar.com\/avatar\/7728b29aac2719421e1a9159b2254c44?s=96&d=mm&r=g","contentUrl":"https:\/\/secure.gravatar.com\/avatar\/7728b29aac2719421e1a9159b2254c44?s=96&d=mm&r=g","caption":"Cl\u00e9ment"},"sameAs":["https:\/\/footdavant.fr\/"]}]}},"_links":{"self":[{"href":"https:\/\/footdavant.fr\/actualites\/wp-json\/wp\/v2\/posts\/36615"}],"collection":[{"href":"https:\/\/footdavant.fr\/actualites\/wp-json\/wp\/v2\/posts"}],"about":[{"href":"https:\/\/footdavant.fr\/actualites\/wp-json\/wp\/v2\/types\/post"}],"author":[{"embeddable":true,"href":"https:\/\/footdavant.fr\/actualites\/wp-json\/wp\/v2\/users\/1"}],"replies":[{"embeddable":true,"href":"https:\/\/footdavant.fr\/actualites\/wp-json\/wp\/v2\/comments?post=36615"}],"version-history":[{"count":1,"href":"https:\/\/footdavant.fr\/actualites\/wp-json\/wp\/v2\/posts\/36615\/revisions"}],"predecessor-version":[{"id":36617,"href":"https:\/\/footdavant.fr\/actualites\/wp-json\/wp\/v2\/posts\/36615\/revisions\/36617"}],"wp:featuredmedia":[{"embeddable":true,"href":"https:\/\/footdavant.fr\/actualites\/wp-json\/wp\/v2\/media\/36616"}],"wp:attachment":[{"href":"https:\/\/footdavant.fr\/actualites\/wp-json\/wp\/v2\/media?parent=36615"}],"wp:term":[{"taxonomy":"category","embeddable":true,"href":"https:\/\/footdavant.fr\/actualites\/wp-json\/wp\/v2\/categories?post=36615"},{"taxonomy":"post_tag","embeddable":true,"href":"https:\/\/footdavant.fr\/actualites\/wp-json\/wp\/v2\/tags?post=36615"}],"curies":[{"name":"wp","href":"https:\/\/api.w.org\/{rel}","templated":true}]}}