{"id":36623,"date":"2026-04-19T20:48:02","date_gmt":"2026-04-19T18:48:02","guid":{"rendered":"https:\/\/footdavant.fr\/actualites\/tellement-important-pour-nous-van-dijk-felicite-salah-apres-le-derby-du-merseyside\/"},"modified":"2026-04-19T20:48:06","modified_gmt":"2026-04-19T18:48:06","slug":"tellement-important-pour-nous-van-dijk-felicite-salah-apres-le-derby-du-merseyside","status":"publish","type":"post","link":"https:\/\/footdavant.fr\/actualites\/tellement-important-pour-nous-van-dijk-felicite-salah-apres-le-derby-du-merseyside\/","title":{"rendered":"\u00ab\u00a0Tellement important pour nous\u00a0\u00bb &#8211; Van Dijk f\u00e9licite Salah apr\u00e8s le derby du Merseyside"},"content":{"rendered":"<p><\/p>\n<div id=\"article-body\">\n<!-- Article Start --><\/p>\n<p>Virgil van Dijk tenait \u00e0 f\u00e9liciter un co\u00e9quipier \u00ab\u00a0exceptionnel\u00a0\u00bb de Liverpool apr\u00e8s la victoire spectaculaire des Reds dans le derby du Merseyside dimanche apr\u00e8s-midi.<\/p>\n<p>Le d\u00e9fenseur n\u00e9erlandais est la vedette de la premi\u00e8re visite de son club au stade Hill Dickinson apr\u00e8s avoir marqu\u00e9 le but de la victoire \u00e0 la 10e minute des arr\u00eats de jeu, am\u00e9liorant consid\u00e9rablement nos chances de qualification pour la Ligue des champions.<\/p>\n<hr\/>\n<p><b><i>T\u00c9L\u00c9CHARGEZ L&#39;APPLICATION OFFICIELLE EMPIRE OF KOP POUR TOUTES LES DERNI\u00c8RES MISES \u00c0 JOUR \u2013 DIRECTEMENT SUR VOTRE T\u00c9L\u00c9PHONE\u00a0! SUR APPLE ET GOOGLE PLAY<\/i><\/b><\/p>\n<hr\/>\n<p>Le premier derby du LFC sur le nouveau terrain d&#39;Everton est \u00e9galement la derni\u00e8re apparition de Mo Salah contre nos rivaux locaux, l&#39;\u00c9gyptien partant \u00e0 la fin de cette saison, et il a marqu\u00e9 l&#39;occasion avec le premier but en premi\u00e8re mi-temps apr\u00e8s une superbe passe d\u00e9cisive de Cody Gakpo.<\/p>\n<p>Cela l&#39;a amen\u00e9 \u00e0 257 buts sous le maillot de Liverpool, et alors que lui et Van Dijk parlaient \u00e0 Sky Sports apr\u00e8s le temps plein, le skipper tenait \u00e0 faire des \u00e9loges sinc\u00e8res \u00e0 son co\u00e9quipier de longue date.<\/p>\n<h2>Van Dijk ne tarit pas d&#39;\u00e9loges sur Salah \u00ab\u00a0exceptionnel\u00a0\u00bb<\/h2>\n<p>L&#39;homme de 34 ans a d\u00e9clar\u00e9 \u00e0 propos de Salah : <\/p>\n<p class=\"ssrcss-1q0x1qg-Paragraph e1jhz7w10\">\n<p class=\"ssrcss-1q0x1qg-Paragraph e1jhz7w10\">\n<\/p>\n<h2>Les commentaires de Van Dijk sont justes<\/h2>\n<p>Ces mots \u00e9taient typiques de Van Dijk \u2013 d\u00e9sireux de montrer son appr\u00e9ciation envers une autre l\u00e9gende de Liverpool \u00e0 Salah, mais aussi de lui rappeler (ainsi qu\u2019\u00e0 tous les autres) que les Reds ont encore une mission vitale \u00e0 accomplir au cours des cinq derni\u00e8res semaines de la saison.<\/p>\n<p>Alors que la qualification pour la Ligue des champions n&#39;est pas encore assur\u00e9e, nos prochains matches ne seront pas trait\u00e9s comme une simple tourn\u00e9e de c\u00e9l\u00e9bration pour le joueur de 33 ans. Ce moment viendra \u00e0 Anfield le dernier jour de la saison apr\u00e8s le match contre Brentford.<\/p>\n<p>Cependant, gr\u00e2ce aux buts des deux piliers de longue date aujourd&#39;hui, le LFC dispose d\u00e9sormais de sept points d&#39;avance sur ses poursuivants les plus proches pour terminer dans l&#39;\u00e9lite, et neuf points sur les cinq prochains matchs garantiront notre place dans la principale comp\u00e9tition de clubs d&#39;Europe pour 2026\/27.<\/p>\n<p>Le meilleur cadeau d&#39;adieu que Salah pourrait offrir aux fans qui l&#39;aiment tant serait une derni\u00e8re explosion de forme de but pour propulser Liverpool en Ligue des Champions une fois de plus pour la saison prochaine, et il a maintenant marqu\u00e9 dans des matchs cons\u00e9cutifs de haut niveau (et des victoires) pour les Reds.<\/p>\n<p>L&#39;appr\u00e9ciation de Van Dijk envers le roi \u00e9gyptien sera partag\u00e9e par tous les Kopites du monde entier.<\/p>\n<p><!-- Article End -->\t\t\t\t<\/div>\n","protected":false},"excerpt":{"rendered":"<p>Virgil van Dijk tenait \u00e0 f\u00e9liciter un co\u00e9quipier \u00ab\u00a0exceptionnel\u00a0\u00bb de Liverpool apr\u00e8s la victoire spectaculaire des Reds dans le derby du Merseyside dimanche apr\u00e8s-midi. Le<\/p>\n","protected":false},"author":1,"featured_media":36624,"comment_status":"closed","ping_status":"","sticky":false,"template":"","format":"standard","meta":{"footnotes":""},"categories":[3],"tags":[25,203,784,485,3559,4277,762,51,335,4162,783],"yoast_head":"<!-- This site is optimized with the Yoast SEO plugin v21.0 - https:\/\/yoast.com\/wordpress\/plugins\/seo\/ -->\n<title>&quot;Tellement important pour nous&quot; - Van Dijk f\u00e9licite Salah apr\u00e8s le derby du Merseyside<\/title>\n<meta name=\"robots\" content=\"index, follow, max-snippet:-1, max-image-preview:large, max-video-preview:-1\" \/>\n<link rel=\"canonical\" href=\"https:\/\/footdavant.fr\/actualites\/tellement-important-pour-nous-van-dijk-felicite-salah-apres-le-derby-du-merseyside\/\" \/>\n<meta property=\"og:locale\" content=\"fr_FR\" \/>\n<meta property=\"og:type\" content=\"article\" \/>\n<meta property=\"og:title\" content=\"&quot;Tellement important pour nous&quot; - Van Dijk f\u00e9licite Salah apr\u00e8s le derby du Merseyside\" \/>\n<meta property=\"og:description\" content=\"Virgil van Dijk tenait \u00e0 f\u00e9liciter un co\u00e9quipier \u00ab\u00a0exceptionnel\u00a0\u00bb de Liverpool apr\u00e8s la victoire spectaculaire des Reds dans le derby du Merseyside dimanche apr\u00e8s-midi. Le\" \/>\n<meta property=\"og:url\" content=\"https:\/\/footdavant.fr\/actualites\/tellement-important-pour-nous-van-dijk-felicite-salah-apres-le-derby-du-merseyside\/\" \/>\n<meta property=\"og:site_name\" content=\"Foot d&#039;avant\" \/>\n<meta property=\"article:publisher\" content=\"https:\/\/www.facebook.com\/Footdavant\/\" \/>\n<meta property=\"article:published_time\" content=\"2026-04-19T18:48:02+00:00\" \/>\n<meta property=\"article:modified_time\" content=\"2026-04-19T18:48:06+00:00\" \/>\n<meta property=\"og:image\" content=\"https:\/\/footdavant.fr\/actualites\/wp-content\/uploads\/2026\/04\/Tellement-important-pour-nous-Van-Dijk-felicite-Salah-apres.jpg\" \/>\n\t<meta property=\"og:image:width\" content=\"1434\" \/>\n\t<meta property=\"og:image:height\" content=\"804\" \/>\n\t<meta property=\"og:image:type\" content=\"image\/jpeg\" \/>\n<meta name=\"author\" content=\"Cl\u00e9ment\" \/>\n<meta name=\"twitter:card\" content=\"summary_large_image\" \/>\n<meta name=\"twitter:creator\" content=\"@FootdavantFr\" \/>\n<meta name=\"twitter:site\" content=\"@FootdavantFr\" \/>\n<meta name=\"twitter:label1\" content=\"\u00c9crit par\" \/>\n\t<meta name=\"twitter:data1\" content=\"Cl\u00e9ment\" \/>\n\t<meta name=\"twitter:label2\" content=\"Dur\u00e9e de lecture estim\u00e9e\" \/>\n\t<meta name=\"twitter:data2\" content=\"2 minutes\" \/>\n<script type=\"application\/ld+json\" class=\"yoast-schema-graph\">{\"@context\":\"https:\/\/schema.org\",\"@graph\":[{\"@type\":\"Article\",\"@id\":\"https:\/\/footdavant.fr\/actualites\/tellement-important-pour-nous-van-dijk-felicite-salah-apres-le-derby-du-merseyside\/#article\",\"isPartOf\":{\"@id\":\"https:\/\/footdavant.fr\/actualites\/tellement-important-pour-nous-van-dijk-felicite-salah-apres-le-derby-du-merseyside\/\"},\"author\":{\"name\":\"Cl\u00e9ment\",\"@id\":\"https:\/\/footdavant.fr\/actualites\/#\/schema\/person\/bc222566d95871b37e597b3ed3ba5e1d\"},\"headline\":\"\u00ab\u00a0Tellement important pour nous\u00a0\u00bb &#8211; Van Dijk f\u00e9licite Salah apr\u00e8s le derby du Merseyside\",\"datePublished\":\"2026-04-19T18:48:02+00:00\",\"dateModified\":\"2026-04-19T18:48:06+00:00\",\"mainEntityOfPage\":{\"@id\":\"https:\/\/footdavant.fr\/actualites\/tellement-important-pour-nous-van-dijk-felicite-salah-apres-le-derby-du-merseyside\/\"},\"wordCount\":479,\"publisher\":{\"@id\":\"https:\/\/footdavant.fr\/actualites\/#organization\"},\"keywords\":[\"apr\u00e8s\",\"derby\",\"Dijk\",\"f\u00e9licite\",\"important\",\"Merseyside\",\"nous\",\"pour\",\"Salah\",\"Tellement\",\"van\"],\"articleSection\":[\"Football\"],\"inLanguage\":\"fr-FR\"},{\"@type\":\"WebPage\",\"@id\":\"https:\/\/footdavant.fr\/actualites\/tellement-important-pour-nous-van-dijk-felicite-salah-apres-le-derby-du-merseyside\/\",\"url\":\"https:\/\/footdavant.fr\/actualites\/tellement-important-pour-nous-van-dijk-felicite-salah-apres-le-derby-du-merseyside\/\",\"name\":\"\\\"Tellement important pour nous\\\" - Van Dijk f\u00e9licite Salah apr\u00e8s le derby du Merseyside\",\"isPartOf\":{\"@id\":\"https:\/\/footdavant.fr\/actualites\/#website\"},\"datePublished\":\"2026-04-19T18:48:02+00:00\",\"dateModified\":\"2026-04-19T18:48:06+00:00\",\"breadcrumb\":{\"@id\":\"https:\/\/footdavant.fr\/actualites\/tellement-important-pour-nous-van-dijk-felicite-salah-apres-le-derby-du-merseyside\/#breadcrumb\"},\"inLanguage\":\"fr-FR\",\"potentialAction\":[{\"@type\":\"ReadAction\",\"target\":[\"https:\/\/footdavant.fr\/actualites\/tellement-important-pour-nous-van-dijk-felicite-salah-apres-le-derby-du-merseyside\/\"]}]},{\"@type\":\"BreadcrumbList\",\"@id\":\"https:\/\/footdavant.fr\/actualites\/tellement-important-pour-nous-van-dijk-felicite-salah-apres-le-derby-du-merseyside\/#breadcrumb\",\"itemListElement\":[{\"@type\":\"ListItem\",\"position\":1,\"name\":\"Accueil\",\"item\":\"https:\/\/footdavant.fr\/actualites\/\"},{\"@type\":\"ListItem\",\"position\":2,\"name\":\"\u00ab\u00a0Tellement important pour nous\u00a0\u00bb &#8211; Van Dijk f\u00e9licite Salah apr\u00e8s le derby du Merseyside\"}]},{\"@type\":\"WebSite\",\"@id\":\"https:\/\/footdavant.fr\/actualites\/#website\",\"url\":\"https:\/\/footdavant.fr\/actualites\/\",\"name\":\"Foot d'avant\",\"description\":\"\",\"publisher\":{\"@id\":\"https:\/\/footdavant.fr\/actualites\/#organization\"},\"potentialAction\":[{\"@type\":\"SearchAction\",\"target\":{\"@type\":\"EntryPoint\",\"urlTemplate\":\"https:\/\/footdavant.fr\/actualites\/?s={search_term_string}\"},\"query-input\":\"required name=search_term_string\"}],\"inLanguage\":\"fr-FR\"},{\"@type\":\"Organization\",\"@id\":\"https:\/\/footdavant.fr\/actualites\/#organization\",\"name\":\"Foot d'avant\",\"url\":\"https:\/\/footdavant.fr\/actualites\/\",\"logo\":{\"@type\":\"ImageObject\",\"inLanguage\":\"fr-FR\",\"@id\":\"https:\/\/footdavant.fr\/actualites\/#\/schema\/logo\/image\/\",\"url\":\"https:\/\/footdavant.fr\/actualites\/wp-content\/uploads\/2023\/09\/Copy-of-FootDavant-Logo.png\",\"contentUrl\":\"https:\/\/footdavant.fr\/actualites\/wp-content\/uploads\/2023\/09\/Copy-of-FootDavant-Logo.png\",\"width\":936,\"height\":549,\"caption\":\"Foot d'avant\"},\"image\":{\"@id\":\"https:\/\/footdavant.fr\/actualites\/#\/schema\/logo\/image\/\"},\"sameAs\":[\"https:\/\/www.facebook.com\/Footdavant\/\",\"https:\/\/twitter.com\/FootdavantFr\",\"https:\/\/www.instagram.com\/footdavant.fr\/\"]},{\"@type\":\"Person\",\"@id\":\"https:\/\/footdavant.fr\/actualites\/#\/schema\/person\/bc222566d95871b37e597b3ed3ba5e1d\",\"name\":\"Cl\u00e9ment\",\"image\":{\"@type\":\"ImageObject\",\"inLanguage\":\"fr-FR\",\"@id\":\"https:\/\/footdavant.fr\/actualites\/#\/schema\/person\/image\/\",\"url\":\"https:\/\/secure.gravatar.com\/avatar\/7728b29aac2719421e1a9159b2254c44?s=96&d=mm&r=g\",\"contentUrl\":\"https:\/\/secure.gravatar.com\/avatar\/7728b29aac2719421e1a9159b2254c44?s=96&d=mm&r=g\",\"caption\":\"Cl\u00e9ment\"},\"sameAs\":[\"https:\/\/footdavant.fr\/\"]}]}<\/script>\n<!-- \/ Yoast SEO plugin. -->","yoast_head_json":{"title":"\"Tellement important pour nous\" - Van Dijk f\u00e9licite Salah apr\u00e8s le derby du Merseyside","robots":{"index":"index","follow":"follow","max-snippet":"max-snippet:-1","max-image-preview":"max-image-preview:large","max-video-preview":"max-video-preview:-1"},"canonical":"https:\/\/footdavant.fr\/actualites\/tellement-important-pour-nous-van-dijk-felicite-salah-apres-le-derby-du-merseyside\/","og_locale":"fr_FR","og_type":"article","og_title":"\"Tellement important pour nous\" - Van Dijk f\u00e9licite Salah apr\u00e8s le derby du Merseyside","og_description":"Virgil van Dijk tenait \u00e0 f\u00e9liciter un co\u00e9quipier \u00ab\u00a0exceptionnel\u00a0\u00bb de Liverpool apr\u00e8s la victoire spectaculaire des Reds dans le derby du Merseyside dimanche apr\u00e8s-midi. Le","og_url":"https:\/\/footdavant.fr\/actualites\/tellement-important-pour-nous-van-dijk-felicite-salah-apres-le-derby-du-merseyside\/","og_site_name":"Foot d&#039;avant","article_publisher":"https:\/\/www.facebook.com\/Footdavant\/","article_published_time":"2026-04-19T18:48:02+00:00","article_modified_time":"2026-04-19T18:48:06+00:00","og_image":[{"width":1434,"height":804,"url":"https:\/\/footdavant.fr\/actualites\/wp-content\/uploads\/2026\/04\/Tellement-important-pour-nous-Van-Dijk-felicite-Salah-apres.jpg","type":"image\/jpeg"}],"author":"Cl\u00e9ment","twitter_card":"summary_large_image","twitter_creator":"@FootdavantFr","twitter_site":"@FootdavantFr","twitter_misc":{"\u00c9crit par":"Cl\u00e9ment","Dur\u00e9e de lecture estim\u00e9e":"2 minutes"},"schema":{"@context":"https:\/\/schema.org","@graph":[{"@type":"Article","@id":"https:\/\/footdavant.fr\/actualites\/tellement-important-pour-nous-van-dijk-felicite-salah-apres-le-derby-du-merseyside\/#article","isPartOf":{"@id":"https:\/\/footdavant.fr\/actualites\/tellement-important-pour-nous-van-dijk-felicite-salah-apres-le-derby-du-merseyside\/"},"author":{"name":"Cl\u00e9ment","@id":"https:\/\/footdavant.fr\/actualites\/#\/schema\/person\/bc222566d95871b37e597b3ed3ba5e1d"},"headline":"\u00ab\u00a0Tellement important pour nous\u00a0\u00bb &#8211; Van Dijk f\u00e9licite Salah apr\u00e8s le derby du Merseyside","datePublished":"2026-04-19T18:48:02+00:00","dateModified":"2026-04-19T18:48:06+00:00","mainEntityOfPage":{"@id":"https:\/\/footdavant.fr\/actualites\/tellement-important-pour-nous-van-dijk-felicite-salah-apres-le-derby-du-merseyside\/"},"wordCount":479,"publisher":{"@id":"https:\/\/footdavant.fr\/actualites\/#organization"},"keywords":["apr\u00e8s","derby","Dijk","f\u00e9licite","important","Merseyside","nous","pour","Salah","Tellement","van"],"articleSection":["Football"],"inLanguage":"fr-FR"},{"@type":"WebPage","@id":"https:\/\/footdavant.fr\/actualites\/tellement-important-pour-nous-van-dijk-felicite-salah-apres-le-derby-du-merseyside\/","url":"https:\/\/footdavant.fr\/actualites\/tellement-important-pour-nous-van-dijk-felicite-salah-apres-le-derby-du-merseyside\/","name":"\"Tellement important pour nous\" - Van Dijk f\u00e9licite Salah apr\u00e8s le derby du Merseyside","isPartOf":{"@id":"https:\/\/footdavant.fr\/actualites\/#website"},"datePublished":"2026-04-19T18:48:02+00:00","dateModified":"2026-04-19T18:48:06+00:00","breadcrumb":{"@id":"https:\/\/footdavant.fr\/actualites\/tellement-important-pour-nous-van-dijk-felicite-salah-apres-le-derby-du-merseyside\/#breadcrumb"},"inLanguage":"fr-FR","potentialAction":[{"@type":"ReadAction","target":["https:\/\/footdavant.fr\/actualites\/tellement-important-pour-nous-van-dijk-felicite-salah-apres-le-derby-du-merseyside\/"]}]},{"@type":"BreadcrumbList","@id":"https:\/\/footdavant.fr\/actualites\/tellement-important-pour-nous-van-dijk-felicite-salah-apres-le-derby-du-merseyside\/#breadcrumb","itemListElement":[{"@type":"ListItem","position":1,"name":"Accueil","item":"https:\/\/footdavant.fr\/actualites\/"},{"@type":"ListItem","position":2,"name":"\u00ab\u00a0Tellement important pour nous\u00a0\u00bb &#8211; Van Dijk f\u00e9licite Salah apr\u00e8s le derby du Merseyside"}]},{"@type":"WebSite","@id":"https:\/\/footdavant.fr\/actualites\/#website","url":"https:\/\/footdavant.fr\/actualites\/","name":"Foot d'avant","description":"","publisher":{"@id":"https:\/\/footdavant.fr\/actualites\/#organization"},"potentialAction":[{"@type":"SearchAction","target":{"@type":"EntryPoint","urlTemplate":"https:\/\/footdavant.fr\/actualites\/?s={search_term_string}"},"query-input":"required name=search_term_string"}],"inLanguage":"fr-FR"},{"@type":"Organization","@id":"https:\/\/footdavant.fr\/actualites\/#organization","name":"Foot d'avant","url":"https:\/\/footdavant.fr\/actualites\/","logo":{"@type":"ImageObject","inLanguage":"fr-FR","@id":"https:\/\/footdavant.fr\/actualites\/#\/schema\/logo\/image\/","url":"https:\/\/footdavant.fr\/actualites\/wp-content\/uploads\/2023\/09\/Copy-of-FootDavant-Logo.png","contentUrl":"https:\/\/footdavant.fr\/actualites\/wp-content\/uploads\/2023\/09\/Copy-of-FootDavant-Logo.png","width":936,"height":549,"caption":"Foot d'avant"},"image":{"@id":"https:\/\/footdavant.fr\/actualites\/#\/schema\/logo\/image\/"},"sameAs":["https:\/\/www.facebook.com\/Footdavant\/","https:\/\/twitter.com\/FootdavantFr","https:\/\/www.instagram.com\/footdavant.fr\/"]},{"@type":"Person","@id":"https:\/\/footdavant.fr\/actualites\/#\/schema\/person\/bc222566d95871b37e597b3ed3ba5e1d","name":"Cl\u00e9ment","image":{"@type":"ImageObject","inLanguage":"fr-FR","@id":"https:\/\/footdavant.fr\/actualites\/#\/schema\/person\/image\/","url":"https:\/\/secure.gravatar.com\/avatar\/7728b29aac2719421e1a9159b2254c44?s=96&d=mm&r=g","contentUrl":"https:\/\/secure.gravatar.com\/avatar\/7728b29aac2719421e1a9159b2254c44?s=96&d=mm&r=g","caption":"Cl\u00e9ment"},"sameAs":["https:\/\/footdavant.fr\/"]}]}},"_links":{"self":[{"href":"https:\/\/footdavant.fr\/actualites\/wp-json\/wp\/v2\/posts\/36623"}],"collection":[{"href":"https:\/\/footdavant.fr\/actualites\/wp-json\/wp\/v2\/posts"}],"about":[{"href":"https:\/\/footdavant.fr\/actualites\/wp-json\/wp\/v2\/types\/post"}],"author":[{"embeddable":true,"href":"https:\/\/footdavant.fr\/actualites\/wp-json\/wp\/v2\/users\/1"}],"replies":[{"embeddable":true,"href":"https:\/\/footdavant.fr\/actualites\/wp-json\/wp\/v2\/comments?post=36623"}],"version-history":[{"count":1,"href":"https:\/\/footdavant.fr\/actualites\/wp-json\/wp\/v2\/posts\/36623\/revisions"}],"predecessor-version":[{"id":36625,"href":"https:\/\/footdavant.fr\/actualites\/wp-json\/wp\/v2\/posts\/36623\/revisions\/36625"}],"wp:featuredmedia":[{"embeddable":true,"href":"https:\/\/footdavant.fr\/actualites\/wp-json\/wp\/v2\/media\/36624"}],"wp:attachment":[{"href":"https:\/\/footdavant.fr\/actualites\/wp-json\/wp\/v2\/media?parent=36623"}],"wp:term":[{"taxonomy":"category","embeddable":true,"href":"https:\/\/footdavant.fr\/actualites\/wp-json\/wp\/v2\/categories?post=36623"},{"taxonomy":"post_tag","embeddable":true,"href":"https:\/\/footdavant.fr\/actualites\/wp-json\/wp\/v2\/tags?post=36623"}],"curies":[{"name":"wp","href":"https:\/\/api.w.org\/{rel}","templated":true}]}}