{"id":36626,"date":"2026-04-19T22:48:05","date_gmt":"2026-04-19T20:48:05","guid":{"rendered":"https:\/\/footdavant.fr\/actualites\/arsenal-envisage-une-decision-pour-les-jeunes-talents-excitants-de-leicester-city\/"},"modified":"2026-04-19T22:48:07","modified_gmt":"2026-04-19T20:48:07","slug":"arsenal-envisage-une-decision-pour-les-jeunes-talents-excitants-de-leicester-city","status":"publish","type":"post","link":"https:\/\/footdavant.fr\/actualites\/arsenal-envisage-une-decision-pour-les-jeunes-talents-excitants-de-leicester-city\/","title":{"rendered":"Arsenal envisage une d\u00e9cision pour les jeunes talents \u00ab\u00a0excitants\u00a0\u00bb de Leicester City"},"content":{"rendered":"<div itemprop=\"articleBody\">\n<p>Arsenal aurait montr\u00e9 un vif int\u00e9r\u00eat pour la signature de l&#39;adolescent de Leicester City, Jeremy Monga, lors du mercato d&#39;\u00e9t\u00e9. <\/p>\n<p><meta charset=\"UTF-8\"\/>Monga a fait la une des journaux en battant le record de Jude Bellingham pour devenir le plus jeune buteur de l&#39;histoire du championnat lorsqu&#39;il a trouv\u00e9 le chemin des filets contre Preston North End.<\/p>\n<p data-end=\"500\" data-start=\"297\">Le joueur de 16 ans est \u00e9galement devenu le deuxi\u00e8me plus jeune joueur de l&#39;histoire de la Premier League \u2013 derri\u00e8re Ethan Nwaneri d&#39;Arsenal \u2013 apr\u00e8s avoir \u00e9t\u00e9 rempla\u00e7ant lors de la d\u00e9faite 3-0 de Leicester contre Newcastle en avril 2025.<\/p>\n<p data-end=\"634\" data-start=\"502\">Largement consid\u00e9r\u00e9 comme l&#39;un des jeunes espoirs les plus brillants du football anglais, Monga a attir\u00e9 l&#39;attention de plusieurs grands clubs.<\/p>\n<p data-end=\"758\" data-start=\"636\">Le jeune a effectu\u00e9 sept titularisations en championnat ainsi que 16 apparitions en tant que rempla\u00e7ant, enregistrant un but et deux passes d\u00e9cisives lors de la campagne 2025-26.<\/p>\n<h2>Arsenal envisage un mouvement pour Jeremy Monga ? <\/h2>\n<div>\n<div>\n<p>\u00a9 Imago<\/p>\n<\/div>\n<\/div>\n<p data-end=\"944\" data-start=\"798\">Monga a sign\u00e9 son premier contrat professionnel avec les Foxes l&#39;ann\u00e9e derni\u00e8re, mais cela ne garantit pas n\u00e9cessairement son avenir \u00e0 long terme au club.<\/p>\n<p data-end=\"1104\" data-start=\"946\">Leicester traverse une campagne difficile, occupant la 23e place du classement du championnat avec 41 points en 43 matches et faisant face \u00e0 une r\u00e9elle menace de rel\u00e9gation.<\/p>\n<p data-end=\"1261\" data-start=\"1106\">Selon <em>Le t\u00e9l\u00e9graphe<\/em>Arsenal souhaite recruter le jeune, m\u00eame s&#39;il devrait faire face \u00e0 une forte concurrence de la part des autres \u00e9quipes de Premier League.<\/p>\n<p data-end=\"1475\" data-start=\"1263\">Manchester United, Manchester City et Liverpool seraient tous dans la course, les Red Devils \u00e9tant consid\u00e9r\u00e9s comme des admirateurs particuli\u00e8rement fervents et pr\u00e9parant une approche formelle \u2013 d\u00e9clenchant potentiellement une guerre d&#39;ench\u00e8res.<\/p>\n<h2>Arsenal se concentre sur le recrutement de jeunes <\/h2>\n<div>\n<div><img decoding=\"async\" data-img-id=\"147114\" class=\"lazy\" loading=\"lazy\" src=\"https:\/\/footdavant.fr\/actualites\/wp-content\/uploads\/2026\/04\/Arsenal-envisage-une-decision-pour-les-jeunes-talents-excitants-de.jpg\"\/><\/p>\n<p>\u00a9 Imago<\/p>\n<\/div>\n<\/div>\n<p data-end=\"1643\" data-start=\"1518\"><meta charset=\"UTF-8\"\/>Malgr\u00e9 son immense potentiel, Monga aurait du mal \u00e0 percer dans la premi\u00e8re \u00e9quipe d&#39;Arsenal compte tenu de la force et de la profondeur de leur \u00e9quipe actuelle, s&#39;il les rejoignait. <\/p>\n<p data-end=\"1850\" data-start=\"1645\">On croit de plus en plus que la strat\u00e9gie de recrutement du club s&#39;oriente vers l&#39;acquisition de jeunes talents d&#39;\u00e9lite de l&#39;ext\u00e9rieur, alors que leur acad\u00e9mie ne produit pas suffisamment de prospects de haut niveau.<\/p>\n<p data-end=\"2060\" data-is-last-node=\"\" data-is-only-node=\"\" data-start=\"1852\">Arsenal a d\u00e9j\u00e0 \u00e9volu\u00e9 dans cette direction en signant les jumeaux adolescents Edwin et Holger Quintero d&#39;Independiente del Valle, tout en concluant \u00e9galement un accord pour Victor Ozhianvuna, 17 ans, de Shamrock Rovers.<\/p>\n<\/div>\n","protected":false},"excerpt":{"rendered":"<p>Arsenal aurait montr\u00e9 un vif int\u00e9r\u00eat pour la signature de l&#39;adolescent de Leicester City, Jeremy Monga, lors du mercato d&#39;\u00e9t\u00e9. Monga a fait la une<\/p>\n","protected":false},"author":1,"featured_media":36370,"comment_status":"closed","ping_status":"","sticky":false,"template":"","format":"standard","meta":{"footnotes":""},"categories":[5],"tags":[67,27,497,496,11856,1085,1293,93,51,7260,92],"yoast_head":"<!-- This site is optimized with the Yoast SEO plugin v21.0 - https:\/\/yoast.com\/wordpress\/plugins\/seo\/ -->\n<title>Arsenal envisage une d\u00e9cision pour les jeunes talents \u00ab\u00a0excitants\u00a0\u00bb de Leicester City<\/title>\n<meta name=\"robots\" content=\"index, follow, max-snippet:-1, max-image-preview:large, max-video-preview:-1\" \/>\n<link rel=\"canonical\" href=\"https:\/\/footdavant.fr\/actualites\/arsenal-envisage-une-decision-pour-les-jeunes-talents-excitants-de-leicester-city\/\" \/>\n<meta property=\"og:locale\" content=\"fr_FR\" \/>\n<meta property=\"og:type\" content=\"article\" \/>\n<meta property=\"og:title\" content=\"Arsenal envisage une d\u00e9cision pour les jeunes talents \u00ab\u00a0excitants\u00a0\u00bb de Leicester City\" \/>\n<meta property=\"og:description\" content=\"Arsenal aurait montr\u00e9 un vif int\u00e9r\u00eat pour la signature de l&#039;adolescent de Leicester City, Jeremy Monga, lors du mercato d&#039;\u00e9t\u00e9. Monga a fait la une\" \/>\n<meta property=\"og:url\" content=\"https:\/\/footdavant.fr\/actualites\/arsenal-envisage-une-decision-pour-les-jeunes-talents-excitants-de-leicester-city\/\" \/>\n<meta property=\"og:site_name\" content=\"Foot d&#039;avant\" \/>\n<meta property=\"article:publisher\" content=\"https:\/\/www.facebook.com\/Footdavant\/\" \/>\n<meta property=\"article:published_time\" content=\"2026-04-19T20:48:05+00:00\" \/>\n<meta property=\"article:modified_time\" content=\"2026-04-19T20:48:07+00:00\" \/>\n<meta property=\"og:image\" content=\"https:\/\/footdavant.fr\/actualites\/wp-content\/uploads\/2026\/04\/Nouvelles-du-transfert-d39Arsenal-Pourquoi-les-Gunners-ont-un.net2Fuploads2F20262F042Farne-slot-mo-sal.webp\" \/>\n\t<meta property=\"og:image:width\" content=\"720\" \/>\n\t<meta property=\"og:image:height\" content=\"410\" \/>\n\t<meta property=\"og:image:type\" content=\"image\/webp\" \/>\n<meta name=\"author\" content=\"Cl\u00e9ment\" \/>\n<meta name=\"twitter:card\" content=\"summary_large_image\" \/>\n<meta name=\"twitter:creator\" content=\"@FootdavantFr\" \/>\n<meta name=\"twitter:site\" content=\"@FootdavantFr\" \/>\n<meta name=\"twitter:label1\" content=\"\u00c9crit par\" \/>\n\t<meta name=\"twitter:data1\" content=\"Cl\u00e9ment\" \/>\n\t<meta name=\"twitter:label2\" content=\"Dur\u00e9e de lecture estim\u00e9e\" \/>\n\t<meta name=\"twitter:data2\" content=\"2 minutes\" \/>\n<script type=\"application\/ld+json\" class=\"yoast-schema-graph\">{\"@context\":\"https:\/\/schema.org\",\"@graph\":[{\"@type\":\"Article\",\"@id\":\"https:\/\/footdavant.fr\/actualites\/arsenal-envisage-une-decision-pour-les-jeunes-talents-excitants-de-leicester-city\/#article\",\"isPartOf\":{\"@id\":\"https:\/\/footdavant.fr\/actualites\/arsenal-envisage-une-decision-pour-les-jeunes-talents-excitants-de-leicester-city\/\"},\"author\":{\"name\":\"Cl\u00e9ment\",\"@id\":\"https:\/\/footdavant.fr\/actualites\/#\/schema\/person\/bc222566d95871b37e597b3ed3ba5e1d\"},\"headline\":\"Arsenal envisage une d\u00e9cision pour les jeunes talents \u00ab\u00a0excitants\u00a0\u00bb de Leicester City\",\"datePublished\":\"2026-04-19T20:48:05+00:00\",\"dateModified\":\"2026-04-19T20:48:07+00:00\",\"mainEntityOfPage\":{\"@id\":\"https:\/\/footdavant.fr\/actualites\/arsenal-envisage-une-decision-pour-les-jeunes-talents-excitants-de-leicester-city\/\"},\"wordCount\":418,\"publisher\":{\"@id\":\"https:\/\/footdavant.fr\/actualites\/#organization\"},\"keywords\":[\"Arsenal\",\"City\",\"d\u00e9cision\",\"envisage\",\"excitants\",\"jeunes\",\"Leicester\",\"les\",\"pour\",\"talents\",\"une\"],\"articleSection\":[\"Premier League\"],\"inLanguage\":\"fr-FR\"},{\"@type\":\"WebPage\",\"@id\":\"https:\/\/footdavant.fr\/actualites\/arsenal-envisage-une-decision-pour-les-jeunes-talents-excitants-de-leicester-city\/\",\"url\":\"https:\/\/footdavant.fr\/actualites\/arsenal-envisage-une-decision-pour-les-jeunes-talents-excitants-de-leicester-city\/\",\"name\":\"Arsenal envisage une d\u00e9cision pour les jeunes talents \u00ab\u00a0excitants\u00a0\u00bb de Leicester City\",\"isPartOf\":{\"@id\":\"https:\/\/footdavant.fr\/actualites\/#website\"},\"datePublished\":\"2026-04-19T20:48:05+00:00\",\"dateModified\":\"2026-04-19T20:48:07+00:00\",\"breadcrumb\":{\"@id\":\"https:\/\/footdavant.fr\/actualites\/arsenal-envisage-une-decision-pour-les-jeunes-talents-excitants-de-leicester-city\/#breadcrumb\"},\"inLanguage\":\"fr-FR\",\"potentialAction\":[{\"@type\":\"ReadAction\",\"target\":[\"https:\/\/footdavant.fr\/actualites\/arsenal-envisage-une-decision-pour-les-jeunes-talents-excitants-de-leicester-city\/\"]}]},{\"@type\":\"BreadcrumbList\",\"@id\":\"https:\/\/footdavant.fr\/actualites\/arsenal-envisage-une-decision-pour-les-jeunes-talents-excitants-de-leicester-city\/#breadcrumb\",\"itemListElement\":[{\"@type\":\"ListItem\",\"position\":1,\"name\":\"Accueil\",\"item\":\"https:\/\/footdavant.fr\/actualites\/\"},{\"@type\":\"ListItem\",\"position\":2,\"name\":\"Arsenal envisage une d\u00e9cision pour les jeunes talents \u00ab\u00a0excitants\u00a0\u00bb de Leicester City\"}]},{\"@type\":\"WebSite\",\"@id\":\"https:\/\/footdavant.fr\/actualites\/#website\",\"url\":\"https:\/\/footdavant.fr\/actualites\/\",\"name\":\"Foot d'avant\",\"description\":\"\",\"publisher\":{\"@id\":\"https:\/\/footdavant.fr\/actualites\/#organization\"},\"potentialAction\":[{\"@type\":\"SearchAction\",\"target\":{\"@type\":\"EntryPoint\",\"urlTemplate\":\"https:\/\/footdavant.fr\/actualites\/?s={search_term_string}\"},\"query-input\":\"required name=search_term_string\"}],\"inLanguage\":\"fr-FR\"},{\"@type\":\"Organization\",\"@id\":\"https:\/\/footdavant.fr\/actualites\/#organization\",\"name\":\"Foot d'avant\",\"url\":\"https:\/\/footdavant.fr\/actualites\/\",\"logo\":{\"@type\":\"ImageObject\",\"inLanguage\":\"fr-FR\",\"@id\":\"https:\/\/footdavant.fr\/actualites\/#\/schema\/logo\/image\/\",\"url\":\"https:\/\/footdavant.fr\/actualites\/wp-content\/uploads\/2023\/09\/Copy-of-FootDavant-Logo.png\",\"contentUrl\":\"https:\/\/footdavant.fr\/actualites\/wp-content\/uploads\/2023\/09\/Copy-of-FootDavant-Logo.png\",\"width\":936,\"height\":549,\"caption\":\"Foot d'avant\"},\"image\":{\"@id\":\"https:\/\/footdavant.fr\/actualites\/#\/schema\/logo\/image\/\"},\"sameAs\":[\"https:\/\/www.facebook.com\/Footdavant\/\",\"https:\/\/twitter.com\/FootdavantFr\",\"https:\/\/www.instagram.com\/footdavant.fr\/\"]},{\"@type\":\"Person\",\"@id\":\"https:\/\/footdavant.fr\/actualites\/#\/schema\/person\/bc222566d95871b37e597b3ed3ba5e1d\",\"name\":\"Cl\u00e9ment\",\"image\":{\"@type\":\"ImageObject\",\"inLanguage\":\"fr-FR\",\"@id\":\"https:\/\/footdavant.fr\/actualites\/#\/schema\/person\/image\/\",\"url\":\"https:\/\/secure.gravatar.com\/avatar\/7728b29aac2719421e1a9159b2254c44?s=96&d=mm&r=g\",\"contentUrl\":\"https:\/\/secure.gravatar.com\/avatar\/7728b29aac2719421e1a9159b2254c44?s=96&d=mm&r=g\",\"caption\":\"Cl\u00e9ment\"},\"sameAs\":[\"https:\/\/footdavant.fr\/\"]}]}<\/script>\n<!-- \/ Yoast SEO plugin. -->","yoast_head_json":{"title":"Arsenal envisage une d\u00e9cision pour les jeunes talents \u00ab\u00a0excitants\u00a0\u00bb de Leicester City","robots":{"index":"index","follow":"follow","max-snippet":"max-snippet:-1","max-image-preview":"max-image-preview:large","max-video-preview":"max-video-preview:-1"},"canonical":"https:\/\/footdavant.fr\/actualites\/arsenal-envisage-une-decision-pour-les-jeunes-talents-excitants-de-leicester-city\/","og_locale":"fr_FR","og_type":"article","og_title":"Arsenal envisage une d\u00e9cision pour les jeunes talents \u00ab\u00a0excitants\u00a0\u00bb de Leicester City","og_description":"Arsenal aurait montr\u00e9 un vif int\u00e9r\u00eat pour la signature de l&#39;adolescent de Leicester City, Jeremy Monga, lors du mercato d&#39;\u00e9t\u00e9. Monga a fait la une","og_url":"https:\/\/footdavant.fr\/actualites\/arsenal-envisage-une-decision-pour-les-jeunes-talents-excitants-de-leicester-city\/","og_site_name":"Foot d&#039;avant","article_publisher":"https:\/\/www.facebook.com\/Footdavant\/","article_published_time":"2026-04-19T20:48:05+00:00","article_modified_time":"2026-04-19T20:48:07+00:00","og_image":[{"width":720,"height":410,"url":"https:\/\/footdavant.fr\/actualites\/wp-content\/uploads\/2026\/04\/Nouvelles-du-transfert-d39Arsenal-Pourquoi-les-Gunners-ont-un.net2Fuploads2F20262F042Farne-slot-mo-sal.webp","type":"image\/webp"}],"author":"Cl\u00e9ment","twitter_card":"summary_large_image","twitter_creator":"@FootdavantFr","twitter_site":"@FootdavantFr","twitter_misc":{"\u00c9crit par":"Cl\u00e9ment","Dur\u00e9e de lecture estim\u00e9e":"2 minutes"},"schema":{"@context":"https:\/\/schema.org","@graph":[{"@type":"Article","@id":"https:\/\/footdavant.fr\/actualites\/arsenal-envisage-une-decision-pour-les-jeunes-talents-excitants-de-leicester-city\/#article","isPartOf":{"@id":"https:\/\/footdavant.fr\/actualites\/arsenal-envisage-une-decision-pour-les-jeunes-talents-excitants-de-leicester-city\/"},"author":{"name":"Cl\u00e9ment","@id":"https:\/\/footdavant.fr\/actualites\/#\/schema\/person\/bc222566d95871b37e597b3ed3ba5e1d"},"headline":"Arsenal envisage une d\u00e9cision pour les jeunes talents \u00ab\u00a0excitants\u00a0\u00bb de Leicester City","datePublished":"2026-04-19T20:48:05+00:00","dateModified":"2026-04-19T20:48:07+00:00","mainEntityOfPage":{"@id":"https:\/\/footdavant.fr\/actualites\/arsenal-envisage-une-decision-pour-les-jeunes-talents-excitants-de-leicester-city\/"},"wordCount":418,"publisher":{"@id":"https:\/\/footdavant.fr\/actualites\/#organization"},"keywords":["Arsenal","City","d\u00e9cision","envisage","excitants","jeunes","Leicester","les","pour","talents","une"],"articleSection":["Premier League"],"inLanguage":"fr-FR"},{"@type":"WebPage","@id":"https:\/\/footdavant.fr\/actualites\/arsenal-envisage-une-decision-pour-les-jeunes-talents-excitants-de-leicester-city\/","url":"https:\/\/footdavant.fr\/actualites\/arsenal-envisage-une-decision-pour-les-jeunes-talents-excitants-de-leicester-city\/","name":"Arsenal envisage une d\u00e9cision pour les jeunes talents \u00ab\u00a0excitants\u00a0\u00bb de Leicester City","isPartOf":{"@id":"https:\/\/footdavant.fr\/actualites\/#website"},"datePublished":"2026-04-19T20:48:05+00:00","dateModified":"2026-04-19T20:48:07+00:00","breadcrumb":{"@id":"https:\/\/footdavant.fr\/actualites\/arsenal-envisage-une-decision-pour-les-jeunes-talents-excitants-de-leicester-city\/#breadcrumb"},"inLanguage":"fr-FR","potentialAction":[{"@type":"ReadAction","target":["https:\/\/footdavant.fr\/actualites\/arsenal-envisage-une-decision-pour-les-jeunes-talents-excitants-de-leicester-city\/"]}]},{"@type":"BreadcrumbList","@id":"https:\/\/footdavant.fr\/actualites\/arsenal-envisage-une-decision-pour-les-jeunes-talents-excitants-de-leicester-city\/#breadcrumb","itemListElement":[{"@type":"ListItem","position":1,"name":"Accueil","item":"https:\/\/footdavant.fr\/actualites\/"},{"@type":"ListItem","position":2,"name":"Arsenal envisage une d\u00e9cision pour les jeunes talents \u00ab\u00a0excitants\u00a0\u00bb de Leicester City"}]},{"@type":"WebSite","@id":"https:\/\/footdavant.fr\/actualites\/#website","url":"https:\/\/footdavant.fr\/actualites\/","name":"Foot d'avant","description":"","publisher":{"@id":"https:\/\/footdavant.fr\/actualites\/#organization"},"potentialAction":[{"@type":"SearchAction","target":{"@type":"EntryPoint","urlTemplate":"https:\/\/footdavant.fr\/actualites\/?s={search_term_string}"},"query-input":"required name=search_term_string"}],"inLanguage":"fr-FR"},{"@type":"Organization","@id":"https:\/\/footdavant.fr\/actualites\/#organization","name":"Foot d'avant","url":"https:\/\/footdavant.fr\/actualites\/","logo":{"@type":"ImageObject","inLanguage":"fr-FR","@id":"https:\/\/footdavant.fr\/actualites\/#\/schema\/logo\/image\/","url":"https:\/\/footdavant.fr\/actualites\/wp-content\/uploads\/2023\/09\/Copy-of-FootDavant-Logo.png","contentUrl":"https:\/\/footdavant.fr\/actualites\/wp-content\/uploads\/2023\/09\/Copy-of-FootDavant-Logo.png","width":936,"height":549,"caption":"Foot d'avant"},"image":{"@id":"https:\/\/footdavant.fr\/actualites\/#\/schema\/logo\/image\/"},"sameAs":["https:\/\/www.facebook.com\/Footdavant\/","https:\/\/twitter.com\/FootdavantFr","https:\/\/www.instagram.com\/footdavant.fr\/"]},{"@type":"Person","@id":"https:\/\/footdavant.fr\/actualites\/#\/schema\/person\/bc222566d95871b37e597b3ed3ba5e1d","name":"Cl\u00e9ment","image":{"@type":"ImageObject","inLanguage":"fr-FR","@id":"https:\/\/footdavant.fr\/actualites\/#\/schema\/person\/image\/","url":"https:\/\/secure.gravatar.com\/avatar\/7728b29aac2719421e1a9159b2254c44?s=96&d=mm&r=g","contentUrl":"https:\/\/secure.gravatar.com\/avatar\/7728b29aac2719421e1a9159b2254c44?s=96&d=mm&r=g","caption":"Cl\u00e9ment"},"sameAs":["https:\/\/footdavant.fr\/"]}]}},"_links":{"self":[{"href":"https:\/\/footdavant.fr\/actualites\/wp-json\/wp\/v2\/posts\/36626"}],"collection":[{"href":"https:\/\/footdavant.fr\/actualites\/wp-json\/wp\/v2\/posts"}],"about":[{"href":"https:\/\/footdavant.fr\/actualites\/wp-json\/wp\/v2\/types\/post"}],"author":[{"embeddable":true,"href":"https:\/\/footdavant.fr\/actualites\/wp-json\/wp\/v2\/users\/1"}],"replies":[{"embeddable":true,"href":"https:\/\/footdavant.fr\/actualites\/wp-json\/wp\/v2\/comments?post=36626"}],"version-history":[{"count":1,"href":"https:\/\/footdavant.fr\/actualites\/wp-json\/wp\/v2\/posts\/36626\/revisions"}],"predecessor-version":[{"id":36627,"href":"https:\/\/footdavant.fr\/actualites\/wp-json\/wp\/v2\/posts\/36626\/revisions\/36627"}],"wp:featuredmedia":[{"embeddable":true,"href":"https:\/\/footdavant.fr\/actualites\/wp-json\/wp\/v2\/media\/36370"}],"wp:attachment":[{"href":"https:\/\/footdavant.fr\/actualites\/wp-json\/wp\/v2\/media?parent=36626"}],"wp:term":[{"taxonomy":"category","embeddable":true,"href":"https:\/\/footdavant.fr\/actualites\/wp-json\/wp\/v2\/categories?post=36626"},{"taxonomy":"post_tag","embeddable":true,"href":"https:\/\/footdavant.fr\/actualites\/wp-json\/wp\/v2\/tags?post=36626"}],"curies":[{"name":"wp","href":"https:\/\/api.w.org\/{rel}","templated":true}]}}