{"id":36628,"date":"2026-04-20T00:48:22","date_gmt":"2026-04-19T22:48:22","guid":{"rendered":"https:\/\/footdavant.fr\/actualites\/bilan-europeen-le-bayern-sacre-champion-de-bundesliga\/"},"modified":"2026-04-20T00:48:24","modified_gmt":"2026-04-19T22:48:24","slug":"bilan-europeen-le-bayern-sacre-champion-de-bundesliga","status":"publish","type":"post","link":"https:\/\/footdavant.fr\/actualites\/bilan-europeen-le-bayern-sacre-champion-de-bundesliga\/","title":{"rendered":"Bilan europ\u00e9en : le Bayern sacr\u00e9 champion de Bundesliga"},"content":{"rendered":"<div>\n<p>Le Bayern Munich est champion de Bundesliga pour la 35e fois, un record, apr\u00e8s une victoire 4-2 contre Stuttgart \u00e0 l&#39;Allianz Arena dimanche, Harry Kane marquant son 32e but en championnat de la saison pour couronner une f\u00eate \u00e0 Munich.<\/p>\n<p>Les Bavarois peuvent d\u00e9sormais se targuer d&#39;avoir termin\u00e9 en t\u00eate de l&#39;\u00e9lite allemande au cours de 13 des 14 derni\u00e8res ann\u00e9es. Le Bayern n&#39;avait besoin que d&#39;un point pour sceller le titre apr\u00e8s la d\u00e9faite de Dortmund contre Hoffenheim la veille, et ils l&#39;ont fait avec style.<\/p>\n<h2 class=\"wp-block-heading\"><span id=\"Bayern_victorious\">Le Bayern vainqueur<\/span><\/h2>\n<p>Stuttgart a bri\u00e8vement menac\u00e9 de g\u00e2cher les c\u00e9l\u00e9brations lorsque Chris Fuhrich a ouvert le score \u00e0 la 21e minute, mais le Bayern a r\u00e9pondu de mani\u00e8re d\u00e9vastatrice. <\/p>\n<p>Les buts de Raphael Guerreiro, Nicolas Jackson et Alphonso Davies sont arriv\u00e9s six minutes avant la pause, permettant \u00e0 l&#39;\u00e9quipe locale de mener 3-1. <\/p>\n<p>Vincent Kompany avait effectu\u00e9 huit changements par rapport \u00e0 l&#39;\u00e9quipe qui avait d\u00e9but\u00e9 contre le Real Madrid en milieu de semaine de la Ligue des champions, avec Kane, Michael Olise et Manuel Neuer parmi ceux qui \u00e9taient au repos. <\/p>\n<figure class=\"wp-block-image size-large\"><picture decoding=\"async\" class=\"wp-image-169531\"><source type=\"image\/webp\" data-lazy- \/><img loading=\"lazy\" decoding=\"async\" width=\"1024\" height=\"684\" src=\"https:\/\/footdavant.fr\/actualites\/wp-content\/uploads\/2026\/04\/Bilan-europeen-le-Bayern-sacre-champion-de-Bundesliga.jpg\" alt=\"Harry Kane c\u00e9l\u00e8bre la victoire du Bayern Munich contre le Borussia Dortmund\"  \/>\n<\/picture>\n<\/figure>\n<p>Kane est sorti du banc \u00e0 la mi-temps et a fait sa marque quand cela comptait, portant son total pour la saison toutes comp\u00e9titions confondues \u00e0 51 buts. Son but en championnat a \u00e9galement port\u00e9 le total de buts du Bayern en Bundesliga pour la saison \u00e0 109, battant le record de 101 \u00e9tabli par l&#39;\u00e9quipe embl\u00e9matique de 1971-72 compos\u00e9e de Franz Beckenbauer et Gerd Muller. <\/p>\n<p>L&#39;attaquant espagnol Chema a marqu\u00e9 pour Stuttgart \u00e0 la 88e minute, mais le r\u00e9sultat n&#39;a jamais fait de doute.<\/p>\n<p>Joshua Kimmich a ensuite r\u00e9sum\u00e9 l&#39;ambiance dans le vestiaire. \u00ab\u00a0C&#39;est tr\u00e8s sp\u00e9cial\u00a0\u00bb, a-t-il d\u00e9clar\u00e9. \u00ab\u00a0Surtout cette saison, c&#39;est une tr\u00e8s, tr\u00e8s bonne saison de Bundesliga, y compris le match d&#39;aujourd&#39;hui. Ce n&#39;est pas \u00e9vident que vous veniez ici apr\u00e8s les matchs contre Madrid et que vous jouiez ensuite un match comme celui-ci.\u00a0\u00bb<\/p>\n<p>La Bundesliga n&#39;est que la premi\u00e8re partie d&#39;un tripl\u00e9 potentiel pour l&#39;\u00e9quipe de Kompany. Le Bayern affrontera le Bayer Leverkusen mercredi en demi-finale du DFB Pokal, avant une confrontation en demi-finale de la Ligue des champions avec le Paris Saint-Germain. <\/p>\n<h2 class=\"wp-block-heading\"><span id=\"Rabiot_spares_Milan8217s_blushes_in_Verona\">Rabiot \u00e9pargne les rougeurs de Milan \u00e0 V\u00e9rone<\/span><\/h2>\n<figure class=\"wp-block-image size-large\"><picture decoding=\"async\" class=\"wp-image-171263\"><source type=\"image\/webp\" data-lazy- \/><img loading=\"lazy\" decoding=\"async\" width=\"1024\" height=\"576\" http:=\"\" alt=\"Les joueurs de l&#39;AC Milan c\u00e9l\u00e8brent leur but contre leurs rivaux de l&#39;Inter\"  data-lazy- src=\"https:\/\/footdavant.fr\/actualites\/wp-content\/uploads\/2026\/04\/1776638902_174_Bilan-europeen-le-Bayern-sacre-champion-de-Bundesliga.jpg\"\/><img loading=\"lazy\" decoding=\"async\" width=\"1024\" height=\"576\" src=\"https:\/\/footdavant.fr\/actualites\/wp-content\/uploads\/2026\/04\/1776638902_174_Bilan-europeen-le-Bayern-sacre-champion-de-Bundesliga.jpg\" alt=\"Les joueurs de l&#39;AC Milan c\u00e9l\u00e8brent leur but contre leurs rivaux de l&#39;Inter\"  \/>\n<\/picture>\n<\/figure>\n<p>L&#39;AC Milan a surv\u00e9cu \u00e0 un apr\u00e8s-midi nerveux pour remporter une victoire cruciale 1-0 contre le Hellas V\u00e9rone, le but d&#39;Adrien Rabiot peu avant la mi-temps s&#39;\u00e9tant av\u00e9r\u00e9 suffisant.<\/p>\n<p>Les Rossoneri regardaient avec anxi\u00e9t\u00e9 par-dessus leurs \u00e9paules apr\u00e8s des d\u00e9faites cons\u00e9cutives contre Naples et l&#39;Udinese, mais cette victoire les a ramen\u00e9s \u00e0 la deuxi\u00e8me place de la Serie A et \u00e0 huit points au-dessus de C\u00f4me, cinqui\u00e8me. <\/p>\n<p>C&#39;\u00e9tait loin d&#39;\u00eatre confortable. V\u00e9rone a rendu la vie difficile tout au long du match, et Matteo Gabbia a \u00e9galement d\u00fb refuser aux h\u00f4tes une chance majeure \u00e0 l&#39;autre bout du terrain. Milan \u00e9tait loin d&#39;\u00eatre fluide, mais trois points suffisaient. Milan et Naples sont tous deux \u00e0 12 points du leader de la Serie A, l&#39;Inter Milan, \u00e0 cinq journ\u00e9es de la fin. <\/p>\n<h2 class=\"wp-block-heading\"><span id=\"David_scores_as_Juventus_pick_up_big_win_in_race_for_Europe\">David marque alors que la Juventus remporte une grande victoire dans la course \u00e0 l&#39;Europe<\/span><\/h2>\n<p>La Juventus a battu Bologne 2-0 au stade Allianz dimanche soir, renfor\u00e7ant ainsi son emprise sur la quatri\u00e8me place de la Serie A et la derni\u00e8re place de qualification pour la Ligue des champions.<\/p>\n<p>Jonathan David a ouvert le score en deux minutes, donnant \u00e0 la Juventus la plate-forme dont elle avait besoin contre une \u00e9quipe de Bologne qui se remettait encore de sa sortie de la Ligue Europa aux mains d&#39;Aston Villa plus t\u00f4t dans la semaine. <\/p>\n<p>Cette victoire porte \u00e0 cinq points l&#39;avantage de la Juventus sur C\u00f4me, cinqui\u00e8me, \u00e0 cinq matches de la fin. <\/p>\n<figure class=\"wp-block-embed is-type-rich is-provider-twitter wp-block-embed-twitter\"\/><\/div>\n","protected":false},"excerpt":{"rendered":"<p>Le Bayern Munich est champion de Bundesliga pour la 35e fois, un record, apr\u00e8s une victoire 4-2 contre Stuttgart \u00e0 l&#39;Allianz Arena dimanche, Harry Kane<\/p>\n","protected":false},"author":1,"featured_media":36373,"comment_status":"closed","ping_status":"","sticky":false,"template":"","format":"standard","meta":{"footnotes":""},"categories":[3],"tags":[340,251,1504,4754,940,4753],"yoast_head":"<!-- This site is optimized with the Yoast SEO plugin v21.0 - https:\/\/yoast.com\/wordpress\/plugins\/seo\/ -->\n<title>Bilan europ\u00e9en : le Bayern sacr\u00e9 champion de Bundesliga<\/title>\n<meta name=\"robots\" content=\"index, follow, max-snippet:-1, max-image-preview:large, max-video-preview:-1\" \/>\n<link rel=\"canonical\" href=\"https:\/\/footdavant.fr\/actualites\/bilan-europeen-le-bayern-sacre-champion-de-bundesliga\/\" \/>\n<meta property=\"og:locale\" content=\"fr_FR\" \/>\n<meta property=\"og:type\" content=\"article\" \/>\n<meta property=\"og:title\" content=\"Bilan europ\u00e9en : le Bayern sacr\u00e9 champion de Bundesliga\" \/>\n<meta property=\"og:description\" content=\"Le Bayern Munich est champion de Bundesliga pour la 35e fois, un record, apr\u00e8s une victoire 4-2 contre Stuttgart \u00e0 l&#039;Allianz Arena dimanche, Harry Kane\" \/>\n<meta property=\"og:url\" content=\"https:\/\/footdavant.fr\/actualites\/bilan-europeen-le-bayern-sacre-champion-de-bundesliga\/\" \/>\n<meta property=\"og:site_name\" content=\"Foot d&#039;avant\" \/>\n<meta property=\"article:publisher\" content=\"https:\/\/www.facebook.com\/Footdavant\/\" \/>\n<meta property=\"article:published_time\" content=\"2026-04-19T22:48:22+00:00\" \/>\n<meta property=\"article:modified_time\" content=\"2026-04-19T22:48:24+00:00\" \/>\n<meta property=\"og:image\" content=\"https:\/\/footdavant.fr\/actualites\/wp-content\/uploads\/2026\/04\/1775962088_Le-Bayern-bat-le-record-de-buts-en-Bundesliga-alors.jpg\" \/>\n\t<meta property=\"og:image:width\" content=\"1200\" \/>\n\t<meta property=\"og:image:height\" content=\"816\" \/>\n\t<meta property=\"og:image:type\" content=\"image\/jpeg\" \/>\n<meta name=\"author\" content=\"Cl\u00e9ment\" \/>\n<meta name=\"twitter:card\" content=\"summary_large_image\" \/>\n<meta name=\"twitter:creator\" content=\"@FootdavantFr\" \/>\n<meta name=\"twitter:site\" content=\"@FootdavantFr\" \/>\n<meta name=\"twitter:label1\" content=\"\u00c9crit par\" \/>\n\t<meta name=\"twitter:data1\" content=\"Cl\u00e9ment\" \/>\n\t<meta name=\"twitter:label2\" content=\"Dur\u00e9e de lecture estim\u00e9e\" \/>\n\t<meta name=\"twitter:data2\" content=\"3 minutes\" \/>\n<script type=\"application\/ld+json\" class=\"yoast-schema-graph\">{\"@context\":\"https:\/\/schema.org\",\"@graph\":[{\"@type\":\"Article\",\"@id\":\"https:\/\/footdavant.fr\/actualites\/bilan-europeen-le-bayern-sacre-champion-de-bundesliga\/#article\",\"isPartOf\":{\"@id\":\"https:\/\/footdavant.fr\/actualites\/bilan-europeen-le-bayern-sacre-champion-de-bundesliga\/\"},\"author\":{\"name\":\"Cl\u00e9ment\",\"@id\":\"https:\/\/footdavant.fr\/actualites\/#\/schema\/person\/bc222566d95871b37e597b3ed3ba5e1d\"},\"headline\":\"Bilan europ\u00e9en : le Bayern sacr\u00e9 champion de Bundesliga\",\"datePublished\":\"2026-04-19T22:48:22+00:00\",\"dateModified\":\"2026-04-19T22:48:24+00:00\",\"mainEntityOfPage\":{\"@id\":\"https:\/\/footdavant.fr\/actualites\/bilan-europeen-le-bayern-sacre-champion-de-bundesliga\/\"},\"wordCount\":674,\"publisher\":{\"@id\":\"https:\/\/footdavant.fr\/actualites\/#organization\"},\"keywords\":[\"Bayern\",\"bilan\",\"Bundesliga\",\"champion\",\"europ\u00e9en\",\"sacr\u00e9\"],\"articleSection\":[\"Football\"],\"inLanguage\":\"fr-FR\"},{\"@type\":\"WebPage\",\"@id\":\"https:\/\/footdavant.fr\/actualites\/bilan-europeen-le-bayern-sacre-champion-de-bundesliga\/\",\"url\":\"https:\/\/footdavant.fr\/actualites\/bilan-europeen-le-bayern-sacre-champion-de-bundesliga\/\",\"name\":\"Bilan europ\u00e9en : le Bayern sacr\u00e9 champion de Bundesliga\",\"isPartOf\":{\"@id\":\"https:\/\/footdavant.fr\/actualites\/#website\"},\"datePublished\":\"2026-04-19T22:48:22+00:00\",\"dateModified\":\"2026-04-19T22:48:24+00:00\",\"breadcrumb\":{\"@id\":\"https:\/\/footdavant.fr\/actualites\/bilan-europeen-le-bayern-sacre-champion-de-bundesliga\/#breadcrumb\"},\"inLanguage\":\"fr-FR\",\"potentialAction\":[{\"@type\":\"ReadAction\",\"target\":[\"https:\/\/footdavant.fr\/actualites\/bilan-europeen-le-bayern-sacre-champion-de-bundesliga\/\"]}]},{\"@type\":\"BreadcrumbList\",\"@id\":\"https:\/\/footdavant.fr\/actualites\/bilan-europeen-le-bayern-sacre-champion-de-bundesliga\/#breadcrumb\",\"itemListElement\":[{\"@type\":\"ListItem\",\"position\":1,\"name\":\"Accueil\",\"item\":\"https:\/\/footdavant.fr\/actualites\/\"},{\"@type\":\"ListItem\",\"position\":2,\"name\":\"Bilan europ\u00e9en : le Bayern sacr\u00e9 champion de Bundesliga\"}]},{\"@type\":\"WebSite\",\"@id\":\"https:\/\/footdavant.fr\/actualites\/#website\",\"url\":\"https:\/\/footdavant.fr\/actualites\/\",\"name\":\"Foot d'avant\",\"description\":\"\",\"publisher\":{\"@id\":\"https:\/\/footdavant.fr\/actualites\/#organization\"},\"potentialAction\":[{\"@type\":\"SearchAction\",\"target\":{\"@type\":\"EntryPoint\",\"urlTemplate\":\"https:\/\/footdavant.fr\/actualites\/?s={search_term_string}\"},\"query-input\":\"required name=search_term_string\"}],\"inLanguage\":\"fr-FR\"},{\"@type\":\"Organization\",\"@id\":\"https:\/\/footdavant.fr\/actualites\/#organization\",\"name\":\"Foot d'avant\",\"url\":\"https:\/\/footdavant.fr\/actualites\/\",\"logo\":{\"@type\":\"ImageObject\",\"inLanguage\":\"fr-FR\",\"@id\":\"https:\/\/footdavant.fr\/actualites\/#\/schema\/logo\/image\/\",\"url\":\"https:\/\/footdavant.fr\/actualites\/wp-content\/uploads\/2023\/09\/Copy-of-FootDavant-Logo.png\",\"contentUrl\":\"https:\/\/footdavant.fr\/actualites\/wp-content\/uploads\/2023\/09\/Copy-of-FootDavant-Logo.png\",\"width\":936,\"height\":549,\"caption\":\"Foot d'avant\"},\"image\":{\"@id\":\"https:\/\/footdavant.fr\/actualites\/#\/schema\/logo\/image\/\"},\"sameAs\":[\"https:\/\/www.facebook.com\/Footdavant\/\",\"https:\/\/twitter.com\/FootdavantFr\",\"https:\/\/www.instagram.com\/footdavant.fr\/\"]},{\"@type\":\"Person\",\"@id\":\"https:\/\/footdavant.fr\/actualites\/#\/schema\/person\/bc222566d95871b37e597b3ed3ba5e1d\",\"name\":\"Cl\u00e9ment\",\"image\":{\"@type\":\"ImageObject\",\"inLanguage\":\"fr-FR\",\"@id\":\"https:\/\/footdavant.fr\/actualites\/#\/schema\/person\/image\/\",\"url\":\"https:\/\/secure.gravatar.com\/avatar\/7728b29aac2719421e1a9159b2254c44?s=96&d=mm&r=g\",\"contentUrl\":\"https:\/\/secure.gravatar.com\/avatar\/7728b29aac2719421e1a9159b2254c44?s=96&d=mm&r=g\",\"caption\":\"Cl\u00e9ment\"},\"sameAs\":[\"https:\/\/footdavant.fr\/\"]}]}<\/script>\n<!-- \/ Yoast SEO plugin. -->","yoast_head_json":{"title":"Bilan europ\u00e9en : le Bayern sacr\u00e9 champion de Bundesliga","robots":{"index":"index","follow":"follow","max-snippet":"max-snippet:-1","max-image-preview":"max-image-preview:large","max-video-preview":"max-video-preview:-1"},"canonical":"https:\/\/footdavant.fr\/actualites\/bilan-europeen-le-bayern-sacre-champion-de-bundesliga\/","og_locale":"fr_FR","og_type":"article","og_title":"Bilan europ\u00e9en : le Bayern sacr\u00e9 champion de Bundesliga","og_description":"Le Bayern Munich est champion de Bundesliga pour la 35e fois, un record, apr\u00e8s une victoire 4-2 contre Stuttgart \u00e0 l&#39;Allianz Arena dimanche, Harry Kane","og_url":"https:\/\/footdavant.fr\/actualites\/bilan-europeen-le-bayern-sacre-champion-de-bundesliga\/","og_site_name":"Foot d&#039;avant","article_publisher":"https:\/\/www.facebook.com\/Footdavant\/","article_published_time":"2026-04-19T22:48:22+00:00","article_modified_time":"2026-04-19T22:48:24+00:00","og_image":[{"width":1200,"height":816,"url":"https:\/\/footdavant.fr\/actualites\/wp-content\/uploads\/2026\/04\/1775962088_Le-Bayern-bat-le-record-de-buts-en-Bundesliga-alors.jpg","type":"image\/jpeg"}],"author":"Cl\u00e9ment","twitter_card":"summary_large_image","twitter_creator":"@FootdavantFr","twitter_site":"@FootdavantFr","twitter_misc":{"\u00c9crit par":"Cl\u00e9ment","Dur\u00e9e de lecture estim\u00e9e":"3 minutes"},"schema":{"@context":"https:\/\/schema.org","@graph":[{"@type":"Article","@id":"https:\/\/footdavant.fr\/actualites\/bilan-europeen-le-bayern-sacre-champion-de-bundesliga\/#article","isPartOf":{"@id":"https:\/\/footdavant.fr\/actualites\/bilan-europeen-le-bayern-sacre-champion-de-bundesliga\/"},"author":{"name":"Cl\u00e9ment","@id":"https:\/\/footdavant.fr\/actualites\/#\/schema\/person\/bc222566d95871b37e597b3ed3ba5e1d"},"headline":"Bilan europ\u00e9en : le Bayern sacr\u00e9 champion de Bundesliga","datePublished":"2026-04-19T22:48:22+00:00","dateModified":"2026-04-19T22:48:24+00:00","mainEntityOfPage":{"@id":"https:\/\/footdavant.fr\/actualites\/bilan-europeen-le-bayern-sacre-champion-de-bundesliga\/"},"wordCount":674,"publisher":{"@id":"https:\/\/footdavant.fr\/actualites\/#organization"},"keywords":["Bayern","bilan","Bundesliga","champion","europ\u00e9en","sacr\u00e9"],"articleSection":["Football"],"inLanguage":"fr-FR"},{"@type":"WebPage","@id":"https:\/\/footdavant.fr\/actualites\/bilan-europeen-le-bayern-sacre-champion-de-bundesliga\/","url":"https:\/\/footdavant.fr\/actualites\/bilan-europeen-le-bayern-sacre-champion-de-bundesliga\/","name":"Bilan europ\u00e9en : le Bayern sacr\u00e9 champion de Bundesliga","isPartOf":{"@id":"https:\/\/footdavant.fr\/actualites\/#website"},"datePublished":"2026-04-19T22:48:22+00:00","dateModified":"2026-04-19T22:48:24+00:00","breadcrumb":{"@id":"https:\/\/footdavant.fr\/actualites\/bilan-europeen-le-bayern-sacre-champion-de-bundesliga\/#breadcrumb"},"inLanguage":"fr-FR","potentialAction":[{"@type":"ReadAction","target":["https:\/\/footdavant.fr\/actualites\/bilan-europeen-le-bayern-sacre-champion-de-bundesliga\/"]}]},{"@type":"BreadcrumbList","@id":"https:\/\/footdavant.fr\/actualites\/bilan-europeen-le-bayern-sacre-champion-de-bundesliga\/#breadcrumb","itemListElement":[{"@type":"ListItem","position":1,"name":"Accueil","item":"https:\/\/footdavant.fr\/actualites\/"},{"@type":"ListItem","position":2,"name":"Bilan europ\u00e9en : le Bayern sacr\u00e9 champion de Bundesliga"}]},{"@type":"WebSite","@id":"https:\/\/footdavant.fr\/actualites\/#website","url":"https:\/\/footdavant.fr\/actualites\/","name":"Foot d'avant","description":"","publisher":{"@id":"https:\/\/footdavant.fr\/actualites\/#organization"},"potentialAction":[{"@type":"SearchAction","target":{"@type":"EntryPoint","urlTemplate":"https:\/\/footdavant.fr\/actualites\/?s={search_term_string}"},"query-input":"required name=search_term_string"}],"inLanguage":"fr-FR"},{"@type":"Organization","@id":"https:\/\/footdavant.fr\/actualites\/#organization","name":"Foot d'avant","url":"https:\/\/footdavant.fr\/actualites\/","logo":{"@type":"ImageObject","inLanguage":"fr-FR","@id":"https:\/\/footdavant.fr\/actualites\/#\/schema\/logo\/image\/","url":"https:\/\/footdavant.fr\/actualites\/wp-content\/uploads\/2023\/09\/Copy-of-FootDavant-Logo.png","contentUrl":"https:\/\/footdavant.fr\/actualites\/wp-content\/uploads\/2023\/09\/Copy-of-FootDavant-Logo.png","width":936,"height":549,"caption":"Foot d'avant"},"image":{"@id":"https:\/\/footdavant.fr\/actualites\/#\/schema\/logo\/image\/"},"sameAs":["https:\/\/www.facebook.com\/Footdavant\/","https:\/\/twitter.com\/FootdavantFr","https:\/\/www.instagram.com\/footdavant.fr\/"]},{"@type":"Person","@id":"https:\/\/footdavant.fr\/actualites\/#\/schema\/person\/bc222566d95871b37e597b3ed3ba5e1d","name":"Cl\u00e9ment","image":{"@type":"ImageObject","inLanguage":"fr-FR","@id":"https:\/\/footdavant.fr\/actualites\/#\/schema\/person\/image\/","url":"https:\/\/secure.gravatar.com\/avatar\/7728b29aac2719421e1a9159b2254c44?s=96&d=mm&r=g","contentUrl":"https:\/\/secure.gravatar.com\/avatar\/7728b29aac2719421e1a9159b2254c44?s=96&d=mm&r=g","caption":"Cl\u00e9ment"},"sameAs":["https:\/\/footdavant.fr\/"]}]}},"_links":{"self":[{"href":"https:\/\/footdavant.fr\/actualites\/wp-json\/wp\/v2\/posts\/36628"}],"collection":[{"href":"https:\/\/footdavant.fr\/actualites\/wp-json\/wp\/v2\/posts"}],"about":[{"href":"https:\/\/footdavant.fr\/actualites\/wp-json\/wp\/v2\/types\/post"}],"author":[{"embeddable":true,"href":"https:\/\/footdavant.fr\/actualites\/wp-json\/wp\/v2\/users\/1"}],"replies":[{"embeddable":true,"href":"https:\/\/footdavant.fr\/actualites\/wp-json\/wp\/v2\/comments?post=36628"}],"version-history":[{"count":1,"href":"https:\/\/footdavant.fr\/actualites\/wp-json\/wp\/v2\/posts\/36628\/revisions"}],"predecessor-version":[{"id":36629,"href":"https:\/\/footdavant.fr\/actualites\/wp-json\/wp\/v2\/posts\/36628\/revisions\/36629"}],"wp:featuredmedia":[{"embeddable":true,"href":"https:\/\/footdavant.fr\/actualites\/wp-json\/wp\/v2\/media\/36373"}],"wp:attachment":[{"href":"https:\/\/footdavant.fr\/actualites\/wp-json\/wp\/v2\/media?parent=36628"}],"wp:term":[{"taxonomy":"category","embeddable":true,"href":"https:\/\/footdavant.fr\/actualites\/wp-json\/wp\/v2\/categories?post=36628"},{"taxonomy":"post_tag","embeddable":true,"href":"https:\/\/footdavant.fr\/actualites\/wp-json\/wp\/v2\/tags?post=36628"}],"curies":[{"name":"wp","href":"https:\/\/api.w.org\/{rel}","templated":true}]}}