{"id":36633,"date":"2026-04-20T04:48:15","date_gmt":"2026-04-20T02:48:15","guid":{"rendered":"https:\/\/footdavant.fr\/actualites\/le-club-de-reve-danthony-gordon-nomme-cercle-de-man-united\/"},"modified":"2026-04-20T04:48:17","modified_gmt":"2026-04-20T02:48:17","slug":"le-club-de-reve-danthony-gordon-nomme-cercle-de-man-united","status":"publish","type":"post","link":"https:\/\/footdavant.fr\/actualites\/le-club-de-reve-danthony-gordon-nomme-cercle-de-man-united\/","title":{"rendered":"Le club de r\u00eave d&#39;Anthony Gordon nomm\u00e9 cercle de Man United &#8211;"},"content":{"rendered":"<div id=\"penci-post-entry-inner\">\n<p>\t\t\t<i class=\"penci-post-countview-number-check\" style=\"display:none\">1<\/i><\/p>\n<p><!--Article Start--><br \/>L&#39;attaquant de Newcastle Anthony Gordon aurait nomm\u00e9 sa destination de transfert de r\u00eave, Manchester United \u00e9tant dispos\u00e9 \u00e0 le signer cet \u00e9t\u00e9.<\/p>\n<h3>Renforts d&#39;attaque<\/h3>\n<p>United se pr\u00e9pare \u00e0 une fen\u00eatre de transfert estivale charg\u00e9e, avec une qualification en Ligue des champions semblant de plus en plus probable.<\/p>\n<p>Le renforcement du milieu de terrain devrait \u00eatre la priorit\u00e9 absolue du club, mais d&#39;autres postes pourraient \u00e9galement entrer en jeu. United aura besoin d\u2019une \u00e9quipe beaucoup plus \u00e9toff\u00e9e en raison de la charge de travail accrue. Marcus Rashford et Jadon Sancho sont susceptibles de partir d\u00e9finitivement et doivent \u00eatre remplac\u00e9s pour garantir \u00e0 United une profondeur de qualit\u00e9 dans les zones avanc\u00e9es.<\/p>\n<p>La position de gauche en particulier est un r\u00f4le que United cherche \u00e0 renforcer. Un certain nombre de joueurs sont envisag\u00e9s, dont Yan Diomande (RB Leipzig), Mateus Mane (Wolverhampton Wanderers), Iliman Ndiaye (Everton) et Gordon.<\/p>\n<p>Gordon est devenu l&#39;un des meilleurs ailiers de la Premier League, se montrant r\u00e9guli\u00e8rement important pour Newcastle avec sa finition et sa vitesse fulgurante.<\/p>\n<p>L&#39;international anglais a inscrit 17 buts et cinq passes d\u00e9cisives toutes comp\u00e9titions confondues.<\/p>\n<p>Un rapport r\u00e9cent couvert par The Peoples Person a indiqu\u00e9 que Gordon souhaitait explorer ses options pour quitter Newcastle cet \u00e9t\u00e9. Bien qu&#39;il n&#39;ait pas inform\u00e9 les Magpies de son d\u00e9sir de partir, certains pensent qu&#39;il est ouvert \u00e0 de nouvelles opportunit\u00e9s alors qu&#39;il continue de susciter l&#39;int\u00e9r\u00eat tant en Angleterre qu&#39;\u00e0 l&#39;\u00e9tranger.<\/p>\n<p>Le Bayern Munich a \u00e9t\u00e9 mentionn\u00e9 comme un club fortement int\u00e9ress\u00e9 par Gordon. United, Arsenal et Liverpool surveillent \u00e9galement sa situation. Maintenant, le journaliste Alan Nixon a affirm\u00e9 que Gordon avait \u00e0 c\u0153ur de passer au Real Madrid.<\/p>\n<h3>Mise \u00e0 jour du transfert de Gordon<\/h3>\n<p>\u00c9crivant sur son compte Patreon, Nixon dit que Gordon r\u00eave de rejoindre Los Blancos au lieu de continuer en Premier League.<\/p>\n<p>Il est entendu que le joueur de 25 ans a d\u00e9clar\u00e9 \u00e0 des amis proches que son souhait \u00e9tait de devenir madril\u00e8ne lorsqu&#39;il se s\u00e9parerait de Newcastle.<\/p>\n<p>L&#39;\u00e9quipe de Tyneside exigera une grosse somme pour sanctionner la vente de Gordon. La position de Madrid concernant la cible de United est actuellement inconnue.<\/p>\n<p>United sera le prochain en action lundi prochain lorsqu&#39;il accueillera Brentford \u00e0 Old Trafford.<\/p>\n<\/p>\n<hr\/>\n<p>The Peoples Person est l&#39;un des principaux sites d&#39;information de Man United au monde depuis plus d&#39;une d\u00e9cennie. Suivez-nous sur Bluesky\u00a0: @peoplesperson.bsky.social<\/p>\n<p><!-- CONTENT END 2 --><\/p><\/div>\n","protected":false},"excerpt":{"rendered":"<p>1 L&#39;attaquant de Newcastle Anthony Gordon aurait nomm\u00e9 sa destination de transfert de r\u00eave, Manchester United \u00e9tant dispos\u00e9 \u00e0 le signer cet \u00e9t\u00e9. Renforts d&#39;attaque<\/p>\n","protected":false},"author":1,"featured_media":36634,"comment_status":"closed","ping_status":"","sticky":false,"template":"","format":"standard","meta":{"footnotes":""},"categories":[3],"tags":[3979,333,9957,2382,24,1220,163,13],"yoast_head":"<!-- This site is optimized with the Yoast SEO plugin v21.0 - https:\/\/yoast.com\/wordpress\/plugins\/seo\/ -->\n<title>Le club de r\u00eave d&#039;Anthony Gordon nomm\u00e9 cercle de Man United -<\/title>\n<meta name=\"robots\" content=\"index, follow, max-snippet:-1, max-image-preview:large, max-video-preview:-1\" \/>\n<link rel=\"canonical\" href=\"https:\/\/footdavant.fr\/actualites\/le-club-de-reve-danthony-gordon-nomme-cercle-de-man-united\/\" \/>\n<meta property=\"og:locale\" content=\"fr_FR\" \/>\n<meta property=\"og:type\" content=\"article\" \/>\n<meta property=\"og:title\" content=\"Le club de r\u00eave d&#039;Anthony Gordon nomm\u00e9 cercle de Man United -\" \/>\n<meta property=\"og:description\" content=\"1 L&#039;attaquant de Newcastle Anthony Gordon aurait nomm\u00e9 sa destination de transfert de r\u00eave, Manchester United \u00e9tant dispos\u00e9 \u00e0 le signer cet \u00e9t\u00e9. Renforts d&#039;attaque\" \/>\n<meta property=\"og:url\" content=\"https:\/\/footdavant.fr\/actualites\/le-club-de-reve-danthony-gordon-nomme-cercle-de-man-united\/\" \/>\n<meta property=\"og:site_name\" content=\"Foot d&#039;avant\" \/>\n<meta property=\"article:publisher\" content=\"https:\/\/www.facebook.com\/Footdavant\/\" \/>\n<meta property=\"article:published_time\" content=\"2026-04-20T02:48:15+00:00\" \/>\n<meta property=\"article:modified_time\" content=\"2026-04-20T02:48:17+00:00\" \/>\n<meta property=\"og:image\" content=\"https:\/\/footdavant.fr\/actualites\/wp-content\/uploads\/2026\/04\/Le-club-de-reve-d39Anthony-Gordon-nomme-cercle-de-Man.webp\" \/>\n\t<meta property=\"og:image:width\" content=\"1200\" \/>\n\t<meta property=\"og:image:height\" content=\"675\" \/>\n\t<meta property=\"og:image:type\" content=\"image\/webp\" \/>\n<meta name=\"author\" content=\"Cl\u00e9ment\" \/>\n<meta name=\"twitter:card\" content=\"summary_large_image\" \/>\n<meta name=\"twitter:creator\" content=\"@FootdavantFr\" \/>\n<meta name=\"twitter:site\" content=\"@FootdavantFr\" \/>\n<meta name=\"twitter:label1\" content=\"\u00c9crit par\" \/>\n\t<meta name=\"twitter:data1\" content=\"Cl\u00e9ment\" \/>\n\t<meta name=\"twitter:label2\" content=\"Dur\u00e9e de lecture estim\u00e9e\" \/>\n\t<meta name=\"twitter:data2\" content=\"2 minutes\" \/>\n<script type=\"application\/ld+json\" class=\"yoast-schema-graph\">{\"@context\":\"https:\/\/schema.org\",\"@graph\":[{\"@type\":\"Article\",\"@id\":\"https:\/\/footdavant.fr\/actualites\/le-club-de-reve-danthony-gordon-nomme-cercle-de-man-united\/#article\",\"isPartOf\":{\"@id\":\"https:\/\/footdavant.fr\/actualites\/le-club-de-reve-danthony-gordon-nomme-cercle-de-man-united\/\"},\"author\":{\"name\":\"Cl\u00e9ment\",\"@id\":\"https:\/\/footdavant.fr\/actualites\/#\/schema\/person\/bc222566d95871b37e597b3ed3ba5e1d\"},\"headline\":\"Le club de r\u00eave d&#39;Anthony Gordon nomm\u00e9 cercle de Man United &#8211;\",\"datePublished\":\"2026-04-20T02:48:15+00:00\",\"dateModified\":\"2026-04-20T02:48:17+00:00\",\"mainEntityOfPage\":{\"@id\":\"https:\/\/footdavant.fr\/actualites\/le-club-de-reve-danthony-gordon-nomme-cercle-de-man-united\/\"},\"wordCount\":438,\"publisher\":{\"@id\":\"https:\/\/footdavant.fr\/actualites\/#organization\"},\"keywords\":[\"Cercle\",\"club\",\"d39Anthony\",\"Gordon\",\"Man\",\"nomme\",\"r\u00eave\",\"United\"],\"articleSection\":[\"Football\"],\"inLanguage\":\"fr-FR\"},{\"@type\":\"WebPage\",\"@id\":\"https:\/\/footdavant.fr\/actualites\/le-club-de-reve-danthony-gordon-nomme-cercle-de-man-united\/\",\"url\":\"https:\/\/footdavant.fr\/actualites\/le-club-de-reve-danthony-gordon-nomme-cercle-de-man-united\/\",\"name\":\"Le club de r\u00eave d&#39;Anthony Gordon nomm\u00e9 cercle de Man United -\",\"isPartOf\":{\"@id\":\"https:\/\/footdavant.fr\/actualites\/#website\"},\"datePublished\":\"2026-04-20T02:48:15+00:00\",\"dateModified\":\"2026-04-20T02:48:17+00:00\",\"breadcrumb\":{\"@id\":\"https:\/\/footdavant.fr\/actualites\/le-club-de-reve-danthony-gordon-nomme-cercle-de-man-united\/#breadcrumb\"},\"inLanguage\":\"fr-FR\",\"potentialAction\":[{\"@type\":\"ReadAction\",\"target\":[\"https:\/\/footdavant.fr\/actualites\/le-club-de-reve-danthony-gordon-nomme-cercle-de-man-united\/\"]}]},{\"@type\":\"BreadcrumbList\",\"@id\":\"https:\/\/footdavant.fr\/actualites\/le-club-de-reve-danthony-gordon-nomme-cercle-de-man-united\/#breadcrumb\",\"itemListElement\":[{\"@type\":\"ListItem\",\"position\":1,\"name\":\"Accueil\",\"item\":\"https:\/\/footdavant.fr\/actualites\/\"},{\"@type\":\"ListItem\",\"position\":2,\"name\":\"Le club de r\u00eave d&#39;Anthony Gordon nomm\u00e9 cercle de Man United &#8211;\"}]},{\"@type\":\"WebSite\",\"@id\":\"https:\/\/footdavant.fr\/actualites\/#website\",\"url\":\"https:\/\/footdavant.fr\/actualites\/\",\"name\":\"Foot d'avant\",\"description\":\"\",\"publisher\":{\"@id\":\"https:\/\/footdavant.fr\/actualites\/#organization\"},\"potentialAction\":[{\"@type\":\"SearchAction\",\"target\":{\"@type\":\"EntryPoint\",\"urlTemplate\":\"https:\/\/footdavant.fr\/actualites\/?s={search_term_string}\"},\"query-input\":\"required name=search_term_string\"}],\"inLanguage\":\"fr-FR\"},{\"@type\":\"Organization\",\"@id\":\"https:\/\/footdavant.fr\/actualites\/#organization\",\"name\":\"Foot d'avant\",\"url\":\"https:\/\/footdavant.fr\/actualites\/\",\"logo\":{\"@type\":\"ImageObject\",\"inLanguage\":\"fr-FR\",\"@id\":\"https:\/\/footdavant.fr\/actualites\/#\/schema\/logo\/image\/\",\"url\":\"https:\/\/footdavant.fr\/actualites\/wp-content\/uploads\/2023\/09\/Copy-of-FootDavant-Logo.png\",\"contentUrl\":\"https:\/\/footdavant.fr\/actualites\/wp-content\/uploads\/2023\/09\/Copy-of-FootDavant-Logo.png\",\"width\":936,\"height\":549,\"caption\":\"Foot d'avant\"},\"image\":{\"@id\":\"https:\/\/footdavant.fr\/actualites\/#\/schema\/logo\/image\/\"},\"sameAs\":[\"https:\/\/www.facebook.com\/Footdavant\/\",\"https:\/\/twitter.com\/FootdavantFr\",\"https:\/\/www.instagram.com\/footdavant.fr\/\"]},{\"@type\":\"Person\",\"@id\":\"https:\/\/footdavant.fr\/actualites\/#\/schema\/person\/bc222566d95871b37e597b3ed3ba5e1d\",\"name\":\"Cl\u00e9ment\",\"image\":{\"@type\":\"ImageObject\",\"inLanguage\":\"fr-FR\",\"@id\":\"https:\/\/footdavant.fr\/actualites\/#\/schema\/person\/image\/\",\"url\":\"https:\/\/secure.gravatar.com\/avatar\/7728b29aac2719421e1a9159b2254c44?s=96&d=mm&r=g\",\"contentUrl\":\"https:\/\/secure.gravatar.com\/avatar\/7728b29aac2719421e1a9159b2254c44?s=96&d=mm&r=g\",\"caption\":\"Cl\u00e9ment\"},\"sameAs\":[\"https:\/\/footdavant.fr\/\"]}]}<\/script>\n<!-- \/ Yoast SEO plugin. -->","yoast_head_json":{"title":"Le club de r\u00eave d&#39;Anthony Gordon nomm\u00e9 cercle de Man United -","robots":{"index":"index","follow":"follow","max-snippet":"max-snippet:-1","max-image-preview":"max-image-preview:large","max-video-preview":"max-video-preview:-1"},"canonical":"https:\/\/footdavant.fr\/actualites\/le-club-de-reve-danthony-gordon-nomme-cercle-de-man-united\/","og_locale":"fr_FR","og_type":"article","og_title":"Le club de r\u00eave d&#39;Anthony Gordon nomm\u00e9 cercle de Man United -","og_description":"1 L&#39;attaquant de Newcastle Anthony Gordon aurait nomm\u00e9 sa destination de transfert de r\u00eave, Manchester United \u00e9tant dispos\u00e9 \u00e0 le signer cet \u00e9t\u00e9. Renforts d&#39;attaque","og_url":"https:\/\/footdavant.fr\/actualites\/le-club-de-reve-danthony-gordon-nomme-cercle-de-man-united\/","og_site_name":"Foot d&#039;avant","article_publisher":"https:\/\/www.facebook.com\/Footdavant\/","article_published_time":"2026-04-20T02:48:15+00:00","article_modified_time":"2026-04-20T02:48:17+00:00","og_image":[{"width":1200,"height":675,"url":"https:\/\/footdavant.fr\/actualites\/wp-content\/uploads\/2026\/04\/Le-club-de-reve-d39Anthony-Gordon-nomme-cercle-de-Man.webp","type":"image\/webp"}],"author":"Cl\u00e9ment","twitter_card":"summary_large_image","twitter_creator":"@FootdavantFr","twitter_site":"@FootdavantFr","twitter_misc":{"\u00c9crit par":"Cl\u00e9ment","Dur\u00e9e de lecture estim\u00e9e":"2 minutes"},"schema":{"@context":"https:\/\/schema.org","@graph":[{"@type":"Article","@id":"https:\/\/footdavant.fr\/actualites\/le-club-de-reve-danthony-gordon-nomme-cercle-de-man-united\/#article","isPartOf":{"@id":"https:\/\/footdavant.fr\/actualites\/le-club-de-reve-danthony-gordon-nomme-cercle-de-man-united\/"},"author":{"name":"Cl\u00e9ment","@id":"https:\/\/footdavant.fr\/actualites\/#\/schema\/person\/bc222566d95871b37e597b3ed3ba5e1d"},"headline":"Le club de r\u00eave d&#39;Anthony Gordon nomm\u00e9 cercle de Man United &#8211;","datePublished":"2026-04-20T02:48:15+00:00","dateModified":"2026-04-20T02:48:17+00:00","mainEntityOfPage":{"@id":"https:\/\/footdavant.fr\/actualites\/le-club-de-reve-danthony-gordon-nomme-cercle-de-man-united\/"},"wordCount":438,"publisher":{"@id":"https:\/\/footdavant.fr\/actualites\/#organization"},"keywords":["Cercle","club","d39Anthony","Gordon","Man","nomme","r\u00eave","United"],"articleSection":["Football"],"inLanguage":"fr-FR"},{"@type":"WebPage","@id":"https:\/\/footdavant.fr\/actualites\/le-club-de-reve-danthony-gordon-nomme-cercle-de-man-united\/","url":"https:\/\/footdavant.fr\/actualites\/le-club-de-reve-danthony-gordon-nomme-cercle-de-man-united\/","name":"Le club de r\u00eave d&#39;Anthony Gordon nomm\u00e9 cercle de Man United -","isPartOf":{"@id":"https:\/\/footdavant.fr\/actualites\/#website"},"datePublished":"2026-04-20T02:48:15+00:00","dateModified":"2026-04-20T02:48:17+00:00","breadcrumb":{"@id":"https:\/\/footdavant.fr\/actualites\/le-club-de-reve-danthony-gordon-nomme-cercle-de-man-united\/#breadcrumb"},"inLanguage":"fr-FR","potentialAction":[{"@type":"ReadAction","target":["https:\/\/footdavant.fr\/actualites\/le-club-de-reve-danthony-gordon-nomme-cercle-de-man-united\/"]}]},{"@type":"BreadcrumbList","@id":"https:\/\/footdavant.fr\/actualites\/le-club-de-reve-danthony-gordon-nomme-cercle-de-man-united\/#breadcrumb","itemListElement":[{"@type":"ListItem","position":1,"name":"Accueil","item":"https:\/\/footdavant.fr\/actualites\/"},{"@type":"ListItem","position":2,"name":"Le club de r\u00eave d&#39;Anthony Gordon nomm\u00e9 cercle de Man United &#8211;"}]},{"@type":"WebSite","@id":"https:\/\/footdavant.fr\/actualites\/#website","url":"https:\/\/footdavant.fr\/actualites\/","name":"Foot d'avant","description":"","publisher":{"@id":"https:\/\/footdavant.fr\/actualites\/#organization"},"potentialAction":[{"@type":"SearchAction","target":{"@type":"EntryPoint","urlTemplate":"https:\/\/footdavant.fr\/actualites\/?s={search_term_string}"},"query-input":"required name=search_term_string"}],"inLanguage":"fr-FR"},{"@type":"Organization","@id":"https:\/\/footdavant.fr\/actualites\/#organization","name":"Foot d'avant","url":"https:\/\/footdavant.fr\/actualites\/","logo":{"@type":"ImageObject","inLanguage":"fr-FR","@id":"https:\/\/footdavant.fr\/actualites\/#\/schema\/logo\/image\/","url":"https:\/\/footdavant.fr\/actualites\/wp-content\/uploads\/2023\/09\/Copy-of-FootDavant-Logo.png","contentUrl":"https:\/\/footdavant.fr\/actualites\/wp-content\/uploads\/2023\/09\/Copy-of-FootDavant-Logo.png","width":936,"height":549,"caption":"Foot d'avant"},"image":{"@id":"https:\/\/footdavant.fr\/actualites\/#\/schema\/logo\/image\/"},"sameAs":["https:\/\/www.facebook.com\/Footdavant\/","https:\/\/twitter.com\/FootdavantFr","https:\/\/www.instagram.com\/footdavant.fr\/"]},{"@type":"Person","@id":"https:\/\/footdavant.fr\/actualites\/#\/schema\/person\/bc222566d95871b37e597b3ed3ba5e1d","name":"Cl\u00e9ment","image":{"@type":"ImageObject","inLanguage":"fr-FR","@id":"https:\/\/footdavant.fr\/actualites\/#\/schema\/person\/image\/","url":"https:\/\/secure.gravatar.com\/avatar\/7728b29aac2719421e1a9159b2254c44?s=96&d=mm&r=g","contentUrl":"https:\/\/secure.gravatar.com\/avatar\/7728b29aac2719421e1a9159b2254c44?s=96&d=mm&r=g","caption":"Cl\u00e9ment"},"sameAs":["https:\/\/footdavant.fr\/"]}]}},"_links":{"self":[{"href":"https:\/\/footdavant.fr\/actualites\/wp-json\/wp\/v2\/posts\/36633"}],"collection":[{"href":"https:\/\/footdavant.fr\/actualites\/wp-json\/wp\/v2\/posts"}],"about":[{"href":"https:\/\/footdavant.fr\/actualites\/wp-json\/wp\/v2\/types\/post"}],"author":[{"embeddable":true,"href":"https:\/\/footdavant.fr\/actualites\/wp-json\/wp\/v2\/users\/1"}],"replies":[{"embeddable":true,"href":"https:\/\/footdavant.fr\/actualites\/wp-json\/wp\/v2\/comments?post=36633"}],"version-history":[{"count":1,"href":"https:\/\/footdavant.fr\/actualites\/wp-json\/wp\/v2\/posts\/36633\/revisions"}],"predecessor-version":[{"id":36635,"href":"https:\/\/footdavant.fr\/actualites\/wp-json\/wp\/v2\/posts\/36633\/revisions\/36635"}],"wp:featuredmedia":[{"embeddable":true,"href":"https:\/\/footdavant.fr\/actualites\/wp-json\/wp\/v2\/media\/36634"}],"wp:attachment":[{"href":"https:\/\/footdavant.fr\/actualites\/wp-json\/wp\/v2\/media?parent=36633"}],"wp:term":[{"taxonomy":"category","embeddable":true,"href":"https:\/\/footdavant.fr\/actualites\/wp-json\/wp\/v2\/categories?post=36633"},{"taxonomy":"post_tag","embeddable":true,"href":"https:\/\/footdavant.fr\/actualites\/wp-json\/wp\/v2\/tags?post=36633"}],"curies":[{"name":"wp","href":"https:\/\/api.w.org\/{rel}","templated":true}]}}